{"id":249698,"date":"2025-12-13T14:45:23","date_gmt":"2025-12-13T18:45:23","guid":{"rendered":"https:\/\/www.manaus.am.gov.br\/semcom\/descarte-irregular-lixo-acao-educacao-ambiental\/"},"modified":"2025-12-16T11:44:03","modified_gmt":"2025-12-16T14:44:03","slug":"descarte-irregular-lixo-acao-educacao-ambiental","status":"publish","type":"post","link":"https:\/\/www.manaus.am.gov.br\/semcom\/descarte-irregular-lixo-acao-educacao-ambiental\/","title":{"rendered":"Prefeitura enfrenta descarte irregular de lixo com a\u00e7\u00e3o e educa\u00e7\u00e3o ambiental em Manaus"},"content":{"rendered":"\n<p>A<a href=\"https:\/\/www.manaus.am.gov.br\/\"> Prefeitura de Manaus<\/a>, por meio da Secretaria Municipal de Limpeza Urbana (Semulsp), mant\u00e9m um esfor\u00e7o di\u00e1rio e cont\u00ednuo para enfrentar o descarte irregular de lixo, um dos maiores desafios urbanos da capital amazonense. Todos os dias, mais de cem toneladas de res\u00edduos s\u00e3o destinadas ao Aterro Sanit\u00e1rio Municipal, reflexo do crescimento da cidade e, sobretudo, de h\u00e1bitos que ainda precisam ser transformados.<\/p>\n\n\n\n<p>Para enfrentar esse cen\u00e1rio, a Semulsp atua em duas frentes integradas e permanentes. De um lado, uma for\u00e7a-tarefa operacional que percorre todas as zonas da cidade com refor\u00e7o de retroescavadeiras, caminh\u00f5es-ca\u00e7amba, p\u00e1s mec\u00e2nicas e equipes de coleta, removendo toneladas de res\u00edduos acumulados em pontos cr\u00edticos conhecidos como lixeiras viciadas; e do outro, uma frente de educa\u00e7\u00e3o ambiental, que est\u00e1 nas ruas diariamente orientando, dialogando e refor\u00e7ando a import\u00e2ncia do descarte correto.<\/p>\n\n\n\n<p>Mesmo em \u00e1reas com coleta domiciliar regular e di\u00e1ria, muitos desses pontos voltam a se formar em poucas horas, impulsionados pela desinforma\u00e7\u00e3o e pela cren\u00e7a equivocada de que \u201calgu\u00e9m sempre vai limpar\u201d.<\/p>\n\n\n\n<p>Para a gest\u00e3o municipal, a educa\u00e7\u00e3o ambiental \u00e9 parte essencial da estrat\u00e9gia. \u201cA cidade n\u00e3o muda apenas com m\u00e1quinas, \u00e9 preciso conversar, orientar e envolver as pessoas. O cuidado com Manaus come\u00e7a na atitude de cada um\u201d, destaca o secret\u00e1rio de Limpeza Urbana, Sab\u00e1 Reis.<\/p>\n\n\n\n<p><strong>Opera\u00e7\u00e3o<\/strong><\/p>\n\n\n\n<p>Neste s\u00e1bado, 13\/12, a exemplo do que ocorre diariamente, as equipes da Semulsp voltaram \u00e0s ruas em todas as zonas da cidade. Vias como a avenida Coronel Ferreira de Ara\u00fajo e alameda Alphaville, e dos bairros Novo Aleixo e Col\u00f4nia Oliveira Machado, chamaram aten\u00e7\u00e3o pela grande quantidade de lixo acumulado em \u00e1reas que j\u00e1 recebem limpeza frequente.<\/p>\n\n\n\n<p>Na Coronel Ferreira de Ara\u00fajo, que atravessa \u00e1reas das zonas Sul e Centro-Sul, a situa\u00e7\u00e3o \u00e9 tratada pela Semulsp como um caso cr\u00f4nico de descarte irregular. Pela quinta vez em apenas dois meses, as equipes retornaram ao mesmo ponto de um terreno baldio, localizado entre o Centro de Aten\u00e7\u00e3o Integral \u00e0 Crian\u00e7a e ao Adolescente (Caic) e uma parada de \u00f4nibus, no bairro Petr\u00f3polis, para realizar a coleta de lixo.<\/p>\n\n\n\n<p>Somente nesse local, foram retiradas cerca de 200 toneladas de res\u00edduos, evidenciando o n\u00edvel de reincid\u00eancia e o impacto direto do descarte clandestino em uma \u00e1rea de intensa circula\u00e7\u00e3o de pedestres, estudantes e usu\u00e1rios do transporte p\u00fablico. Para a Semulsp, a via se tornou um dos exemplos mais emblem\u00e1ticos de como a falta de consci\u00eancia coletiva transforma corredores estruturais da cidade em lixeiras a c\u00e9u aberto, mesmo com coleta regular e a\u00e7\u00f5es frequentes de limpeza.<\/p>\n\n\n\n<p>J\u00e1 na alameda Alphaville, no bairro Novo Aleixo, zona Leste, a for\u00e7a-tarefa identificou ao menos 12 pontos distintos de descarte irregular, mesmo com a coleta regular na regi\u00e3o. O cen\u00e1rio se repete em outros bairros, como o S\u00e3o Jos\u00e9 Oper\u00e1rio, Jorge Teixeira, Zumbi dos Palmares e Tancredo Neves, onde a Semulsp atua diariamente em vias com reincid\u00eancia hist\u00f3rica.<\/p>\n\n\n\n<p>Entre os trechos monitorados com maior frequ\u00eancia est\u00e3o a avenida Cosme Ferreira, no Zumbi; a avenida Ita\u00faba, no Jorge Teixeira; a avenida Hil\u00e1rio Gurj\u00e3o, no S\u00e3o Jos\u00e9; e a avenida Autaz Mirim, da rotat\u00f3ria do Produtor at\u00e9 o \u201cChega Mais\u201d, no Tancredo Neves, um dos maiores corredores vi\u00e1rios da capital.<\/p>\n\n\n\n<p>A opera\u00e7\u00e3o di\u00e1ria tamb\u00e9m alcan\u00e7a outras regi\u00f5es da cidade. Na zona Norte, bairros como Cidade de Deus, Col\u00f4nia Santo Ant\u00f4nio, Monte das Oliveiras e Santa Etelvina registram novos pontos de descarte irregular com frequ\u00eancia. Na zona Oeste, \u00e1reas da Compensa, Santo Agostinho e o entorno de feiras livres demandam remo\u00e7\u00e3o constante de res\u00edduos e entulho. E na zona Centro-Sul, pra\u00e7as e avenidas de grande circula\u00e7\u00e3o tamb\u00e9m apresentam descarte inadequado, mesmo com ampla oferta de servi\u00e7os de coleta.<\/p>\n\n\n\n<p><strong>Conscientiza\u00e7\u00e3o<\/strong><\/p>\n\n\n\n<p>Paralelamente \u00e0 limpeza pesada, dezenas de educadores ambientais da Semulsp tamb\u00e9m atuam diariamente nas ruas, especialmente nos locais onde o descarte irregular se repete. Eles orientam os moradores, comerciantes e transeuntes sobre o descarte correto do lixo, os hor\u00e1rios e rotas da coleta domiciliar, o uso dos Pontos de Entrega Volunt\u00e1ria (PEVs) e a necessidade de romper o ciclo das lixeiras viciadas.<\/p>\n\n\n\n<p>Como parte dessa pol\u00edtica de aproxima\u00e7\u00e3o com a popula\u00e7\u00e3o, a Prefeitura de Manaus, sob a lideran\u00e7a do prefeito David Almeida, criou e fortaleceu um canal direto de di\u00e1logo com a sociedade por meio do Disk Semulsp. A popula\u00e7\u00e3o pode acionar pelos n\u00fameros: (92) 98842-1202 \/ 1276 \/ 1277 \/ 4738.<\/p>\n\n\n\n<p>O servi\u00e7o permite den\u00fancias, solicita\u00e7\u00f5es de servi\u00e7os, informa\u00e7\u00f5es sobre a coleta domiciliar e o agendamento para recolhimento de grandes objetos. O Disk Semulsp se tornou uma ferramenta estrat\u00e9gica de escuta ativa, fiscaliza\u00e7\u00e3o colaborativa e resposta r\u00e1pida, ajudando a mapear pontos cr\u00edticos e a fortalecer a parceria entre poder p\u00fablico e sociedade.<\/p>\n\n\n\n<figure class=\"wp-block-image size-large\"><img loading=\"lazy\" decoding=\"async\" width=\"1024\" height=\"461\" src=\"https:\/\/www.manaus.am.gov.br\/semcom\/wp-content\/uploads\/sites\/5\/2025\/12\/Operacao-2-1024x461.jpeg\" alt=\"\" class=\"wp-image-249700\" srcset=\"https:\/\/www.manaus.am.gov.br\/semcom\/wp-content\/uploads\/sites\/5\/2025\/12\/Operacao-2-1024x461.jpeg 1024w, https:\/\/www.manaus.am.gov.br\/semcom\/wp-content\/uploads\/sites\/5\/2025\/12\/Operacao-2-300x135.jpeg 300w, https:\/\/www.manaus.am.gov.br\/semcom\/wp-content\/uploads\/sites\/5\/2025\/12\/Operacao-2-768x346.jpeg 768w, https:\/\/www.manaus.am.gov.br\/semcom\/wp-content\/uploads\/sites\/5\/2025\/12\/Operacao-2-1536x691.jpeg 1536w, https:\/\/www.manaus.am.gov.br\/semcom\/wp-content\/uploads\/sites\/5\/2025\/12\/Operacao-2.jpeg 1600w\" sizes=\"(max-width: 1024px) 100vw, 1024px\" \/><figcaption class=\"wp-element-caption\">#paratodosverem &#8211; Ponto de descarte irregular de lixo<\/figcaption><\/figure>\n\n\n\n<p>&#8212; &#8212; &#8212;<\/p>\n\n\n\n<p><strong>Texto<\/strong> &#8211; Dora Tupinamb\u00e1\/Semulsp<\/p>\n\n\n\n<p><strong>Fotos <\/strong>&#8211; Divulga\u00e7\u00e3o\/Semulsp<\/p>\n","protected":false},"excerpt":{"rendered":"","protected":false},"author":39,"featured_media":249699,"comment_status":"closed","ping_status":"closed","sticky":false,"template":"","format":"standard","meta":{"footnotes":""},"categories":[2858],"tags":[18458,11399,18459,77,301],"acf":[],"yoast_head":"<!-- This site is optimized with the Yoast SEO plugin v23.0 - https:\/\/yoast.com\/wordpress\/plugins\/seo\/ -->\n<title>Prefeitura enfrenta descarte irregular de lixo com a\u00e7\u00e3o e educa\u00e7\u00e3o ambiental em Manaus<\/title>\n<meta name=\"description\" content=\"Prefeitura de Manaus, por meio da Semulsp, enfrenta descarte irregular de lixo com a\u00e7\u00e3o e educa\u00e7\u00e3o ambiental na cidade.\" \/>\n<meta name=\"robots\" content=\"index, follow, max-snippet:-1, max-image-preview:large, max-video-preview:-1\" \/>\n<link rel=\"canonical\" href=\"https:\/\/www.manaus.am.gov.br\/semcom\/descarte-irregular-lixo-acao-educacao-ambiental\/\" \/>\n<meta property=\"og:locale\" content=\"pt_BR\" \/>\n<meta property=\"og:type\" content=\"article\" \/>\n<meta property=\"og:title\" content=\"Prefeitura enfrenta descarte irregular de lixo com a\u00e7\u00e3o e educa\u00e7\u00e3o ambiental em Manaus\" \/>\n<meta property=\"og:description\" content=\"Prefeitura de Manaus, por meio da Semulsp, enfrenta descarte irregular de lixo com a\u00e7\u00e3o e educa\u00e7\u00e3o ambiental na cidade.\" \/>\n<meta property=\"og:url\" content=\"https:\/\/www.manaus.am.gov.br\/semcom\/descarte-irregular-lixo-acao-educacao-ambiental\/\" \/>\n<meta property=\"og:site_name\" content=\"SEMCOM\" \/>\n<meta property=\"article:published_time\" content=\"2025-12-13T18:45:23+00:00\" \/>\n<meta property=\"article:modified_time\" content=\"2025-12-16T14:44:03+00:00\" \/>\n<meta property=\"og:image\" content=\"https:\/\/www.manaus.am.gov.br\/semcom\/wp-content\/uploads\/sites\/5\/2025\/12\/Operacao-1.jpeg\" \/>\n\t<meta property=\"og:image:width\" content=\"1600\" \/>\n\t<meta property=\"og:image:height\" content=\"739\" \/>\n\t<meta property=\"og:image:type\" content=\"image\/jpeg\" \/>\n<meta name=\"author\" content=\"Bruna Greco\" \/>\n<meta name=\"twitter:card\" content=\"summary_large_image\" \/>\n<meta name=\"twitter:label1\" content=\"Written by\" \/>\n\t<meta name=\"twitter:data1\" content=\"Bruna Greco\" \/>\n\t<meta name=\"twitter:label2\" content=\"Est. reading time\" \/>\n\t<meta name=\"twitter:data2\" content=\"5 minutos\" \/>\n<script type=\"application\/ld+json\" class=\"yoast-schema-graph\">{\"@context\":\"https:\/\/schema.org\",\"@graph\":[{\"@type\":\"WebPage\",\"@id\":\"https:\/\/www.manaus.am.gov.br\/semcom\/descarte-irregular-lixo-acao-educacao-ambiental\/\",\"url\":\"https:\/\/www.manaus.am.gov.br\/semcom\/descarte-irregular-lixo-acao-educacao-ambiental\/\",\"name\":\"Prefeitura enfrenta descarte irregular de lixo com a\u00e7\u00e3o e educa\u00e7\u00e3o ambiental em Manaus\",\"isPartOf\":{\"@id\":\"https:\/\/www.manaus.am.gov.br\/semcom\/#website\"},\"primaryImageOfPage\":{\"@id\":\"https:\/\/www.manaus.am.gov.br\/semcom\/descarte-irregular-lixo-acao-educacao-ambiental\/#primaryimage\"},\"image\":{\"@id\":\"https:\/\/www.manaus.am.gov.br\/semcom\/descarte-irregular-lixo-acao-educacao-ambiental\/#primaryimage\"},\"thumbnailUrl\":\"https:\/\/www.manaus.am.gov.br\/semcom\/wp-content\/uploads\/sites\/5\/2025\/12\/Operacao-1.jpeg\",\"datePublished\":\"2025-12-13T18:45:23+00:00\",\"dateModified\":\"2025-12-16T14:44:03+00:00\",\"author\":{\"@id\":\"https:\/\/www.manaus.am.gov.br\/semcom\/#\/schema\/person\/05d223aea2bf115f9883a6ff3683d81b\"},\"description\":\"Prefeitura de Manaus, por meio da Semulsp, enfrenta descarte irregular de lixo com a\u00e7\u00e3o e educa\u00e7\u00e3o ambiental na cidade.\",\"inLanguage\":\"pt-BR\",\"potentialAction\":[{\"@type\":\"ReadAction\",\"target\":[\"https:\/\/www.manaus.am.gov.br\/semcom\/descarte-irregular-lixo-acao-educacao-ambiental\/\"]}]},{\"@type\":\"ImageObject\",\"inLanguage\":\"pt-BR\",\"@id\":\"https:\/\/www.manaus.am.gov.br\/semcom\/descarte-irregular-lixo-acao-educacao-ambiental\/#primaryimage\",\"url\":\"https:\/\/www.manaus.am.gov.br\/semcom\/wp-content\/uploads\/sites\/5\/2025\/12\/Operacao-1.jpeg\",\"contentUrl\":\"https:\/\/www.manaus.am.gov.br\/semcom\/wp-content\/uploads\/sites\/5\/2025\/12\/Operacao-1.jpeg\",\"width\":1600,\"height\":739,\"caption\":\"#paratodosverem - Equipe da Semulsp realizando a limpeza e coleta de res\u00edduos de ponto em Manaus\"},{\"@type\":\"WebSite\",\"@id\":\"https:\/\/www.manaus.am.gov.br\/semcom\/#website\",\"url\":\"https:\/\/www.manaus.am.gov.br\/semcom\/\",\"name\":\"SEMCOM\",\"description\":\"Secretaria Municipal de Comunica\u00e7\u00e3o\",\"potentialAction\":[{\"@type\":\"SearchAction\",\"target\":{\"@type\":\"EntryPoint\",\"urlTemplate\":\"https:\/\/www.manaus.am.gov.br\/semcom\/?s={search_term_string}\"},\"query-input\":\"required name=search_term_string\"}],\"inLanguage\":\"pt-BR\"},{\"@type\":\"Person\",\"@id\":\"https:\/\/www.manaus.am.gov.br\/semcom\/#\/schema\/person\/05d223aea2bf115f9883a6ff3683d81b\",\"name\":\"Bruna Greco\",\"image\":{\"@type\":\"ImageObject\",\"inLanguage\":\"pt-BR\",\"@id\":\"https:\/\/www.manaus.am.gov.br\/semcom\/#\/schema\/person\/image\/\",\"url\":\"https:\/\/secure.gravatar.com\/avatar\/9c877d1a6adc2a055330e5c09a8653ce?s=96&d=mm&r=g\",\"contentUrl\":\"https:\/\/secure.gravatar.com\/avatar\/9c877d1a6adc2a055330e5c09a8653ce?s=96&d=mm&r=g\",\"caption\":\"Bruna Greco\"}}]}<\/script>\n<!-- \/ Yoast SEO plugin. -->","yoast_head_json":{"title":"Prefeitura enfrenta descarte irregular de lixo com a\u00e7\u00e3o e educa\u00e7\u00e3o ambiental em Manaus","description":"Prefeitura de Manaus, por meio da Semulsp, enfrenta descarte irregular de lixo com a\u00e7\u00e3o e educa\u00e7\u00e3o ambiental na cidade.","robots":{"index":"index","follow":"follow","max-snippet":"max-snippet:-1","max-image-preview":"max-image-preview:large","max-video-preview":"max-video-preview:-1"},"canonical":"https:\/\/www.manaus.am.gov.br\/semcom\/descarte-irregular-lixo-acao-educacao-ambiental\/","og_locale":"pt_BR","og_type":"article","og_title":"Prefeitura enfrenta descarte irregular de lixo com a\u00e7\u00e3o e educa\u00e7\u00e3o ambiental em Manaus","og_description":"Prefeitura de Manaus, por meio da Semulsp, enfrenta descarte irregular de lixo com a\u00e7\u00e3o e educa\u00e7\u00e3o ambiental na cidade.","og_url":"https:\/\/www.manaus.am.gov.br\/semcom\/descarte-irregular-lixo-acao-educacao-ambiental\/","og_site_name":"SEMCOM","article_published_time":"2025-12-13T18:45:23+00:00","article_modified_time":"2025-12-16T14:44:03+00:00","og_image":[{"width":1600,"height":739,"url":"https:\/\/www.manaus.am.gov.br\/semcom\/wp-content\/uploads\/sites\/5\/2025\/12\/Operacao-1.jpeg","type":"image\/jpeg"}],"author":"Bruna Greco","twitter_card":"summary_large_image","twitter_misc":{"Written by":"Bruna Greco","Est. reading time":"5 minutos"},"schema":{"@context":"https:\/\/schema.org","@graph":[{"@type":"WebPage","@id":"https:\/\/www.manaus.am.gov.br\/semcom\/descarte-irregular-lixo-acao-educacao-ambiental\/","url":"https:\/\/www.manaus.am.gov.br\/semcom\/descarte-irregular-lixo-acao-educacao-ambiental\/","name":"Prefeitura enfrenta descarte irregular de lixo com a\u00e7\u00e3o e educa\u00e7\u00e3o ambiental em Manaus","isPartOf":{"@id":"https:\/\/www.manaus.am.gov.br\/semcom\/#website"},"primaryImageOfPage":{"@id":"https:\/\/www.manaus.am.gov.br\/semcom\/descarte-irregular-lixo-acao-educacao-ambiental\/#primaryimage"},"image":{"@id":"https:\/\/www.manaus.am.gov.br\/semcom\/descarte-irregular-lixo-acao-educacao-ambiental\/#primaryimage"},"thumbnailUrl":"https:\/\/www.manaus.am.gov.br\/semcom\/wp-content\/uploads\/sites\/5\/2025\/12\/Operacao-1.jpeg","datePublished":"2025-12-13T18:45:23+00:00","dateModified":"2025-12-16T14:44:03+00:00","author":{"@id":"https:\/\/www.manaus.am.gov.br\/semcom\/#\/schema\/person\/05d223aea2bf115f9883a6ff3683d81b"},"description":"Prefeitura de Manaus, por meio da Semulsp, enfrenta descarte irregular de lixo com a\u00e7\u00e3o e educa\u00e7\u00e3o ambiental na cidade.","inLanguage":"pt-BR","potentialAction":[{"@type":"ReadAction","target":["https:\/\/www.manaus.am.gov.br\/semcom\/descarte-irregular-lixo-acao-educacao-ambiental\/"]}]},{"@type":"ImageObject","inLanguage":"pt-BR","@id":"https:\/\/www.manaus.am.gov.br\/semcom\/descarte-irregular-lixo-acao-educacao-ambiental\/#primaryimage","url":"https:\/\/www.manaus.am.gov.br\/semcom\/wp-content\/uploads\/sites\/5\/2025\/12\/Operacao-1.jpeg","contentUrl":"https:\/\/www.manaus.am.gov.br\/semcom\/wp-content\/uploads\/sites\/5\/2025\/12\/Operacao-1.jpeg","width":1600,"height":739,"caption":"#paratodosverem - Equipe da Semulsp realizando a limpeza e coleta de res\u00edduos de ponto em Manaus"},{"@type":"WebSite","@id":"https:\/\/www.manaus.am.gov.br\/semcom\/#website","url":"https:\/\/www.manaus.am.gov.br\/semcom\/","name":"SEMCOM","description":"Secretaria Municipal de Comunica\u00e7\u00e3o","potentialAction":[{"@type":"SearchAction","target":{"@type":"EntryPoint","urlTemplate":"https:\/\/www.manaus.am.gov.br\/semcom\/?s={search_term_string}"},"query-input":"required name=search_term_string"}],"inLanguage":"pt-BR"},{"@type":"Person","@id":"https:\/\/www.manaus.am.gov.br\/semcom\/#\/schema\/person\/05d223aea2bf115f9883a6ff3683d81b","name":"Bruna Greco","image":{"@type":"ImageObject","inLanguage":"pt-BR","@id":"https:\/\/www.manaus.am.gov.br\/semcom\/#\/schema\/person\/image\/","url":"https:\/\/secure.gravatar.com\/avatar\/9c877d1a6adc2a055330e5c09a8653ce?s=96&d=mm&r=g","contentUrl":"https:\/\/secure.gravatar.com\/avatar\/9c877d1a6adc2a055330e5c09a8653ce?s=96&d=mm&r=g","caption":"Bruna Greco"}}]}},"_links":{"self":[{"href":"https:\/\/www.manaus.am.gov.br\/semcom\/wp-json\/wp\/v2\/posts\/249698"}],"collection":[{"href":"https:\/\/www.manaus.am.gov.br\/semcom\/wp-json\/wp\/v2\/posts"}],"about":[{"href":"https:\/\/www.manaus.am.gov.br\/semcom\/wp-json\/wp\/v2\/types\/post"}],"author":[{"embeddable":true,"href":"https:\/\/www.manaus.am.gov.br\/semcom\/wp-json\/wp\/v2\/users\/39"}],"replies":[{"embeddable":true,"href":"https:\/\/www.manaus.am.gov.br\/semcom\/wp-json\/wp\/v2\/comments?post=249698"}],"version-history":[{"count":3,"href":"https:\/\/www.manaus.am.gov.br\/semcom\/wp-json\/wp\/v2\/posts\/249698\/revisions"}],"predecessor-version":[{"id":249814,"href":"https:\/\/www.manaus.am.gov.br\/semcom\/wp-json\/wp\/v2\/posts\/249698\/revisions\/249814"}],"wp:featuredmedia":[{"embeddable":true,"href":"https:\/\/www.manaus.am.gov.br\/semcom\/wp-json\/wp\/v2\/media\/249699"}],"wp:attachment":[{"href":"https:\/\/www.manaus.am.gov.br\/semcom\/wp-json\/wp\/v2\/media?parent=249698"}],"wp:term":[{"taxonomy":"category","embeddable":true,"href":"https:\/\/www.manaus.am.gov.br\/semcom\/wp-json\/wp\/v2\/categories?post=249698"},{"taxonomy":"post_tag","embeddable":true,"href":"https:\/\/www.manaus.am.gov.br\/semcom\/wp-json\/wp\/v2\/tags?post=249698"}],"curies":[{"name":"wp","href":"https:\/\/api.w.org\/{rel}","templated":true}]}}