{"id":249678,"date":"2025-12-12T20:06:20","date_gmt":"2025-12-13T00:06:20","guid":{"rendered":"https:\/\/www.manaus.am.gov.br\/semcom\/pesquisa-de-precos-ceia-de-natal\/"},"modified":"2025-12-15T12:55:48","modified_gmt":"2025-12-15T15:55:48","slug":"pesquisa-de-precos-ceia-de-natal","status":"publish","type":"post","link":"https:\/\/www.manaus.am.gov.br\/semcom\/pesquisa-de-precos-ceia-de-natal\/","title":{"rendered":"Procon Manaus divulga pesquisa de pre\u00e7os dos principais itens da ceia de Natal"},"content":{"rendered":"\n<p>A Prefeitura de Manaus, por meio do Servi\u00e7o de Atendimento e Prote\u00e7\u00e3o ao Consumidor (Procon Manaus), divulgou, nesta sexta-feira, 12\/12, a pesquisa de pre\u00e7os dos principais itens que comp\u00f5em a ceia de Natal de 2025, com dados que servem de refer\u00eancia para o consumidor no per\u00edodo de compras de fim de ano.<\/p>\n\n\n\n<p>Segundo a presidente do Procon Manaus, Onilda Abreu, a pesquisa \u00e9 um instrumento que auxilia diretamente na tomada de decis\u00e3o do consumidor. \u201cAo consultar os dados antes da compra, o consumidor consegue identificar diferen\u00e7as expressivas de pre\u00e7os, comparar marcas e estabelecimentos e fazer escolhas mais seguras, evitando preju\u00edzos\u201d, afirmou.<\/p>\n\n\n\n<p>A pesquisa segue os princ\u00edpios do C\u00f3digo de Defesa do Consumidor (Lei n\u00ba 8.078\/90), especialmente os artigos 4\u00ba e 6\u00ba, incisos II e III, que asseguram o direito \u00e0 informa\u00e7\u00e3o e \u00e0 prote\u00e7\u00e3o dos interesses econ\u00f4micos dos consumidores, al\u00e9m de contribuir para o monitoramento da varia\u00e7\u00e3o de pre\u00e7os e a promo\u00e7\u00e3o da livre concorr\u00eancia.<\/p>\n\n\n\n<p>O levantamento foi realizado em nove estabelecimentos comerciais de Manaus e analisou 20 itens tradicionais da ceia natalina, como panetones, aves natalinas, frutas frescas e em calda, bebidas e azeite de oliva. Os dados apontaram varia\u00e7\u00e3o de pre\u00e7os de at\u00e9 283,1% entre produtos semelhantes, a exemplo da ameixa fresca, encontrada entre R$23,49 e R$90,00.<\/p>\n\n\n\n<p>Entre os itens mais consumidos, o panetone de frutas (400g) apresentou pre\u00e7os entre R$12,49 e R$25,09, enquanto o chocotone (400g) variou de R$13,90 a R$33,99. J\u00e1 o p\u00eassego em calda (400g a 450g) registrou a maior oscila\u00e7\u00e3o da pesquisa, com varia\u00e7\u00e3o de 340,5%, sendo comercializado entre R$11,69 e R$51,49.<\/p>\n\n\n\n<p>O Procon Manaus esclarece que a pesquisa reflete os pre\u00e7os praticados no per\u00edodo de coleta, realizada nos dias 9 e 10 de dezembro, podendo sofrer altera\u00e7\u00f5es conforme promo\u00e7\u00f5es, ofertas e pol\u00edticas comerciais de cada estabelecimento. A orienta\u00e7\u00e3o \u00e9 que o consumidor utilize o levantamento como refer\u00eancia para comparar pre\u00e7os e realizar compras mais conscientes.<br><br>Confira a pesquisa completa aqui:<br><\/p>\n\n\n\n<div data-wp-interactive=\"\" class=\"wp-block-file\"><object data-wp-bind--hidden=\"!selectors.core.file.hasPdfPreview\" hidden class=\"wp-block-file__embed\" data=\"https:\/\/www.manaus.am.gov.br\/semcom\/wp-content\/uploads\/sites\/5\/2025\/12\/Relatorio-Ceia-de-Natal-2025.pdf\" type=\"application\/pdf\" style=\"width:100%;height:600px\" aria-label=\"Incorporado de Relatorio-Ceia-de-Natal-2025.\"><\/object><a id=\"wp-block-file--media-f91db130-141b-44ac-a5fc-db3ef6215432\" href=\"https:\/\/www.manaus.am.gov.br\/semcom\/wp-content\/uploads\/sites\/5\/2025\/12\/Relatorio-Ceia-de-Natal-2025.pdf\">Relatorio-Ceia-de-Natal-2025<\/a><a href=\"https:\/\/www.manaus.am.gov.br\/semcom\/wp-content\/uploads\/sites\/5\/2025\/12\/Relatorio-Ceia-de-Natal-2025.pdf\" class=\"wp-block-file__button wp-element-button\" download aria-describedby=\"wp-block-file--media-f91db130-141b-44ac-a5fc-db3ef6215432\">Baixar<\/a><\/div>\n\n\n\n<p><\/p>\n\n\n\n<p><br><br>&#8212; &#8212; &#8212;<br><strong>Texto &#8211;\u00a0 <\/strong>Lara Bernardes\/Procon Manaus<br><strong>Fotos &#8211; <\/strong>Divulga\u00e7\u00e3o\/Semcom<\/p>\n","protected":false},"excerpt":{"rendered":"","protected":false},"author":68,"featured_media":249679,"comment_status":"closed","ping_status":"closed","sticky":false,"template":"","format":"standard","meta":{"footnotes":""},"categories":[9823],"tags":[18453,18454,77,9825],"acf":[],"yoast_head":"<!-- This site is optimized with the Yoast SEO plugin v23.0 - https:\/\/yoast.com\/wordpress\/plugins\/seo\/ -->\n<title>Procon Manaus divulga pesquisa de pre\u00e7os dos principais itens da ceia de Natal<\/title>\n<meta name=\"description\" content=\"A Prefeitura de Manaus, divulgou, nesta sexta-feira, 12\/12, a pesquisa de pre\u00e7os dos principais itens que comp\u00f5em a ceia de Natal de 2025.\" \/>\n<meta name=\"robots\" content=\"index, follow, max-snippet:-1, max-image-preview:large, max-video-preview:-1\" \/>\n<link rel=\"canonical\" href=\"https:\/\/www.manaus.am.gov.br\/semcom\/pesquisa-de-precos-ceia-de-natal\/\" \/>\n<meta property=\"og:locale\" content=\"pt_BR\" \/>\n<meta property=\"og:type\" content=\"article\" \/>\n<meta property=\"og:title\" content=\"Procon Manaus divulga pesquisa de pre\u00e7os dos principais itens da ceia de Natal\" \/>\n<meta property=\"og:description\" content=\"A Prefeitura de Manaus, divulgou, nesta sexta-feira, 12\/12, a pesquisa de pre\u00e7os dos principais itens que comp\u00f5em a ceia de Natal de 2025.\" \/>\n<meta property=\"og:url\" content=\"https:\/\/www.manaus.am.gov.br\/semcom\/pesquisa-de-precos-ceia-de-natal\/\" \/>\n<meta property=\"og:site_name\" content=\"SEMCOM\" \/>\n<meta property=\"article:published_time\" content=\"2025-12-13T00:06:20+00:00\" \/>\n<meta property=\"article:modified_time\" content=\"2025-12-15T15:55:48+00:00\" \/>\n<meta property=\"og:image\" content=\"https:\/\/www.manaus.am.gov.br\/semcom\/wp-content\/uploads\/sites\/5\/2025\/12\/IMG_4594-1024x683.jpg\" \/>\n\t<meta property=\"og:image:width\" content=\"1024\" \/>\n\t<meta property=\"og:image:height\" content=\"683\" \/>\n\t<meta property=\"og:image:type\" content=\"image\/jpeg\" \/>\n<meta name=\"author\" content=\"bvalente\" \/>\n<meta name=\"twitter:card\" content=\"summary_large_image\" \/>\n<meta name=\"twitter:label1\" content=\"Written by\" \/>\n\t<meta name=\"twitter:data1\" content=\"bvalente\" \/>\n\t<meta name=\"twitter:label2\" content=\"Est. reading time\" \/>\n\t<meta name=\"twitter:data2\" content=\"2 minutos\" \/>\n<script type=\"application\/ld+json\" class=\"yoast-schema-graph\">{\"@context\":\"https:\/\/schema.org\",\"@graph\":[{\"@type\":\"WebPage\",\"@id\":\"https:\/\/www.manaus.am.gov.br\/semcom\/pesquisa-de-precos-ceia-de-natal\/\",\"url\":\"https:\/\/www.manaus.am.gov.br\/semcom\/pesquisa-de-precos-ceia-de-natal\/\",\"name\":\"Procon Manaus divulga pesquisa de pre\u00e7os dos principais itens da ceia de Natal\",\"isPartOf\":{\"@id\":\"https:\/\/www.manaus.am.gov.br\/semcom\/#website\"},\"primaryImageOfPage\":{\"@id\":\"https:\/\/www.manaus.am.gov.br\/semcom\/pesquisa-de-precos-ceia-de-natal\/#primaryimage\"},\"image\":{\"@id\":\"https:\/\/www.manaus.am.gov.br\/semcom\/pesquisa-de-precos-ceia-de-natal\/#primaryimage\"},\"thumbnailUrl\":\"https:\/\/www.manaus.am.gov.br\/semcom\/wp-content\/uploads\/sites\/5\/2025\/12\/IMG_4594.jpg\",\"datePublished\":\"2025-12-13T00:06:20+00:00\",\"dateModified\":\"2025-12-15T15:55:48+00:00\",\"author\":{\"@id\":\"https:\/\/www.manaus.am.gov.br\/semcom\/#\/schema\/person\/466a0e03ae4b6062809046bd560ac955\"},\"description\":\"A Prefeitura de Manaus, divulgou, nesta sexta-feira, 12\/12, a pesquisa de pre\u00e7os dos principais itens que comp\u00f5em a ceia de Natal de 2025.\",\"inLanguage\":\"pt-BR\",\"potentialAction\":[{\"@type\":\"ReadAction\",\"target\":[\"https:\/\/www.manaus.am.gov.br\/semcom\/pesquisa-de-precos-ceia-de-natal\/\"]}]},{\"@type\":\"ImageObject\",\"inLanguage\":\"pt-BR\",\"@id\":\"https:\/\/www.manaus.am.gov.br\/semcom\/pesquisa-de-precos-ceia-de-natal\/#primaryimage\",\"url\":\"https:\/\/www.manaus.am.gov.br\/semcom\/wp-content\/uploads\/sites\/5\/2025\/12\/IMG_4594.jpg\",\"contentUrl\":\"https:\/\/www.manaus.am.gov.br\/semcom\/wp-content\/uploads\/sites\/5\/2025\/12\/IMG_4594.jpg\",\"width\":6240,\"height\":4160,\"caption\":\"paratodosverem \u2013 Fiscais do Procon Manaus durante fiscaliza\u00e7\u00e3o\"},{\"@type\":\"WebSite\",\"@id\":\"https:\/\/www.manaus.am.gov.br\/semcom\/#website\",\"url\":\"https:\/\/www.manaus.am.gov.br\/semcom\/\",\"name\":\"SEMCOM\",\"description\":\"Secretaria Municipal de Comunica\u00e7\u00e3o\",\"potentialAction\":[{\"@type\":\"SearchAction\",\"target\":{\"@type\":\"EntryPoint\",\"urlTemplate\":\"https:\/\/www.manaus.am.gov.br\/semcom\/?s={search_term_string}\"},\"query-input\":\"required name=search_term_string\"}],\"inLanguage\":\"pt-BR\"},{\"@type\":\"Person\",\"@id\":\"https:\/\/www.manaus.am.gov.br\/semcom\/#\/schema\/person\/466a0e03ae4b6062809046bd560ac955\",\"name\":\"bvalente\",\"image\":{\"@type\":\"ImageObject\",\"inLanguage\":\"pt-BR\",\"@id\":\"https:\/\/www.manaus.am.gov.br\/semcom\/#\/schema\/person\/image\/\",\"url\":\"https:\/\/secure.gravatar.com\/avatar\/3e69bc2b014bdad41adfec3a39de07d2?s=96&d=mm&r=g\",\"contentUrl\":\"https:\/\/secure.gravatar.com\/avatar\/3e69bc2b014bdad41adfec3a39de07d2?s=96&d=mm&r=g\",\"caption\":\"bvalente\"}}]}<\/script>\n<!-- \/ Yoast SEO plugin. -->","yoast_head_json":{"title":"Procon Manaus divulga pesquisa de pre\u00e7os dos principais itens da ceia de Natal","description":"A Prefeitura de Manaus, divulgou, nesta sexta-feira, 12\/12, a pesquisa de pre\u00e7os dos principais itens que comp\u00f5em a ceia de Natal de 2025.","robots":{"index":"index","follow":"follow","max-snippet":"max-snippet:-1","max-image-preview":"max-image-preview:large","max-video-preview":"max-video-preview:-1"},"canonical":"https:\/\/www.manaus.am.gov.br\/semcom\/pesquisa-de-precos-ceia-de-natal\/","og_locale":"pt_BR","og_type":"article","og_title":"Procon Manaus divulga pesquisa de pre\u00e7os dos principais itens da ceia de Natal","og_description":"A Prefeitura de Manaus, divulgou, nesta sexta-feira, 12\/12, a pesquisa de pre\u00e7os dos principais itens que comp\u00f5em a ceia de Natal de 2025.","og_url":"https:\/\/www.manaus.am.gov.br\/semcom\/pesquisa-de-precos-ceia-de-natal\/","og_site_name":"SEMCOM","article_published_time":"2025-12-13T00:06:20+00:00","article_modified_time":"2025-12-15T15:55:48+00:00","og_image":[{"width":1024,"height":683,"url":"https:\/\/www.manaus.am.gov.br\/semcom\/wp-content\/uploads\/sites\/5\/2025\/12\/IMG_4594-1024x683.jpg","type":"image\/jpeg"}],"author":"bvalente","twitter_card":"summary_large_image","twitter_misc":{"Written by":"bvalente","Est. reading time":"2 minutos"},"schema":{"@context":"https:\/\/schema.org","@graph":[{"@type":"WebPage","@id":"https:\/\/www.manaus.am.gov.br\/semcom\/pesquisa-de-precos-ceia-de-natal\/","url":"https:\/\/www.manaus.am.gov.br\/semcom\/pesquisa-de-precos-ceia-de-natal\/","name":"Procon Manaus divulga pesquisa de pre\u00e7os dos principais itens da ceia de Natal","isPartOf":{"@id":"https:\/\/www.manaus.am.gov.br\/semcom\/#website"},"primaryImageOfPage":{"@id":"https:\/\/www.manaus.am.gov.br\/semcom\/pesquisa-de-precos-ceia-de-natal\/#primaryimage"},"image":{"@id":"https:\/\/www.manaus.am.gov.br\/semcom\/pesquisa-de-precos-ceia-de-natal\/#primaryimage"},"thumbnailUrl":"https:\/\/www.manaus.am.gov.br\/semcom\/wp-content\/uploads\/sites\/5\/2025\/12\/IMG_4594.jpg","datePublished":"2025-12-13T00:06:20+00:00","dateModified":"2025-12-15T15:55:48+00:00","author":{"@id":"https:\/\/www.manaus.am.gov.br\/semcom\/#\/schema\/person\/466a0e03ae4b6062809046bd560ac955"},"description":"A Prefeitura de Manaus, divulgou, nesta sexta-feira, 12\/12, a pesquisa de pre\u00e7os dos principais itens que comp\u00f5em a ceia de Natal de 2025.","inLanguage":"pt-BR","potentialAction":[{"@type":"ReadAction","target":["https:\/\/www.manaus.am.gov.br\/semcom\/pesquisa-de-precos-ceia-de-natal\/"]}]},{"@type":"ImageObject","inLanguage":"pt-BR","@id":"https:\/\/www.manaus.am.gov.br\/semcom\/pesquisa-de-precos-ceia-de-natal\/#primaryimage","url":"https:\/\/www.manaus.am.gov.br\/semcom\/wp-content\/uploads\/sites\/5\/2025\/12\/IMG_4594.jpg","contentUrl":"https:\/\/www.manaus.am.gov.br\/semcom\/wp-content\/uploads\/sites\/5\/2025\/12\/IMG_4594.jpg","width":6240,"height":4160,"caption":"paratodosverem \u2013 Fiscais do Procon Manaus durante fiscaliza\u00e7\u00e3o"},{"@type":"WebSite","@id":"https:\/\/www.manaus.am.gov.br\/semcom\/#website","url":"https:\/\/www.manaus.am.gov.br\/semcom\/","name":"SEMCOM","description":"Secretaria Municipal de Comunica\u00e7\u00e3o","potentialAction":[{"@type":"SearchAction","target":{"@type":"EntryPoint","urlTemplate":"https:\/\/www.manaus.am.gov.br\/semcom\/?s={search_term_string}"},"query-input":"required name=search_term_string"}],"inLanguage":"pt-BR"},{"@type":"Person","@id":"https:\/\/www.manaus.am.gov.br\/semcom\/#\/schema\/person\/466a0e03ae4b6062809046bd560ac955","name":"bvalente","image":{"@type":"ImageObject","inLanguage":"pt-BR","@id":"https:\/\/www.manaus.am.gov.br\/semcom\/#\/schema\/person\/image\/","url":"https:\/\/secure.gravatar.com\/avatar\/3e69bc2b014bdad41adfec3a39de07d2?s=96&d=mm&r=g","contentUrl":"https:\/\/secure.gravatar.com\/avatar\/3e69bc2b014bdad41adfec3a39de07d2?s=96&d=mm&r=g","caption":"bvalente"}}]}},"_links":{"self":[{"href":"https:\/\/www.manaus.am.gov.br\/semcom\/wp-json\/wp\/v2\/posts\/249678"}],"collection":[{"href":"https:\/\/www.manaus.am.gov.br\/semcom\/wp-json\/wp\/v2\/posts"}],"about":[{"href":"https:\/\/www.manaus.am.gov.br\/semcom\/wp-json\/wp\/v2\/types\/post"}],"author":[{"embeddable":true,"href":"https:\/\/www.manaus.am.gov.br\/semcom\/wp-json\/wp\/v2\/users\/68"}],"replies":[{"embeddable":true,"href":"https:\/\/www.manaus.am.gov.br\/semcom\/wp-json\/wp\/v2\/comments?post=249678"}],"version-history":[{"count":4,"href":"https:\/\/www.manaus.am.gov.br\/semcom\/wp-json\/wp\/v2\/posts\/249678\/revisions"}],"predecessor-version":[{"id":249747,"href":"https:\/\/www.manaus.am.gov.br\/semcom\/wp-json\/wp\/v2\/posts\/249678\/revisions\/249747"}],"wp:featuredmedia":[{"embeddable":true,"href":"https:\/\/www.manaus.am.gov.br\/semcom\/wp-json\/wp\/v2\/media\/249679"}],"wp:attachment":[{"href":"https:\/\/www.manaus.am.gov.br\/semcom\/wp-json\/wp\/v2\/media?parent=249678"}],"wp:term":[{"taxonomy":"category","embeddable":true,"href":"https:\/\/www.manaus.am.gov.br\/semcom\/wp-json\/wp\/v2\/categories?post=249678"},{"taxonomy":"post_tag","embeddable":true,"href":"https:\/\/www.manaus.am.gov.br\/semcom\/wp-json\/wp\/v2\/tags?post=249678"}],"curies":[{"name":"wp","href":"https:\/\/api.w.org\/{rel}","templated":true}]}}