{"id":249626,"date":"2025-12-12T10:02:24","date_gmt":"2025-12-12T13:02:24","guid":{"rendered":"https:\/\/www.manaus.am.gov.br\/semcom\/prefeitura-natalnasaguas-comunidadesribeirinhas\/"},"modified":"2025-12-12T10:34:42","modified_gmt":"2025-12-12T13:34:42","slug":"prefeitura-natalnasaguas-comunidadesribeirinhas","status":"publish","type":"post","link":"https:\/\/www.manaus.am.gov.br\/semcom\/prefeitura-natalnasaguas-comunidadesribeirinhas\/","title":{"rendered":"\u2018Natal nas \u00c1guas\u2019 leva cestas e brindes a 300 fam\u00edlias de comunidades ribeirinhas de Manaus"},"content":{"rendered":"\n<p>A Prefeitura de Manaus realizou, na quinta-feira, 11\/12, mais uma etapa do projeto \u201cNatal nas \u00c1guas\u201d, levando cestas b\u00e1sicas e brindes natalinos a comunidades ribeirinhas do rio Amazonas. A a\u00e7\u00e3o, coordenada pelo Fundo Manaus Solid\u00e1ria (FMS), beneficiou mais de 300 fam\u00edlias de oito comunidades, refor\u00e7ando a pol\u00edtica social do munic\u00edpio no per\u00edodo natalino.<\/p>\n\n\n\n<p>Nesta etapa, foram contempladas as comunidades do polo Nova Esperan\u00e7a: Cuieiras, Barreirinha, Nova Cana\u00e3, S\u00e3o Sebasti\u00e3o e Tr\u00eas Unidos. A iniciativa garante que fam\u00edlias que vivem em \u00e1reas de dif\u00edcil acesso possam celebrar o Natal com dignidade, levando alimento, afeto e esperan\u00e7a a quem vive \u00e0s margens da cidade.<\/p>\n\n\n\n<p>Para a presidente do Fundo Manaus Solid\u00e1ria, Viviane Lira, o projeto simboliza mais do que a entrega de donativos. \u201cCada comunidade que a gente alcan\u00e7a representa um compromisso cumprido com quem mais precisa. O \u2018Natal nas \u00c1guas\u2019 \u00e9 uma a\u00e7\u00e3o feita com muito carinho, pensada para levar dignidade, acolhimento e a certeza de que essas fam\u00edlias n\u00e3o est\u00e3o esquecidas. Ver a alegria das crian\u00e7as, o sorriso dos pais e a emo\u00e7\u00e3o de quem recebe \u00e9 algo que realmente n\u00e3o tem pre\u00e7o\u201d, destacou.<\/p>\n\n\n\n<p>A entrega de cestas e brindes marca mais uma etapa de uma programa\u00e7\u00e3o especial que celebra o esp\u00edrito natalino nas \u00e1guas que banham a capital amazonense. Toda a estrutura log\u00edstica da a\u00e7\u00e3o foi organizada pela equipe do Fundo Manaus Solid\u00e1ria, envolvendo planejamento, transporte fluvial e mobiliza\u00e7\u00e3o de servidores e volunt\u00e1rios.<\/p>\n\n\n\n<p>Moradora da comunidade Nova Esperan\u00e7a, a professora Luciana Pascal se emocionou ao falar sobre a chegada da a\u00e7\u00e3o. \u201cPrimeiramente, a gente s\u00f3 tem a agradecer. Para n\u00f3s, que vivemos longe do centro da cidade, esse tipo de a\u00e7\u00e3o faz toda a diferen\u00e7a. \u00c9 muito gratificante ver que a Prefeitura de Manaus lembra da nossa comunidade, que existe um olhar humano e sens\u00edvel para quem vive aqui. Este Natal vai ser diferente para muitas fam\u00edlias\u201d, afirmou.<\/p>\n\n\n\n<p>O sentimento de gratid\u00e3o tamb\u00e9m foi compartilhado pela cacique Juliana Silva, lideran\u00e7a da comunidade Nova Esperan\u00e7a, que destacou a import\u00e2ncia simb\u00f3lica da iniciativa. \u201cA expectativa foi muito grande desde o momento em que soubemos que esta a\u00e7\u00e3o chegaria at\u00e9 aqui. Quando vemos tudo acontecendo, percebemos que n\u00e3o \u00e9 s\u00f3 a cesta, \u00e9 o cuidado, \u00e9 o respeito com a nossa comunidade. \u00c9 saber que o poder p\u00fablico reconhece a nossa exist\u00eancia e caminha junto com a gente\u201d, ressaltou.<\/p>\n\n\n\n<p>Para o l\u00edder comunit\u00e1rio Gelson Garrido, o momento foi marcado pela emo\u00e7\u00e3o e pela uni\u00e3o entre os moradores. \u201cPara n\u00f3s, \u00e9 um momento muito especial. Receber esta a\u00e7\u00e3o no p\u00f4r do sol da nossa comunidade tem um significado enorme. \u00c9 uma lembran\u00e7a que vai ficar guardada no cora\u00e7\u00e3o de todos, principalmente das crian\u00e7as, que esperam o Natal com tanta esperan\u00e7a\u201d, disse.<\/p>\n\n\n\n<p>O artes\u00e3o Deusimar Gomes, morador da comunidade Nova Esperan\u00e7a, destacou que esta foi a primeira vez que os moradores receberam uma programa\u00e7\u00e3o natalina desse porte. \u201cEu achei muito legal essa iniciativa. Foi uma surpresa muito boa, porque nunca t\u00ednhamos recebido uma a\u00e7\u00e3o assim no Natal. Isso fortalece a comunidade, traz alegria e faz a gente acreditar que dias melhores podem chegar\u201d, comentou.<\/p>\n\n\n\n<p>Entre as \u00e1guas do rio Amazonas, o Natal nas \u00c1guas ancorou mais uma vez como um gesto de solidariedade, levando esperan\u00e7a e reafirmando que o Natal tamb\u00e9m chega para quem vive \u00e0s margens da cidade.<\/p>\n\n\n\n<p>&#8212; &#8212; &#8212; &nbsp;<\/p>\n\n\n\n<p><strong>Texto<\/strong>&nbsp;\u2014 Deborah Azevedo\/Semcom<\/p>\n\n\n\n<p><strong>Fotos<\/strong>&nbsp;\u2014 Jo\u00e3o Viana\/Semcom<\/p>\n\n\n\n<p><strong>Dispon\u00edveis em<\/strong>&nbsp;&#8211;&nbsp;<a href=\"https:\/\/flic.kr\/s\/aHBqjCDCJH\" target=\"_blank\" rel=\"noreferrer noopener\">https:\/\/flic.kr\/s\/aHBqjCDCJH<\/a><\/p>\n","protected":false},"excerpt":{"rendered":"","protected":false},"author":23,"featured_media":249627,"comment_status":"closed","ping_status":"closed","sticky":false,"template":"","format":"standard","meta":{"footnotes":""},"categories":[1884],"tags":[7019,1404,18426,8094,77],"acf":[],"yoast_head":"<!-- This site is optimized with the Yoast SEO plugin v23.0 - https:\/\/yoast.com\/wordpress\/plugins\/seo\/ -->\n<title>\u2018Natal nas \u00c1guas\u2019 leva solidariedade a 300 fam\u00edlias de comunidades ribeirinhas de Manaus<\/title>\n<meta name=\"description\" content=\"A Prefeitura de Manaus realizou, nesta quinta-feira, 11\/12, mais uma etapa do projeto \u201cNatal nas \u00c1guas\u201d, levando cestas b\u00e1sicas e brindes natalinos a comunidades ribeirinhas do rio Amazonas.\" \/>\n<meta name=\"robots\" content=\"index, follow, max-snippet:-1, max-image-preview:large, max-video-preview:-1\" \/>\n<link rel=\"canonical\" href=\"https:\/\/www.manaus.am.gov.br\/semcom\/prefeitura-natalnasaguas-comunidadesribeirinhas\/\" \/>\n<meta property=\"og:locale\" content=\"pt_BR\" \/>\n<meta property=\"og:type\" content=\"article\" \/>\n<meta property=\"og:title\" content=\"\u2018Natal nas \u00c1guas\u2019 leva solidariedade a 300 fam\u00edlias de comunidades ribeirinhas de Manaus\" \/>\n<meta property=\"og:description\" content=\"A Prefeitura de Manaus realizou, nesta quinta-feira, 11\/12, mais uma etapa do projeto \u201cNatal nas \u00c1guas\u201d, levando cestas b\u00e1sicas e brindes natalinos a comunidades ribeirinhas do rio Amazonas.\" \/>\n<meta property=\"og:url\" content=\"https:\/\/www.manaus.am.gov.br\/semcom\/prefeitura-natalnasaguas-comunidadesribeirinhas\/\" \/>\n<meta property=\"og:site_name\" content=\"SEMCOM\" \/>\n<meta property=\"article:published_time\" content=\"2025-12-12T13:02:24+00:00\" \/>\n<meta property=\"article:modified_time\" content=\"2025-12-12T13:34:42+00:00\" \/>\n<meta property=\"og:image\" content=\"https:\/\/www.manaus.am.gov.br\/semcom\/wp-content\/uploads\/sites\/5\/2025\/12\/54979166074_8e7a93de8b_c.jpg\" \/>\n\t<meta property=\"og:image:width\" content=\"799\" \/>\n\t<meta property=\"og:image:height\" content=\"533\" \/>\n\t<meta property=\"og:image:type\" content=\"image\/jpeg\" \/>\n<meta name=\"author\" content=\"Adriana Costa\" \/>\n<meta name=\"twitter:card\" content=\"summary_large_image\" \/>\n<meta name=\"twitter:label1\" content=\"Written by\" \/>\n\t<meta name=\"twitter:data1\" content=\"Adriana Costa\" \/>\n\t<meta name=\"twitter:label2\" content=\"Est. reading time\" \/>\n\t<meta name=\"twitter:data2\" content=\"4 minutos\" \/>\n<script type=\"application\/ld+json\" class=\"yoast-schema-graph\">{\"@context\":\"https:\/\/schema.org\",\"@graph\":[{\"@type\":\"WebPage\",\"@id\":\"https:\/\/www.manaus.am.gov.br\/semcom\/prefeitura-natalnasaguas-comunidadesribeirinhas\/\",\"url\":\"https:\/\/www.manaus.am.gov.br\/semcom\/prefeitura-natalnasaguas-comunidadesribeirinhas\/\",\"name\":\"\u2018Natal nas \u00c1guas\u2019 leva solidariedade a 300 fam\u00edlias de comunidades ribeirinhas de Manaus\",\"isPartOf\":{\"@id\":\"https:\/\/www.manaus.am.gov.br\/semcom\/#website\"},\"primaryImageOfPage\":{\"@id\":\"https:\/\/www.manaus.am.gov.br\/semcom\/prefeitura-natalnasaguas-comunidadesribeirinhas\/#primaryimage\"},\"image\":{\"@id\":\"https:\/\/www.manaus.am.gov.br\/semcom\/prefeitura-natalnasaguas-comunidadesribeirinhas\/#primaryimage\"},\"thumbnailUrl\":\"https:\/\/www.manaus.am.gov.br\/semcom\/wp-content\/uploads\/sites\/5\/2025\/12\/54979166074_8e7a93de8b_c.jpg\",\"datePublished\":\"2025-12-12T13:02:24+00:00\",\"dateModified\":\"2025-12-12T13:34:42+00:00\",\"author\":{\"@id\":\"https:\/\/www.manaus.am.gov.br\/semcom\/#\/schema\/person\/4e49f4e267757a06ca072ec61b2b9968\"},\"description\":\"A Prefeitura de Manaus realizou, nesta quinta-feira, 11\/12, mais uma etapa do projeto \u201cNatal nas \u00c1guas\u201d, levando cestas b\u00e1sicas e brindes natalinos a comunidades ribeirinhas do rio Amazonas.\",\"inLanguage\":\"pt-BR\",\"potentialAction\":[{\"@type\":\"ReadAction\",\"target\":[\"https:\/\/www.manaus.am.gov.br\/semcom\/prefeitura-natalnasaguas-comunidadesribeirinhas\/\"]}]},{\"@type\":\"ImageObject\",\"inLanguage\":\"pt-BR\",\"@id\":\"https:\/\/www.manaus.am.gov.br\/semcom\/prefeitura-natalnasaguas-comunidadesribeirinhas\/#primaryimage\",\"url\":\"https:\/\/www.manaus.am.gov.br\/semcom\/wp-content\/uploads\/sites\/5\/2025\/12\/54979166074_8e7a93de8b_c.jpg\",\"contentUrl\":\"https:\/\/www.manaus.am.gov.br\/semcom\/wp-content\/uploads\/sites\/5\/2025\/12\/54979166074_8e7a93de8b_c.jpg\",\"width\":799,\"height\":533,\"caption\":\"#paratodosverem - M\u00e3e e filha seguram bicicleta entregue durante a\u00e7\u00e3o \\\"Natal nas \u00c1guas\\\". Ao fundo, balsa da iniciativa ancorada na comunidade.\"},{\"@type\":\"WebSite\",\"@id\":\"https:\/\/www.manaus.am.gov.br\/semcom\/#website\",\"url\":\"https:\/\/www.manaus.am.gov.br\/semcom\/\",\"name\":\"SEMCOM\",\"description\":\"Secretaria Municipal de Comunica\u00e7\u00e3o\",\"potentialAction\":[{\"@type\":\"SearchAction\",\"target\":{\"@type\":\"EntryPoint\",\"urlTemplate\":\"https:\/\/www.manaus.am.gov.br\/semcom\/?s={search_term_string}\"},\"query-input\":\"required name=search_term_string\"}],\"inLanguage\":\"pt-BR\"},{\"@type\":\"Person\",\"@id\":\"https:\/\/www.manaus.am.gov.br\/semcom\/#\/schema\/person\/4e49f4e267757a06ca072ec61b2b9968\",\"name\":\"Adriana Costa\",\"image\":{\"@type\":\"ImageObject\",\"inLanguage\":\"pt-BR\",\"@id\":\"https:\/\/www.manaus.am.gov.br\/semcom\/#\/schema\/person\/image\/\",\"url\":\"https:\/\/secure.gravatar.com\/avatar\/576258617ef7194f718179e766d57bd4?s=96&d=mm&r=g\",\"contentUrl\":\"https:\/\/secure.gravatar.com\/avatar\/576258617ef7194f718179e766d57bd4?s=96&d=mm&r=g\",\"caption\":\"Adriana Costa\"}}]}<\/script>\n<!-- \/ Yoast SEO plugin. -->","yoast_head_json":{"title":"\u2018Natal nas \u00c1guas\u2019 leva solidariedade a 300 fam\u00edlias de comunidades ribeirinhas de Manaus","description":"A Prefeitura de Manaus realizou, nesta quinta-feira, 11\/12, mais uma etapa do projeto \u201cNatal nas \u00c1guas\u201d, levando cestas b\u00e1sicas e brindes natalinos a comunidades ribeirinhas do rio Amazonas.","robots":{"index":"index","follow":"follow","max-snippet":"max-snippet:-1","max-image-preview":"max-image-preview:large","max-video-preview":"max-video-preview:-1"},"canonical":"https:\/\/www.manaus.am.gov.br\/semcom\/prefeitura-natalnasaguas-comunidadesribeirinhas\/","og_locale":"pt_BR","og_type":"article","og_title":"\u2018Natal nas \u00c1guas\u2019 leva solidariedade a 300 fam\u00edlias de comunidades ribeirinhas de Manaus","og_description":"A Prefeitura de Manaus realizou, nesta quinta-feira, 11\/12, mais uma etapa do projeto \u201cNatal nas \u00c1guas\u201d, levando cestas b\u00e1sicas e brindes natalinos a comunidades ribeirinhas do rio Amazonas.","og_url":"https:\/\/www.manaus.am.gov.br\/semcom\/prefeitura-natalnasaguas-comunidadesribeirinhas\/","og_site_name":"SEMCOM","article_published_time":"2025-12-12T13:02:24+00:00","article_modified_time":"2025-12-12T13:34:42+00:00","og_image":[{"width":799,"height":533,"url":"https:\/\/www.manaus.am.gov.br\/semcom\/wp-content\/uploads\/sites\/5\/2025\/12\/54979166074_8e7a93de8b_c.jpg","type":"image\/jpeg"}],"author":"Adriana Costa","twitter_card":"summary_large_image","twitter_misc":{"Written by":"Adriana Costa","Est. reading time":"4 minutos"},"schema":{"@context":"https:\/\/schema.org","@graph":[{"@type":"WebPage","@id":"https:\/\/www.manaus.am.gov.br\/semcom\/prefeitura-natalnasaguas-comunidadesribeirinhas\/","url":"https:\/\/www.manaus.am.gov.br\/semcom\/prefeitura-natalnasaguas-comunidadesribeirinhas\/","name":"\u2018Natal nas \u00c1guas\u2019 leva solidariedade a 300 fam\u00edlias de comunidades ribeirinhas de Manaus","isPartOf":{"@id":"https:\/\/www.manaus.am.gov.br\/semcom\/#website"},"primaryImageOfPage":{"@id":"https:\/\/www.manaus.am.gov.br\/semcom\/prefeitura-natalnasaguas-comunidadesribeirinhas\/#primaryimage"},"image":{"@id":"https:\/\/www.manaus.am.gov.br\/semcom\/prefeitura-natalnasaguas-comunidadesribeirinhas\/#primaryimage"},"thumbnailUrl":"https:\/\/www.manaus.am.gov.br\/semcom\/wp-content\/uploads\/sites\/5\/2025\/12\/54979166074_8e7a93de8b_c.jpg","datePublished":"2025-12-12T13:02:24+00:00","dateModified":"2025-12-12T13:34:42+00:00","author":{"@id":"https:\/\/www.manaus.am.gov.br\/semcom\/#\/schema\/person\/4e49f4e267757a06ca072ec61b2b9968"},"description":"A Prefeitura de Manaus realizou, nesta quinta-feira, 11\/12, mais uma etapa do projeto \u201cNatal nas \u00c1guas\u201d, levando cestas b\u00e1sicas e brindes natalinos a comunidades ribeirinhas do rio Amazonas.","inLanguage":"pt-BR","potentialAction":[{"@type":"ReadAction","target":["https:\/\/www.manaus.am.gov.br\/semcom\/prefeitura-natalnasaguas-comunidadesribeirinhas\/"]}]},{"@type":"ImageObject","inLanguage":"pt-BR","@id":"https:\/\/www.manaus.am.gov.br\/semcom\/prefeitura-natalnasaguas-comunidadesribeirinhas\/#primaryimage","url":"https:\/\/www.manaus.am.gov.br\/semcom\/wp-content\/uploads\/sites\/5\/2025\/12\/54979166074_8e7a93de8b_c.jpg","contentUrl":"https:\/\/www.manaus.am.gov.br\/semcom\/wp-content\/uploads\/sites\/5\/2025\/12\/54979166074_8e7a93de8b_c.jpg","width":799,"height":533,"caption":"#paratodosverem - M\u00e3e e filha seguram bicicleta entregue durante a\u00e7\u00e3o \"Natal nas \u00c1guas\". Ao fundo, balsa da iniciativa ancorada na comunidade."},{"@type":"WebSite","@id":"https:\/\/www.manaus.am.gov.br\/semcom\/#website","url":"https:\/\/www.manaus.am.gov.br\/semcom\/","name":"SEMCOM","description":"Secretaria Municipal de Comunica\u00e7\u00e3o","potentialAction":[{"@type":"SearchAction","target":{"@type":"EntryPoint","urlTemplate":"https:\/\/www.manaus.am.gov.br\/semcom\/?s={search_term_string}"},"query-input":"required name=search_term_string"}],"inLanguage":"pt-BR"},{"@type":"Person","@id":"https:\/\/www.manaus.am.gov.br\/semcom\/#\/schema\/person\/4e49f4e267757a06ca072ec61b2b9968","name":"Adriana Costa","image":{"@type":"ImageObject","inLanguage":"pt-BR","@id":"https:\/\/www.manaus.am.gov.br\/semcom\/#\/schema\/person\/image\/","url":"https:\/\/secure.gravatar.com\/avatar\/576258617ef7194f718179e766d57bd4?s=96&d=mm&r=g","contentUrl":"https:\/\/secure.gravatar.com\/avatar\/576258617ef7194f718179e766d57bd4?s=96&d=mm&r=g","caption":"Adriana Costa"}}]}},"_links":{"self":[{"href":"https:\/\/www.manaus.am.gov.br\/semcom\/wp-json\/wp\/v2\/posts\/249626"}],"collection":[{"href":"https:\/\/www.manaus.am.gov.br\/semcom\/wp-json\/wp\/v2\/posts"}],"about":[{"href":"https:\/\/www.manaus.am.gov.br\/semcom\/wp-json\/wp\/v2\/types\/post"}],"author":[{"embeddable":true,"href":"https:\/\/www.manaus.am.gov.br\/semcom\/wp-json\/wp\/v2\/users\/23"}],"replies":[{"embeddable":true,"href":"https:\/\/www.manaus.am.gov.br\/semcom\/wp-json\/wp\/v2\/comments?post=249626"}],"version-history":[{"count":4,"href":"https:\/\/www.manaus.am.gov.br\/semcom\/wp-json\/wp\/v2\/posts\/249626\/revisions"}],"predecessor-version":[{"id":249631,"href":"https:\/\/www.manaus.am.gov.br\/semcom\/wp-json\/wp\/v2\/posts\/249626\/revisions\/249631"}],"wp:featuredmedia":[{"embeddable":true,"href":"https:\/\/www.manaus.am.gov.br\/semcom\/wp-json\/wp\/v2\/media\/249627"}],"wp:attachment":[{"href":"https:\/\/www.manaus.am.gov.br\/semcom\/wp-json\/wp\/v2\/media?parent=249626"}],"wp:term":[{"taxonomy":"category","embeddable":true,"href":"https:\/\/www.manaus.am.gov.br\/semcom\/wp-json\/wp\/v2\/categories?post=249626"},{"taxonomy":"post_tag","embeddable":true,"href":"https:\/\/www.manaus.am.gov.br\/semcom\/wp-json\/wp\/v2\/tags?post=249626"}],"curies":[{"name":"wp","href":"https:\/\/api.w.org\/{rel}","templated":true}]}}