{"id":249624,"date":"2025-12-11T22:09:37","date_gmt":"2025-12-12T01:09:37","guid":{"rendered":"https:\/\/www.manaus.am.gov.br\/semcom\/regularizacao-historica\/"},"modified":"2025-12-16T11:10:02","modified_gmt":"2025-12-16T14:10:02","slug":"regularizacao-historica","status":"publish","type":"post","link":"https:\/\/www.manaus.am.gov.br\/semcom\/regularizacao-historica\/","title":{"rendered":"Prefeito David Almeida destrava regulariza\u00e7\u00e3o hist\u00f3rica e garante direito \u00e0 terra para moradores e comerciantes da zona Norte de Manaus"},"content":{"rendered":"\n<p>Em mais uma a\u00e7\u00e3o estruturante da pol\u00edtica urbana da capital, o prefeito de <a href=\"https:\/\/www.instagram.com\/prefeiturademanaus\/\">Manaus<\/a>, David Almeida, avan\u00e7ou de forma decisiva na regulariza\u00e7\u00e3o fundi\u00e1ria da zona Norte ao assinar, na tarde desta quinta-feira, 11\/12, Certificados de Regulariza\u00e7\u00e3o Fundi\u00e1ria (CRFs) que contemplam mais de 1,1 mil lotes, entre \u00e1reas residenciais, comerciais e institucionais. A medida assegura seguran\u00e7a jur\u00eddica, direito \u00e0 terra e cria condi\u00e7\u00f5es objetivas para o fortalecimento da economia local.<\/p>\n\n\n\n<p>Durante o ato, o prefeito destacou que a iniciativa encerra um ciclo hist\u00f3rico de inseguran\u00e7a fundi\u00e1ria e amplia o alcance social da pol\u00edtica habitacional do munic\u00edpio. \u201cA espera acabou. \u00c9 a regulariza\u00e7\u00e3o fundi\u00e1ria avan\u00e7ando na zona Norte de Manaus. Estamos garantindo o direito \u00e0 terra, promovendo justi\u00e7a social e criando oportunidades reais de desenvolvimento para moradores e comerciantes\u201d, afirmou David Almeida.<\/p>\n\n\n\n<p>A a\u00e7\u00e3o inclui a regulariza\u00e7\u00e3o de 450 lotes residenciais no bairro Parque Santa Etelvina e de cerca de 400 lotes na regi\u00e3o do Lago Azul, \u00e1reas na zona Norte da cidade, que aguardavam h\u00e1 anos pela titula\u00e7\u00e3o definitiva. Outro eixo estrat\u00e9gico da medida \u00e9 a regulariza\u00e7\u00e3o de 341 lotes comerciais localizados nos conjuntos Viver Melhor 1 e 2, tamb\u00e9m na zona Norte, im\u00f3veis pertencentes \u00e0 Prefeitura de Manaus e ocupados por pequenos comerciantes e empreendedores que, h\u00e1 mais de uma d\u00e9cada, atuavam sem seguran\u00e7a jur\u00eddica.<\/p>\n\n\n\n<p>Segundo o prefeito, a regulariza\u00e7\u00e3o dos lotes comerciais tem impacto direto na dinamiza\u00e7\u00e3o da economia popular. \u201cQuando o comerciante passa a ser dono de fato e de direito do seu im\u00f3vel, ele pode acessar cr\u00e9dito em bancos oficiais, investir no pr\u00f3prio neg\u00f3cio e gerar mais renda. \u00c9 desenvolvimento econ\u00f4mico com base na justi\u00e7a social\u201d, ressaltou.<\/p>\n\n\n\n<p>As novas entregas se somam ao conjunto de a\u00e7\u00f5es j\u00e1 executadas pela Prefeitura de Manaus nos \u00faltimos anos, que resultaram na regulariza\u00e7\u00e3o de milhares de im\u00f3veis em diferentes zonas da cidade, promovendo ordenamento urbano, valoriza\u00e7\u00e3o imobili\u00e1ria, inclus\u00e3o social e fortalecimento da base econ\u00f4mica local.<\/p>\n\n\n\n<p>Encerrando o ato, o titular da Secretaria Municipal de Habita\u00e7\u00e3o e Assuntos Fundi\u00e1rios (Semhaf), Jesus Alves, ressaltou o impacto estruturante das assinaturas. \u201cHoje, estamos assinando tr\u00eas CRFs extremamente importantes. Um do Parque Santa Etelvina, com cerca de 460 lotes; outro da regi\u00e3o do Viver Melhor, com 341 comerciantes e pequenos empres\u00e1rios que aguardavam essa regulariza\u00e7\u00e3o h\u00e1 mais de 13 anos. Amanh\u00e3, inclusive, o Viver Melhor completa anivers\u00e1rio. E agora, por determina\u00e7\u00e3o e orienta\u00e7\u00e3o do prefeito David Almeida, a prefeitura consegue dar ordenamento definitivo a essa \u00e1rea. Isso representa uma inje\u00e7\u00e3o direta na economia do Viver Melhor e uma mudan\u00e7a real na vida dessas pessoas\u201d, concluiu.<\/p>\n\n\n\n<p><strong>Pol\u00edtica de Regulariza\u00e7\u00e3o<\/strong><\/p>\n\n\n\n<p>A pol\u00edtica de regulariza\u00e7\u00e3o fundi\u00e1ria da <a href=\"https:\/\/www.manaus.am.gov.br\/\">Prefeitura de Manaus <\/a>j\u00e1 contabiliza 12 mil lotes aptos \u00e0 titula\u00e7\u00e3o, distribu\u00eddos em diferentes zonas da cidade. Na zona Leste, o bairro Novo Reino soma 900 lotes aptos, com 400 t\u00edtulos j\u00e1 entregues, enquanto o Zumbi dos Palmares, tamb\u00e9m na zona Leste, registra 425 t\u00edtulos efetivamente entregues. J\u00e1 na zona Norte, a comunidade Rio Piorini, localizada no bairro Col\u00f4nia Terra Nova, contabiliza 2,6 mil lotes aptos, dos quais 1.150 j\u00e1 foram regularizados.<\/p>\n\n\n\n<p>Na zona Oeste, a comunidade Na\u00e7\u00f5es Ind\u00edgenas, no bairro Tarum\u00e3, teve 210 lotes aptos integralmente entregues, assegurando o direito \u00e0 terra \u00e0s comunidades. A pol\u00edtica tamb\u00e9m avan\u00e7a na zona Sul, com o Morro da Liberdade somando 900 entregas efetivadas e Santa Luzia com 400 lotes inclu\u00eddos no processo de regulariza\u00e7\u00e3o.<\/p>\n\n\n\n<p>A gest\u00e3o David Almeida projeta ainda um dos maiores ciclos de regulariza\u00e7\u00e3o fundi\u00e1ria da hist\u00f3ria da capital na zona Norte, na comunidade Nova Vida, no bairro Nova Cidade, onde h\u00e1 a previs\u00e3o de 3 mil t\u00edtulos, conforme compromisso assumido no planejamento da administra\u00e7\u00e3o municipal.<\/p>\n\n\n\n<p>\u2014- \u2014- \u2014-<br><strong>Texto &#8211;<\/strong> Emanuelle Baires \/ Semcom-Prefeito<br><strong>Fotos &#8211;<\/strong> Dhyeizo Lemos \/ Semcom-Prefeito<\/p>\n","protected":false},"excerpt":{"rendered":"","protected":false},"author":68,"featured_media":249625,"comment_status":"closed","ping_status":"closed","sticky":false,"template":"","format":"standard","meta":{"footnotes":""},"categories":[977],"tags":[35,18424,77,18425,5352],"acf":[],"yoast_head":"<!-- This site is optimized with the Yoast SEO plugin v23.0 - https:\/\/yoast.com\/wordpress\/plugins\/seo\/ -->\n<title>Prefeito David Almeida destrava regulariza\u00e7\u00e3o hist\u00f3rica<\/title>\n<meta name=\"description\" content=\"Em mais uma a\u00e7\u00e3o da pol\u00edtica urbana da capital, o prefeito David Almeida, avan\u00e7ou de forma decisiva na regulariza\u00e7\u00e3o fundi\u00e1ria da zona Norte.\" \/>\n<meta name=\"robots\" content=\"index, follow, max-snippet:-1, max-image-preview:large, max-video-preview:-1\" \/>\n<link rel=\"canonical\" href=\"https:\/\/www.manaus.am.gov.br\/semcom\/regularizacao-historica\/\" \/>\n<meta property=\"og:locale\" content=\"pt_BR\" \/>\n<meta property=\"og:type\" content=\"article\" \/>\n<meta property=\"og:title\" content=\"Prefeito David Almeida destrava regulariza\u00e7\u00e3o hist\u00f3rica\" \/>\n<meta property=\"og:description\" content=\"Em mais uma a\u00e7\u00e3o da pol\u00edtica urbana da capital, o prefeito David Almeida, avan\u00e7ou de forma decisiva na regulariza\u00e7\u00e3o fundi\u00e1ria da zona Norte.\" \/>\n<meta property=\"og:url\" content=\"https:\/\/www.manaus.am.gov.br\/semcom\/regularizacao-historica\/\" \/>\n<meta property=\"og:site_name\" content=\"SEMCOM\" \/>\n<meta property=\"article:published_time\" content=\"2025-12-12T01:09:37+00:00\" \/>\n<meta property=\"article:modified_time\" content=\"2025-12-16T14:10:02+00:00\" \/>\n<meta property=\"og:image\" content=\"https:\/\/www.manaus.am.gov.br\/semcom\/wp-content\/uploads\/sites\/5\/2025\/12\/WhatsApp-Image-2025-12-11-at-18.48.56.jpeg\" \/>\n\t<meta property=\"og:image:width\" content=\"4128\" \/>\n\t<meta property=\"og:image:height\" content=\"2752\" \/>\n\t<meta property=\"og:image:type\" content=\"image\/jpeg\" \/>\n<meta name=\"author\" content=\"bvalente\" \/>\n<meta name=\"twitter:card\" content=\"summary_large_image\" \/>\n<meta name=\"twitter:label1\" content=\"Written by\" \/>\n\t<meta name=\"twitter:data1\" content=\"bvalente\" \/>\n\t<meta name=\"twitter:label2\" content=\"Est. reading time\" \/>\n\t<meta name=\"twitter:data2\" content=\"4 minutos\" \/>\n<script type=\"application\/ld+json\" class=\"yoast-schema-graph\">{\"@context\":\"https:\/\/schema.org\",\"@graph\":[{\"@type\":\"WebPage\",\"@id\":\"https:\/\/www.manaus.am.gov.br\/semcom\/regularizacao-historica\/\",\"url\":\"https:\/\/www.manaus.am.gov.br\/semcom\/regularizacao-historica\/\",\"name\":\"Prefeito David Almeida destrava regulariza\u00e7\u00e3o hist\u00f3rica\",\"isPartOf\":{\"@id\":\"https:\/\/www.manaus.am.gov.br\/semcom\/#website\"},\"primaryImageOfPage\":{\"@id\":\"https:\/\/www.manaus.am.gov.br\/semcom\/regularizacao-historica\/#primaryimage\"},\"image\":{\"@id\":\"https:\/\/www.manaus.am.gov.br\/semcom\/regularizacao-historica\/#primaryimage\"},\"thumbnailUrl\":\"https:\/\/www.manaus.am.gov.br\/semcom\/wp-content\/uploads\/sites\/5\/2025\/12\/WhatsApp-Image-2025-12-11-at-18.48.56.jpeg\",\"datePublished\":\"2025-12-12T01:09:37+00:00\",\"dateModified\":\"2025-12-16T14:10:02+00:00\",\"author\":{\"@id\":\"https:\/\/www.manaus.am.gov.br\/semcom\/#\/schema\/person\/466a0e03ae4b6062809046bd560ac955\"},\"description\":\"Em mais uma a\u00e7\u00e3o da pol\u00edtica urbana da capital, o prefeito David Almeida, avan\u00e7ou de forma decisiva na regulariza\u00e7\u00e3o fundi\u00e1ria da zona Norte.\",\"inLanguage\":\"pt-BR\",\"potentialAction\":[{\"@type\":\"ReadAction\",\"target\":[\"https:\/\/www.manaus.am.gov.br\/semcom\/regularizacao-historica\/\"]}]},{\"@type\":\"ImageObject\",\"inLanguage\":\"pt-BR\",\"@id\":\"https:\/\/www.manaus.am.gov.br\/semcom\/regularizacao-historica\/#primaryimage\",\"url\":\"https:\/\/www.manaus.am.gov.br\/semcom\/wp-content\/uploads\/sites\/5\/2025\/12\/WhatsApp-Image-2025-12-11-at-18.48.56.jpeg\",\"contentUrl\":\"https:\/\/www.manaus.am.gov.br\/semcom\/wp-content\/uploads\/sites\/5\/2025\/12\/WhatsApp-Image-2025-12-11-at-18.48.56.jpeg\",\"width\":4128,\"height\":2752,\"caption\":\"#paratodosverem - Prefeito David Almeida e secret\u00e1rio Jesus Alves durante assinatura de Certificados de Regulariza\u00e7\u00e3o Fundi\u00e1ria\"},{\"@type\":\"WebSite\",\"@id\":\"https:\/\/www.manaus.am.gov.br\/semcom\/#website\",\"url\":\"https:\/\/www.manaus.am.gov.br\/semcom\/\",\"name\":\"SEMCOM\",\"description\":\"Secretaria Municipal de Comunica\u00e7\u00e3o\",\"potentialAction\":[{\"@type\":\"SearchAction\",\"target\":{\"@type\":\"EntryPoint\",\"urlTemplate\":\"https:\/\/www.manaus.am.gov.br\/semcom\/?s={search_term_string}\"},\"query-input\":\"required name=search_term_string\"}],\"inLanguage\":\"pt-BR\"},{\"@type\":\"Person\",\"@id\":\"https:\/\/www.manaus.am.gov.br\/semcom\/#\/schema\/person\/466a0e03ae4b6062809046bd560ac955\",\"name\":\"bvalente\",\"image\":{\"@type\":\"ImageObject\",\"inLanguage\":\"pt-BR\",\"@id\":\"https:\/\/www.manaus.am.gov.br\/semcom\/#\/schema\/person\/image\/\",\"url\":\"https:\/\/secure.gravatar.com\/avatar\/3e69bc2b014bdad41adfec3a39de07d2?s=96&d=mm&r=g\",\"contentUrl\":\"https:\/\/secure.gravatar.com\/avatar\/3e69bc2b014bdad41adfec3a39de07d2?s=96&d=mm&r=g\",\"caption\":\"bvalente\"}}]}<\/script>\n<!-- \/ Yoast SEO plugin. -->","yoast_head_json":{"title":"Prefeito David Almeida destrava regulariza\u00e7\u00e3o hist\u00f3rica","description":"Em mais uma a\u00e7\u00e3o da pol\u00edtica urbana da capital, o prefeito David Almeida, avan\u00e7ou de forma decisiva na regulariza\u00e7\u00e3o fundi\u00e1ria da zona Norte.","robots":{"index":"index","follow":"follow","max-snippet":"max-snippet:-1","max-image-preview":"max-image-preview:large","max-video-preview":"max-video-preview:-1"},"canonical":"https:\/\/www.manaus.am.gov.br\/semcom\/regularizacao-historica\/","og_locale":"pt_BR","og_type":"article","og_title":"Prefeito David Almeida destrava regulariza\u00e7\u00e3o hist\u00f3rica","og_description":"Em mais uma a\u00e7\u00e3o da pol\u00edtica urbana da capital, o prefeito David Almeida, avan\u00e7ou de forma decisiva na regulariza\u00e7\u00e3o fundi\u00e1ria da zona Norte.","og_url":"https:\/\/www.manaus.am.gov.br\/semcom\/regularizacao-historica\/","og_site_name":"SEMCOM","article_published_time":"2025-12-12T01:09:37+00:00","article_modified_time":"2025-12-16T14:10:02+00:00","og_image":[{"width":4128,"height":2752,"url":"https:\/\/www.manaus.am.gov.br\/semcom\/wp-content\/uploads\/sites\/5\/2025\/12\/WhatsApp-Image-2025-12-11-at-18.48.56.jpeg","type":"image\/jpeg"}],"author":"bvalente","twitter_card":"summary_large_image","twitter_misc":{"Written by":"bvalente","Est. reading time":"4 minutos"},"schema":{"@context":"https:\/\/schema.org","@graph":[{"@type":"WebPage","@id":"https:\/\/www.manaus.am.gov.br\/semcom\/regularizacao-historica\/","url":"https:\/\/www.manaus.am.gov.br\/semcom\/regularizacao-historica\/","name":"Prefeito David Almeida destrava regulariza\u00e7\u00e3o hist\u00f3rica","isPartOf":{"@id":"https:\/\/www.manaus.am.gov.br\/semcom\/#website"},"primaryImageOfPage":{"@id":"https:\/\/www.manaus.am.gov.br\/semcom\/regularizacao-historica\/#primaryimage"},"image":{"@id":"https:\/\/www.manaus.am.gov.br\/semcom\/regularizacao-historica\/#primaryimage"},"thumbnailUrl":"https:\/\/www.manaus.am.gov.br\/semcom\/wp-content\/uploads\/sites\/5\/2025\/12\/WhatsApp-Image-2025-12-11-at-18.48.56.jpeg","datePublished":"2025-12-12T01:09:37+00:00","dateModified":"2025-12-16T14:10:02+00:00","author":{"@id":"https:\/\/www.manaus.am.gov.br\/semcom\/#\/schema\/person\/466a0e03ae4b6062809046bd560ac955"},"description":"Em mais uma a\u00e7\u00e3o da pol\u00edtica urbana da capital, o prefeito David Almeida, avan\u00e7ou de forma decisiva na regulariza\u00e7\u00e3o fundi\u00e1ria da zona Norte.","inLanguage":"pt-BR","potentialAction":[{"@type":"ReadAction","target":["https:\/\/www.manaus.am.gov.br\/semcom\/regularizacao-historica\/"]}]},{"@type":"ImageObject","inLanguage":"pt-BR","@id":"https:\/\/www.manaus.am.gov.br\/semcom\/regularizacao-historica\/#primaryimage","url":"https:\/\/www.manaus.am.gov.br\/semcom\/wp-content\/uploads\/sites\/5\/2025\/12\/WhatsApp-Image-2025-12-11-at-18.48.56.jpeg","contentUrl":"https:\/\/www.manaus.am.gov.br\/semcom\/wp-content\/uploads\/sites\/5\/2025\/12\/WhatsApp-Image-2025-12-11-at-18.48.56.jpeg","width":4128,"height":2752,"caption":"#paratodosverem - Prefeito David Almeida e secret\u00e1rio Jesus Alves durante assinatura de Certificados de Regulariza\u00e7\u00e3o Fundi\u00e1ria"},{"@type":"WebSite","@id":"https:\/\/www.manaus.am.gov.br\/semcom\/#website","url":"https:\/\/www.manaus.am.gov.br\/semcom\/","name":"SEMCOM","description":"Secretaria Municipal de Comunica\u00e7\u00e3o","potentialAction":[{"@type":"SearchAction","target":{"@type":"EntryPoint","urlTemplate":"https:\/\/www.manaus.am.gov.br\/semcom\/?s={search_term_string}"},"query-input":"required name=search_term_string"}],"inLanguage":"pt-BR"},{"@type":"Person","@id":"https:\/\/www.manaus.am.gov.br\/semcom\/#\/schema\/person\/466a0e03ae4b6062809046bd560ac955","name":"bvalente","image":{"@type":"ImageObject","inLanguage":"pt-BR","@id":"https:\/\/www.manaus.am.gov.br\/semcom\/#\/schema\/person\/image\/","url":"https:\/\/secure.gravatar.com\/avatar\/3e69bc2b014bdad41adfec3a39de07d2?s=96&d=mm&r=g","contentUrl":"https:\/\/secure.gravatar.com\/avatar\/3e69bc2b014bdad41adfec3a39de07d2?s=96&d=mm&r=g","caption":"bvalente"}}]}},"_links":{"self":[{"href":"https:\/\/www.manaus.am.gov.br\/semcom\/wp-json\/wp\/v2\/posts\/249624"}],"collection":[{"href":"https:\/\/www.manaus.am.gov.br\/semcom\/wp-json\/wp\/v2\/posts"}],"about":[{"href":"https:\/\/www.manaus.am.gov.br\/semcom\/wp-json\/wp\/v2\/types\/post"}],"author":[{"embeddable":true,"href":"https:\/\/www.manaus.am.gov.br\/semcom\/wp-json\/wp\/v2\/users\/68"}],"replies":[{"embeddable":true,"href":"https:\/\/www.manaus.am.gov.br\/semcom\/wp-json\/wp\/v2\/comments?post=249624"}],"version-history":[{"count":1,"href":"https:\/\/www.manaus.am.gov.br\/semcom\/wp-json\/wp\/v2\/posts\/249624\/revisions"}],"predecessor-version":[{"id":249810,"href":"https:\/\/www.manaus.am.gov.br\/semcom\/wp-json\/wp\/v2\/posts\/249624\/revisions\/249810"}],"wp:featuredmedia":[{"embeddable":true,"href":"https:\/\/www.manaus.am.gov.br\/semcom\/wp-json\/wp\/v2\/media\/249625"}],"wp:attachment":[{"href":"https:\/\/www.manaus.am.gov.br\/semcom\/wp-json\/wp\/v2\/media?parent=249624"}],"wp:term":[{"taxonomy":"category","embeddable":true,"href":"https:\/\/www.manaus.am.gov.br\/semcom\/wp-json\/wp\/v2\/categories?post=249624"},{"taxonomy":"post_tag","embeddable":true,"href":"https:\/\/www.manaus.am.gov.br\/semcom\/wp-json\/wp\/v2\/tags?post=249624"}],"curies":[{"name":"wp","href":"https:\/\/api.w.org\/{rel}","templated":true}]}}