{"id":249608,"date":"2025-12-11T18:40:23","date_gmt":"2025-12-11T21:40:23","guid":{"rendered":"https:\/\/www.manaus.am.gov.br\/semcom\/abertura-consulta-publica-pmsb\/"},"modified":"2025-12-11T18:43:02","modified_gmt":"2025-12-11T21:43:02","slug":"abertura-consulta-publica-pmsb","status":"publish","type":"post","link":"https:\/\/www.manaus.am.gov.br\/semcom\/abertura-consulta-publica-pmsb\/","title":{"rendered":"Prefeitura realiza abertura da Consulta P\u00fablica de elabora\u00e7\u00e3o do Plano de Saneamento B\u00e1sico com a participa\u00e7\u00e3o ativa da popula\u00e7\u00e3o"},"content":{"rendered":"\n<p>A abertura da Consulta P\u00fablica para elabora\u00e7\u00e3o do primeiro Plano Municipal de Saneamento B\u00e1sico (PMSB) de Manaus, foi realizada, na manh\u00e3 desta quinta-feira, 11\/12, em live transmitida atrav\u00e9s dos canais oficiais da Prefeitura de Manaus, abrindo a oportunidade para a popula\u00e7\u00e3o participar com sugest\u00f5es, opini\u00f5es e cr\u00edticas nesta nova etapa.<\/p>\n\n\n\n<p>O secret\u00e1rio da Controladoria-Geral do Munic\u00edpio (CGM) e respons\u00e1vel pela coordena\u00e7\u00e3o do processo, Alessandro Moreira, exalta Manaus como a primeira cidade da regi\u00e3o Norte a dispor de um plano de saneamento que contempla o abastecimento de \u00e1gua, coleta e tratamento de esgoto, gest\u00e3o de res\u00edduos s\u00f3lidos e drenagem.<\/p>\n\n\n\n<p>\u201cEm 2020, nacionalmente foi elaborado um novo marco legal que trouxe a inova\u00e7\u00e3o em tratar o saneamento de forma integrada. Isso foi uma mudan\u00e7a significativa aqui no Brasil e poucos munic\u00edpios brasileiros conseguiram avan\u00e7ar na elabora\u00e7\u00e3o desse planejamento, integrando essas quatro macro\u00e1reas. Manaus \u00e9 uma das pioneiras, \u00e9 a primeira cidade aqui da regi\u00e3o Norte a pensar e agir nessa conjuntura\u201d, pontuou Moreira.<\/p>\n\n\n\n<p>O titular da Secretaria Municipal de Meio Ambiente e Sustentabilidade (Semmas), Fransu\u00e1 Matos, explicou como a prefeitura atuar\u00e1 segundo o plano e o impacto no cotidiano da popula\u00e7\u00e3o.<\/p>\n\n\n\n<p>\u201cO plano de saneamento b\u00e1sico \u00e9 um norteador de a\u00e7\u00f5es e assim a prefeitura vai poder planejar interven\u00e7\u00f5es em \u00e1reas espec\u00edficas, em \u00e1reas onde isso \u00e9 muito necess\u00e1rio para a popula\u00e7\u00e3o, al\u00e9m de verificar o grau de import\u00e2ncia de cada a\u00e7\u00e3o e planejar ao longo do tempo. Era um plano muito esperado, foi uma a\u00e7\u00e3o conjunta entre as secretarias que resultou em um documento muito denso e amplo, e que vai possibilitar que n\u00f3s avancemos mais ainda em a\u00e7\u00f5es como pr\u00f3prio saneamento da cidade, a quest\u00e3o da drenagem e dos res\u00edduos s\u00f3lidos, como isso est\u00e1 sendo tratado da cidade, e como, a curto, m\u00e9dio e longo prazo, a prefeitura deve agir em termos de investimento para os pr\u00f3ximos anos\u201d, afirmou.<\/p>\n\n\n\n<p>Quanto aos servi\u00e7os fiscalizados pela prefeitura, o titular da Ag\u00eancia Reguladora dos Servi\u00e7os P\u00fablicos Delegados do Munic\u00edpio de Manaus (Ageman), Elson Andrade, destacou o plano como instrumento de adequa\u00e7\u00e3o \u00e0s atividades da ag\u00eancia de regula\u00e7\u00e3o do munic\u00edpio.<\/p>\n\n\n\n<p>\u201cPara a Ageman \u00e9 importante, uma vez que n\u00f3s vamos estar adequando as melhores pr\u00e1ticas, as regulamenta\u00e7\u00f5es nacionais na quest\u00e3o de \u00e1gua, esgoto, res\u00edduos s\u00f3lidos e drenagem. Assim a Ageman atuar\u00e1 com o aprimoramento da sua fiscaliza\u00e7\u00e3o. N\u00f3s vamos estar intensificando nossas a\u00e7\u00f5es, garantindo que todas as metas sejam atendidas, como estar cobrando os prestadores de servi\u00e7o. Acredito que isso ajuda muito a cidade Manaus, vai elevar o n\u00edvel da qualidade de servi\u00e7os prestados pelos concession\u00e1rios e vamos estar acompanhando de perto esses servi\u00e7os\u201d, esclareceu Andrade.<\/p>\n\n\n\n<p>Sobre o processo de revis\u00e3o do PMSB, Neliton Marques, coordenador do segmento de diagn\u00f3stico do Plano Municipal de Saneamento B\u00e1sico de Manaus, destacou a import\u00e2ncia de v\u00e1rios especialistas envolvidos em todo o processo.<\/p>\n\n\n\n<p>\u201cO plano contou com consultores de diferentes organiza\u00e7\u00f5es e institui\u00e7\u00f5es, num cons\u00f3rcio Brasil-Portugal, ent\u00e3o toda parte de diagn\u00f3stico coube aos consultores daqui do Amazonas, especificamente de Manaus, e a parte de progn\u00f3stico contou com a participa\u00e7\u00e3o de consultores de Portugal. Ent\u00e3o foi um processo constru\u00eddo de maneira integrada e harm\u00f4nica. Acho importante ressaltar que a revis\u00e3o desse plano se baseou essencialmente em dados secund\u00e1rios obtidos das organiza\u00e7\u00f5es, institui\u00e7\u00f5es e das secretarias da prefeitura, que foram fundamentais para que houvesse uma an\u00e1lise sist\u00eamica integrada desse conjunto de dados, que resultou agora nessa primeira vers\u00e3o. A gente espera que a sociedade, agora com abertura para fins de audi\u00eancia e para consulta p\u00fablica, possa contribuir substantivamente na melhoria desta vers\u00e3o\u201d, ratificou Marques.<\/p>\n\n\n\n<p>Com a Consulta P\u00fablica, a Prefeitura de Manaus chama a popula\u00e7\u00e3o a participar da revis\u00e3o do Plano Municipal de Saneamento B\u00e1sico atrav\u00e9s do endere\u00e7o eletr\u00f4nico <a href=\"https:\/\/planodesaneamento.manaus.am.gov.br\/consulta-publica\/\">https:\/\/planodesaneamento.manaus.am.gov.br\/consulta-publica\/<\/a>, a partir de hoje, 11\/12 a 9\/2\/2026. Dessa forma, a sociedade conhecer\u00e1 os resultados do diagn\u00f3stico da situa\u00e7\u00e3o atual, entender\u00e1 os cen\u00e1rios projetados, e contribuir\u00e1 diretamente para o aprimoramento do PMSB.<\/p>\n\n\n\n<p>A live contou com a participa\u00e7\u00e3o dos secret\u00e1rios da CGM, Semmas e Ageman, representantes da Procuradoria-Geral do Munic\u00edpio (PGM) e do vereador integrante da Comiss\u00e3o de Meio Ambiente, Recursos Naturais, Sustentabilidade e Vigil\u00e2ncia Permanente da Amaz\u00f4nia da C\u00e2mara Municipal de Manaus (CMM).<\/p>\n\n\n\n<p>&#8212; &#8212; &#8212;<\/p>\n\n\n\n<p><strong>Texto<\/strong> &#8211; Oliveira Junior\/CGM<\/p>\n\n\n\n<p><strong>Fotos <\/strong>&#8211; Cl\u00f3vis Miranda\/Semcom<\/p>\n\n\n\n<p><strong>Dispon\u00edveis em &#8211;<\/strong> <a href=\"https:\/\/flic.kr\/s\/aHBqjCDvCY\">https:\/\/flic.kr\/s\/aHBqjCDvCY<\/a><\/p>\n","protected":false},"excerpt":{"rendered":"","protected":false},"author":39,"featured_media":249609,"comment_status":"closed","ping_status":"closed","sticky":false,"template":"","format":"standard","meta":{"footnotes":""},"categories":[578],"tags":[18415,7367,18416,18417,77],"acf":[],"yoast_head":"<!-- This site is optimized with the Yoast SEO plugin v23.0 - https:\/\/yoast.com\/wordpress\/plugins\/seo\/ -->\n<title>Abertura da Consulta P\u00fablica de elabora\u00e7\u00e3o do PMSB<\/title>\n<meta name=\"description\" content=\"Prefeitura realiza abertura da Consulta P\u00fablica de elabora\u00e7\u00e3o do Plano de Saneamento B\u00e1sico com a participa\u00e7\u00e3o ativa da popula\u00e7\u00e3o.\" \/>\n<meta name=\"robots\" content=\"index, follow, max-snippet:-1, max-image-preview:large, max-video-preview:-1\" \/>\n<link rel=\"canonical\" href=\"https:\/\/www.manaus.am.gov.br\/semcom\/abertura-consulta-publica-pmsb\/\" \/>\n<meta property=\"og:locale\" content=\"pt_BR\" \/>\n<meta property=\"og:type\" content=\"article\" \/>\n<meta property=\"og:title\" content=\"Abertura da Consulta P\u00fablica de elabora\u00e7\u00e3o do PMSB\" \/>\n<meta property=\"og:description\" content=\"Prefeitura realiza abertura da Consulta P\u00fablica de elabora\u00e7\u00e3o do Plano de Saneamento B\u00e1sico com a participa\u00e7\u00e3o ativa da popula\u00e7\u00e3o.\" \/>\n<meta property=\"og:url\" content=\"https:\/\/www.manaus.am.gov.br\/semcom\/abertura-consulta-publica-pmsb\/\" \/>\n<meta property=\"og:site_name\" content=\"SEMCOM\" \/>\n<meta property=\"article:published_time\" content=\"2025-12-11T21:40:23+00:00\" \/>\n<meta property=\"article:modified_time\" content=\"2025-12-11T21:43:02+00:00\" \/>\n<meta property=\"og:image\" content=\"https:\/\/www.manaus.am.gov.br\/semcom\/wp-content\/uploads\/sites\/5\/2025\/12\/54978096885_431bc22502_k.jpg\" \/>\n\t<meta property=\"og:image:width\" content=\"2047\" \/>\n\t<meta property=\"og:image:height\" content=\"1365\" \/>\n\t<meta property=\"og:image:type\" content=\"image\/jpeg\" \/>\n<meta name=\"author\" content=\"Bruna Greco\" \/>\n<meta name=\"twitter:card\" content=\"summary_large_image\" \/>\n<meta name=\"twitter:label1\" content=\"Written by\" \/>\n\t<meta name=\"twitter:data1\" content=\"Bruna Greco\" \/>\n\t<meta name=\"twitter:label2\" content=\"Est. reading time\" \/>\n\t<meta name=\"twitter:data2\" content=\"5 minutos\" \/>\n<script type=\"application\/ld+json\" class=\"yoast-schema-graph\">{\"@context\":\"https:\/\/schema.org\",\"@graph\":[{\"@type\":\"WebPage\",\"@id\":\"https:\/\/www.manaus.am.gov.br\/semcom\/abertura-consulta-publica-pmsb\/\",\"url\":\"https:\/\/www.manaus.am.gov.br\/semcom\/abertura-consulta-publica-pmsb\/\",\"name\":\"Abertura da Consulta P\u00fablica de elabora\u00e7\u00e3o do PMSB\",\"isPartOf\":{\"@id\":\"https:\/\/www.manaus.am.gov.br\/semcom\/#website\"},\"primaryImageOfPage\":{\"@id\":\"https:\/\/www.manaus.am.gov.br\/semcom\/abertura-consulta-publica-pmsb\/#primaryimage\"},\"image\":{\"@id\":\"https:\/\/www.manaus.am.gov.br\/semcom\/abertura-consulta-publica-pmsb\/#primaryimage\"},\"thumbnailUrl\":\"https:\/\/www.manaus.am.gov.br\/semcom\/wp-content\/uploads\/sites\/5\/2025\/12\/54978096885_431bc22502_k.jpg\",\"datePublished\":\"2025-12-11T21:40:23+00:00\",\"dateModified\":\"2025-12-11T21:43:02+00:00\",\"author\":{\"@id\":\"https:\/\/www.manaus.am.gov.br\/semcom\/#\/schema\/person\/05d223aea2bf115f9883a6ff3683d81b\"},\"description\":\"Prefeitura realiza abertura da Consulta P\u00fablica de elabora\u00e7\u00e3o do Plano de Saneamento B\u00e1sico com a participa\u00e7\u00e3o ativa da popula\u00e7\u00e3o.\",\"inLanguage\":\"pt-BR\",\"potentialAction\":[{\"@type\":\"ReadAction\",\"target\":[\"https:\/\/www.manaus.am.gov.br\/semcom\/abertura-consulta-publica-pmsb\/\"]}]},{\"@type\":\"ImageObject\",\"inLanguage\":\"pt-BR\",\"@id\":\"https:\/\/www.manaus.am.gov.br\/semcom\/abertura-consulta-publica-pmsb\/#primaryimage\",\"url\":\"https:\/\/www.manaus.am.gov.br\/semcom\/wp-content\/uploads\/sites\/5\/2025\/12\/54978096885_431bc22502_k.jpg\",\"contentUrl\":\"https:\/\/www.manaus.am.gov.br\/semcom\/wp-content\/uploads\/sites\/5\/2025\/12\/54978096885_431bc22502_k.jpg\",\"width\":2047,\"height\":1365,\"caption\":\"#paratodosverem - Secret\u00e1rios municipais e parlamentares compondo a mesa durante a abertura da para elabora\u00e7\u00e3o do primeiro Plano Municipal de Saneamento B\u00e1sico (PMSB) de Manaus\"},{\"@type\":\"WebSite\",\"@id\":\"https:\/\/www.manaus.am.gov.br\/semcom\/#website\",\"url\":\"https:\/\/www.manaus.am.gov.br\/semcom\/\",\"name\":\"SEMCOM\",\"description\":\"Secretaria Municipal de Comunica\u00e7\u00e3o\",\"potentialAction\":[{\"@type\":\"SearchAction\",\"target\":{\"@type\":\"EntryPoint\",\"urlTemplate\":\"https:\/\/www.manaus.am.gov.br\/semcom\/?s={search_term_string}\"},\"query-input\":\"required name=search_term_string\"}],\"inLanguage\":\"pt-BR\"},{\"@type\":\"Person\",\"@id\":\"https:\/\/www.manaus.am.gov.br\/semcom\/#\/schema\/person\/05d223aea2bf115f9883a6ff3683d81b\",\"name\":\"Bruna Greco\",\"image\":{\"@type\":\"ImageObject\",\"inLanguage\":\"pt-BR\",\"@id\":\"https:\/\/www.manaus.am.gov.br\/semcom\/#\/schema\/person\/image\/\",\"url\":\"https:\/\/secure.gravatar.com\/avatar\/9c877d1a6adc2a055330e5c09a8653ce?s=96&d=mm&r=g\",\"contentUrl\":\"https:\/\/secure.gravatar.com\/avatar\/9c877d1a6adc2a055330e5c09a8653ce?s=96&d=mm&r=g\",\"caption\":\"Bruna Greco\"}}]}<\/script>\n<!-- \/ Yoast SEO plugin. -->","yoast_head_json":{"title":"Abertura da Consulta P\u00fablica de elabora\u00e7\u00e3o do PMSB","description":"Prefeitura realiza abertura da Consulta P\u00fablica de elabora\u00e7\u00e3o do Plano de Saneamento B\u00e1sico com a participa\u00e7\u00e3o ativa da popula\u00e7\u00e3o.","robots":{"index":"index","follow":"follow","max-snippet":"max-snippet:-1","max-image-preview":"max-image-preview:large","max-video-preview":"max-video-preview:-1"},"canonical":"https:\/\/www.manaus.am.gov.br\/semcom\/abertura-consulta-publica-pmsb\/","og_locale":"pt_BR","og_type":"article","og_title":"Abertura da Consulta P\u00fablica de elabora\u00e7\u00e3o do PMSB","og_description":"Prefeitura realiza abertura da Consulta P\u00fablica de elabora\u00e7\u00e3o do Plano de Saneamento B\u00e1sico com a participa\u00e7\u00e3o ativa da popula\u00e7\u00e3o.","og_url":"https:\/\/www.manaus.am.gov.br\/semcom\/abertura-consulta-publica-pmsb\/","og_site_name":"SEMCOM","article_published_time":"2025-12-11T21:40:23+00:00","article_modified_time":"2025-12-11T21:43:02+00:00","og_image":[{"width":2047,"height":1365,"url":"https:\/\/www.manaus.am.gov.br\/semcom\/wp-content\/uploads\/sites\/5\/2025\/12\/54978096885_431bc22502_k.jpg","type":"image\/jpeg"}],"author":"Bruna Greco","twitter_card":"summary_large_image","twitter_misc":{"Written by":"Bruna Greco","Est. reading time":"5 minutos"},"schema":{"@context":"https:\/\/schema.org","@graph":[{"@type":"WebPage","@id":"https:\/\/www.manaus.am.gov.br\/semcom\/abertura-consulta-publica-pmsb\/","url":"https:\/\/www.manaus.am.gov.br\/semcom\/abertura-consulta-publica-pmsb\/","name":"Abertura da Consulta P\u00fablica de elabora\u00e7\u00e3o do PMSB","isPartOf":{"@id":"https:\/\/www.manaus.am.gov.br\/semcom\/#website"},"primaryImageOfPage":{"@id":"https:\/\/www.manaus.am.gov.br\/semcom\/abertura-consulta-publica-pmsb\/#primaryimage"},"image":{"@id":"https:\/\/www.manaus.am.gov.br\/semcom\/abertura-consulta-publica-pmsb\/#primaryimage"},"thumbnailUrl":"https:\/\/www.manaus.am.gov.br\/semcom\/wp-content\/uploads\/sites\/5\/2025\/12\/54978096885_431bc22502_k.jpg","datePublished":"2025-12-11T21:40:23+00:00","dateModified":"2025-12-11T21:43:02+00:00","author":{"@id":"https:\/\/www.manaus.am.gov.br\/semcom\/#\/schema\/person\/05d223aea2bf115f9883a6ff3683d81b"},"description":"Prefeitura realiza abertura da Consulta P\u00fablica de elabora\u00e7\u00e3o do Plano de Saneamento B\u00e1sico com a participa\u00e7\u00e3o ativa da popula\u00e7\u00e3o.","inLanguage":"pt-BR","potentialAction":[{"@type":"ReadAction","target":["https:\/\/www.manaus.am.gov.br\/semcom\/abertura-consulta-publica-pmsb\/"]}]},{"@type":"ImageObject","inLanguage":"pt-BR","@id":"https:\/\/www.manaus.am.gov.br\/semcom\/abertura-consulta-publica-pmsb\/#primaryimage","url":"https:\/\/www.manaus.am.gov.br\/semcom\/wp-content\/uploads\/sites\/5\/2025\/12\/54978096885_431bc22502_k.jpg","contentUrl":"https:\/\/www.manaus.am.gov.br\/semcom\/wp-content\/uploads\/sites\/5\/2025\/12\/54978096885_431bc22502_k.jpg","width":2047,"height":1365,"caption":"#paratodosverem - Secret\u00e1rios municipais e parlamentares compondo a mesa durante a abertura da para elabora\u00e7\u00e3o do primeiro Plano Municipal de Saneamento B\u00e1sico (PMSB) de Manaus"},{"@type":"WebSite","@id":"https:\/\/www.manaus.am.gov.br\/semcom\/#website","url":"https:\/\/www.manaus.am.gov.br\/semcom\/","name":"SEMCOM","description":"Secretaria Municipal de Comunica\u00e7\u00e3o","potentialAction":[{"@type":"SearchAction","target":{"@type":"EntryPoint","urlTemplate":"https:\/\/www.manaus.am.gov.br\/semcom\/?s={search_term_string}"},"query-input":"required name=search_term_string"}],"inLanguage":"pt-BR"},{"@type":"Person","@id":"https:\/\/www.manaus.am.gov.br\/semcom\/#\/schema\/person\/05d223aea2bf115f9883a6ff3683d81b","name":"Bruna Greco","image":{"@type":"ImageObject","inLanguage":"pt-BR","@id":"https:\/\/www.manaus.am.gov.br\/semcom\/#\/schema\/person\/image\/","url":"https:\/\/secure.gravatar.com\/avatar\/9c877d1a6adc2a055330e5c09a8653ce?s=96&d=mm&r=g","contentUrl":"https:\/\/secure.gravatar.com\/avatar\/9c877d1a6adc2a055330e5c09a8653ce?s=96&d=mm&r=g","caption":"Bruna Greco"}}]}},"_links":{"self":[{"href":"https:\/\/www.manaus.am.gov.br\/semcom\/wp-json\/wp\/v2\/posts\/249608"}],"collection":[{"href":"https:\/\/www.manaus.am.gov.br\/semcom\/wp-json\/wp\/v2\/posts"}],"about":[{"href":"https:\/\/www.manaus.am.gov.br\/semcom\/wp-json\/wp\/v2\/types\/post"}],"author":[{"embeddable":true,"href":"https:\/\/www.manaus.am.gov.br\/semcom\/wp-json\/wp\/v2\/users\/39"}],"replies":[{"embeddable":true,"href":"https:\/\/www.manaus.am.gov.br\/semcom\/wp-json\/wp\/v2\/comments?post=249608"}],"version-history":[{"count":1,"href":"https:\/\/www.manaus.am.gov.br\/semcom\/wp-json\/wp\/v2\/posts\/249608\/revisions"}],"predecessor-version":[{"id":249610,"href":"https:\/\/www.manaus.am.gov.br\/semcom\/wp-json\/wp\/v2\/posts\/249608\/revisions\/249610"}],"wp:featuredmedia":[{"embeddable":true,"href":"https:\/\/www.manaus.am.gov.br\/semcom\/wp-json\/wp\/v2\/media\/249609"}],"wp:attachment":[{"href":"https:\/\/www.manaus.am.gov.br\/semcom\/wp-json\/wp\/v2\/media?parent=249608"}],"wp:term":[{"taxonomy":"category","embeddable":true,"href":"https:\/\/www.manaus.am.gov.br\/semcom\/wp-json\/wp\/v2\/categories?post=249608"},{"taxonomy":"post_tag","embeddable":true,"href":"https:\/\/www.manaus.am.gov.br\/semcom\/wp-json\/wp\/v2\/tags?post=249608"}],"curies":[{"name":"wp","href":"https:\/\/api.w.org\/{rel}","templated":true}]}}