{"id":249603,"date":"2025-12-11T17:40:07","date_gmt":"2025-12-11T20:40:07","guid":{"rendered":"https:\/\/www.manaus.am.gov.br\/semcom\/ultima-parcela-iptu-2025-15-12\/"},"modified":"2025-12-16T12:59:49","modified_gmt":"2025-12-16T15:59:49","slug":"ultima-parcela-iptu-2025-15-12","status":"publish","type":"post","link":"https:\/\/www.manaus.am.gov.br\/semcom\/ultima-parcela-iptu-2025-15-12\/","title":{"rendered":"\u00daltima parcela do IPTU 2025 vence nesta segunda-feira, 15\/12, e contribuintes ainda podem garantir participa\u00e7\u00e3o no IPTU Premiado"},"content":{"rendered":"\n<p>Para os contribuintes que parcelaram o Imposto Predial e Territorial Urbano (IPTU) deste ano, a Prefeitura de Manaus, por meio da <a href=\"https:\/\/www.manaus.am.gov.br\/\">Secretaria Municipal de Finan\u00e7as (Semef)<\/a>, alerta que, nesta segunda-feira, 15\/12, vence a \u00faltima parcela do tributo. O pagamento encerra o calend\u00e1rio do ano e mant\u00e9m os contribuintes na disputa pelos pr\u00eamios finais da campanha IPTU Premiado 2025, que ainda distribuir\u00e1 valores de at\u00e9 R$ 300 mil.<\/p>\n\n\n\n<p>O subsecret\u00e1rio da Receita da Semef, Arm\u00ednio Pontes, refor\u00e7a que o pagamento pontual garante participa\u00e7\u00e3o autom\u00e1tica nos sorteios. Segundo ele, todos os contribuintes que quitaram a cota \u00fanica ou est\u00e3o em dia com as parcelas j\u00e1 est\u00e3o concorrendo.<\/p>\n\n\n\n<p>\u201cA Semef alerta aos contribuintes do IPTU deste ano que, agora, dia 15 de dezembro, vence a parcela 10, \u00faltima deste ano. Os contribuintes que pagam em dia ir\u00e3o concorrer aos pr\u00eamios. E quem ainda tem IPTU atrasado poder\u00e1 quitar at\u00e9 o pr\u00f3ximo dia 15 e participar tamb\u00e9m dos sorteios especiais de final de ano\u201d, destacou.<\/p>\n\n\n\n<p>A campanha chega ao fim de 2025 com mais um sorteio em dezembro, que oferecer\u00e1 premia\u00e7\u00f5es entre R$ 5 mil e R$ 100 mil, al\u00e9m do pr\u00eamio de R$ 200 mil para quem estiver totalmente regular com o IPTU do exerc\u00edcio. Em janeiro de 2026, ocorre o sorteio especial de R$ 300 mil, destinado aos contribuintes sem qualquer d\u00e9bito, inclusive de exerc\u00edcios anteriores. \u201cAinda d\u00e1 tempo de se regularizar e concorrer, quem sabe ser um dos sorteados\u201d, refor\u00e7ou Pontes.<\/p>\n\n\n\n<p>A segunda via da guia de pagamento pode ser emitida rapidamente pelo aplicativo Manaus Atende ou pelo portal: <a href=\"https:\/\/manausatende.manaus.am.gov.br\/\">manausatende.manaus.am.gov.br<\/a>.<\/p>\n\n\n\n<p><strong>APP Manaus Atende<\/strong><\/p>\n\n\n\n<p>Al\u00e9m de facilitar o acesso \u00e0s guias, o aplicativo Manaus Atende Digital ser\u00e1 o principal meio para obten\u00e7\u00e3o de descontos em 2026. O subsecret\u00e1rio Arm\u00ednio Pontes destaca que, no pr\u00f3ximo ano, quem aderir ao Carn\u00ea Digital ter\u00e1 vantagens superiores as do carn\u00ea f\u00edsico.<\/p>\n\n\n\n<p>\u201cO novo formato visa estimular o uso das ferramentas digitais e incentivar o pagamento antecipado. A partir de 2026, quem optar pelo carn\u00ea f\u00edsico ter\u00e1 desconto de 8% na cota \u00fanica. J\u00e1 quem utilizar o Manaus Atende Digital e aderir ao carn\u00ea digital receber\u00e1 desconto de 10% at\u00e9 o vencimento\u201d, explicou.<\/p>\n\n\n\n<p>A cota \u00fanica do IPTU vencer\u00e1 em 16 de mar\u00e7o de 2026. Quem preferir parcelar tamb\u00e9m ter\u00e1 benef\u00edcio: contribuintes que aderirem ao carn\u00ea digital ter\u00e3o 2% de desconto em cada parcela, desde que pagas at\u00e9 o vencimento.<\/p>\n\n\n\n<p>Os maiores descontos ficam para quem antecipar a cota \u00fanica: 12% para pagamentos at\u00e9 30 de janeiro de 2026; 11% at\u00e9 27 de fevereiro de 2026.<\/p>\n\n\n\n<p>Pontes destaca que os incentivos fazem parte da estrat\u00e9gia de digitaliza\u00e7\u00e3o dos tributos municipais, reduzindo custos de impress\u00e3o e contribuindo para a sustentabilidade ambiental.<\/p>\n\n\n\n<p>&#8212; &#8212; &#8212;<\/p>\n\n\n\n<p><strong>Texto \u2013<\/strong> Anderson Farias\/Semef<\/p>\n\n\n\n<p><strong>Foto \u2013 <\/strong>Divulga\u00e7\u00e3o\/Semef<\/p>\n","protected":false},"excerpt":{"rendered":"","protected":false},"author":39,"featured_media":236748,"comment_status":"closed","ping_status":"closed","sticky":false,"template":"","format":"standard","meta":{"footnotes":""},"categories":[722],"tags":[1720,77,157,18410,18411],"acf":[],"yoast_head":"<!-- This site is optimized with the Yoast SEO plugin v23.0 - https:\/\/yoast.com\/wordpress\/plugins\/seo\/ -->\n<title>\u00daltima parcela do IPTU 2025 vence nesta segunda-feira, 15\/12<\/title>\n<meta name=\"description\" content=\"\u00daltima parcela do IPTU 2025 vence nesta segunda-feira, 15\/12, e contribuintes ainda podem garantir participa\u00e7\u00e3o no IPTU Premiado.\" \/>\n<meta name=\"robots\" content=\"index, follow, max-snippet:-1, max-image-preview:large, max-video-preview:-1\" \/>\n<link rel=\"canonical\" href=\"https:\/\/www.manaus.am.gov.br\/semcom\/ultima-parcela-iptu-2025-15-12\/\" \/>\n<meta property=\"og:locale\" content=\"pt_BR\" \/>\n<meta property=\"og:type\" content=\"article\" \/>\n<meta property=\"og:title\" content=\"\u00daltima parcela do IPTU 2025 vence nesta segunda-feira, 15\/12\" \/>\n<meta property=\"og:description\" content=\"\u00daltima parcela do IPTU 2025 vence nesta segunda-feira, 15\/12, e contribuintes ainda podem garantir participa\u00e7\u00e3o no IPTU Premiado.\" \/>\n<meta property=\"og:url\" content=\"https:\/\/www.manaus.am.gov.br\/semcom\/ultima-parcela-iptu-2025-15-12\/\" \/>\n<meta property=\"og:site_name\" content=\"SEMCOM\" \/>\n<meta property=\"article:published_time\" content=\"2025-12-11T20:40:07+00:00\" \/>\n<meta property=\"article:modified_time\" content=\"2025-12-16T15:59:49+00:00\" \/>\n<meta property=\"og:image\" content=\"https:\/\/www.manaus.am.gov.br\/semcom\/wp-content\/uploads\/sites\/5\/2025\/03\/IMG_8935-1024x683.jpg\" \/>\n\t<meta property=\"og:image:width\" content=\"1024\" \/>\n\t<meta property=\"og:image:height\" content=\"683\" \/>\n\t<meta property=\"og:image:type\" content=\"image\/jpeg\" \/>\n<meta name=\"author\" content=\"Bruna Greco\" \/>\n<meta name=\"twitter:card\" content=\"summary_large_image\" \/>\n<meta name=\"twitter:label1\" content=\"Written by\" \/>\n\t<meta name=\"twitter:data1\" content=\"Bruna Greco\" \/>\n\t<meta name=\"twitter:label2\" content=\"Est. reading time\" \/>\n\t<meta name=\"twitter:data2\" content=\"3 minutos\" \/>\n<script type=\"application\/ld+json\" class=\"yoast-schema-graph\">{\"@context\":\"https:\/\/schema.org\",\"@graph\":[{\"@type\":\"WebPage\",\"@id\":\"https:\/\/www.manaus.am.gov.br\/semcom\/ultima-parcela-iptu-2025-15-12\/\",\"url\":\"https:\/\/www.manaus.am.gov.br\/semcom\/ultima-parcela-iptu-2025-15-12\/\",\"name\":\"\u00daltima parcela do IPTU 2025 vence nesta segunda-feira, 15\/12\",\"isPartOf\":{\"@id\":\"https:\/\/www.manaus.am.gov.br\/semcom\/#website\"},\"primaryImageOfPage\":{\"@id\":\"https:\/\/www.manaus.am.gov.br\/semcom\/ultima-parcela-iptu-2025-15-12\/#primaryimage\"},\"image\":{\"@id\":\"https:\/\/www.manaus.am.gov.br\/semcom\/ultima-parcela-iptu-2025-15-12\/#primaryimage\"},\"thumbnailUrl\":\"https:\/\/www.manaus.am.gov.br\/semcom\/wp-content\/uploads\/sites\/5\/2025\/03\/IMG_8935.jpg\",\"datePublished\":\"2025-12-11T20:40:07+00:00\",\"dateModified\":\"2025-12-16T15:59:49+00:00\",\"author\":{\"@id\":\"https:\/\/www.manaus.am.gov.br\/semcom\/#\/schema\/person\/05d223aea2bf115f9883a6ff3683d81b\"},\"description\":\"\u00daltima parcela do IPTU 2025 vence nesta segunda-feira, 15\/12, e contribuintes ainda podem garantir participa\u00e7\u00e3o no IPTU Premiado.\",\"inLanguage\":\"pt-BR\",\"potentialAction\":[{\"@type\":\"ReadAction\",\"target\":[\"https:\/\/www.manaus.am.gov.br\/semcom\/ultima-parcela-iptu-2025-15-12\/\"]}]},{\"@type\":\"ImageObject\",\"inLanguage\":\"pt-BR\",\"@id\":\"https:\/\/www.manaus.am.gov.br\/semcom\/ultima-parcela-iptu-2025-15-12\/#primaryimage\",\"url\":\"https:\/\/www.manaus.am.gov.br\/semcom\/wp-content\/uploads\/sites\/5\/2025\/03\/IMG_8935.jpg\",\"contentUrl\":\"https:\/\/www.manaus.am.gov.br\/semcom\/wp-content\/uploads\/sites\/5\/2025\/03\/IMG_8935.jpg\",\"width\":6000,\"height\":4000,\"caption\":\"#paratodosverem - Imagem de m\u00e3o segurando um carn\u00ea de IPTU\"},{\"@type\":\"WebSite\",\"@id\":\"https:\/\/www.manaus.am.gov.br\/semcom\/#website\",\"url\":\"https:\/\/www.manaus.am.gov.br\/semcom\/\",\"name\":\"SEMCOM\",\"description\":\"Secretaria Municipal de Comunica\u00e7\u00e3o\",\"potentialAction\":[{\"@type\":\"SearchAction\",\"target\":{\"@type\":\"EntryPoint\",\"urlTemplate\":\"https:\/\/www.manaus.am.gov.br\/semcom\/?s={search_term_string}\"},\"query-input\":\"required name=search_term_string\"}],\"inLanguage\":\"pt-BR\"},{\"@type\":\"Person\",\"@id\":\"https:\/\/www.manaus.am.gov.br\/semcom\/#\/schema\/person\/05d223aea2bf115f9883a6ff3683d81b\",\"name\":\"Bruna Greco\",\"image\":{\"@type\":\"ImageObject\",\"inLanguage\":\"pt-BR\",\"@id\":\"https:\/\/www.manaus.am.gov.br\/semcom\/#\/schema\/person\/image\/\",\"url\":\"https:\/\/secure.gravatar.com\/avatar\/9c877d1a6adc2a055330e5c09a8653ce?s=96&d=mm&r=g\",\"contentUrl\":\"https:\/\/secure.gravatar.com\/avatar\/9c877d1a6adc2a055330e5c09a8653ce?s=96&d=mm&r=g\",\"caption\":\"Bruna Greco\"}}]}<\/script>\n<!-- \/ Yoast SEO plugin. -->","yoast_head_json":{"title":"\u00daltima parcela do IPTU 2025 vence nesta segunda-feira, 15\/12","description":"\u00daltima parcela do IPTU 2025 vence nesta segunda-feira, 15\/12, e contribuintes ainda podem garantir participa\u00e7\u00e3o no IPTU Premiado.","robots":{"index":"index","follow":"follow","max-snippet":"max-snippet:-1","max-image-preview":"max-image-preview:large","max-video-preview":"max-video-preview:-1"},"canonical":"https:\/\/www.manaus.am.gov.br\/semcom\/ultima-parcela-iptu-2025-15-12\/","og_locale":"pt_BR","og_type":"article","og_title":"\u00daltima parcela do IPTU 2025 vence nesta segunda-feira, 15\/12","og_description":"\u00daltima parcela do IPTU 2025 vence nesta segunda-feira, 15\/12, e contribuintes ainda podem garantir participa\u00e7\u00e3o no IPTU Premiado.","og_url":"https:\/\/www.manaus.am.gov.br\/semcom\/ultima-parcela-iptu-2025-15-12\/","og_site_name":"SEMCOM","article_published_time":"2025-12-11T20:40:07+00:00","article_modified_time":"2025-12-16T15:59:49+00:00","og_image":[{"width":1024,"height":683,"url":"https:\/\/www.manaus.am.gov.br\/semcom\/wp-content\/uploads\/sites\/5\/2025\/03\/IMG_8935-1024x683.jpg","type":"image\/jpeg"}],"author":"Bruna Greco","twitter_card":"summary_large_image","twitter_misc":{"Written by":"Bruna Greco","Est. reading time":"3 minutos"},"schema":{"@context":"https:\/\/schema.org","@graph":[{"@type":"WebPage","@id":"https:\/\/www.manaus.am.gov.br\/semcom\/ultima-parcela-iptu-2025-15-12\/","url":"https:\/\/www.manaus.am.gov.br\/semcom\/ultima-parcela-iptu-2025-15-12\/","name":"\u00daltima parcela do IPTU 2025 vence nesta segunda-feira, 15\/12","isPartOf":{"@id":"https:\/\/www.manaus.am.gov.br\/semcom\/#website"},"primaryImageOfPage":{"@id":"https:\/\/www.manaus.am.gov.br\/semcom\/ultima-parcela-iptu-2025-15-12\/#primaryimage"},"image":{"@id":"https:\/\/www.manaus.am.gov.br\/semcom\/ultima-parcela-iptu-2025-15-12\/#primaryimage"},"thumbnailUrl":"https:\/\/www.manaus.am.gov.br\/semcom\/wp-content\/uploads\/sites\/5\/2025\/03\/IMG_8935.jpg","datePublished":"2025-12-11T20:40:07+00:00","dateModified":"2025-12-16T15:59:49+00:00","author":{"@id":"https:\/\/www.manaus.am.gov.br\/semcom\/#\/schema\/person\/05d223aea2bf115f9883a6ff3683d81b"},"description":"\u00daltima parcela do IPTU 2025 vence nesta segunda-feira, 15\/12, e contribuintes ainda podem garantir participa\u00e7\u00e3o no IPTU Premiado.","inLanguage":"pt-BR","potentialAction":[{"@type":"ReadAction","target":["https:\/\/www.manaus.am.gov.br\/semcom\/ultima-parcela-iptu-2025-15-12\/"]}]},{"@type":"ImageObject","inLanguage":"pt-BR","@id":"https:\/\/www.manaus.am.gov.br\/semcom\/ultima-parcela-iptu-2025-15-12\/#primaryimage","url":"https:\/\/www.manaus.am.gov.br\/semcom\/wp-content\/uploads\/sites\/5\/2025\/03\/IMG_8935.jpg","contentUrl":"https:\/\/www.manaus.am.gov.br\/semcom\/wp-content\/uploads\/sites\/5\/2025\/03\/IMG_8935.jpg","width":6000,"height":4000,"caption":"#paratodosverem - Imagem de m\u00e3o segurando um carn\u00ea de IPTU"},{"@type":"WebSite","@id":"https:\/\/www.manaus.am.gov.br\/semcom\/#website","url":"https:\/\/www.manaus.am.gov.br\/semcom\/","name":"SEMCOM","description":"Secretaria Municipal de Comunica\u00e7\u00e3o","potentialAction":[{"@type":"SearchAction","target":{"@type":"EntryPoint","urlTemplate":"https:\/\/www.manaus.am.gov.br\/semcom\/?s={search_term_string}"},"query-input":"required name=search_term_string"}],"inLanguage":"pt-BR"},{"@type":"Person","@id":"https:\/\/www.manaus.am.gov.br\/semcom\/#\/schema\/person\/05d223aea2bf115f9883a6ff3683d81b","name":"Bruna Greco","image":{"@type":"ImageObject","inLanguage":"pt-BR","@id":"https:\/\/www.manaus.am.gov.br\/semcom\/#\/schema\/person\/image\/","url":"https:\/\/secure.gravatar.com\/avatar\/9c877d1a6adc2a055330e5c09a8653ce?s=96&d=mm&r=g","contentUrl":"https:\/\/secure.gravatar.com\/avatar\/9c877d1a6adc2a055330e5c09a8653ce?s=96&d=mm&r=g","caption":"Bruna Greco"}}]}},"_links":{"self":[{"href":"https:\/\/www.manaus.am.gov.br\/semcom\/wp-json\/wp\/v2\/posts\/249603"}],"collection":[{"href":"https:\/\/www.manaus.am.gov.br\/semcom\/wp-json\/wp\/v2\/posts"}],"about":[{"href":"https:\/\/www.manaus.am.gov.br\/semcom\/wp-json\/wp\/v2\/types\/post"}],"author":[{"embeddable":true,"href":"https:\/\/www.manaus.am.gov.br\/semcom\/wp-json\/wp\/v2\/users\/39"}],"replies":[{"embeddable":true,"href":"https:\/\/www.manaus.am.gov.br\/semcom\/wp-json\/wp\/v2\/comments?post=249603"}],"version-history":[{"count":1,"href":"https:\/\/www.manaus.am.gov.br\/semcom\/wp-json\/wp\/v2\/posts\/249603\/revisions"}],"predecessor-version":[{"id":249829,"href":"https:\/\/www.manaus.am.gov.br\/semcom\/wp-json\/wp\/v2\/posts\/249603\/revisions\/249829"}],"wp:featuredmedia":[{"embeddable":true,"href":"https:\/\/www.manaus.am.gov.br\/semcom\/wp-json\/wp\/v2\/media\/236748"}],"wp:attachment":[{"href":"https:\/\/www.manaus.am.gov.br\/semcom\/wp-json\/wp\/v2\/media?parent=249603"}],"wp:term":[{"taxonomy":"category","embeddable":true,"href":"https:\/\/www.manaus.am.gov.br\/semcom\/wp-json\/wp\/v2\/categories?post=249603"},{"taxonomy":"post_tag","embeddable":true,"href":"https:\/\/www.manaus.am.gov.br\/semcom\/wp-json\/wp\/v2\/tags?post=249603"}],"curies":[{"name":"wp","href":"https:\/\/api.w.org\/{rel}","templated":true}]}}