{"id":249596,"date":"2025-12-11T16:45:09","date_gmt":"2025-12-11T19:45:09","guid":{"rendered":"https:\/\/www.manaus.am.gov.br\/semcom\/servicos-residencial-carlos-braga\/"},"modified":"2025-12-17T11:50:22","modified_gmt":"2025-12-17T14:50:22","slug":"servicos-residencial-carlos-braga","status":"publish","type":"post","link":"https:\/\/www.manaus.am.gov.br\/semcom\/servicos-residencial-carlos-braga\/","title":{"rendered":"Prefeitura de Manaus articula servi\u00e7os p\u00fablicos para receber moradores do residencial Carlos Braga"},"content":{"rendered":"\n<p>A <a href=\"https:\/\/www.instagram.com\/prefeiturademanaus\/\">Prefeitura de Manaus<\/a> realizou, na manh\u00e3 desta quinta-feira, 11\/12, uma a\u00e7\u00e3o integrada no residencial Carlos Braga, localizado na zona Oeste, que receber\u00e1 576 apartamentos do programa federal \u201cMinha Casa, Minha Vida\u201d. <a href=\"https:\/\/www.manaus.am.gov.br\/\">Coordenada pela Secretaria Municipal de Habita\u00e7\u00e3o e Assuntos Fundi\u00e1rios (Semhaf),<\/a> a visita reuniu representantes de diversas pastas municipais para alinhar os servi\u00e7os que ser\u00e3o disponibilizados \u00e0 comunidade ap\u00f3s a entrega prevista para janeiro de 2026.<\/p>\n\n\n\n<p>Participaram da mobiliza\u00e7\u00e3o equipes da Semhaf, das secretarias municipais de Agricultura, Abastecimento, Centro e Com\u00e9rcio Informal (Semacc), de Educa\u00e7\u00e3o (Semed), de Infraestrutura (Seminf), de Meio Ambiente e Sustentabilidade (Semmas), de Sa\u00fade (Semsa), de Seguran\u00e7a P\u00fablica e Defesa Social (Semseg), da Juventude, Esporte e Lazer (Semjel), do Instituto Municipal de Planejamento Urbano (Implurb), de Limpeza Urbana (Semulsp), do Trabalho, Empreendedorismo e Inova\u00e7\u00e3o (Semtepi), do Fundo Manaus Solid\u00e1ria (FMS), do Instituto Municipal de Mobilidade Urbana (IMMU) e da Funda\u00e7\u00e3o Municipal de Cultura, Turismo e Eventos (ManausCult). Todas as pastas atuam de maneira articulada para garantir que a nova comunidade tenha acesso imediato \u00e0 educa\u00e7\u00e3o, sa\u00fade, mobilidade urbana, seguran\u00e7a, assist\u00eancia social, infraestrutura e demais servi\u00e7os essenciais.<\/p>\n\n\n\n<p>A diretora da Semhaf, Michelle Rodrigues, destacou que a a\u00e7\u00e3o faz parte do protocolo de p\u00f3s-ocupa\u00e7\u00e3o desenvolvido pela secretaria, etapa considerada fundamental no processo de entrega dos apartamentos.<\/p>\n\n\n\n<p>\u201cA entrega desses apartamentos \u00e9 muito importante, mas o p\u00f3s-ocupa\u00e7\u00e3o \u00e9 de extrema import\u00e2ncia tamb\u00e9m. Por isso, reunimos todas as secretarias em um grupo institucional do poder p\u00fablico, onde cada uma, dentro de suas atribui\u00e7\u00f5es, contribui para que esses futuros moradores sejam recebidos da melhor forma. Eles precisam ter acesso a todos os servi\u00e7os p\u00fablicos: escolas, hospitais, sa\u00fade, transporte e coleta de lixo. Todas as secretarias est\u00e3o empenhadas para que sejam atendidos e bem estabelecidos da forma que merecem\u201d.<br><\/p>\n\n\n\n<p>No eixo da mobilidade urbana, a vice-presidente de Transporte do IMMU, Viviane Cabral, explicou que o \u00f3rg\u00e3o j\u00e1 realiza estudos pr\u00e9vios para dimensionar a oferta de \u00f4nibus e ajust\u00e1-la \u00e0 demanda da popula\u00e7\u00e3o.<\/p>\n\n\n\n<p>\u201cComo vamos ter uma grande demanda, n\u00f3s vamos aumentar a frota de \u00f4nibus, teremos ve\u00edculos de apoio e, conforme a an\u00e1lise ao longo do tempo, se for necess\u00e1rio acrescentar alguma linha, isso tamb\u00e9m ser\u00e1 feito. O trabalho j\u00e1 come\u00e7ou e refor\u00e7amos o levantamento para definir o n\u00famero de \u00f4nibus e linhas necess\u00e1rias para quando os moradores chegarem\u201d.&nbsp;<\/p>\n\n\n\n<p>O \u201cMinha Casa, Minha Vida\u201d, retomado pelo Governo Federal em 2023, \u00e9 hoje a principal pol\u00edtica habitacional de interesse social do pa\u00eds. Criado em 2009, o programa busca reduzir o d\u00e9ficit habitacional oferecendo moradia digna para fam\u00edlias de baixa renda, com condi\u00e7\u00f5es de financiamento facilitadas, subs\u00eddios e prioridade para grupos em situa\u00e7\u00e3o de vulnerabilidade. Em Manaus, a Semhaf atua diretamente na articula\u00e7\u00e3o com a Caixa Econ\u00f4mica Federal para valida\u00e7\u00e3o dos benefici\u00e1rios, acompanhamento social das fam\u00edlias e planejamento das condi\u00e7\u00f5es de infraestrutura e servi\u00e7os p\u00fablicos nos novos empreendimentos.<\/p>\n\n\n\n<p>Com a integra\u00e7\u00e3o das secretarias municipais e a prepara\u00e7\u00e3o antecipada dos servi\u00e7os, a Prefeitura de Manaus refor\u00e7a o trabalho na garantia que os futuros moradores do residencial Carlos Braga iniciem 2026 em um ambiente estruturado e com acesso pleno \u00e0s pol\u00edticas p\u00fablicas essenciais.<\/p>\n\n\n\n<p><strong>\u2014- \u2014- \u2014<\/strong><br><strong>Texto &#8211; <\/strong>Leonardo Fierro \/ Assessoria Semhaf<br><strong>Fotos &#8211; <\/strong>&nbsp;Divulga\u00e7\u00e3o \/ Semhaf<br><strong>Dispon\u00edveis em &#8211; <\/strong><a href=\"https:\/\/flic.kr\/s\/aHBqjCDAK7\">https:\/\/flic.kr\/s\/aHBqjCDAK7<\/a><\/p>\n","protected":false},"excerpt":{"rendered":"","protected":false},"author":68,"featured_media":249597,"comment_status":"closed","ping_status":"closed","sticky":false,"template":"","format":"standard","meta":{"footnotes":""},"categories":[2162],"tags":[18408,4192,3410,77,5352,18409],"acf":[],"yoast_head":"<!-- This site is optimized with the Yoast SEO plugin v23.0 - https:\/\/yoast.com\/wordpress\/plugins\/seo\/ -->\n<title>Prefeitura articula servi\u00e7os p\u00fablicos no residencial Carlos Braga<\/title>\n<meta name=\"description\" content=\"A Prefeitura de Manaus realizou, na manh\u00e3 desta quinta-feira, 11, uma a\u00e7\u00e3o integrada no residencial Carlos Braga, localizado na zona Oeste.\" \/>\n<meta name=\"robots\" content=\"index, follow, max-snippet:-1, max-image-preview:large, max-video-preview:-1\" \/>\n<link rel=\"canonical\" href=\"https:\/\/www.manaus.am.gov.br\/semcom\/servicos-residencial-carlos-braga\/\" \/>\n<meta property=\"og:locale\" content=\"pt_BR\" \/>\n<meta property=\"og:type\" content=\"article\" \/>\n<meta property=\"og:title\" content=\"Prefeitura articula servi\u00e7os p\u00fablicos no residencial Carlos Braga\" \/>\n<meta property=\"og:description\" content=\"A Prefeitura de Manaus realizou, na manh\u00e3 desta quinta-feira, 11, uma a\u00e7\u00e3o integrada no residencial Carlos Braga, localizado na zona Oeste.\" \/>\n<meta property=\"og:url\" content=\"https:\/\/www.manaus.am.gov.br\/semcom\/servicos-residencial-carlos-braga\/\" \/>\n<meta property=\"og:site_name\" content=\"SEMCOM\" \/>\n<meta property=\"article:published_time\" content=\"2025-12-11T19:45:09+00:00\" \/>\n<meta property=\"article:modified_time\" content=\"2025-12-17T14:50:22+00:00\" \/>\n<meta property=\"og:image\" content=\"https:\/\/www.manaus.am.gov.br\/semcom\/wp-content\/uploads\/sites\/5\/2025\/12\/54977313487_75c82d0b42_c.jpg\" \/>\n\t<meta property=\"og:image:width\" content=\"800\" \/>\n\t<meta property=\"og:image:height\" content=\"600\" \/>\n\t<meta property=\"og:image:type\" content=\"image\/jpeg\" \/>\n<meta name=\"author\" content=\"bvalente\" \/>\n<meta name=\"twitter:card\" content=\"summary_large_image\" \/>\n<meta name=\"twitter:label1\" content=\"Written by\" \/>\n\t<meta name=\"twitter:data1\" content=\"bvalente\" \/>\n\t<meta name=\"twitter:label2\" content=\"Est. reading time\" \/>\n\t<meta name=\"twitter:data2\" content=\"4 minutos\" \/>\n<script type=\"application\/ld+json\" class=\"yoast-schema-graph\">{\"@context\":\"https:\/\/schema.org\",\"@graph\":[{\"@type\":\"WebPage\",\"@id\":\"https:\/\/www.manaus.am.gov.br\/semcom\/servicos-residencial-carlos-braga\/\",\"url\":\"https:\/\/www.manaus.am.gov.br\/semcom\/servicos-residencial-carlos-braga\/\",\"name\":\"Prefeitura articula servi\u00e7os p\u00fablicos no residencial Carlos Braga\",\"isPartOf\":{\"@id\":\"https:\/\/www.manaus.am.gov.br\/semcom\/#website\"},\"primaryImageOfPage\":{\"@id\":\"https:\/\/www.manaus.am.gov.br\/semcom\/servicos-residencial-carlos-braga\/#primaryimage\"},\"image\":{\"@id\":\"https:\/\/www.manaus.am.gov.br\/semcom\/servicos-residencial-carlos-braga\/#primaryimage\"},\"thumbnailUrl\":\"https:\/\/www.manaus.am.gov.br\/semcom\/wp-content\/uploads\/sites\/5\/2025\/12\/54977313487_75c82d0b42_c.jpg\",\"datePublished\":\"2025-12-11T19:45:09+00:00\",\"dateModified\":\"2025-12-17T14:50:22+00:00\",\"author\":{\"@id\":\"https:\/\/www.manaus.am.gov.br\/semcom\/#\/schema\/person\/466a0e03ae4b6062809046bd560ac955\"},\"description\":\"A Prefeitura de Manaus realizou, na manh\u00e3 desta quinta-feira, 11, uma a\u00e7\u00e3o integrada no residencial Carlos Braga, localizado na zona Oeste.\",\"inLanguage\":\"pt-BR\",\"potentialAction\":[{\"@type\":\"ReadAction\",\"target\":[\"https:\/\/www.manaus.am.gov.br\/semcom\/servicos-residencial-carlos-braga\/\"]}]},{\"@type\":\"ImageObject\",\"inLanguage\":\"pt-BR\",\"@id\":\"https:\/\/www.manaus.am.gov.br\/semcom\/servicos-residencial-carlos-braga\/#primaryimage\",\"url\":\"https:\/\/www.manaus.am.gov.br\/semcom\/wp-content\/uploads\/sites\/5\/2025\/12\/54977313487_75c82d0b42_c.jpg\",\"contentUrl\":\"https:\/\/www.manaus.am.gov.br\/semcom\/wp-content\/uploads\/sites\/5\/2025\/12\/54977313487_75c82d0b42_c.jpg\",\"width\":800,\"height\":600,\"caption\":\"#paratodosverem - Equipes de diversas pastas da Prefeitura de Manaus durante a\u00e7\u00e3o integrada no residencial Carlos Braga\"},{\"@type\":\"WebSite\",\"@id\":\"https:\/\/www.manaus.am.gov.br\/semcom\/#website\",\"url\":\"https:\/\/www.manaus.am.gov.br\/semcom\/\",\"name\":\"SEMCOM\",\"description\":\"Secretaria Municipal de Comunica\u00e7\u00e3o\",\"potentialAction\":[{\"@type\":\"SearchAction\",\"target\":{\"@type\":\"EntryPoint\",\"urlTemplate\":\"https:\/\/www.manaus.am.gov.br\/semcom\/?s={search_term_string}\"},\"query-input\":\"required name=search_term_string\"}],\"inLanguage\":\"pt-BR\"},{\"@type\":\"Person\",\"@id\":\"https:\/\/www.manaus.am.gov.br\/semcom\/#\/schema\/person\/466a0e03ae4b6062809046bd560ac955\",\"name\":\"bvalente\",\"image\":{\"@type\":\"ImageObject\",\"inLanguage\":\"pt-BR\",\"@id\":\"https:\/\/www.manaus.am.gov.br\/semcom\/#\/schema\/person\/image\/\",\"url\":\"https:\/\/secure.gravatar.com\/avatar\/3e69bc2b014bdad41adfec3a39de07d2?s=96&d=mm&r=g\",\"contentUrl\":\"https:\/\/secure.gravatar.com\/avatar\/3e69bc2b014bdad41adfec3a39de07d2?s=96&d=mm&r=g\",\"caption\":\"bvalente\"}}]}<\/script>\n<!-- \/ Yoast SEO plugin. -->","yoast_head_json":{"title":"Prefeitura articula servi\u00e7os p\u00fablicos no residencial Carlos Braga","description":"A Prefeitura de Manaus realizou, na manh\u00e3 desta quinta-feira, 11, uma a\u00e7\u00e3o integrada no residencial Carlos Braga, localizado na zona Oeste.","robots":{"index":"index","follow":"follow","max-snippet":"max-snippet:-1","max-image-preview":"max-image-preview:large","max-video-preview":"max-video-preview:-1"},"canonical":"https:\/\/www.manaus.am.gov.br\/semcom\/servicos-residencial-carlos-braga\/","og_locale":"pt_BR","og_type":"article","og_title":"Prefeitura articula servi\u00e7os p\u00fablicos no residencial Carlos Braga","og_description":"A Prefeitura de Manaus realizou, na manh\u00e3 desta quinta-feira, 11, uma a\u00e7\u00e3o integrada no residencial Carlos Braga, localizado na zona Oeste.","og_url":"https:\/\/www.manaus.am.gov.br\/semcom\/servicos-residencial-carlos-braga\/","og_site_name":"SEMCOM","article_published_time":"2025-12-11T19:45:09+00:00","article_modified_time":"2025-12-17T14:50:22+00:00","og_image":[{"width":800,"height":600,"url":"https:\/\/www.manaus.am.gov.br\/semcom\/wp-content\/uploads\/sites\/5\/2025\/12\/54977313487_75c82d0b42_c.jpg","type":"image\/jpeg"}],"author":"bvalente","twitter_card":"summary_large_image","twitter_misc":{"Written by":"bvalente","Est. reading time":"4 minutos"},"schema":{"@context":"https:\/\/schema.org","@graph":[{"@type":"WebPage","@id":"https:\/\/www.manaus.am.gov.br\/semcom\/servicos-residencial-carlos-braga\/","url":"https:\/\/www.manaus.am.gov.br\/semcom\/servicos-residencial-carlos-braga\/","name":"Prefeitura articula servi\u00e7os p\u00fablicos no residencial Carlos Braga","isPartOf":{"@id":"https:\/\/www.manaus.am.gov.br\/semcom\/#website"},"primaryImageOfPage":{"@id":"https:\/\/www.manaus.am.gov.br\/semcom\/servicos-residencial-carlos-braga\/#primaryimage"},"image":{"@id":"https:\/\/www.manaus.am.gov.br\/semcom\/servicos-residencial-carlos-braga\/#primaryimage"},"thumbnailUrl":"https:\/\/www.manaus.am.gov.br\/semcom\/wp-content\/uploads\/sites\/5\/2025\/12\/54977313487_75c82d0b42_c.jpg","datePublished":"2025-12-11T19:45:09+00:00","dateModified":"2025-12-17T14:50:22+00:00","author":{"@id":"https:\/\/www.manaus.am.gov.br\/semcom\/#\/schema\/person\/466a0e03ae4b6062809046bd560ac955"},"description":"A Prefeitura de Manaus realizou, na manh\u00e3 desta quinta-feira, 11, uma a\u00e7\u00e3o integrada no residencial Carlos Braga, localizado na zona Oeste.","inLanguage":"pt-BR","potentialAction":[{"@type":"ReadAction","target":["https:\/\/www.manaus.am.gov.br\/semcom\/servicos-residencial-carlos-braga\/"]}]},{"@type":"ImageObject","inLanguage":"pt-BR","@id":"https:\/\/www.manaus.am.gov.br\/semcom\/servicos-residencial-carlos-braga\/#primaryimage","url":"https:\/\/www.manaus.am.gov.br\/semcom\/wp-content\/uploads\/sites\/5\/2025\/12\/54977313487_75c82d0b42_c.jpg","contentUrl":"https:\/\/www.manaus.am.gov.br\/semcom\/wp-content\/uploads\/sites\/5\/2025\/12\/54977313487_75c82d0b42_c.jpg","width":800,"height":600,"caption":"#paratodosverem - Equipes de diversas pastas da Prefeitura de Manaus durante a\u00e7\u00e3o integrada no residencial Carlos Braga"},{"@type":"WebSite","@id":"https:\/\/www.manaus.am.gov.br\/semcom\/#website","url":"https:\/\/www.manaus.am.gov.br\/semcom\/","name":"SEMCOM","description":"Secretaria Municipal de Comunica\u00e7\u00e3o","potentialAction":[{"@type":"SearchAction","target":{"@type":"EntryPoint","urlTemplate":"https:\/\/www.manaus.am.gov.br\/semcom\/?s={search_term_string}"},"query-input":"required name=search_term_string"}],"inLanguage":"pt-BR"},{"@type":"Person","@id":"https:\/\/www.manaus.am.gov.br\/semcom\/#\/schema\/person\/466a0e03ae4b6062809046bd560ac955","name":"bvalente","image":{"@type":"ImageObject","inLanguage":"pt-BR","@id":"https:\/\/www.manaus.am.gov.br\/semcom\/#\/schema\/person\/image\/","url":"https:\/\/secure.gravatar.com\/avatar\/3e69bc2b014bdad41adfec3a39de07d2?s=96&d=mm&r=g","contentUrl":"https:\/\/secure.gravatar.com\/avatar\/3e69bc2b014bdad41adfec3a39de07d2?s=96&d=mm&r=g","caption":"bvalente"}}]}},"_links":{"self":[{"href":"https:\/\/www.manaus.am.gov.br\/semcom\/wp-json\/wp\/v2\/posts\/249596"}],"collection":[{"href":"https:\/\/www.manaus.am.gov.br\/semcom\/wp-json\/wp\/v2\/posts"}],"about":[{"href":"https:\/\/www.manaus.am.gov.br\/semcom\/wp-json\/wp\/v2\/types\/post"}],"author":[{"embeddable":true,"href":"https:\/\/www.manaus.am.gov.br\/semcom\/wp-json\/wp\/v2\/users\/68"}],"replies":[{"embeddable":true,"href":"https:\/\/www.manaus.am.gov.br\/semcom\/wp-json\/wp\/v2\/comments?post=249596"}],"version-history":[{"count":1,"href":"https:\/\/www.manaus.am.gov.br\/semcom\/wp-json\/wp\/v2\/posts\/249596\/revisions"}],"predecessor-version":[{"id":249850,"href":"https:\/\/www.manaus.am.gov.br\/semcom\/wp-json\/wp\/v2\/posts\/249596\/revisions\/249850"}],"wp:featuredmedia":[{"embeddable":true,"href":"https:\/\/www.manaus.am.gov.br\/semcom\/wp-json\/wp\/v2\/media\/249597"}],"wp:attachment":[{"href":"https:\/\/www.manaus.am.gov.br\/semcom\/wp-json\/wp\/v2\/media?parent=249596"}],"wp:term":[{"taxonomy":"category","embeddable":true,"href":"https:\/\/www.manaus.am.gov.br\/semcom\/wp-json\/wp\/v2\/categories?post=249596"},{"taxonomy":"post_tag","embeddable":true,"href":"https:\/\/www.manaus.am.gov.br\/semcom\/wp-json\/wp\/v2\/tags?post=249596"}],"curies":[{"name":"wp","href":"https:\/\/api.w.org\/{rel}","templated":true}]}}