{"id":249590,"date":"2025-12-11T14:13:59","date_gmt":"2025-12-11T17:13:59","guid":{"rendered":"https:\/\/www.manaus.am.gov.br\/semcom\/prefeitura-implurb-fiscalizacaopostura\/"},"modified":"2025-12-11T14:14:01","modified_gmt":"2025-12-11T17:14:01","slug":"prefeitura-implurb-fiscalizacaopostura","status":"publish","type":"post","link":"https:\/\/www.manaus.am.gov.br\/semcom\/prefeitura-implurb-fiscalizacaopostura\/","title":{"rendered":"Prefeitura de Manaus registra alta de 41% em fiscaliza\u00e7\u00e3o de postura pelo Implurb at\u00e9 novembro"},"content":{"rendered":"\n<p>De janeiro a novembro de 2025, a Prefeitura de Manaus, via Instituto Municipal de Planejamento Urbano (Implurb), teve alta de 41% no volume de notifica\u00e7\u00f5es feitas pela Divis\u00e3o de Controle (Dicon), junto \u00e0 Ger\u00eancia de Fiscaliza\u00e7\u00e3o de Postura (GFP), somando 1.817 ocorr\u00eancias, contra 1.288 do ano anterior.<\/p>\n\n\n\n<p>Na GFP, tamb\u00e9m houve incremento em infra\u00e7\u00f5es, com 69% (total 147), e em interdi\u00e7\u00f5es realizadas, de 50% (quatro este ano). As demoli\u00e7\u00f5es administrativas somam 13 e os embargos, 15. J\u00e1 na Ger\u00eancia de Fiscaliza\u00e7\u00e3o de Obras (GFO), as altas foram registradas em embargos, 10,7% (393); interdi\u00e7\u00f5es, com 15,2% (144); e em demoli\u00e7\u00f5es administrativas, 100%, com quatro ocorr\u00eancias. Na GFO, foram feitas 2.782 notifica\u00e7\u00f5es.<\/p>\n\n\n\n<p><strong>Fiscaliza\u00e7\u00e3o<\/strong><\/p>\n\n\n\n<p>As fiscaliza\u00e7\u00f5es s\u00e3o realizadas pelas ger\u00eancias da&nbsp;Dicon, por meio de den\u00fancias, demandas de \u00f3rg\u00e3os municipais e estaduais, e rota di\u00e1ria da equipe de fiscais nas ruas.<\/p>\n\n\n\n<p>\u201cCada cidad\u00e3o \u00e9 parte fundamental na constru\u00e7\u00e3o de uma cidade mais humana e organizada. Ao respeitar os espa\u00e7os p\u00fablicos, contribu\u00edmos para a mobilidade, a conviv\u00eancia e a beleza de Manaus. A urbanidade se faz no dia a dia, com consci\u00eancia e colabora\u00e7\u00e3o\u201d, ressaltou o diretor de Planejamento do Implurb, Pedro Paulo Cordeiro.<\/p>\n\n\n\n<p>Den\u00fancias sobre&nbsp;obras&nbsp;irregulares e afins s\u00e3o atendidas pelo n\u00famero do&nbsp;Disque&nbsp;Den\u00fancia, pelo 3673-9305 (segunda a sexta, das 8h \u00e0s 14h, exceto feriados e pontos facultativos), ou pelo 161 (segunda a sexta, das 8h \u00e0s 14h), ou pelo email&nbsp;<a href=\"mailto:disquedenuncia.implurb@manaus.am.gov.br\" target=\"_blank\" rel=\"noreferrer noopener\">disquedenuncia.implurb@manaus.am.gov.br<\/a><\/p>\n\n\n\n<p>&#8212; &#8212; &#8212;<\/p>\n\n\n\n<p><strong>Texto<\/strong>&nbsp;\u2013 Claudia do Valle \/ Implurb<br><strong>Fotos<\/strong> &#8211; Maxwell Oliveira\/ Implurb<\/p>\n","protected":false},"excerpt":{"rendered":"","protected":false},"author":23,"featured_media":249592,"comment_status":"closed","ping_status":"closed","sticky":false,"template":"","format":"standard","meta":{"footnotes":""},"categories":[44,407],"tags":[88,65,5554,77],"acf":[],"yoast_head":"<!-- This site is optimized with the Yoast SEO plugin v23.0 - https:\/\/yoast.com\/wordpress\/plugins\/seo\/ -->\n<title>Prefeitura de Manaus registra alta de 41% em fiscaliza\u00e7\u00e3o de postura pelo Implurb at\u00e9 novembro<\/title>\n<meta name=\"description\" content=\"De janeiro a novembro de 2025, a Prefeitura de Manaus, via Instituto Municipal de Planejamento Urbano (Implurb), teve alta de 41% no volume de notifica\u00e7\u00f5es feitas pela Divis\u00e3o de Controle (Dicon), junto \u00e0 Ger\u00eancia de Fiscaliza\u00e7\u00e3o de Postura (GFP), somando 1.817 ocorr\u00eancias, contra 1.288 do ano anterior.\" \/>\n<meta name=\"robots\" content=\"index, follow, max-snippet:-1, max-image-preview:large, max-video-preview:-1\" \/>\n<link rel=\"canonical\" href=\"https:\/\/www.manaus.am.gov.br\/semcom\/prefeitura-implurb-fiscalizacaopostura\/\" \/>\n<meta property=\"og:locale\" content=\"pt_BR\" \/>\n<meta property=\"og:type\" content=\"article\" \/>\n<meta property=\"og:title\" content=\"Prefeitura de Manaus registra alta de 41% em fiscaliza\u00e7\u00e3o de postura pelo Implurb at\u00e9 novembro\" \/>\n<meta property=\"og:description\" content=\"De janeiro a novembro de 2025, a Prefeitura de Manaus, via Instituto Municipal de Planejamento Urbano (Implurb), teve alta de 41% no volume de notifica\u00e7\u00f5es feitas pela Divis\u00e3o de Controle (Dicon), junto \u00e0 Ger\u00eancia de Fiscaliza\u00e7\u00e3o de Postura (GFP), somando 1.817 ocorr\u00eancias, contra 1.288 do ano anterior.\" \/>\n<meta property=\"og:url\" content=\"https:\/\/www.manaus.am.gov.br\/semcom\/prefeitura-implurb-fiscalizacaopostura\/\" \/>\n<meta property=\"og:site_name\" content=\"SEMCOM\" \/>\n<meta property=\"article:published_time\" content=\"2025-12-11T17:13:59+00:00\" \/>\n<meta property=\"article:modified_time\" content=\"2025-12-11T17:14:01+00:00\" \/>\n<meta property=\"og:image\" content=\"https:\/\/www.manaus.am.gov.br\/semcom\/wp-content\/uploads\/sites\/5\/2025\/12\/fiscalizacao-1.jpeg\" \/>\n\t<meta property=\"og:image:width\" content=\"1600\" \/>\n\t<meta property=\"og:image:height\" content=\"1066\" \/>\n\t<meta property=\"og:image:type\" content=\"image\/jpeg\" \/>\n<meta name=\"author\" content=\"Adriana Costa\" \/>\n<meta name=\"twitter:card\" content=\"summary_large_image\" \/>\n<meta name=\"twitter:label1\" content=\"Written by\" \/>\n\t<meta name=\"twitter:data1\" content=\"Adriana Costa\" \/>\n\t<meta name=\"twitter:label2\" content=\"Est. reading time\" \/>\n\t<meta name=\"twitter:data2\" content=\"2 minutos\" \/>\n<script type=\"application\/ld+json\" class=\"yoast-schema-graph\">{\"@context\":\"https:\/\/schema.org\",\"@graph\":[{\"@type\":\"WebPage\",\"@id\":\"https:\/\/www.manaus.am.gov.br\/semcom\/prefeitura-implurb-fiscalizacaopostura\/\",\"url\":\"https:\/\/www.manaus.am.gov.br\/semcom\/prefeitura-implurb-fiscalizacaopostura\/\",\"name\":\"Prefeitura de Manaus registra alta de 41% em fiscaliza\u00e7\u00e3o de postura pelo Implurb at\u00e9 novembro\",\"isPartOf\":{\"@id\":\"https:\/\/www.manaus.am.gov.br\/semcom\/#website\"},\"primaryImageOfPage\":{\"@id\":\"https:\/\/www.manaus.am.gov.br\/semcom\/prefeitura-implurb-fiscalizacaopostura\/#primaryimage\"},\"image\":{\"@id\":\"https:\/\/www.manaus.am.gov.br\/semcom\/prefeitura-implurb-fiscalizacaopostura\/#primaryimage\"},\"thumbnailUrl\":\"https:\/\/www.manaus.am.gov.br\/semcom\/wp-content\/uploads\/sites\/5\/2025\/12\/fiscalizacao-1.jpeg\",\"datePublished\":\"2025-12-11T17:13:59+00:00\",\"dateModified\":\"2025-12-11T17:14:01+00:00\",\"author\":{\"@id\":\"https:\/\/www.manaus.am.gov.br\/semcom\/#\/schema\/person\/4e49f4e267757a06ca072ec61b2b9968\"},\"description\":\"De janeiro a novembro de 2025, a Prefeitura de Manaus, via Instituto Municipal de Planejamento Urbano (Implurb), teve alta de 41% no volume de notifica\u00e7\u00f5es feitas pela Divis\u00e3o de Controle (Dicon), junto \u00e0 Ger\u00eancia de Fiscaliza\u00e7\u00e3o de Postura (GFP), somando 1.817 ocorr\u00eancias, contra 1.288 do ano anterior.\",\"inLanguage\":\"pt-BR\",\"potentialAction\":[{\"@type\":\"ReadAction\",\"target\":[\"https:\/\/www.manaus.am.gov.br\/semcom\/prefeitura-implurb-fiscalizacaopostura\/\"]}]},{\"@type\":\"ImageObject\",\"inLanguage\":\"pt-BR\",\"@id\":\"https:\/\/www.manaus.am.gov.br\/semcom\/prefeitura-implurb-fiscalizacaopostura\/#primaryimage\",\"url\":\"https:\/\/www.manaus.am.gov.br\/semcom\/wp-content\/uploads\/sites\/5\/2025\/12\/fiscalizacao-1.jpeg\",\"contentUrl\":\"https:\/\/www.manaus.am.gov.br\/semcom\/wp-content\/uploads\/sites\/5\/2025\/12\/fiscalizacao-1.jpeg\",\"width\":1600,\"height\":1066,\"caption\":\"#paratodosverem - Fiscais do Implurb fixam documento em lona azul durante fiscaliza\u00e7\u00e3o de postura\"},{\"@type\":\"WebSite\",\"@id\":\"https:\/\/www.manaus.am.gov.br\/semcom\/#website\",\"url\":\"https:\/\/www.manaus.am.gov.br\/semcom\/\",\"name\":\"SEMCOM\",\"description\":\"Secretaria Municipal de Comunica\u00e7\u00e3o\",\"potentialAction\":[{\"@type\":\"SearchAction\",\"target\":{\"@type\":\"EntryPoint\",\"urlTemplate\":\"https:\/\/www.manaus.am.gov.br\/semcom\/?s={search_term_string}\"},\"query-input\":\"required name=search_term_string\"}],\"inLanguage\":\"pt-BR\"},{\"@type\":\"Person\",\"@id\":\"https:\/\/www.manaus.am.gov.br\/semcom\/#\/schema\/person\/4e49f4e267757a06ca072ec61b2b9968\",\"name\":\"Adriana Costa\",\"image\":{\"@type\":\"ImageObject\",\"inLanguage\":\"pt-BR\",\"@id\":\"https:\/\/www.manaus.am.gov.br\/semcom\/#\/schema\/person\/image\/\",\"url\":\"https:\/\/secure.gravatar.com\/avatar\/576258617ef7194f718179e766d57bd4?s=96&d=mm&r=g\",\"contentUrl\":\"https:\/\/secure.gravatar.com\/avatar\/576258617ef7194f718179e766d57bd4?s=96&d=mm&r=g\",\"caption\":\"Adriana Costa\"}}]}<\/script>\n<!-- \/ Yoast SEO plugin. -->","yoast_head_json":{"title":"Prefeitura de Manaus registra alta de 41% em fiscaliza\u00e7\u00e3o de postura pelo Implurb at\u00e9 novembro","description":"De janeiro a novembro de 2025, a Prefeitura de Manaus, via Instituto Municipal de Planejamento Urbano (Implurb), teve alta de 41% no volume de notifica\u00e7\u00f5es feitas pela Divis\u00e3o de Controle (Dicon), junto \u00e0 Ger\u00eancia de Fiscaliza\u00e7\u00e3o de Postura (GFP), somando 1.817 ocorr\u00eancias, contra 1.288 do ano anterior.","robots":{"index":"index","follow":"follow","max-snippet":"max-snippet:-1","max-image-preview":"max-image-preview:large","max-video-preview":"max-video-preview:-1"},"canonical":"https:\/\/www.manaus.am.gov.br\/semcom\/prefeitura-implurb-fiscalizacaopostura\/","og_locale":"pt_BR","og_type":"article","og_title":"Prefeitura de Manaus registra alta de 41% em fiscaliza\u00e7\u00e3o de postura pelo Implurb at\u00e9 novembro","og_description":"De janeiro a novembro de 2025, a Prefeitura de Manaus, via Instituto Municipal de Planejamento Urbano (Implurb), teve alta de 41% no volume de notifica\u00e7\u00f5es feitas pela Divis\u00e3o de Controle (Dicon), junto \u00e0 Ger\u00eancia de Fiscaliza\u00e7\u00e3o de Postura (GFP), somando 1.817 ocorr\u00eancias, contra 1.288 do ano anterior.","og_url":"https:\/\/www.manaus.am.gov.br\/semcom\/prefeitura-implurb-fiscalizacaopostura\/","og_site_name":"SEMCOM","article_published_time":"2025-12-11T17:13:59+00:00","article_modified_time":"2025-12-11T17:14:01+00:00","og_image":[{"width":1600,"height":1066,"url":"https:\/\/www.manaus.am.gov.br\/semcom\/wp-content\/uploads\/sites\/5\/2025\/12\/fiscalizacao-1.jpeg","type":"image\/jpeg"}],"author":"Adriana Costa","twitter_card":"summary_large_image","twitter_misc":{"Written by":"Adriana Costa","Est. reading time":"2 minutos"},"schema":{"@context":"https:\/\/schema.org","@graph":[{"@type":"WebPage","@id":"https:\/\/www.manaus.am.gov.br\/semcom\/prefeitura-implurb-fiscalizacaopostura\/","url":"https:\/\/www.manaus.am.gov.br\/semcom\/prefeitura-implurb-fiscalizacaopostura\/","name":"Prefeitura de Manaus registra alta de 41% em fiscaliza\u00e7\u00e3o de postura pelo Implurb at\u00e9 novembro","isPartOf":{"@id":"https:\/\/www.manaus.am.gov.br\/semcom\/#website"},"primaryImageOfPage":{"@id":"https:\/\/www.manaus.am.gov.br\/semcom\/prefeitura-implurb-fiscalizacaopostura\/#primaryimage"},"image":{"@id":"https:\/\/www.manaus.am.gov.br\/semcom\/prefeitura-implurb-fiscalizacaopostura\/#primaryimage"},"thumbnailUrl":"https:\/\/www.manaus.am.gov.br\/semcom\/wp-content\/uploads\/sites\/5\/2025\/12\/fiscalizacao-1.jpeg","datePublished":"2025-12-11T17:13:59+00:00","dateModified":"2025-12-11T17:14:01+00:00","author":{"@id":"https:\/\/www.manaus.am.gov.br\/semcom\/#\/schema\/person\/4e49f4e267757a06ca072ec61b2b9968"},"description":"De janeiro a novembro de 2025, a Prefeitura de Manaus, via Instituto Municipal de Planejamento Urbano (Implurb), teve alta de 41% no volume de notifica\u00e7\u00f5es feitas pela Divis\u00e3o de Controle (Dicon), junto \u00e0 Ger\u00eancia de Fiscaliza\u00e7\u00e3o de Postura (GFP), somando 1.817 ocorr\u00eancias, contra 1.288 do ano anterior.","inLanguage":"pt-BR","potentialAction":[{"@type":"ReadAction","target":["https:\/\/www.manaus.am.gov.br\/semcom\/prefeitura-implurb-fiscalizacaopostura\/"]}]},{"@type":"ImageObject","inLanguage":"pt-BR","@id":"https:\/\/www.manaus.am.gov.br\/semcom\/prefeitura-implurb-fiscalizacaopostura\/#primaryimage","url":"https:\/\/www.manaus.am.gov.br\/semcom\/wp-content\/uploads\/sites\/5\/2025\/12\/fiscalizacao-1.jpeg","contentUrl":"https:\/\/www.manaus.am.gov.br\/semcom\/wp-content\/uploads\/sites\/5\/2025\/12\/fiscalizacao-1.jpeg","width":1600,"height":1066,"caption":"#paratodosverem - Fiscais do Implurb fixam documento em lona azul durante fiscaliza\u00e7\u00e3o de postura"},{"@type":"WebSite","@id":"https:\/\/www.manaus.am.gov.br\/semcom\/#website","url":"https:\/\/www.manaus.am.gov.br\/semcom\/","name":"SEMCOM","description":"Secretaria Municipal de Comunica\u00e7\u00e3o","potentialAction":[{"@type":"SearchAction","target":{"@type":"EntryPoint","urlTemplate":"https:\/\/www.manaus.am.gov.br\/semcom\/?s={search_term_string}"},"query-input":"required name=search_term_string"}],"inLanguage":"pt-BR"},{"@type":"Person","@id":"https:\/\/www.manaus.am.gov.br\/semcom\/#\/schema\/person\/4e49f4e267757a06ca072ec61b2b9968","name":"Adriana Costa","image":{"@type":"ImageObject","inLanguage":"pt-BR","@id":"https:\/\/www.manaus.am.gov.br\/semcom\/#\/schema\/person\/image\/","url":"https:\/\/secure.gravatar.com\/avatar\/576258617ef7194f718179e766d57bd4?s=96&d=mm&r=g","contentUrl":"https:\/\/secure.gravatar.com\/avatar\/576258617ef7194f718179e766d57bd4?s=96&d=mm&r=g","caption":"Adriana Costa"}}]}},"_links":{"self":[{"href":"https:\/\/www.manaus.am.gov.br\/semcom\/wp-json\/wp\/v2\/posts\/249590"}],"collection":[{"href":"https:\/\/www.manaus.am.gov.br\/semcom\/wp-json\/wp\/v2\/posts"}],"about":[{"href":"https:\/\/www.manaus.am.gov.br\/semcom\/wp-json\/wp\/v2\/types\/post"}],"author":[{"embeddable":true,"href":"https:\/\/www.manaus.am.gov.br\/semcom\/wp-json\/wp\/v2\/users\/23"}],"replies":[{"embeddable":true,"href":"https:\/\/www.manaus.am.gov.br\/semcom\/wp-json\/wp\/v2\/comments?post=249590"}],"version-history":[{"count":0,"href":"https:\/\/www.manaus.am.gov.br\/semcom\/wp-json\/wp\/v2\/posts\/249590\/revisions"}],"wp:featuredmedia":[{"embeddable":true,"href":"https:\/\/www.manaus.am.gov.br\/semcom\/wp-json\/wp\/v2\/media\/249592"}],"wp:attachment":[{"href":"https:\/\/www.manaus.am.gov.br\/semcom\/wp-json\/wp\/v2\/media?parent=249590"}],"wp:term":[{"taxonomy":"category","embeddable":true,"href":"https:\/\/www.manaus.am.gov.br\/semcom\/wp-json\/wp\/v2\/categories?post=249590"},{"taxonomy":"post_tag","embeddable":true,"href":"https:\/\/www.manaus.am.gov.br\/semcom\/wp-json\/wp\/v2\/tags?post=249590"}],"curies":[{"name":"wp","href":"https:\/\/api.w.org\/{rel}","templated":true}]}}