{"id":249559,"date":"2025-12-11T00:19:13","date_gmt":"2025-12-11T03:19:13","guid":{"rendered":"https:\/\/www.manaus.am.gov.br\/semcom\/espetaculo-um-sonho-de-natal\/"},"modified":"2025-12-11T00:19:57","modified_gmt":"2025-12-11T03:19:57","slug":"espetaculo-um-sonho-de-natal","status":"publish","type":"post","link":"https:\/\/www.manaus.am.gov.br\/semcom\/espetaculo-um-sonho-de-natal\/","title":{"rendered":"Prefeitura de Manaus e Nova Igreja Batista levam espet\u00e1culo &#8216;Um Sonho de Natal&#8217; ao anfiteatro da Ponta Negra e encantam p\u00fablico"},"content":{"rendered":"\n<p>A magia do Natal tomou conta do anfiteatro da Ponta Negra, na zona Oeste da cidade, na noite desta quarta-feira, 10\/12, durante a apresenta\u00e7\u00e3o do espet\u00e1culo \u201cUm Sonho de Natal\u201d. A programa\u00e7\u00e3o, coordenada pela Prefeitura de Manaus, por meio do Fundo Manaus Solid\u00e1ria (FMS), contou com a parceria da Nova Igreja Batista (NIB).<\/p>\n\n\n\n<p>O espet\u00e1culo conduziu o p\u00fablico por uma viagem pela \u201cF\u00e1brica de Brinquedos\u201d, com refer\u00eancias \u00e0 cultura pop que encantaram crian\u00e7as, jovens e adultos. Na oportunidade, a diretora-presidente do FMS, Viviana Lira, destacou o compromisso em promover uma experi\u00eancia natalina acess\u00edvel e emocionante, refor\u00e7ando o impacto social da iniciativa.<\/p>\n\n\n\n<p>\u201cHoje, Manaus est\u00e1 recebendo um verdadeiro presente de Natal. Cada detalhe foi pensado com carinho para que as fam\u00edlias vivam esse momento juntas, com encanto, alegria e a certeza de que a prefeitura est\u00e1 presente, levando cultura e f\u00e9 para todos. Para n\u00f3s, \u00e9 gratificante ver tanta gente reunida celebrando o amor e a esperan\u00e7a\u201d, afirmou a diretora-presidente do FMS.<\/p>\n\n\n\n<p>A apresenta\u00e7\u00e3o tamb\u00e9m levou uma forte mensagem espiritual. O pastor David Hatcher, que comanda a Nova Igreja Batista, ressaltou a import\u00e2ncia de compartilhar a palavra de Deus com milhares de fam\u00edlias no per\u00edodo natalino e de ampliar o alcance da mensagem.<\/p>\n\n\n\n<p>\u201cNeste ano temos apresenta\u00e7\u00f5es em 10 lugares diferentes pela cidade. Cada local recebe um espet\u00e1culo completo, preparado para tocar o cora\u00e7\u00e3o das pessoas. Todos s\u00e3o espetaculares, e o nosso prop\u00f3sito \u00e9 que a mensagem do Natal chegue a cada lar, lembrando o verdadeiro significado desta data: a esperan\u00e7a renovada e o amor de Deus por n\u00f3s\u201d, enfatizou o pastor.<\/p>\n\n\n\n<p>Entre o p\u00fablico, a emo\u00e7\u00e3o foi um dos pontos marcantes da noite. Pela primeira vez assistindo ao espet\u00e1culo, o aut\u00f4nomo Valdinei Melo, se disse profundamente tocado pela apresenta\u00e7\u00e3o, destacando a for\u00e7a visual e espiritual do evento.<\/p>\n\n\n\n<p>\u201cEu nunca tinha visto algo t\u00e3o grandioso assim, t\u00e3o perto de mim. A forma como tudo \u00e9 apresentado, a m\u00fasica, a mensagem, a emo\u00e7\u00e3o das pessoas, \u00e9 maravilhoso. A gente sai daqui renovado, com uma sensa\u00e7\u00e3o muito forte de paz e gratid\u00e3o\u201d, declarou.<\/p>\n\n\n\n<p>Nos bastidores, o clima era de expectativa entre os integrantes do elenco. A pedagoga Cleide Marques, que faz parte da equipe de dan\u00e7a desde o ano passado, contou que aguardava com ansiedade o momento de subir ao palco e participar novamente do espet\u00e1culo.<\/p>\n\n\n\n<p>\u201cA gente est\u00e1 aqui para tocar outras pessoas. Ensaiamos por semanas, com dedica\u00e7\u00e3o e entrega, porque sabemos que cada apresenta\u00e7\u00e3o muda a vida de algu\u00e9m, seja uma crian\u00e7a que sorri, uma fam\u00edlia que se emociona ou algu\u00e9m que encontra esperan\u00e7a no meio da mensagem. Participar deste espet\u00e1culo \u00e9 um privil\u00e9gio e um ato de amor ao p\u00fablico\u201d, destacou.<\/p>\n\n\n\n<p>O espet\u00e1culo segue com apresenta\u00e7\u00f5es gratuitas ao longo do m\u00eas de dezembro em diferentes pontos da cidade. A programa\u00e7\u00e3o tem dura\u00e7\u00e3o aproximada de uma hora e conta com um repert\u00f3rio de m\u00fasicas natalinas que promete emocionar o p\u00fablico.<\/p>\n\n\n\n<p><strong>\u2014- \u2014- \u2014<\/strong><br><strong>Texto &#8211; <\/strong>Deborah Azevedo \/ Semcom<br><strong>Fotos &#8211; <\/strong>Cl\u00f3vis Miranda \/ Semcom<br><strong>Dispon\u00edveis em &#8211; <\/strong><a href=\"https:\/\/flic.kr\/s\/aHBqjCDsSh\"><strong>https:\/\/flic.kr\/s\/aHBqjCDsSh<\/strong><\/a><\/p>\n","protected":false},"excerpt":{"rendered":"","protected":false},"author":68,"featured_media":249560,"comment_status":"closed","ping_status":"closed","sticky":false,"template":"","format":"standard","meta":{"footnotes":""},"categories":[1884],"tags":[18395,18396,7784,77],"acf":[],"yoast_head":"<!-- This site is optimized with the Yoast SEO plugin v23.0 - https:\/\/yoast.com\/wordpress\/plugins\/seo\/ -->\n<title>Prefeitura de Manaus e Nova Igreja Batista levam espet\u00e1culo &#039;Um Sonho de Natal&#039; ao anfiteatro da Ponta Negra e encantam p\u00fablico<\/title>\n<meta name=\"description\" content=\"A magia do Natal tomou conta do anfiteatro da Ponta Negra, na zona Oeste da cidade, com o espet\u00e1culo \u201cUm Sonho de Natal\u201d.\" \/>\n<meta name=\"robots\" content=\"index, follow, max-snippet:-1, max-image-preview:large, max-video-preview:-1\" \/>\n<link rel=\"canonical\" href=\"https:\/\/www.manaus.am.gov.br\/semcom\/espetaculo-um-sonho-de-natal\/\" \/>\n<meta property=\"og:locale\" content=\"pt_BR\" \/>\n<meta property=\"og:type\" content=\"article\" \/>\n<meta property=\"og:title\" content=\"Prefeitura de Manaus e Nova Igreja Batista levam espet\u00e1culo &#039;Um Sonho de Natal&#039; ao anfiteatro da Ponta Negra e encantam p\u00fablico\" \/>\n<meta property=\"og:description\" content=\"A magia do Natal tomou conta do anfiteatro da Ponta Negra, na zona Oeste da cidade, com o espet\u00e1culo \u201cUm Sonho de Natal\u201d.\" \/>\n<meta property=\"og:url\" content=\"https:\/\/www.manaus.am.gov.br\/semcom\/espetaculo-um-sonho-de-natal\/\" \/>\n<meta property=\"og:site_name\" content=\"SEMCOM\" \/>\n<meta property=\"article:published_time\" content=\"2025-12-11T03:19:13+00:00\" \/>\n<meta property=\"article:modified_time\" content=\"2025-12-11T03:19:57+00:00\" \/>\n<meta property=\"og:image\" content=\"https:\/\/www.manaus.am.gov.br\/semcom\/wp-content\/uploads\/sites\/5\/2025\/12\/54977140620_88b9514e28_c.jpg\" \/>\n\t<meta property=\"og:image:width\" content=\"799\" \/>\n\t<meta property=\"og:image:height\" content=\"533\" \/>\n\t<meta property=\"og:image:type\" content=\"image\/jpeg\" \/>\n<meta name=\"author\" content=\"bvalente\" \/>\n<meta name=\"twitter:card\" content=\"summary_large_image\" \/>\n<meta name=\"twitter:label1\" content=\"Written by\" \/>\n\t<meta name=\"twitter:data1\" content=\"bvalente\" \/>\n\t<meta name=\"twitter:label2\" content=\"Est. reading time\" \/>\n\t<meta name=\"twitter:data2\" content=\"3 minutos\" \/>\n<script type=\"application\/ld+json\" class=\"yoast-schema-graph\">{\"@context\":\"https:\/\/schema.org\",\"@graph\":[{\"@type\":\"WebPage\",\"@id\":\"https:\/\/www.manaus.am.gov.br\/semcom\/espetaculo-um-sonho-de-natal\/\",\"url\":\"https:\/\/www.manaus.am.gov.br\/semcom\/espetaculo-um-sonho-de-natal\/\",\"name\":\"Prefeitura de Manaus e Nova Igreja Batista levam espet\u00e1culo 'Um Sonho de Natal' ao anfiteatro da Ponta Negra e encantam p\u00fablico\",\"isPartOf\":{\"@id\":\"https:\/\/www.manaus.am.gov.br\/semcom\/#website\"},\"primaryImageOfPage\":{\"@id\":\"https:\/\/www.manaus.am.gov.br\/semcom\/espetaculo-um-sonho-de-natal\/#primaryimage\"},\"image\":{\"@id\":\"https:\/\/www.manaus.am.gov.br\/semcom\/espetaculo-um-sonho-de-natal\/#primaryimage\"},\"thumbnailUrl\":\"https:\/\/www.manaus.am.gov.br\/semcom\/wp-content\/uploads\/sites\/5\/2025\/12\/54977140620_88b9514e28_c.jpg\",\"datePublished\":\"2025-12-11T03:19:13+00:00\",\"dateModified\":\"2025-12-11T03:19:57+00:00\",\"author\":{\"@id\":\"https:\/\/www.manaus.am.gov.br\/semcom\/#\/schema\/person\/466a0e03ae4b6062809046bd560ac955\"},\"description\":\"A magia do Natal tomou conta do anfiteatro da Ponta Negra, na zona Oeste da cidade, com o espet\u00e1culo \u201cUm Sonho de Natal\u201d.\",\"inLanguage\":\"pt-BR\",\"potentialAction\":[{\"@type\":\"ReadAction\",\"target\":[\"https:\/\/www.manaus.am.gov.br\/semcom\/espetaculo-um-sonho-de-natal\/\"]}]},{\"@type\":\"ImageObject\",\"inLanguage\":\"pt-BR\",\"@id\":\"https:\/\/www.manaus.am.gov.br\/semcom\/espetaculo-um-sonho-de-natal\/#primaryimage\",\"url\":\"https:\/\/www.manaus.am.gov.br\/semcom\/wp-content\/uploads\/sites\/5\/2025\/12\/54977140620_88b9514e28_c.jpg\",\"contentUrl\":\"https:\/\/www.manaus.am.gov.br\/semcom\/wp-content\/uploads\/sites\/5\/2025\/12\/54977140620_88b9514e28_c.jpg\",\"width\":799,\"height\":533,\"caption\":\"#paratodosverem - Imagem do espet\u00e1culo \u201cUm Sonho de Natal\u201d\"},{\"@type\":\"WebSite\",\"@id\":\"https:\/\/www.manaus.am.gov.br\/semcom\/#website\",\"url\":\"https:\/\/www.manaus.am.gov.br\/semcom\/\",\"name\":\"SEMCOM\",\"description\":\"Secretaria Municipal de Comunica\u00e7\u00e3o\",\"potentialAction\":[{\"@type\":\"SearchAction\",\"target\":{\"@type\":\"EntryPoint\",\"urlTemplate\":\"https:\/\/www.manaus.am.gov.br\/semcom\/?s={search_term_string}\"},\"query-input\":\"required name=search_term_string\"}],\"inLanguage\":\"pt-BR\"},{\"@type\":\"Person\",\"@id\":\"https:\/\/www.manaus.am.gov.br\/semcom\/#\/schema\/person\/466a0e03ae4b6062809046bd560ac955\",\"name\":\"bvalente\",\"image\":{\"@type\":\"ImageObject\",\"inLanguage\":\"pt-BR\",\"@id\":\"https:\/\/www.manaus.am.gov.br\/semcom\/#\/schema\/person\/image\/\",\"url\":\"https:\/\/secure.gravatar.com\/avatar\/3e69bc2b014bdad41adfec3a39de07d2?s=96&d=mm&r=g\",\"contentUrl\":\"https:\/\/secure.gravatar.com\/avatar\/3e69bc2b014bdad41adfec3a39de07d2?s=96&d=mm&r=g\",\"caption\":\"bvalente\"}}]}<\/script>\n<!-- \/ Yoast SEO plugin. -->","yoast_head_json":{"title":"Prefeitura de Manaus e Nova Igreja Batista levam espet\u00e1culo 'Um Sonho de Natal' ao anfiteatro da Ponta Negra e encantam p\u00fablico","description":"A magia do Natal tomou conta do anfiteatro da Ponta Negra, na zona Oeste da cidade, com o espet\u00e1culo \u201cUm Sonho de Natal\u201d.","robots":{"index":"index","follow":"follow","max-snippet":"max-snippet:-1","max-image-preview":"max-image-preview:large","max-video-preview":"max-video-preview:-1"},"canonical":"https:\/\/www.manaus.am.gov.br\/semcom\/espetaculo-um-sonho-de-natal\/","og_locale":"pt_BR","og_type":"article","og_title":"Prefeitura de Manaus e Nova Igreja Batista levam espet\u00e1culo 'Um Sonho de Natal' ao anfiteatro da Ponta Negra e encantam p\u00fablico","og_description":"A magia do Natal tomou conta do anfiteatro da Ponta Negra, na zona Oeste da cidade, com o espet\u00e1culo \u201cUm Sonho de Natal\u201d.","og_url":"https:\/\/www.manaus.am.gov.br\/semcom\/espetaculo-um-sonho-de-natal\/","og_site_name":"SEMCOM","article_published_time":"2025-12-11T03:19:13+00:00","article_modified_time":"2025-12-11T03:19:57+00:00","og_image":[{"width":799,"height":533,"url":"https:\/\/www.manaus.am.gov.br\/semcom\/wp-content\/uploads\/sites\/5\/2025\/12\/54977140620_88b9514e28_c.jpg","type":"image\/jpeg"}],"author":"bvalente","twitter_card":"summary_large_image","twitter_misc":{"Written by":"bvalente","Est. reading time":"3 minutos"},"schema":{"@context":"https:\/\/schema.org","@graph":[{"@type":"WebPage","@id":"https:\/\/www.manaus.am.gov.br\/semcom\/espetaculo-um-sonho-de-natal\/","url":"https:\/\/www.manaus.am.gov.br\/semcom\/espetaculo-um-sonho-de-natal\/","name":"Prefeitura de Manaus e Nova Igreja Batista levam espet\u00e1culo 'Um Sonho de Natal' ao anfiteatro da Ponta Negra e encantam p\u00fablico","isPartOf":{"@id":"https:\/\/www.manaus.am.gov.br\/semcom\/#website"},"primaryImageOfPage":{"@id":"https:\/\/www.manaus.am.gov.br\/semcom\/espetaculo-um-sonho-de-natal\/#primaryimage"},"image":{"@id":"https:\/\/www.manaus.am.gov.br\/semcom\/espetaculo-um-sonho-de-natal\/#primaryimage"},"thumbnailUrl":"https:\/\/www.manaus.am.gov.br\/semcom\/wp-content\/uploads\/sites\/5\/2025\/12\/54977140620_88b9514e28_c.jpg","datePublished":"2025-12-11T03:19:13+00:00","dateModified":"2025-12-11T03:19:57+00:00","author":{"@id":"https:\/\/www.manaus.am.gov.br\/semcom\/#\/schema\/person\/466a0e03ae4b6062809046bd560ac955"},"description":"A magia do Natal tomou conta do anfiteatro da Ponta Negra, na zona Oeste da cidade, com o espet\u00e1culo \u201cUm Sonho de Natal\u201d.","inLanguage":"pt-BR","potentialAction":[{"@type":"ReadAction","target":["https:\/\/www.manaus.am.gov.br\/semcom\/espetaculo-um-sonho-de-natal\/"]}]},{"@type":"ImageObject","inLanguage":"pt-BR","@id":"https:\/\/www.manaus.am.gov.br\/semcom\/espetaculo-um-sonho-de-natal\/#primaryimage","url":"https:\/\/www.manaus.am.gov.br\/semcom\/wp-content\/uploads\/sites\/5\/2025\/12\/54977140620_88b9514e28_c.jpg","contentUrl":"https:\/\/www.manaus.am.gov.br\/semcom\/wp-content\/uploads\/sites\/5\/2025\/12\/54977140620_88b9514e28_c.jpg","width":799,"height":533,"caption":"#paratodosverem - Imagem do espet\u00e1culo \u201cUm Sonho de Natal\u201d"},{"@type":"WebSite","@id":"https:\/\/www.manaus.am.gov.br\/semcom\/#website","url":"https:\/\/www.manaus.am.gov.br\/semcom\/","name":"SEMCOM","description":"Secretaria Municipal de Comunica\u00e7\u00e3o","potentialAction":[{"@type":"SearchAction","target":{"@type":"EntryPoint","urlTemplate":"https:\/\/www.manaus.am.gov.br\/semcom\/?s={search_term_string}"},"query-input":"required name=search_term_string"}],"inLanguage":"pt-BR"},{"@type":"Person","@id":"https:\/\/www.manaus.am.gov.br\/semcom\/#\/schema\/person\/466a0e03ae4b6062809046bd560ac955","name":"bvalente","image":{"@type":"ImageObject","inLanguage":"pt-BR","@id":"https:\/\/www.manaus.am.gov.br\/semcom\/#\/schema\/person\/image\/","url":"https:\/\/secure.gravatar.com\/avatar\/3e69bc2b014bdad41adfec3a39de07d2?s=96&d=mm&r=g","contentUrl":"https:\/\/secure.gravatar.com\/avatar\/3e69bc2b014bdad41adfec3a39de07d2?s=96&d=mm&r=g","caption":"bvalente"}}]}},"_links":{"self":[{"href":"https:\/\/www.manaus.am.gov.br\/semcom\/wp-json\/wp\/v2\/posts\/249559"}],"collection":[{"href":"https:\/\/www.manaus.am.gov.br\/semcom\/wp-json\/wp\/v2\/posts"}],"about":[{"href":"https:\/\/www.manaus.am.gov.br\/semcom\/wp-json\/wp\/v2\/types\/post"}],"author":[{"embeddable":true,"href":"https:\/\/www.manaus.am.gov.br\/semcom\/wp-json\/wp\/v2\/users\/68"}],"replies":[{"embeddable":true,"href":"https:\/\/www.manaus.am.gov.br\/semcom\/wp-json\/wp\/v2\/comments?post=249559"}],"version-history":[{"count":1,"href":"https:\/\/www.manaus.am.gov.br\/semcom\/wp-json\/wp\/v2\/posts\/249559\/revisions"}],"predecessor-version":[{"id":249561,"href":"https:\/\/www.manaus.am.gov.br\/semcom\/wp-json\/wp\/v2\/posts\/249559\/revisions\/249561"}],"wp:featuredmedia":[{"embeddable":true,"href":"https:\/\/www.manaus.am.gov.br\/semcom\/wp-json\/wp\/v2\/media\/249560"}],"wp:attachment":[{"href":"https:\/\/www.manaus.am.gov.br\/semcom\/wp-json\/wp\/v2\/media?parent=249559"}],"wp:term":[{"taxonomy":"category","embeddable":true,"href":"https:\/\/www.manaus.am.gov.br\/semcom\/wp-json\/wp\/v2\/categories?post=249559"},{"taxonomy":"post_tag","embeddable":true,"href":"https:\/\/www.manaus.am.gov.br\/semcom\/wp-json\/wp\/v2\/tags?post=249559"}],"curies":[{"name":"wp","href":"https:\/\/api.w.org\/{rel}","templated":true}]}}