{"id":249555,"date":"2025-12-10T21:25:49","date_gmt":"2025-12-11T00:25:49","guid":{"rendered":"https:\/\/www.manaus.am.gov.br\/semcom\/obra-emergencial-de-recuperacao\/"},"modified":"2025-12-10T21:25:51","modified_gmt":"2025-12-11T00:25:51","slug":"obra-emergencial-de-recuperacao","status":"publish","type":"post","link":"https:\/\/www.manaus.am.gov.br\/semcom\/obra-emergencial-de-recuperacao\/","title":{"rendered":"Prefeitura de Manaus executa obra emergencial de recupera\u00e7\u00e3o de rede de drenagem profunda no Centro"},"content":{"rendered":"\n<p>Nesta quarta-feira, 10\/12, equipes da Prefeitura de Manaus, por meio da Secretaria Municipal de Infraestrutura (Seminf), trabalharam na recupera\u00e7\u00e3o emergencial do sistema de drenagem profunda na avenida Japur\u00e1, no Centro, zona Sul da capital. A estrutura foi comprometida ap\u00f3s as fortes chuvas e o excesso de res\u00edduos descartados de forma irregular na \u00e1rea.<\/p>\n\n\n\n<p>O ac\u00famulo de lixo na regi\u00e3o sobrecarregou a estrutura, bloqueou a tubula\u00e7\u00e3o e provocou o rompimento de v\u00e1rios trechos da tubula\u00e7\u00e3o, resultando em alagamentos e transtornos que afetam quem vive e circula pelo local.<\/p>\n\n\n\n<p>O vice-prefeito e secret\u00e1rio de obras, Renato Junior, refor\u00e7ou a dedica\u00e7\u00e3o das equipes e alertou sobre a responsabilidade coletiva na preserva\u00e7\u00e3o da infraestrutura p\u00fablica.<\/p>\n\n\n\n<p>\u201cNossos trabalhadores est\u00e3o nas ruas noite e dia, fa\u00e7a chuva ou fa\u00e7a sol. Estamos enfrentando desafios com muito trabalho. Como determina o prefeito David Almeida, seguimos em a\u00e7\u00e3o para garantir uma infraestrutura melhor, mas precisamos tamb\u00e9m, da consci\u00eancia dos moradores. O lixo \u00e9 um dos principais inimigos dos sistemas de drenagem. Cuidar da cidade \u00e9 uma miss\u00e3o de todos\u201d, destacou Renato Junior.<\/p>\n\n\n\n<p>As equipes seguem atuando de forma cont\u00ednua, com agilidade e comprometimento, para garantir o pleno funcionamento da rede de drenagem e minimizar os impactos provocados pelas fortes chuvas e pelo descarte irregular de lixo.<\/p>\n\n\n\n<p>Moradora da \u00e1rea, a cozinheira Rosiane da Silva, 44, reconhece o esfor\u00e7o da prefeitura. \u201cA maioria das pessoas joga lixo fora do lixo e isso prejudica todos aqui. J\u00e1 alagou v\u00e1rias vezes, mas agora, com os servi\u00e7os, a situa\u00e7\u00e3o ser\u00e1 diferente, a prefeitura veio em nosso socorro. As equipes est\u00e3o trabalhando pelo bem de todos\u201d, afirmou a moradora.<\/p>\n\n\n\n<p>\u2014- \u2014- \u2014-<br><strong>Texto &#8211;<\/strong> Maria Amed\/ Seminf\u00a0<br><strong>Fotos &#8211;\u00a0 <\/strong>M\u00e1rcio Melo\/Seminf<\/p>\n","protected":false},"excerpt":{"rendered":"","protected":false},"author":68,"featured_media":249556,"comment_status":"closed","ping_status":"closed","sticky":false,"template":"","format":"standard","meta":{"footnotes":""},"categories":[198],"tags":[18391,77,18392,33],"acf":[],"yoast_head":"<!-- This site is optimized with the Yoast SEO plugin v23.0 - https:\/\/yoast.com\/wordpress\/plugins\/seo\/ -->\n<title>Prefeitura executa obra emergencial de recupera\u00e7\u00e3o no Centro<\/title>\n<meta name=\"description\" content=\"Nesta quarta-feira, equipes da Prefeitura de Manaus trabalharam na recupera\u00e7\u00e3o emergencial do sistema de drenagem profunda na avenida Japur\u00e1.\" \/>\n<meta name=\"robots\" content=\"index, follow, max-snippet:-1, max-image-preview:large, max-video-preview:-1\" \/>\n<link rel=\"canonical\" href=\"https:\/\/www.manaus.am.gov.br\/semcom\/obra-emergencial-de-recuperacao\/\" \/>\n<meta property=\"og:locale\" content=\"pt_BR\" \/>\n<meta property=\"og:type\" content=\"article\" \/>\n<meta property=\"og:title\" content=\"Prefeitura executa obra emergencial de recupera\u00e7\u00e3o no Centro\" \/>\n<meta property=\"og:description\" content=\"Nesta quarta-feira, equipes da Prefeitura de Manaus trabalharam na recupera\u00e7\u00e3o emergencial do sistema de drenagem profunda na avenida Japur\u00e1.\" \/>\n<meta property=\"og:url\" content=\"https:\/\/www.manaus.am.gov.br\/semcom\/obra-emergencial-de-recuperacao\/\" \/>\n<meta property=\"og:site_name\" content=\"SEMCOM\" \/>\n<meta property=\"article:published_time\" content=\"2025-12-11T00:25:49+00:00\" \/>\n<meta property=\"article:modified_time\" content=\"2025-12-11T00:25:51+00:00\" \/>\n<meta property=\"og:image\" content=\"https:\/\/www.manaus.am.gov.br\/semcom\/wp-content\/uploads\/sites\/5\/2025\/12\/ed2e173f-4eb2-4b73-a428-2cd81a16d892.jpg\" \/>\n\t<meta property=\"og:image:width\" content=\"4160\" \/>\n\t<meta property=\"og:image:height\" content=\"2774\" \/>\n\t<meta property=\"og:image:type\" content=\"image\/jpeg\" \/>\n<meta name=\"author\" content=\"bvalente\" \/>\n<meta name=\"twitter:card\" content=\"summary_large_image\" \/>\n<meta name=\"twitter:label1\" content=\"Written by\" \/>\n\t<meta name=\"twitter:data1\" content=\"bvalente\" \/>\n\t<meta name=\"twitter:label2\" content=\"Est. reading time\" \/>\n\t<meta name=\"twitter:data2\" content=\"2 minutos\" \/>\n<script type=\"application\/ld+json\" class=\"yoast-schema-graph\">{\"@context\":\"https:\/\/schema.org\",\"@graph\":[{\"@type\":\"WebPage\",\"@id\":\"https:\/\/www.manaus.am.gov.br\/semcom\/obra-emergencial-de-recuperacao\/\",\"url\":\"https:\/\/www.manaus.am.gov.br\/semcom\/obra-emergencial-de-recuperacao\/\",\"name\":\"Prefeitura executa obra emergencial de recupera\u00e7\u00e3o no Centro\",\"isPartOf\":{\"@id\":\"https:\/\/www.manaus.am.gov.br\/semcom\/#website\"},\"primaryImageOfPage\":{\"@id\":\"https:\/\/www.manaus.am.gov.br\/semcom\/obra-emergencial-de-recuperacao\/#primaryimage\"},\"image\":{\"@id\":\"https:\/\/www.manaus.am.gov.br\/semcom\/obra-emergencial-de-recuperacao\/#primaryimage\"},\"thumbnailUrl\":\"https:\/\/www.manaus.am.gov.br\/semcom\/wp-content\/uploads\/sites\/5\/2025\/12\/ed2e173f-4eb2-4b73-a428-2cd81a16d892.jpg\",\"datePublished\":\"2025-12-11T00:25:49+00:00\",\"dateModified\":\"2025-12-11T00:25:51+00:00\",\"author\":{\"@id\":\"https:\/\/www.manaus.am.gov.br\/semcom\/#\/schema\/person\/466a0e03ae4b6062809046bd560ac955\"},\"description\":\"Nesta quarta-feira, equipes da Prefeitura de Manaus trabalharam na recupera\u00e7\u00e3o emergencial do sistema de drenagem profunda na avenida Japur\u00e1.\",\"inLanguage\":\"pt-BR\",\"potentialAction\":[{\"@type\":\"ReadAction\",\"target\":[\"https:\/\/www.manaus.am.gov.br\/semcom\/obra-emergencial-de-recuperacao\/\"]}]},{\"@type\":\"ImageObject\",\"inLanguage\":\"pt-BR\",\"@id\":\"https:\/\/www.manaus.am.gov.br\/semcom\/obra-emergencial-de-recuperacao\/#primaryimage\",\"url\":\"https:\/\/www.manaus.am.gov.br\/semcom\/wp-content\/uploads\/sites\/5\/2025\/12\/ed2e173f-4eb2-4b73-a428-2cd81a16d892.jpg\",\"contentUrl\":\"https:\/\/www.manaus.am.gov.br\/semcom\/wp-content\/uploads\/sites\/5\/2025\/12\/ed2e173f-4eb2-4b73-a428-2cd81a16d892.jpg\",\"width\":4160,\"height\":2774,\"caption\":\"#paratodosverem - Servidor da Seminf realizando a recupera\u00e7\u00e3o emergencial do sistema de drenagem profunda na avenida Japur\u00e1\"},{\"@type\":\"WebSite\",\"@id\":\"https:\/\/www.manaus.am.gov.br\/semcom\/#website\",\"url\":\"https:\/\/www.manaus.am.gov.br\/semcom\/\",\"name\":\"SEMCOM\",\"description\":\"Secretaria Municipal de Comunica\u00e7\u00e3o\",\"potentialAction\":[{\"@type\":\"SearchAction\",\"target\":{\"@type\":\"EntryPoint\",\"urlTemplate\":\"https:\/\/www.manaus.am.gov.br\/semcom\/?s={search_term_string}\"},\"query-input\":\"required name=search_term_string\"}],\"inLanguage\":\"pt-BR\"},{\"@type\":\"Person\",\"@id\":\"https:\/\/www.manaus.am.gov.br\/semcom\/#\/schema\/person\/466a0e03ae4b6062809046bd560ac955\",\"name\":\"bvalente\",\"image\":{\"@type\":\"ImageObject\",\"inLanguage\":\"pt-BR\",\"@id\":\"https:\/\/www.manaus.am.gov.br\/semcom\/#\/schema\/person\/image\/\",\"url\":\"https:\/\/secure.gravatar.com\/avatar\/3e69bc2b014bdad41adfec3a39de07d2?s=96&d=mm&r=g\",\"contentUrl\":\"https:\/\/secure.gravatar.com\/avatar\/3e69bc2b014bdad41adfec3a39de07d2?s=96&d=mm&r=g\",\"caption\":\"bvalente\"}}]}<\/script>\n<!-- \/ Yoast SEO plugin. -->","yoast_head_json":{"title":"Prefeitura executa obra emergencial de recupera\u00e7\u00e3o no Centro","description":"Nesta quarta-feira, equipes da Prefeitura de Manaus trabalharam na recupera\u00e7\u00e3o emergencial do sistema de drenagem profunda na avenida Japur\u00e1.","robots":{"index":"index","follow":"follow","max-snippet":"max-snippet:-1","max-image-preview":"max-image-preview:large","max-video-preview":"max-video-preview:-1"},"canonical":"https:\/\/www.manaus.am.gov.br\/semcom\/obra-emergencial-de-recuperacao\/","og_locale":"pt_BR","og_type":"article","og_title":"Prefeitura executa obra emergencial de recupera\u00e7\u00e3o no Centro","og_description":"Nesta quarta-feira, equipes da Prefeitura de Manaus trabalharam na recupera\u00e7\u00e3o emergencial do sistema de drenagem profunda na avenida Japur\u00e1.","og_url":"https:\/\/www.manaus.am.gov.br\/semcom\/obra-emergencial-de-recuperacao\/","og_site_name":"SEMCOM","article_published_time":"2025-12-11T00:25:49+00:00","article_modified_time":"2025-12-11T00:25:51+00:00","og_image":[{"width":4160,"height":2774,"url":"https:\/\/www.manaus.am.gov.br\/semcom\/wp-content\/uploads\/sites\/5\/2025\/12\/ed2e173f-4eb2-4b73-a428-2cd81a16d892.jpg","type":"image\/jpeg"}],"author":"bvalente","twitter_card":"summary_large_image","twitter_misc":{"Written by":"bvalente","Est. reading time":"2 minutos"},"schema":{"@context":"https:\/\/schema.org","@graph":[{"@type":"WebPage","@id":"https:\/\/www.manaus.am.gov.br\/semcom\/obra-emergencial-de-recuperacao\/","url":"https:\/\/www.manaus.am.gov.br\/semcom\/obra-emergencial-de-recuperacao\/","name":"Prefeitura executa obra emergencial de recupera\u00e7\u00e3o no Centro","isPartOf":{"@id":"https:\/\/www.manaus.am.gov.br\/semcom\/#website"},"primaryImageOfPage":{"@id":"https:\/\/www.manaus.am.gov.br\/semcom\/obra-emergencial-de-recuperacao\/#primaryimage"},"image":{"@id":"https:\/\/www.manaus.am.gov.br\/semcom\/obra-emergencial-de-recuperacao\/#primaryimage"},"thumbnailUrl":"https:\/\/www.manaus.am.gov.br\/semcom\/wp-content\/uploads\/sites\/5\/2025\/12\/ed2e173f-4eb2-4b73-a428-2cd81a16d892.jpg","datePublished":"2025-12-11T00:25:49+00:00","dateModified":"2025-12-11T00:25:51+00:00","author":{"@id":"https:\/\/www.manaus.am.gov.br\/semcom\/#\/schema\/person\/466a0e03ae4b6062809046bd560ac955"},"description":"Nesta quarta-feira, equipes da Prefeitura de Manaus trabalharam na recupera\u00e7\u00e3o emergencial do sistema de drenagem profunda na avenida Japur\u00e1.","inLanguage":"pt-BR","potentialAction":[{"@type":"ReadAction","target":["https:\/\/www.manaus.am.gov.br\/semcom\/obra-emergencial-de-recuperacao\/"]}]},{"@type":"ImageObject","inLanguage":"pt-BR","@id":"https:\/\/www.manaus.am.gov.br\/semcom\/obra-emergencial-de-recuperacao\/#primaryimage","url":"https:\/\/www.manaus.am.gov.br\/semcom\/wp-content\/uploads\/sites\/5\/2025\/12\/ed2e173f-4eb2-4b73-a428-2cd81a16d892.jpg","contentUrl":"https:\/\/www.manaus.am.gov.br\/semcom\/wp-content\/uploads\/sites\/5\/2025\/12\/ed2e173f-4eb2-4b73-a428-2cd81a16d892.jpg","width":4160,"height":2774,"caption":"#paratodosverem - Servidor da Seminf realizando a recupera\u00e7\u00e3o emergencial do sistema de drenagem profunda na avenida Japur\u00e1"},{"@type":"WebSite","@id":"https:\/\/www.manaus.am.gov.br\/semcom\/#website","url":"https:\/\/www.manaus.am.gov.br\/semcom\/","name":"SEMCOM","description":"Secretaria Municipal de Comunica\u00e7\u00e3o","potentialAction":[{"@type":"SearchAction","target":{"@type":"EntryPoint","urlTemplate":"https:\/\/www.manaus.am.gov.br\/semcom\/?s={search_term_string}"},"query-input":"required name=search_term_string"}],"inLanguage":"pt-BR"},{"@type":"Person","@id":"https:\/\/www.manaus.am.gov.br\/semcom\/#\/schema\/person\/466a0e03ae4b6062809046bd560ac955","name":"bvalente","image":{"@type":"ImageObject","inLanguage":"pt-BR","@id":"https:\/\/www.manaus.am.gov.br\/semcom\/#\/schema\/person\/image\/","url":"https:\/\/secure.gravatar.com\/avatar\/3e69bc2b014bdad41adfec3a39de07d2?s=96&d=mm&r=g","contentUrl":"https:\/\/secure.gravatar.com\/avatar\/3e69bc2b014bdad41adfec3a39de07d2?s=96&d=mm&r=g","caption":"bvalente"}}]}},"_links":{"self":[{"href":"https:\/\/www.manaus.am.gov.br\/semcom\/wp-json\/wp\/v2\/posts\/249555"}],"collection":[{"href":"https:\/\/www.manaus.am.gov.br\/semcom\/wp-json\/wp\/v2\/posts"}],"about":[{"href":"https:\/\/www.manaus.am.gov.br\/semcom\/wp-json\/wp\/v2\/types\/post"}],"author":[{"embeddable":true,"href":"https:\/\/www.manaus.am.gov.br\/semcom\/wp-json\/wp\/v2\/users\/68"}],"replies":[{"embeddable":true,"href":"https:\/\/www.manaus.am.gov.br\/semcom\/wp-json\/wp\/v2\/comments?post=249555"}],"version-history":[{"count":0,"href":"https:\/\/www.manaus.am.gov.br\/semcom\/wp-json\/wp\/v2\/posts\/249555\/revisions"}],"wp:featuredmedia":[{"embeddable":true,"href":"https:\/\/www.manaus.am.gov.br\/semcom\/wp-json\/wp\/v2\/media\/249556"}],"wp:attachment":[{"href":"https:\/\/www.manaus.am.gov.br\/semcom\/wp-json\/wp\/v2\/media?parent=249555"}],"wp:term":[{"taxonomy":"category","embeddable":true,"href":"https:\/\/www.manaus.am.gov.br\/semcom\/wp-json\/wp\/v2\/categories?post=249555"},{"taxonomy":"post_tag","embeddable":true,"href":"https:\/\/www.manaus.am.gov.br\/semcom\/wp-json\/wp\/v2\/tags?post=249555"}],"curies":[{"name":"wp","href":"https:\/\/api.w.org\/{rel}","templated":true}]}}