{"id":249531,"date":"2025-12-10T16:38:32","date_gmt":"2025-12-10T20:38:32","guid":{"rendered":"https:\/\/www.manaus.am.gov.br\/semcom\/vistoria-habitacionais-complexo-parque-das-tribos\/"},"modified":"2025-12-10T18:14:41","modified_gmt":"2025-12-10T21:14:41","slug":"vistoria-habitacionais-complexo-parque-das-tribos","status":"publish","type":"post","link":"https:\/\/www.manaus.am.gov.br\/semcom\/vistoria-habitacionais-complexo-parque-das-tribos\/","title":{"rendered":"Prefeito David Almeida vistoria habitacionais com 98% de avan\u00e7o e anuncia entrega de 576 moradias semimobiliadas e com documenta\u00e7\u00e3o completa"},"content":{"rendered":"\n<p>O prefeito de Manaus, David Almeida, realizou, nesta quarta-feira, 10\/12, uma vistoria t\u00e9cnica no complexo de habitacionais do bairro Parque das Tribos, na zona Oeste, e confirmou que as obras alcan\u00e7aram 98% de execu\u00e7\u00e3o f\u00edsica. O conjunto, composto por 576 moradias distribu\u00eddas em tr\u00eas empreendimentos com 12 blocos, se destaca como um dos projetos habitacionais mais estruturantes da gest\u00e3o, reunindo infraestrutura moderna, \u00e1reas de conviv\u00eancia e garantia documental imediata aos futuros moradores.<\/p>\n\n\n\n<p>Durante a visita, o prefeito detalhou os diferenciais do projeto, que inclui varandas amplas, piso em cer\u00e2mica, quadra de esportes, \u00e1rea de churrasco, biblioteca e espa\u00e7os de conviv\u00eancia. Ele refor\u00e7ou que todas as unidades ser\u00e3o entregues semimobiliadas, assegurando dignidade \u00e0s fam\u00edlias reassentadas de \u00e1reas de risco.<\/p>\n\n\n\n<p>\u201cEsses apartamentos ter\u00e3o geladeira, fog\u00e3o, televis\u00e3o, cama, colch\u00e3o, ventilador e roupeiro. Dessa forma, devolvemos dignidade para fam\u00edlias que viveram situa\u00e7\u00f5es delicadas, inclusive com perdas de parentes em deslizamentos no Jorge Teixeira, Reden\u00e7\u00e3o e Nossa Senhora de F\u00e1tima. Estamos oferecendo um recome\u00e7o de verdade\u201d, destacou o prefeito David Almeida.<\/p>\n\n\n\n<p>O chefe do Executivo municipal tamb\u00e9m ressaltou a parceria com o governo federal para viabilizar o empreendimento. \u201cAgradecemos ao presidente Lula e enfatizamos o papel fundamental do senador Eduardo Braga, que foi decisivo para garantir esses investimentos do governo federal para Manaus\u201d, afirmou.<\/p>\n\n\n\n<p>O titular da Secretaria Municipal de Habita\u00e7\u00e3o e Assuntos Fundi\u00e1rios (Semhaf), Jesus Alves, explicou que as equipes da prefeitura e da Caixa Econ\u00f4mica Federal atuam, simultaneamente, na finaliza\u00e7\u00e3o das obras e na organiza\u00e7\u00e3o da documenta\u00e7\u00e3o, permitindo que os moradores recebam n\u00e3o apenas a chave, mas tamb\u00e9m a escritura e toda a regulariza\u00e7\u00e3o complementar no ato da entrega, algo raro no pa\u00eds.<\/p>\n\n\n\n<p>\u201cAntes, as pessoas esperavam at\u00e9 10 anos pela escritura. Agora, a Prefeitura de Manaus entrega o im\u00f3vel j\u00e1 com a documenta\u00e7\u00e3o garantida. \u00c9 um diferencial n\u00e3o apenas para o Norte, mas para o Brasil\u201d, enfatizou o secret\u00e1rio.<\/p>\n\n\n\n<p>A iniciativa se soma ao compromisso da gest\u00e3o em ampliar o acesso \u00e0 moradia digna, garantir seguran\u00e7a jur\u00eddica \u00e0s fam\u00edlias e substituir ocupa\u00e7\u00f5es de \u00e1reas de risco por habita\u00e7\u00f5es planejadas, modernas e equipadas.<\/p>\n\n\n\n<figure class=\"wp-block-image size-large\"><img loading=\"lazy\" decoding=\"async\" width=\"1024\" height=\"683\" src=\"https:\/\/www.manaus.am.gov.br\/semcom\/wp-content\/uploads\/sites\/5\/2025\/12\/WhatsApp-Image-2025-12-10-at-13.15.44-2-1024x683.jpeg\" alt=\"\" class=\"wp-image-249532\" srcset=\"https:\/\/www.manaus.am.gov.br\/semcom\/wp-content\/uploads\/sites\/5\/2025\/12\/WhatsApp-Image-2025-12-10-at-13.15.44-2-1024x683.jpeg 1024w, https:\/\/www.manaus.am.gov.br\/semcom\/wp-content\/uploads\/sites\/5\/2025\/12\/WhatsApp-Image-2025-12-10-at-13.15.44-2-300x200.jpeg 300w, https:\/\/www.manaus.am.gov.br\/semcom\/wp-content\/uploads\/sites\/5\/2025\/12\/WhatsApp-Image-2025-12-10-at-13.15.44-2-768x512.jpeg 768w, https:\/\/www.manaus.am.gov.br\/semcom\/wp-content\/uploads\/sites\/5\/2025\/12\/WhatsApp-Image-2025-12-10-at-13.15.44-2-1536x1024.jpeg 1536w, https:\/\/www.manaus.am.gov.br\/semcom\/wp-content\/uploads\/sites\/5\/2025\/12\/WhatsApp-Image-2025-12-10-at-13.15.44-2-2048x1365.jpeg 2048w\" sizes=\"(max-width: 1024px) 100vw, 1024px\" \/><figcaption class=\"wp-element-caption\">#paratodosverem &#8211; Habitacional do bairro Parque das Tribos em execu\u00e7\u00e3o f\u00edsica<\/figcaption><\/figure>\n\n\n\n<p>&#8212; &#8212; &#8212;<\/p>\n\n\n\n<p><strong>Texto &#8211;<\/strong>&nbsp;Emanuelle Baires\/Semcom-Prefeito<\/p>\n\n\n\n<p><strong>Fotos <\/strong>&#8211; Antonio Pereira e Dhyeizo Lemos\/Semcom-Prefeito<\/p>\n\n\n\n<p><strong>Dispon\u00edveis em &#8211; <\/strong><a href=\"https:\/\/flic.kr\/s\/aHBqjCDuye\">https:\/\/flic.kr\/s\/aHBqjCDuye<\/a><\/p>\n","protected":false},"excerpt":{"rendered":"","protected":false},"author":39,"featured_media":249533,"comment_status":"closed","ping_status":"closed","sticky":false,"template":"","format":"standard","meta":{"footnotes":""},"categories":[400],"tags":[18379,35,4192,77,5352,18380,18381],"acf":[],"yoast_head":"<!-- This site is optimized with the Yoast SEO plugin v23.0 - https:\/\/yoast.com\/wordpress\/plugins\/seo\/ -->\n<title>Prefeito David Almeida vistoria habitacionais com 98% de avan\u00e7o<\/title>\n<meta name=\"description\" content=\"Prefeito David Almeida vistoria habitacionais com 98% de avan\u00e7o e anuncia entrega de 576 moradias semimobiliadas e com documenta\u00e7\u00e3o completa.\" \/>\n<meta name=\"robots\" content=\"index, follow, max-snippet:-1, max-image-preview:large, max-video-preview:-1\" \/>\n<link rel=\"canonical\" href=\"https:\/\/www.manaus.am.gov.br\/semcom\/vistoria-habitacionais-complexo-parque-das-tribos\/\" \/>\n<meta property=\"og:locale\" content=\"pt_BR\" \/>\n<meta property=\"og:type\" content=\"article\" \/>\n<meta property=\"og:title\" content=\"Prefeito David Almeida vistoria habitacionais com 98% de avan\u00e7o\" \/>\n<meta property=\"og:description\" content=\"Prefeito David Almeida vistoria habitacionais com 98% de avan\u00e7o e anuncia entrega de 576 moradias semimobiliadas e com documenta\u00e7\u00e3o completa.\" \/>\n<meta property=\"og:url\" content=\"https:\/\/www.manaus.am.gov.br\/semcom\/vistoria-habitacionais-complexo-parque-das-tribos\/\" \/>\n<meta property=\"og:site_name\" content=\"SEMCOM\" \/>\n<meta property=\"article:published_time\" content=\"2025-12-10T20:38:32+00:00\" \/>\n<meta property=\"article:modified_time\" content=\"2025-12-10T21:14:41+00:00\" \/>\n<meta property=\"og:image\" content=\"https:\/\/www.manaus.am.gov.br\/semcom\/wp-content\/uploads\/sites\/5\/2025\/12\/WhatsApp-Image-2025-12-10-at-13.15.50.jpeg\" \/>\n\t<meta property=\"og:image:width\" content=\"4160\" \/>\n\t<meta property=\"og:image:height\" content=\"2773\" \/>\n\t<meta property=\"og:image:type\" content=\"image\/jpeg\" \/>\n<meta name=\"author\" content=\"Bruna Greco\" \/>\n<meta name=\"twitter:card\" content=\"summary_large_image\" \/>\n<meta name=\"twitter:label1\" content=\"Written by\" \/>\n\t<meta name=\"twitter:data1\" content=\"Bruna Greco\" \/>\n\t<meta name=\"twitter:label2\" content=\"Est. reading time\" \/>\n\t<meta name=\"twitter:data2\" content=\"3 minutos\" \/>\n<script type=\"application\/ld+json\" class=\"yoast-schema-graph\">{\"@context\":\"https:\/\/schema.org\",\"@graph\":[{\"@type\":\"WebPage\",\"@id\":\"https:\/\/www.manaus.am.gov.br\/semcom\/vistoria-habitacionais-complexo-parque-das-tribos\/\",\"url\":\"https:\/\/www.manaus.am.gov.br\/semcom\/vistoria-habitacionais-complexo-parque-das-tribos\/\",\"name\":\"Prefeito David Almeida vistoria habitacionais com 98% de avan\u00e7o\",\"isPartOf\":{\"@id\":\"https:\/\/www.manaus.am.gov.br\/semcom\/#website\"},\"primaryImageOfPage\":{\"@id\":\"https:\/\/www.manaus.am.gov.br\/semcom\/vistoria-habitacionais-complexo-parque-das-tribos\/#primaryimage\"},\"image\":{\"@id\":\"https:\/\/www.manaus.am.gov.br\/semcom\/vistoria-habitacionais-complexo-parque-das-tribos\/#primaryimage\"},\"thumbnailUrl\":\"https:\/\/www.manaus.am.gov.br\/semcom\/wp-content\/uploads\/sites\/5\/2025\/12\/WhatsApp-Image-2025-12-10-at-13.15.50.jpeg\",\"datePublished\":\"2025-12-10T20:38:32+00:00\",\"dateModified\":\"2025-12-10T21:14:41+00:00\",\"author\":{\"@id\":\"https:\/\/www.manaus.am.gov.br\/semcom\/#\/schema\/person\/05d223aea2bf115f9883a6ff3683d81b\"},\"description\":\"Prefeito David Almeida vistoria habitacionais com 98% de avan\u00e7o e anuncia entrega de 576 moradias semimobiliadas e com documenta\u00e7\u00e3o completa.\",\"inLanguage\":\"pt-BR\",\"potentialAction\":[{\"@type\":\"ReadAction\",\"target\":[\"https:\/\/www.manaus.am.gov.br\/semcom\/vistoria-habitacionais-complexo-parque-das-tribos\/\"]}]},{\"@type\":\"ImageObject\",\"inLanguage\":\"pt-BR\",\"@id\":\"https:\/\/www.manaus.am.gov.br\/semcom\/vistoria-habitacionais-complexo-parque-das-tribos\/#primaryimage\",\"url\":\"https:\/\/www.manaus.am.gov.br\/semcom\/wp-content\/uploads\/sites\/5\/2025\/12\/WhatsApp-Image-2025-12-10-at-13.15.50.jpeg\",\"contentUrl\":\"https:\/\/www.manaus.am.gov.br\/semcom\/wp-content\/uploads\/sites\/5\/2025\/12\/WhatsApp-Image-2025-12-10-at-13.15.50.jpeg\",\"width\":4160,\"height\":2773,\"caption\":\"#paratodosverem - Prefeito de Manaus, David Almeida, realizando uma vistoria t\u00e9cnica no complexo de habitacionais do bairro Parque das Tribos\"},{\"@type\":\"WebSite\",\"@id\":\"https:\/\/www.manaus.am.gov.br\/semcom\/#website\",\"url\":\"https:\/\/www.manaus.am.gov.br\/semcom\/\",\"name\":\"SEMCOM\",\"description\":\"Secretaria Municipal de Comunica\u00e7\u00e3o\",\"potentialAction\":[{\"@type\":\"SearchAction\",\"target\":{\"@type\":\"EntryPoint\",\"urlTemplate\":\"https:\/\/www.manaus.am.gov.br\/semcom\/?s={search_term_string}\"},\"query-input\":\"required name=search_term_string\"}],\"inLanguage\":\"pt-BR\"},{\"@type\":\"Person\",\"@id\":\"https:\/\/www.manaus.am.gov.br\/semcom\/#\/schema\/person\/05d223aea2bf115f9883a6ff3683d81b\",\"name\":\"Bruna Greco\",\"image\":{\"@type\":\"ImageObject\",\"inLanguage\":\"pt-BR\",\"@id\":\"https:\/\/www.manaus.am.gov.br\/semcom\/#\/schema\/person\/image\/\",\"url\":\"https:\/\/secure.gravatar.com\/avatar\/9c877d1a6adc2a055330e5c09a8653ce?s=96&d=mm&r=g\",\"contentUrl\":\"https:\/\/secure.gravatar.com\/avatar\/9c877d1a6adc2a055330e5c09a8653ce?s=96&d=mm&r=g\",\"caption\":\"Bruna Greco\"}}]}<\/script>\n<!-- \/ Yoast SEO plugin. -->","yoast_head_json":{"title":"Prefeito David Almeida vistoria habitacionais com 98% de avan\u00e7o","description":"Prefeito David Almeida vistoria habitacionais com 98% de avan\u00e7o e anuncia entrega de 576 moradias semimobiliadas e com documenta\u00e7\u00e3o completa.","robots":{"index":"index","follow":"follow","max-snippet":"max-snippet:-1","max-image-preview":"max-image-preview:large","max-video-preview":"max-video-preview:-1"},"canonical":"https:\/\/www.manaus.am.gov.br\/semcom\/vistoria-habitacionais-complexo-parque-das-tribos\/","og_locale":"pt_BR","og_type":"article","og_title":"Prefeito David Almeida vistoria habitacionais com 98% de avan\u00e7o","og_description":"Prefeito David Almeida vistoria habitacionais com 98% de avan\u00e7o e anuncia entrega de 576 moradias semimobiliadas e com documenta\u00e7\u00e3o completa.","og_url":"https:\/\/www.manaus.am.gov.br\/semcom\/vistoria-habitacionais-complexo-parque-das-tribos\/","og_site_name":"SEMCOM","article_published_time":"2025-12-10T20:38:32+00:00","article_modified_time":"2025-12-10T21:14:41+00:00","og_image":[{"width":4160,"height":2773,"url":"https:\/\/www.manaus.am.gov.br\/semcom\/wp-content\/uploads\/sites\/5\/2025\/12\/WhatsApp-Image-2025-12-10-at-13.15.50.jpeg","type":"image\/jpeg"}],"author":"Bruna Greco","twitter_card":"summary_large_image","twitter_misc":{"Written by":"Bruna Greco","Est. reading time":"3 minutos"},"schema":{"@context":"https:\/\/schema.org","@graph":[{"@type":"WebPage","@id":"https:\/\/www.manaus.am.gov.br\/semcom\/vistoria-habitacionais-complexo-parque-das-tribos\/","url":"https:\/\/www.manaus.am.gov.br\/semcom\/vistoria-habitacionais-complexo-parque-das-tribos\/","name":"Prefeito David Almeida vistoria habitacionais com 98% de avan\u00e7o","isPartOf":{"@id":"https:\/\/www.manaus.am.gov.br\/semcom\/#website"},"primaryImageOfPage":{"@id":"https:\/\/www.manaus.am.gov.br\/semcom\/vistoria-habitacionais-complexo-parque-das-tribos\/#primaryimage"},"image":{"@id":"https:\/\/www.manaus.am.gov.br\/semcom\/vistoria-habitacionais-complexo-parque-das-tribos\/#primaryimage"},"thumbnailUrl":"https:\/\/www.manaus.am.gov.br\/semcom\/wp-content\/uploads\/sites\/5\/2025\/12\/WhatsApp-Image-2025-12-10-at-13.15.50.jpeg","datePublished":"2025-12-10T20:38:32+00:00","dateModified":"2025-12-10T21:14:41+00:00","author":{"@id":"https:\/\/www.manaus.am.gov.br\/semcom\/#\/schema\/person\/05d223aea2bf115f9883a6ff3683d81b"},"description":"Prefeito David Almeida vistoria habitacionais com 98% de avan\u00e7o e anuncia entrega de 576 moradias semimobiliadas e com documenta\u00e7\u00e3o completa.","inLanguage":"pt-BR","potentialAction":[{"@type":"ReadAction","target":["https:\/\/www.manaus.am.gov.br\/semcom\/vistoria-habitacionais-complexo-parque-das-tribos\/"]}]},{"@type":"ImageObject","inLanguage":"pt-BR","@id":"https:\/\/www.manaus.am.gov.br\/semcom\/vistoria-habitacionais-complexo-parque-das-tribos\/#primaryimage","url":"https:\/\/www.manaus.am.gov.br\/semcom\/wp-content\/uploads\/sites\/5\/2025\/12\/WhatsApp-Image-2025-12-10-at-13.15.50.jpeg","contentUrl":"https:\/\/www.manaus.am.gov.br\/semcom\/wp-content\/uploads\/sites\/5\/2025\/12\/WhatsApp-Image-2025-12-10-at-13.15.50.jpeg","width":4160,"height":2773,"caption":"#paratodosverem - Prefeito de Manaus, David Almeida, realizando uma vistoria t\u00e9cnica no complexo de habitacionais do bairro Parque das Tribos"},{"@type":"WebSite","@id":"https:\/\/www.manaus.am.gov.br\/semcom\/#website","url":"https:\/\/www.manaus.am.gov.br\/semcom\/","name":"SEMCOM","description":"Secretaria Municipal de Comunica\u00e7\u00e3o","potentialAction":[{"@type":"SearchAction","target":{"@type":"EntryPoint","urlTemplate":"https:\/\/www.manaus.am.gov.br\/semcom\/?s={search_term_string}"},"query-input":"required name=search_term_string"}],"inLanguage":"pt-BR"},{"@type":"Person","@id":"https:\/\/www.manaus.am.gov.br\/semcom\/#\/schema\/person\/05d223aea2bf115f9883a6ff3683d81b","name":"Bruna Greco","image":{"@type":"ImageObject","inLanguage":"pt-BR","@id":"https:\/\/www.manaus.am.gov.br\/semcom\/#\/schema\/person\/image\/","url":"https:\/\/secure.gravatar.com\/avatar\/9c877d1a6adc2a055330e5c09a8653ce?s=96&d=mm&r=g","contentUrl":"https:\/\/secure.gravatar.com\/avatar\/9c877d1a6adc2a055330e5c09a8653ce?s=96&d=mm&r=g","caption":"Bruna Greco"}}]}},"_links":{"self":[{"href":"https:\/\/www.manaus.am.gov.br\/semcom\/wp-json\/wp\/v2\/posts\/249531"}],"collection":[{"href":"https:\/\/www.manaus.am.gov.br\/semcom\/wp-json\/wp\/v2\/posts"}],"about":[{"href":"https:\/\/www.manaus.am.gov.br\/semcom\/wp-json\/wp\/v2\/types\/post"}],"author":[{"embeddable":true,"href":"https:\/\/www.manaus.am.gov.br\/semcom\/wp-json\/wp\/v2\/users\/39"}],"replies":[{"embeddable":true,"href":"https:\/\/www.manaus.am.gov.br\/semcom\/wp-json\/wp\/v2\/comments?post=249531"}],"version-history":[{"count":3,"href":"https:\/\/www.manaus.am.gov.br\/semcom\/wp-json\/wp\/v2\/posts\/249531\/revisions"}],"predecessor-version":[{"id":249540,"href":"https:\/\/www.manaus.am.gov.br\/semcom\/wp-json\/wp\/v2\/posts\/249531\/revisions\/249540"}],"wp:featuredmedia":[{"embeddable":true,"href":"https:\/\/www.manaus.am.gov.br\/semcom\/wp-json\/wp\/v2\/media\/249533"}],"wp:attachment":[{"href":"https:\/\/www.manaus.am.gov.br\/semcom\/wp-json\/wp\/v2\/media?parent=249531"}],"wp:term":[{"taxonomy":"category","embeddable":true,"href":"https:\/\/www.manaus.am.gov.br\/semcom\/wp-json\/wp\/v2\/categories?post=249531"},{"taxonomy":"post_tag","embeddable":true,"href":"https:\/\/www.manaus.am.gov.br\/semcom\/wp-json\/wp\/v2\/tags?post=249531"}],"curies":[{"name":"wp","href":"https:\/\/api.w.org\/{rel}","templated":true}]}}