{"id":249523,"date":"2025-12-10T16:04:15","date_gmt":"2025-12-10T20:04:15","guid":{"rendered":"https:\/\/www.manaus.am.gov.br\/semcom\/consulta-publica-plano-municipal-de-saneamento-basico\/"},"modified":"2025-12-10T17:05:24","modified_gmt":"2025-12-10T20:05:24","slug":"consulta-publica-plano-municipal-de-saneamento-basico","status":"publish","type":"post","link":"https:\/\/www.manaus.am.gov.br\/semcom\/consulta-publica-plano-municipal-de-saneamento-basico\/","title":{"rendered":"Prefeitura convida popula\u00e7\u00e3o a participar da Consulta P\u00fablica de elabora\u00e7\u00e3o do Plano Municipal de Saneamento B\u00e1sico"},"content":{"rendered":"\n<p>A Prefeitura de Manaus realiza, nesta quinta-feira, 11\/12, a Consulta P\u00fablica do Plano Municipal de Saneamento B\u00e1sico (PMSB), em live que ser\u00e1 transmitida por meio do Facebook e YouTube da prefeitura, a partir das 10h. A popula\u00e7\u00e3o pode participar, enviando sugest\u00f5es, opini\u00f5es e cr\u00edticas, por meio do endere\u00e7o eletr\u00f4nico,&nbsp;<a href=\"https:\/\/planodesaneamento.manaus.am.gov.br\/consulta-publica\/\" target=\"_blank\" rel=\"noreferrer noopener\">https:\/\/planodesaneamento.manaus.am.gov.br\/consulta-publica\/<\/a>, de 11\/12 a 9\/2\/2026.<\/p>\n\n\n\n<p>A Consulta P\u00fablica integra as a\u00e7\u00f5es de escuta ativa, transpar\u00eancia e controle social, que orientam a revis\u00e3o do PMSB e visa qualificar o planejamento do saneamento b\u00e1sico para os pr\u00f3ximos 20 anos.<\/p>\n\n\n\n<p>O plano, elaborado com apoio t\u00e9cnico da Funda\u00e7\u00e3o de Empreendimentos Cient\u00edficos e Tecnol\u00f3gicos (Finatec), \u00e9 um importante passo para a gest\u00e3o municipal, como afirma o controlador-geral do munic\u00edpio, Alessandro Moreira. \u201cSer\u00e1 uma grande ferramenta orientativa da evolu\u00e7\u00e3o do saneamento na cidade de Manaus nos pr\u00f3ximos anos\u201d, pontuou.<\/p>\n\n\n\n<p>O controlador-geral enfatiza que Manaus ter\u00e1 pela primeira vez na sua hist\u00f3ria um plano de saneamento b\u00e1sico integrado com as quatro grandes \u00e1reas:&nbsp; abastecimento de \u00e1gua, coleta e tratamento de esgoto, gest\u00e3o de res\u00edduos s\u00f3lidos e drenagem. Ele explica ainda a import\u00e2ncia da elabora\u00e7\u00e3o do plano, feito por entes a n\u00edvel nacional e internacional.&nbsp;<\/p>\n\n\n\n<p><br>\u201cEsse plano foi elaborado com a participa\u00e7\u00e3o de especialistas locais daqui de Manaus, da Universidade Federal do Amazonas (Ufam), de especialistas nacionais de Bras\u00edlia, Rio de Janeiro, S\u00e3o Paulo, Pernambuco e com experi\u00eancia de fora do Brasil, notadamente de Portugal com a participa\u00e7\u00e3o da Lipor, que \u00e9 um cons\u00f3rcio de gest\u00e3o de res\u00edduos s\u00f3lidos da regi\u00e3o de Porto\u201d, explicou Moreira.<\/p>\n\n\n\n<p><br>O controlador-geral do munic\u00edpio convida a popula\u00e7\u00e3o a participar, refor\u00e7ando o compromisso da gest\u00e3o municipal de aproximar a sociedade das a\u00e7\u00f5es do poder p\u00fablico. \u201cAs nossas expectativas s\u00e3o muito grandes em rela\u00e7\u00e3o \u00e0 participa\u00e7\u00e3o da sociedade e contamos com a colabora\u00e7\u00e3o e a participa\u00e7\u00e3o de todos para elaborarmos esse plano fundamental para a cidade\u201d, concluiu.<\/p>\n\n\n\n<figure class=\"wp-block-image size-large\"><img loading=\"lazy\" decoding=\"async\" width=\"1024\" height=\"576\" src=\"https:\/\/www.manaus.am.gov.br\/semcom\/wp-content\/uploads\/sites\/5\/2025\/12\/IMG_6255-1536x864-1-1024x576.jpg\" alt=\"\" class=\"wp-image-249526\" srcset=\"https:\/\/www.manaus.am.gov.br\/semcom\/wp-content\/uploads\/sites\/5\/2025\/12\/IMG_6255-1536x864-1-1024x576.jpg 1024w, https:\/\/www.manaus.am.gov.br\/semcom\/wp-content\/uploads\/sites\/5\/2025\/12\/IMG_6255-1536x864-1-300x169.jpg 300w, https:\/\/www.manaus.am.gov.br\/semcom\/wp-content\/uploads\/sites\/5\/2025\/12\/IMG_6255-1536x864-1-768x432.jpg 768w, https:\/\/www.manaus.am.gov.br\/semcom\/wp-content\/uploads\/sites\/5\/2025\/12\/IMG_6255-1536x864-1.jpg 1536w\" sizes=\"(max-width: 1024px) 100vw, 1024px\" \/><figcaption class=\"wp-element-caption\">#paratodosverem &#8211; Equipe da Seminf realizando servi\u00e7os de recupera\u00e7\u00e3o de drenagem em via da cidade<\/figcaption><\/figure>\n\n\n\n<p><br>&#8212; &#8212; &#8212;<\/p>\n\n\n\n<p><strong>Texto &#8211;<\/strong>&nbsp;Oliveira Junior\/CGM<\/p>\n\n\n\n<p><strong>Fotos \u2013 <\/strong>Arquivo\/Semcom<\/p>\n","protected":false},"excerpt":{"rendered":"","protected":false},"author":39,"featured_media":249524,"comment_status":"closed","ping_status":"closed","sticky":false,"template":"","format":"standard","meta":{"footnotes":""},"categories":[2371],"tags":[1916,7367,7788,14620,77],"acf":[],"yoast_head":"<!-- This site is optimized with the Yoast SEO plugin v23.0 - https:\/\/yoast.com\/wordpress\/plugins\/seo\/ -->\n<title>Prefeitura convida popula\u00e7\u00e3o a participar da Consulta P\u00fablica de elabora\u00e7\u00e3o do Plano Municipal de Saneamento B\u00e1sico<\/title>\n<meta name=\"description\" content=\"Prefeitura convida popula\u00e7\u00e3o a participar da Consulta P\u00fablica de elabora\u00e7\u00e3o do Plano Municipal de Saneamento B\u00e1sico.\" \/>\n<meta name=\"robots\" content=\"index, follow, max-snippet:-1, max-image-preview:large, max-video-preview:-1\" \/>\n<link rel=\"canonical\" href=\"https:\/\/www.manaus.am.gov.br\/semcom\/consulta-publica-plano-municipal-de-saneamento-basico\/\" \/>\n<meta property=\"og:locale\" content=\"pt_BR\" \/>\n<meta property=\"og:type\" content=\"article\" \/>\n<meta property=\"og:title\" content=\"Prefeitura convida popula\u00e7\u00e3o a participar da Consulta P\u00fablica de elabora\u00e7\u00e3o do Plano Municipal de Saneamento B\u00e1sico\" \/>\n<meta property=\"og:description\" content=\"Prefeitura convida popula\u00e7\u00e3o a participar da Consulta P\u00fablica de elabora\u00e7\u00e3o do Plano Municipal de Saneamento B\u00e1sico.\" \/>\n<meta property=\"og:url\" content=\"https:\/\/www.manaus.am.gov.br\/semcom\/consulta-publica-plano-municipal-de-saneamento-basico\/\" \/>\n<meta property=\"og:site_name\" content=\"SEMCOM\" \/>\n<meta property=\"article:published_time\" content=\"2025-12-10T20:04:15+00:00\" \/>\n<meta property=\"article:modified_time\" content=\"2025-12-10T20:05:24+00:00\" \/>\n<meta property=\"og:image\" content=\"https:\/\/www.manaus.am.gov.br\/semcom\/wp-content\/uploads\/sites\/5\/2025\/12\/54860853656_7b79cfa336_o-1024x576.jpg\" \/>\n\t<meta property=\"og:image:width\" content=\"1024\" \/>\n\t<meta property=\"og:image:height\" content=\"576\" \/>\n\t<meta property=\"og:image:type\" content=\"image\/jpeg\" \/>\n<meta name=\"author\" content=\"Bruna Greco\" \/>\n<meta name=\"twitter:card\" content=\"summary_large_image\" \/>\n<meta name=\"twitter:label1\" content=\"Written by\" \/>\n\t<meta name=\"twitter:data1\" content=\"Bruna Greco\" \/>\n\t<meta name=\"twitter:label2\" content=\"Est. reading time\" \/>\n\t<meta name=\"twitter:data2\" content=\"3 minutos\" \/>\n<script type=\"application\/ld+json\" class=\"yoast-schema-graph\">{\"@context\":\"https:\/\/schema.org\",\"@graph\":[{\"@type\":\"WebPage\",\"@id\":\"https:\/\/www.manaus.am.gov.br\/semcom\/consulta-publica-plano-municipal-de-saneamento-basico\/\",\"url\":\"https:\/\/www.manaus.am.gov.br\/semcom\/consulta-publica-plano-municipal-de-saneamento-basico\/\",\"name\":\"Prefeitura convida popula\u00e7\u00e3o a participar da Consulta P\u00fablica de elabora\u00e7\u00e3o do Plano Municipal de Saneamento B\u00e1sico\",\"isPartOf\":{\"@id\":\"https:\/\/www.manaus.am.gov.br\/semcom\/#website\"},\"primaryImageOfPage\":{\"@id\":\"https:\/\/www.manaus.am.gov.br\/semcom\/consulta-publica-plano-municipal-de-saneamento-basico\/#primaryimage\"},\"image\":{\"@id\":\"https:\/\/www.manaus.am.gov.br\/semcom\/consulta-publica-plano-municipal-de-saneamento-basico\/#primaryimage\"},\"thumbnailUrl\":\"https:\/\/www.manaus.am.gov.br\/semcom\/wp-content\/uploads\/sites\/5\/2025\/12\/54860853656_7b79cfa336_o.jpg\",\"datePublished\":\"2025-12-10T20:04:15+00:00\",\"dateModified\":\"2025-12-10T20:05:24+00:00\",\"author\":{\"@id\":\"https:\/\/www.manaus.am.gov.br\/semcom\/#\/schema\/person\/05d223aea2bf115f9883a6ff3683d81b\"},\"description\":\"Prefeitura convida popula\u00e7\u00e3o a participar da Consulta P\u00fablica de elabora\u00e7\u00e3o do Plano Municipal de Saneamento B\u00e1sico.\",\"inLanguage\":\"pt-BR\",\"potentialAction\":[{\"@type\":\"ReadAction\",\"target\":[\"https:\/\/www.manaus.am.gov.br\/semcom\/consulta-publica-plano-municipal-de-saneamento-basico\/\"]}]},{\"@type\":\"ImageObject\",\"inLanguage\":\"pt-BR\",\"@id\":\"https:\/\/www.manaus.am.gov.br\/semcom\/consulta-publica-plano-municipal-de-saneamento-basico\/#primaryimage\",\"url\":\"https:\/\/www.manaus.am.gov.br\/semcom\/wp-content\/uploads\/sites\/5\/2025\/12\/54860853656_7b79cfa336_o.jpg\",\"contentUrl\":\"https:\/\/www.manaus.am.gov.br\/semcom\/wp-content\/uploads\/sites\/5\/2025\/12\/54860853656_7b79cfa336_o.jpg\",\"width\":5000,\"height\":2813,\"caption\":\"#paratodosverem - Imagem a\u00e9rea do Aterro Sanit\u00e1rio de Manaus\"},{\"@type\":\"WebSite\",\"@id\":\"https:\/\/www.manaus.am.gov.br\/semcom\/#website\",\"url\":\"https:\/\/www.manaus.am.gov.br\/semcom\/\",\"name\":\"SEMCOM\",\"description\":\"Secretaria Municipal de Comunica\u00e7\u00e3o\",\"potentialAction\":[{\"@type\":\"SearchAction\",\"target\":{\"@type\":\"EntryPoint\",\"urlTemplate\":\"https:\/\/www.manaus.am.gov.br\/semcom\/?s={search_term_string}\"},\"query-input\":\"required name=search_term_string\"}],\"inLanguage\":\"pt-BR\"},{\"@type\":\"Person\",\"@id\":\"https:\/\/www.manaus.am.gov.br\/semcom\/#\/schema\/person\/05d223aea2bf115f9883a6ff3683d81b\",\"name\":\"Bruna Greco\",\"image\":{\"@type\":\"ImageObject\",\"inLanguage\":\"pt-BR\",\"@id\":\"https:\/\/www.manaus.am.gov.br\/semcom\/#\/schema\/person\/image\/\",\"url\":\"https:\/\/secure.gravatar.com\/avatar\/9c877d1a6adc2a055330e5c09a8653ce?s=96&d=mm&r=g\",\"contentUrl\":\"https:\/\/secure.gravatar.com\/avatar\/9c877d1a6adc2a055330e5c09a8653ce?s=96&d=mm&r=g\",\"caption\":\"Bruna Greco\"}}]}<\/script>\n<!-- \/ Yoast SEO plugin. -->","yoast_head_json":{"title":"Prefeitura convida popula\u00e7\u00e3o a participar da Consulta P\u00fablica de elabora\u00e7\u00e3o do Plano Municipal de Saneamento B\u00e1sico","description":"Prefeitura convida popula\u00e7\u00e3o a participar da Consulta P\u00fablica de elabora\u00e7\u00e3o do Plano Municipal de Saneamento B\u00e1sico.","robots":{"index":"index","follow":"follow","max-snippet":"max-snippet:-1","max-image-preview":"max-image-preview:large","max-video-preview":"max-video-preview:-1"},"canonical":"https:\/\/www.manaus.am.gov.br\/semcom\/consulta-publica-plano-municipal-de-saneamento-basico\/","og_locale":"pt_BR","og_type":"article","og_title":"Prefeitura convida popula\u00e7\u00e3o a participar da Consulta P\u00fablica de elabora\u00e7\u00e3o do Plano Municipal de Saneamento B\u00e1sico","og_description":"Prefeitura convida popula\u00e7\u00e3o a participar da Consulta P\u00fablica de elabora\u00e7\u00e3o do Plano Municipal de Saneamento B\u00e1sico.","og_url":"https:\/\/www.manaus.am.gov.br\/semcom\/consulta-publica-plano-municipal-de-saneamento-basico\/","og_site_name":"SEMCOM","article_published_time":"2025-12-10T20:04:15+00:00","article_modified_time":"2025-12-10T20:05:24+00:00","og_image":[{"width":1024,"height":576,"url":"https:\/\/www.manaus.am.gov.br\/semcom\/wp-content\/uploads\/sites\/5\/2025\/12\/54860853656_7b79cfa336_o-1024x576.jpg","type":"image\/jpeg"}],"author":"Bruna Greco","twitter_card":"summary_large_image","twitter_misc":{"Written by":"Bruna Greco","Est. reading time":"3 minutos"},"schema":{"@context":"https:\/\/schema.org","@graph":[{"@type":"WebPage","@id":"https:\/\/www.manaus.am.gov.br\/semcom\/consulta-publica-plano-municipal-de-saneamento-basico\/","url":"https:\/\/www.manaus.am.gov.br\/semcom\/consulta-publica-plano-municipal-de-saneamento-basico\/","name":"Prefeitura convida popula\u00e7\u00e3o a participar da Consulta P\u00fablica de elabora\u00e7\u00e3o do Plano Municipal de Saneamento B\u00e1sico","isPartOf":{"@id":"https:\/\/www.manaus.am.gov.br\/semcom\/#website"},"primaryImageOfPage":{"@id":"https:\/\/www.manaus.am.gov.br\/semcom\/consulta-publica-plano-municipal-de-saneamento-basico\/#primaryimage"},"image":{"@id":"https:\/\/www.manaus.am.gov.br\/semcom\/consulta-publica-plano-municipal-de-saneamento-basico\/#primaryimage"},"thumbnailUrl":"https:\/\/www.manaus.am.gov.br\/semcom\/wp-content\/uploads\/sites\/5\/2025\/12\/54860853656_7b79cfa336_o.jpg","datePublished":"2025-12-10T20:04:15+00:00","dateModified":"2025-12-10T20:05:24+00:00","author":{"@id":"https:\/\/www.manaus.am.gov.br\/semcom\/#\/schema\/person\/05d223aea2bf115f9883a6ff3683d81b"},"description":"Prefeitura convida popula\u00e7\u00e3o a participar da Consulta P\u00fablica de elabora\u00e7\u00e3o do Plano Municipal de Saneamento B\u00e1sico.","inLanguage":"pt-BR","potentialAction":[{"@type":"ReadAction","target":["https:\/\/www.manaus.am.gov.br\/semcom\/consulta-publica-plano-municipal-de-saneamento-basico\/"]}]},{"@type":"ImageObject","inLanguage":"pt-BR","@id":"https:\/\/www.manaus.am.gov.br\/semcom\/consulta-publica-plano-municipal-de-saneamento-basico\/#primaryimage","url":"https:\/\/www.manaus.am.gov.br\/semcom\/wp-content\/uploads\/sites\/5\/2025\/12\/54860853656_7b79cfa336_o.jpg","contentUrl":"https:\/\/www.manaus.am.gov.br\/semcom\/wp-content\/uploads\/sites\/5\/2025\/12\/54860853656_7b79cfa336_o.jpg","width":5000,"height":2813,"caption":"#paratodosverem - Imagem a\u00e9rea do Aterro Sanit\u00e1rio de Manaus"},{"@type":"WebSite","@id":"https:\/\/www.manaus.am.gov.br\/semcom\/#website","url":"https:\/\/www.manaus.am.gov.br\/semcom\/","name":"SEMCOM","description":"Secretaria Municipal de Comunica\u00e7\u00e3o","potentialAction":[{"@type":"SearchAction","target":{"@type":"EntryPoint","urlTemplate":"https:\/\/www.manaus.am.gov.br\/semcom\/?s={search_term_string}"},"query-input":"required name=search_term_string"}],"inLanguage":"pt-BR"},{"@type":"Person","@id":"https:\/\/www.manaus.am.gov.br\/semcom\/#\/schema\/person\/05d223aea2bf115f9883a6ff3683d81b","name":"Bruna Greco","image":{"@type":"ImageObject","inLanguage":"pt-BR","@id":"https:\/\/www.manaus.am.gov.br\/semcom\/#\/schema\/person\/image\/","url":"https:\/\/secure.gravatar.com\/avatar\/9c877d1a6adc2a055330e5c09a8653ce?s=96&d=mm&r=g","contentUrl":"https:\/\/secure.gravatar.com\/avatar\/9c877d1a6adc2a055330e5c09a8653ce?s=96&d=mm&r=g","caption":"Bruna Greco"}}]}},"_links":{"self":[{"href":"https:\/\/www.manaus.am.gov.br\/semcom\/wp-json\/wp\/v2\/posts\/249523"}],"collection":[{"href":"https:\/\/www.manaus.am.gov.br\/semcom\/wp-json\/wp\/v2\/posts"}],"about":[{"href":"https:\/\/www.manaus.am.gov.br\/semcom\/wp-json\/wp\/v2\/types\/post"}],"author":[{"embeddable":true,"href":"https:\/\/www.manaus.am.gov.br\/semcom\/wp-json\/wp\/v2\/users\/39"}],"replies":[{"embeddable":true,"href":"https:\/\/www.manaus.am.gov.br\/semcom\/wp-json\/wp\/v2\/comments?post=249523"}],"version-history":[{"count":2,"href":"https:\/\/www.manaus.am.gov.br\/semcom\/wp-json\/wp\/v2\/posts\/249523\/revisions"}],"predecessor-version":[{"id":249527,"href":"https:\/\/www.manaus.am.gov.br\/semcom\/wp-json\/wp\/v2\/posts\/249523\/revisions\/249527"}],"wp:featuredmedia":[{"embeddable":true,"href":"https:\/\/www.manaus.am.gov.br\/semcom\/wp-json\/wp\/v2\/media\/249524"}],"wp:attachment":[{"href":"https:\/\/www.manaus.am.gov.br\/semcom\/wp-json\/wp\/v2\/media?parent=249523"}],"wp:term":[{"taxonomy":"category","embeddable":true,"href":"https:\/\/www.manaus.am.gov.br\/semcom\/wp-json\/wp\/v2\/categories?post=249523"},{"taxonomy":"post_tag","embeddable":true,"href":"https:\/\/www.manaus.am.gov.br\/semcom\/wp-json\/wp\/v2\/tags?post=249523"}],"curies":[{"name":"wp","href":"https:\/\/api.w.org\/{rel}","templated":true}]}}