{"id":249487,"date":"2025-12-10T12:25:21","date_gmt":"2025-12-10T15:25:21","guid":{"rendered":"https:\/\/www.manaus.am.gov.br\/semcom\/prefeitura-semtepi-treinamento-trafegopago-2\/"},"modified":"2025-12-10T12:49:18","modified_gmt":"2025-12-10T15:49:18","slug":"prefeitura-treinamento-trafego-pago","status":"publish","type":"post","link":"https:\/\/www.manaus.am.gov.br\/semcom\/prefeitura-treinamento-trafego-pago\/","title":{"rendered":"Prefeitura de Manaus abre 80 vagas para treinamento gratuito de \u2018Tr\u00e1fego Pago\u2019"},"content":{"rendered":"\n<p>A <a href=\"https:\/\/www.manaus.am.gov.br\/\">Prefeitura de Manaus<\/a>, por meio da Secretaria Municipal do Trabalho, Empreendedorismo e Inova\u00e7\u00e3o <a href=\"https:\/\/www.instagram.com\/prefeiturademanaus\/\">(Semtepi)<\/a>, abre, nesta quarta-feira, 10\/12, as inscri\u00e7\u00f5es para mais uma oportunidade gratuita de capacita\u00e7\u00e3o para empreendedores. Ser\u00e3o 80 vagas ofertadas do treinamento\u00a0\u201cTr\u00e1fego Pago\u201d, realizado em parceria com o\u00a0Ambiente Digital. As inscri\u00e7\u00f5es seguem abertas at\u00e9 as 17h de hoje, por meio do link:\u00a0<\/p>\n\n\n\n<figure class=\"wp-block-embed\"><div class=\"wp-block-embed__wrapper\">\nhttps:\/\/docs.google.com\/forms\/d\/e\/1FAIpQLSdlrmLxlvS_rApp2LDFDS9o5g8w_v32ccQwFPr3OMIF5JkGrA\/viewform.\n<\/div><\/figure>\n\n\n\n<p>O treinamento foi elaborado para quem deseja aprender, de forma pr\u00e1tica e estrat\u00e9gica, como divulgar produtos, servi\u00e7os ou marcas no ambiente digital. Durante a forma\u00e7\u00e3o, os participantes ter\u00e3o acesso a conceitos fundamentais, t\u00e9cnicas atualizadas e exerc\u00edcios que ajudam a construir campanhas eficientes, com foco em alcance, engajamento, convers\u00e3o e vendas.<\/p>\n\n\n\n<p>De acordo com o secret\u00e1rio da Semtepi,&nbsp;Alonso Oliveira, a iniciativa refor\u00e7a o compromisso da gest\u00e3o em ampliar a qualifica\u00e7\u00e3o profissional na capital. \u201cEstamos abrindo mais uma porta de oportunidade para quem quer crescer no digital. O treinamento de Tr\u00e1fego Pago oferece conhecimento pr\u00e1tico e acess\u00edvel, permitindo que empreendedores e profissionais de Manaus aumentem suas vendas e ampliem seus neg\u00f3cios por meio da internet. Queremos ver mais pessoas alcan\u00e7ando resultados reais com estrat\u00e9gias modernas e eficientes\u201d, afirmou.<\/p>\n\n\n\n<p>A forma\u00e7\u00e3o vai acontecer nesta sexta-feira, 12\/12, das 9h \u00e0s 12h, na Central do empreendedor, dentro do shopping Phelippe Daou, localizado na&nbsp;<a href=\"https:\/\/www.google.com\/maps\/search\/avenida+Camapu%C3%A3+-+2.939?entry=gmail&amp;source=g\" target=\"_blank\" rel=\"noreferrer noopener\">avenida Camapu\u00e3 &#8211; 2.939<\/a>, bairro Cidade de Deus, zona Norte da cidade. A lista de selecionados ser\u00e1 divulgada em 11\/12.<\/p>\n\n\n\n<p>&#8212; &#8212; &#8212;<\/p>\n\n\n\n<p><strong>Texto e fotos<\/strong>&nbsp;&#8211; Divulga\u00e7\u00e3o \/ Semtepi&nbsp;<\/p>\n","protected":false},"excerpt":{"rendered":"","protected":false},"author":23,"featured_media":249488,"comment_status":"closed","ping_status":"closed","sticky":false,"template":"","format":"standard","meta":{"footnotes":""},"categories":[4981],"tags":[757,77,22,18076,1869],"acf":[],"yoast_head":"<!-- This site is optimized with the Yoast SEO plugin v23.0 - https:\/\/yoast.com\/wordpress\/plugins\/seo\/ -->\n<title>PMM abre 80 vagas para treinamento gratuito de \u2018Tr\u00e1fego Pago\u2019<\/title>\n<meta name=\"description\" content=\"A Prefeitura de Manaus, abre as inscri\u00e7\u00f5es para mais uma oportunidade gratuita de capacita\u00e7\u00e3o para empreendedores. Ser\u00e3o 80 vagas ofertadas .\" \/>\n<meta name=\"robots\" content=\"index, follow, max-snippet:-1, max-image-preview:large, max-video-preview:-1\" \/>\n<link rel=\"canonical\" href=\"https:\/\/www.manaus.am.gov.br\/semcom\/prefeitura-treinamento-trafego-pago\/\" \/>\n<meta property=\"og:locale\" content=\"pt_BR\" \/>\n<meta property=\"og:type\" content=\"article\" \/>\n<meta property=\"og:title\" content=\"PMM abre 80 vagas para treinamento gratuito de \u2018Tr\u00e1fego Pago\u2019\" \/>\n<meta property=\"og:description\" content=\"A Prefeitura de Manaus, abre as inscri\u00e7\u00f5es para mais uma oportunidade gratuita de capacita\u00e7\u00e3o para empreendedores. Ser\u00e3o 80 vagas ofertadas .\" \/>\n<meta property=\"og:url\" content=\"https:\/\/www.manaus.am.gov.br\/semcom\/prefeitura-treinamento-trafego-pago\/\" \/>\n<meta property=\"og:site_name\" content=\"SEMCOM\" \/>\n<meta property=\"article:published_time\" content=\"2025-12-10T15:25:21+00:00\" \/>\n<meta property=\"article:modified_time\" content=\"2025-12-10T15:49:18+00:00\" \/>\n<meta property=\"og:image\" content=\"https:\/\/www.manaus.am.gov.br\/semcom\/wp-content\/uploads\/sites\/5\/2025\/12\/IMG_2617.jpeg\" \/>\n\t<meta property=\"og:image:width\" content=\"4032\" \/>\n\t<meta property=\"og:image:height\" content=\"3024\" \/>\n\t<meta property=\"og:image:type\" content=\"image\/jpeg\" \/>\n<meta name=\"author\" content=\"Adriana Costa\" \/>\n<meta name=\"twitter:card\" content=\"summary_large_image\" \/>\n<meta name=\"twitter:label1\" content=\"Written by\" \/>\n\t<meta name=\"twitter:data1\" content=\"Adriana Costa\" \/>\n\t<meta name=\"twitter:label2\" content=\"Est. reading time\" \/>\n\t<meta name=\"twitter:data2\" content=\"2 minutos\" \/>\n<script type=\"application\/ld+json\" class=\"yoast-schema-graph\">{\"@context\":\"https:\/\/schema.org\",\"@graph\":[{\"@type\":\"WebPage\",\"@id\":\"https:\/\/www.manaus.am.gov.br\/semcom\/prefeitura-treinamento-trafego-pago\/\",\"url\":\"https:\/\/www.manaus.am.gov.br\/semcom\/prefeitura-treinamento-trafego-pago\/\",\"name\":\"PMM abre 80 vagas para treinamento gratuito de \u2018Tr\u00e1fego Pago\u2019\",\"isPartOf\":{\"@id\":\"https:\/\/www.manaus.am.gov.br\/semcom\/#website\"},\"primaryImageOfPage\":{\"@id\":\"https:\/\/www.manaus.am.gov.br\/semcom\/prefeitura-treinamento-trafego-pago\/#primaryimage\"},\"image\":{\"@id\":\"https:\/\/www.manaus.am.gov.br\/semcom\/prefeitura-treinamento-trafego-pago\/#primaryimage\"},\"thumbnailUrl\":\"https:\/\/www.manaus.am.gov.br\/semcom\/wp-content\/uploads\/sites\/5\/2025\/12\/IMG_2617.jpeg\",\"datePublished\":\"2025-12-10T15:25:21+00:00\",\"dateModified\":\"2025-12-10T15:49:18+00:00\",\"author\":{\"@id\":\"https:\/\/www.manaus.am.gov.br\/semcom\/#\/schema\/person\/4e49f4e267757a06ca072ec61b2b9968\"},\"description\":\"A Prefeitura de Manaus, abre as inscri\u00e7\u00f5es para mais uma oportunidade gratuita de capacita\u00e7\u00e3o para empreendedores. Ser\u00e3o 80 vagas ofertadas .\",\"inLanguage\":\"pt-BR\",\"potentialAction\":[{\"@type\":\"ReadAction\",\"target\":[\"https:\/\/www.manaus.am.gov.br\/semcom\/prefeitura-treinamento-trafego-pago\/\"]}]},{\"@type\":\"ImageObject\",\"inLanguage\":\"pt-BR\",\"@id\":\"https:\/\/www.manaus.am.gov.br\/semcom\/prefeitura-treinamento-trafego-pago\/#primaryimage\",\"url\":\"https:\/\/www.manaus.am.gov.br\/semcom\/wp-content\/uploads\/sites\/5\/2025\/12\/IMG_2617.jpeg\",\"contentUrl\":\"https:\/\/www.manaus.am.gov.br\/semcom\/wp-content\/uploads\/sites\/5\/2025\/12\/IMG_2617.jpeg\",\"width\":4032,\"height\":3024,\"caption\":\"#paratodosverem - Sala de treinamento com alunos da Semtepi\"},{\"@type\":\"WebSite\",\"@id\":\"https:\/\/www.manaus.am.gov.br\/semcom\/#website\",\"url\":\"https:\/\/www.manaus.am.gov.br\/semcom\/\",\"name\":\"SEMCOM\",\"description\":\"Secretaria Municipal de Comunica\u00e7\u00e3o\",\"potentialAction\":[{\"@type\":\"SearchAction\",\"target\":{\"@type\":\"EntryPoint\",\"urlTemplate\":\"https:\/\/www.manaus.am.gov.br\/semcom\/?s={search_term_string}\"},\"query-input\":\"required name=search_term_string\"}],\"inLanguage\":\"pt-BR\"},{\"@type\":\"Person\",\"@id\":\"https:\/\/www.manaus.am.gov.br\/semcom\/#\/schema\/person\/4e49f4e267757a06ca072ec61b2b9968\",\"name\":\"Adriana Costa\",\"image\":{\"@type\":\"ImageObject\",\"inLanguage\":\"pt-BR\",\"@id\":\"https:\/\/www.manaus.am.gov.br\/semcom\/#\/schema\/person\/image\/\",\"url\":\"https:\/\/secure.gravatar.com\/avatar\/576258617ef7194f718179e766d57bd4?s=96&d=mm&r=g\",\"contentUrl\":\"https:\/\/secure.gravatar.com\/avatar\/576258617ef7194f718179e766d57bd4?s=96&d=mm&r=g\",\"caption\":\"Adriana Costa\"}}]}<\/script>\n<!-- \/ Yoast SEO plugin. -->","yoast_head_json":{"title":"PMM abre 80 vagas para treinamento gratuito de \u2018Tr\u00e1fego Pago\u2019","description":"A Prefeitura de Manaus, abre as inscri\u00e7\u00f5es para mais uma oportunidade gratuita de capacita\u00e7\u00e3o para empreendedores. Ser\u00e3o 80 vagas ofertadas .","robots":{"index":"index","follow":"follow","max-snippet":"max-snippet:-1","max-image-preview":"max-image-preview:large","max-video-preview":"max-video-preview:-1"},"canonical":"https:\/\/www.manaus.am.gov.br\/semcom\/prefeitura-treinamento-trafego-pago\/","og_locale":"pt_BR","og_type":"article","og_title":"PMM abre 80 vagas para treinamento gratuito de \u2018Tr\u00e1fego Pago\u2019","og_description":"A Prefeitura de Manaus, abre as inscri\u00e7\u00f5es para mais uma oportunidade gratuita de capacita\u00e7\u00e3o para empreendedores. Ser\u00e3o 80 vagas ofertadas .","og_url":"https:\/\/www.manaus.am.gov.br\/semcom\/prefeitura-treinamento-trafego-pago\/","og_site_name":"SEMCOM","article_published_time":"2025-12-10T15:25:21+00:00","article_modified_time":"2025-12-10T15:49:18+00:00","og_image":[{"width":4032,"height":3024,"url":"https:\/\/www.manaus.am.gov.br\/semcom\/wp-content\/uploads\/sites\/5\/2025\/12\/IMG_2617.jpeg","type":"image\/jpeg"}],"author":"Adriana Costa","twitter_card":"summary_large_image","twitter_misc":{"Written by":"Adriana Costa","Est. reading time":"2 minutos"},"schema":{"@context":"https:\/\/schema.org","@graph":[{"@type":"WebPage","@id":"https:\/\/www.manaus.am.gov.br\/semcom\/prefeitura-treinamento-trafego-pago\/","url":"https:\/\/www.manaus.am.gov.br\/semcom\/prefeitura-treinamento-trafego-pago\/","name":"PMM abre 80 vagas para treinamento gratuito de \u2018Tr\u00e1fego Pago\u2019","isPartOf":{"@id":"https:\/\/www.manaus.am.gov.br\/semcom\/#website"},"primaryImageOfPage":{"@id":"https:\/\/www.manaus.am.gov.br\/semcom\/prefeitura-treinamento-trafego-pago\/#primaryimage"},"image":{"@id":"https:\/\/www.manaus.am.gov.br\/semcom\/prefeitura-treinamento-trafego-pago\/#primaryimage"},"thumbnailUrl":"https:\/\/www.manaus.am.gov.br\/semcom\/wp-content\/uploads\/sites\/5\/2025\/12\/IMG_2617.jpeg","datePublished":"2025-12-10T15:25:21+00:00","dateModified":"2025-12-10T15:49:18+00:00","author":{"@id":"https:\/\/www.manaus.am.gov.br\/semcom\/#\/schema\/person\/4e49f4e267757a06ca072ec61b2b9968"},"description":"A Prefeitura de Manaus, abre as inscri\u00e7\u00f5es para mais uma oportunidade gratuita de capacita\u00e7\u00e3o para empreendedores. Ser\u00e3o 80 vagas ofertadas .","inLanguage":"pt-BR","potentialAction":[{"@type":"ReadAction","target":["https:\/\/www.manaus.am.gov.br\/semcom\/prefeitura-treinamento-trafego-pago\/"]}]},{"@type":"ImageObject","inLanguage":"pt-BR","@id":"https:\/\/www.manaus.am.gov.br\/semcom\/prefeitura-treinamento-trafego-pago\/#primaryimage","url":"https:\/\/www.manaus.am.gov.br\/semcom\/wp-content\/uploads\/sites\/5\/2025\/12\/IMG_2617.jpeg","contentUrl":"https:\/\/www.manaus.am.gov.br\/semcom\/wp-content\/uploads\/sites\/5\/2025\/12\/IMG_2617.jpeg","width":4032,"height":3024,"caption":"#paratodosverem - Sala de treinamento com alunos da Semtepi"},{"@type":"WebSite","@id":"https:\/\/www.manaus.am.gov.br\/semcom\/#website","url":"https:\/\/www.manaus.am.gov.br\/semcom\/","name":"SEMCOM","description":"Secretaria Municipal de Comunica\u00e7\u00e3o","potentialAction":[{"@type":"SearchAction","target":{"@type":"EntryPoint","urlTemplate":"https:\/\/www.manaus.am.gov.br\/semcom\/?s={search_term_string}"},"query-input":"required name=search_term_string"}],"inLanguage":"pt-BR"},{"@type":"Person","@id":"https:\/\/www.manaus.am.gov.br\/semcom\/#\/schema\/person\/4e49f4e267757a06ca072ec61b2b9968","name":"Adriana Costa","image":{"@type":"ImageObject","inLanguage":"pt-BR","@id":"https:\/\/www.manaus.am.gov.br\/semcom\/#\/schema\/person\/image\/","url":"https:\/\/secure.gravatar.com\/avatar\/576258617ef7194f718179e766d57bd4?s=96&d=mm&r=g","contentUrl":"https:\/\/secure.gravatar.com\/avatar\/576258617ef7194f718179e766d57bd4?s=96&d=mm&r=g","caption":"Adriana Costa"}}]}},"_links":{"self":[{"href":"https:\/\/www.manaus.am.gov.br\/semcom\/wp-json\/wp\/v2\/posts\/249487"}],"collection":[{"href":"https:\/\/www.manaus.am.gov.br\/semcom\/wp-json\/wp\/v2\/posts"}],"about":[{"href":"https:\/\/www.manaus.am.gov.br\/semcom\/wp-json\/wp\/v2\/types\/post"}],"author":[{"embeddable":true,"href":"https:\/\/www.manaus.am.gov.br\/semcom\/wp-json\/wp\/v2\/users\/23"}],"replies":[{"embeddable":true,"href":"https:\/\/www.manaus.am.gov.br\/semcom\/wp-json\/wp\/v2\/comments?post=249487"}],"version-history":[{"count":1,"href":"https:\/\/www.manaus.am.gov.br\/semcom\/wp-json\/wp\/v2\/posts\/249487\/revisions"}],"predecessor-version":[{"id":249498,"href":"https:\/\/www.manaus.am.gov.br\/semcom\/wp-json\/wp\/v2\/posts\/249487\/revisions\/249498"}],"wp:featuredmedia":[{"embeddable":true,"href":"https:\/\/www.manaus.am.gov.br\/semcom\/wp-json\/wp\/v2\/media\/249488"}],"wp:attachment":[{"href":"https:\/\/www.manaus.am.gov.br\/semcom\/wp-json\/wp\/v2\/media?parent=249487"}],"wp:term":[{"taxonomy":"category","embeddable":true,"href":"https:\/\/www.manaus.am.gov.br\/semcom\/wp-json\/wp\/v2\/categories?post=249487"},{"taxonomy":"post_tag","embeddable":true,"href":"https:\/\/www.manaus.am.gov.br\/semcom\/wp-json\/wp\/v2\/tags?post=249487"}],"curies":[{"name":"wp","href":"https:\/\/api.w.org\/{rel}","templated":true}]}}