{"id":249459,"date":"2025-12-09T20:24:40","date_gmt":"2025-12-09T23:24:40","guid":{"rendered":"https:\/\/www.manaus.am.gov.br\/semcom\/sede-da-cgm-reformada\/"},"modified":"2025-12-09T20:25:40","modified_gmt":"2025-12-09T23:25:40","slug":"sede-da-cgm-reformada","status":"publish","type":"post","link":"https:\/\/www.manaus.am.gov.br\/semcom\/sede-da-cgm-reformada\/","title":{"rendered":"Prefeito David Almeida entrega sede da CGM reformada e consolida moderniza\u00e7\u00e3o, tecnologia e valoriza\u00e7\u00e3o dos servidores"},"content":{"rendered":"\n<p>A Prefeitura de Manaus inaugurou, nesta ter\u00e7a-feira, 9\/12, a sede reformada da Controladoria-Geral do Munic\u00edpio (CGM), marcando um passo decisivo na moderniza\u00e7\u00e3o das estruturas de controle interno, na valoriza\u00e7\u00e3o dos servidores e na amplia\u00e7\u00e3o da transpar\u00eancia p\u00fablica. A entrega foi realizada pelo prefeito David Almeida, ao lado do controlador-geral do munic\u00edpio, Alessandro Moreira, e simboliza uma virada hist\u00f3rica na infraestrutura e na capacidade operacional da CGM, justamente em um momento em que Manaus realiza o primeiro concurso p\u00fablico para auditores da sua hist\u00f3ria.<\/p>\n\n\n\n<p>Com a reforma, o espa\u00e7o, localizado na sede da Prefeitura de Manaus, na avenida Brasil, bairro Compensa, zona Oeste, passa a ter condi\u00e7\u00f5es adequadas para receber parte dos 25 novos servidores, al\u00e9m de melhorar o ambiente de trabalho dos que j\u00e1 atuam no \u00f3rg\u00e3o. O espa\u00e7o foi ampliado e reestruturado para comportar at\u00e9 70 servidores, com salas funcionais, \u00e1rea de descanso, refeit\u00f3rio, sala de reuni\u00f5es e gabinetes espec\u00edficos para o subcontrolador e para o ouvidor, antes inexistentes. O conjunto de melhorias garante mais conforto, privacidade e produtividade \u00e0s equipes.<\/p>\n\n\n\n<p>Durante a inaugura\u00e7\u00e3o, o prefeito David Almeida destacou que o investimento n\u00e3o \u00e9 apenas f\u00edsico, mas humano, refor\u00e7ando sua vis\u00e3o de gest\u00e3o voltada para a valoriza\u00e7\u00e3o das pessoas que servem a cidade.<\/p>\n\n\n\n<p>\u201cEssa reforma visa melhorar as estruturas da prefeitura para melhor servir a popula\u00e7\u00e3o e dar qualidade de trabalho aos nossos servidores. As pessoas passam mais tempo no trabalho do que em casa, por isso precisam de um ambiente confort\u00e1vel e adequado para entregar o melhor servi\u00e7o poss\u00edvel aos cidad\u00e3os. Estamos preparando a CGM para esse novo momento, com servidores felizes, bem instalados e motivados\u201d, afirmou o prefeito.<\/p>\n\n\n\n<p>O controlador-geral, Alessandro Moreira, enfatizou que a reestrutura\u00e7\u00e3o representa um reconhecimento ao papel essencial do controle interno e demonstra a compreens\u00e3o do prefeito sobre o impacto direto desse trabalho na qualidade dos servi\u00e7os p\u00fablicos.<\/p>\n\n\n\n<p>\u201cAgrade\u00e7o ao prefeito David Almeida pela aten\u00e7\u00e3o e pela prioridade que tem dado \u00e0 controladoria e \u00e0 ouvidoria. N\u00f3s estruturamos uma \u00e1rea completa para recepcionar os novos servidores e acolher melhor os que j\u00e1 est\u00e3o aqui. Al\u00e9m da reforma f\u00edsica, investimos em equipamentos, computadores, notebooks, solu\u00e7\u00e3o tecnol\u00f3gica, intelig\u00eancia artificial e sistemas que v\u00e3o elevar o padr\u00e3o de Manaus no controle e na transpar\u00eancia\u201d, disse.<\/p>\n\n\n\n<p>A CGM passa agora a operar com um conjunto robusto de tecnologias in\u00e9ditas na administra\u00e7\u00e3o municipal. Entre elas: sistema de auditoria integrado ao Tribunal de Contas do Estado, permitindo respostas mais r\u00e1pidas e qualificadas \u00e0s recomenda\u00e7\u00f5es de controle; sistema de integridade e compliance, que d\u00e1 suporte ao novo C\u00f3digo de \u00c9tica dos Servidores Municipais, criado pela atual gest\u00e3o; ferramenta de integridade de fornecedores, alinhada \u00e0 Lei 14.133, aprovada e sancionada no governo David Almeida; chatbot inteligente para ouvidoria e para pedidos de acesso \u00e0 informa\u00e7\u00e3o; aplica\u00e7\u00e3o de Intelig\u00eancia Artificial para an\u00e1lise de dados, monitoramento de redes sociais e identifica\u00e7\u00e3o de desinforma\u00e7\u00e3o; novo Portal da Transpar\u00eancia, que prepara Manaus para alcan\u00e7ar a qualifica\u00e7\u00e3o Diamante em 2026, hoje o munic\u00edpio j\u00e1 possui a qualifica\u00e7\u00e3o Ouro.<\/p>\n\n\n\n<p>Esses avan\u00e7os permitir\u00e3o que a controladoria tenha maior alcance, precis\u00e3o e agilidade no controle interno, al\u00e9m de ampliar o acesso do cidad\u00e3o a informa\u00e7\u00f5es realmente relevantes sobre sa\u00fade, educa\u00e7\u00e3o, assist\u00eancia social e servi\u00e7os municipais, tornando a transpar\u00eancia mais pr\u00e1tica e \u00fatil no dia a dia da popula\u00e7\u00e3o.<\/p>\n\n\n\n<p>Com a nova sede, a chegada dos auditores e a implementa\u00e7\u00e3o de sistemas modernos, Manaus consolida um dos maiores investimentos da sua hist\u00f3ria na \u00e1rea de controle interno, refor\u00e7ando o compromisso da gest\u00e3o com governan\u00e7a, efici\u00eancia e respeito ao cidad\u00e3o.<\/p>\n\n\n\n<p>\u2014- \u2014- \u2014<br><strong>Texto &#8211; <\/strong>\u00a0Emanuelle Baires \/ Semcom-Prefeito<br><strong>Fotos &#8211;<\/strong> Dhyeizo Lemos \/ Semcom-Prefeito e Antonio Pereira\/Semcom<br><strong>Dispon\u00edveis em &#8211; <\/strong><a href=\"https:\/\/flic.kr\/s\/aHBqjCDc2G\">https:\/\/flic.kr\/s\/aHBqjCDc2G<\/a><\/p>\n","protected":false},"excerpt":{"rendered":"","protected":false},"author":68,"featured_media":249462,"comment_status":"closed","ping_status":"closed","sticky":false,"template":"","format":"standard","meta":{"footnotes":""},"categories":[94],"tags":[18361,35,77,8452,18362],"acf":[],"yoast_head":"<!-- This site is optimized with the Yoast SEO plugin v23.0 - https:\/\/yoast.com\/wordpress\/plugins\/seo\/ -->\n<title>Prefeito David Almeida entrega sede da CGM reformada<\/title>\n<meta name=\"description\" content=\"A Prefeitura de Manaus inaugurou, nesta ter\u00e7a-feira, 9\/12, a sede reformada da Controladoria-Geral do Munic\u00edpio (CGM).\" \/>\n<meta name=\"robots\" content=\"index, follow, max-snippet:-1, max-image-preview:large, max-video-preview:-1\" \/>\n<link rel=\"canonical\" href=\"https:\/\/www.manaus.am.gov.br\/semcom\/sede-da-cgm-reformada\/\" \/>\n<meta property=\"og:locale\" content=\"pt_BR\" \/>\n<meta property=\"og:type\" content=\"article\" \/>\n<meta property=\"og:title\" content=\"Prefeito David Almeida entrega sede da CGM reformada\" \/>\n<meta property=\"og:description\" content=\"A Prefeitura de Manaus inaugurou, nesta ter\u00e7a-feira, 9\/12, a sede reformada da Controladoria-Geral do Munic\u00edpio (CGM).\" \/>\n<meta property=\"og:url\" content=\"https:\/\/www.manaus.am.gov.br\/semcom\/sede-da-cgm-reformada\/\" \/>\n<meta property=\"og:site_name\" content=\"SEMCOM\" \/>\n<meta property=\"article:published_time\" content=\"2025-12-09T23:24:40+00:00\" \/>\n<meta property=\"article:modified_time\" content=\"2025-12-09T23:25:40+00:00\" \/>\n<meta property=\"og:image\" content=\"https:\/\/www.manaus.am.gov.br\/semcom\/wp-content\/uploads\/sites\/5\/2025\/12\/54973862898_f998907385_c.jpg\" \/>\n\t<meta property=\"og:image:width\" content=\"799\" \/>\n\t<meta property=\"og:image:height\" content=\"533\" \/>\n\t<meta property=\"og:image:type\" content=\"image\/jpeg\" \/>\n<meta name=\"author\" content=\"bvalente\" \/>\n<meta name=\"twitter:card\" content=\"summary_large_image\" \/>\n<meta name=\"twitter:label1\" content=\"Written by\" \/>\n\t<meta name=\"twitter:data1\" content=\"bvalente\" \/>\n\t<meta name=\"twitter:label2\" content=\"Est. reading time\" \/>\n\t<meta name=\"twitter:data2\" content=\"4 minutos\" \/>\n<script type=\"application\/ld+json\" class=\"yoast-schema-graph\">{\"@context\":\"https:\/\/schema.org\",\"@graph\":[{\"@type\":\"WebPage\",\"@id\":\"https:\/\/www.manaus.am.gov.br\/semcom\/sede-da-cgm-reformada\/\",\"url\":\"https:\/\/www.manaus.am.gov.br\/semcom\/sede-da-cgm-reformada\/\",\"name\":\"Prefeito David Almeida entrega sede da CGM reformada\",\"isPartOf\":{\"@id\":\"https:\/\/www.manaus.am.gov.br\/semcom\/#website\"},\"primaryImageOfPage\":{\"@id\":\"https:\/\/www.manaus.am.gov.br\/semcom\/sede-da-cgm-reformada\/#primaryimage\"},\"image\":{\"@id\":\"https:\/\/www.manaus.am.gov.br\/semcom\/sede-da-cgm-reformada\/#primaryimage\"},\"thumbnailUrl\":\"https:\/\/www.manaus.am.gov.br\/semcom\/wp-content\/uploads\/sites\/5\/2025\/12\/54973862898_f998907385_c.jpg\",\"datePublished\":\"2025-12-09T23:24:40+00:00\",\"dateModified\":\"2025-12-09T23:25:40+00:00\",\"author\":{\"@id\":\"https:\/\/www.manaus.am.gov.br\/semcom\/#\/schema\/person\/466a0e03ae4b6062809046bd560ac955\"},\"description\":\"A Prefeitura de Manaus inaugurou, nesta ter\u00e7a-feira, 9\/12, a sede reformada da Controladoria-Geral do Munic\u00edpio (CGM).\",\"inLanguage\":\"pt-BR\",\"potentialAction\":[{\"@type\":\"ReadAction\",\"target\":[\"https:\/\/www.manaus.am.gov.br\/semcom\/sede-da-cgm-reformada\/\"]}]},{\"@type\":\"ImageObject\",\"inLanguage\":\"pt-BR\",\"@id\":\"https:\/\/www.manaus.am.gov.br\/semcom\/sede-da-cgm-reformada\/#primaryimage\",\"url\":\"https:\/\/www.manaus.am.gov.br\/semcom\/wp-content\/uploads\/sites\/5\/2025\/12\/54973862898_f998907385_c.jpg\",\"contentUrl\":\"https:\/\/www.manaus.am.gov.br\/semcom\/wp-content\/uploads\/sites\/5\/2025\/12\/54973862898_f998907385_c.jpg\",\"width\":799,\"height\":533,\"caption\":\"#paratodosverem - Prefeito David Almeida durante inaugura\u00e7\u00e3o, com autoridades\"},{\"@type\":\"WebSite\",\"@id\":\"https:\/\/www.manaus.am.gov.br\/semcom\/#website\",\"url\":\"https:\/\/www.manaus.am.gov.br\/semcom\/\",\"name\":\"SEMCOM\",\"description\":\"Secretaria Municipal de Comunica\u00e7\u00e3o\",\"potentialAction\":[{\"@type\":\"SearchAction\",\"target\":{\"@type\":\"EntryPoint\",\"urlTemplate\":\"https:\/\/www.manaus.am.gov.br\/semcom\/?s={search_term_string}\"},\"query-input\":\"required name=search_term_string\"}],\"inLanguage\":\"pt-BR\"},{\"@type\":\"Person\",\"@id\":\"https:\/\/www.manaus.am.gov.br\/semcom\/#\/schema\/person\/466a0e03ae4b6062809046bd560ac955\",\"name\":\"bvalente\",\"image\":{\"@type\":\"ImageObject\",\"inLanguage\":\"pt-BR\",\"@id\":\"https:\/\/www.manaus.am.gov.br\/semcom\/#\/schema\/person\/image\/\",\"url\":\"https:\/\/secure.gravatar.com\/avatar\/3e69bc2b014bdad41adfec3a39de07d2?s=96&d=mm&r=g\",\"contentUrl\":\"https:\/\/secure.gravatar.com\/avatar\/3e69bc2b014bdad41adfec3a39de07d2?s=96&d=mm&r=g\",\"caption\":\"bvalente\"}}]}<\/script>\n<!-- \/ Yoast SEO plugin. -->","yoast_head_json":{"title":"Prefeito David Almeida entrega sede da CGM reformada","description":"A Prefeitura de Manaus inaugurou, nesta ter\u00e7a-feira, 9\/12, a sede reformada da Controladoria-Geral do Munic\u00edpio (CGM).","robots":{"index":"index","follow":"follow","max-snippet":"max-snippet:-1","max-image-preview":"max-image-preview:large","max-video-preview":"max-video-preview:-1"},"canonical":"https:\/\/www.manaus.am.gov.br\/semcom\/sede-da-cgm-reformada\/","og_locale":"pt_BR","og_type":"article","og_title":"Prefeito David Almeida entrega sede da CGM reformada","og_description":"A Prefeitura de Manaus inaugurou, nesta ter\u00e7a-feira, 9\/12, a sede reformada da Controladoria-Geral do Munic\u00edpio (CGM).","og_url":"https:\/\/www.manaus.am.gov.br\/semcom\/sede-da-cgm-reformada\/","og_site_name":"SEMCOM","article_published_time":"2025-12-09T23:24:40+00:00","article_modified_time":"2025-12-09T23:25:40+00:00","og_image":[{"width":799,"height":533,"url":"https:\/\/www.manaus.am.gov.br\/semcom\/wp-content\/uploads\/sites\/5\/2025\/12\/54973862898_f998907385_c.jpg","type":"image\/jpeg"}],"author":"bvalente","twitter_card":"summary_large_image","twitter_misc":{"Written by":"bvalente","Est. reading time":"4 minutos"},"schema":{"@context":"https:\/\/schema.org","@graph":[{"@type":"WebPage","@id":"https:\/\/www.manaus.am.gov.br\/semcom\/sede-da-cgm-reformada\/","url":"https:\/\/www.manaus.am.gov.br\/semcom\/sede-da-cgm-reformada\/","name":"Prefeito David Almeida entrega sede da CGM reformada","isPartOf":{"@id":"https:\/\/www.manaus.am.gov.br\/semcom\/#website"},"primaryImageOfPage":{"@id":"https:\/\/www.manaus.am.gov.br\/semcom\/sede-da-cgm-reformada\/#primaryimage"},"image":{"@id":"https:\/\/www.manaus.am.gov.br\/semcom\/sede-da-cgm-reformada\/#primaryimage"},"thumbnailUrl":"https:\/\/www.manaus.am.gov.br\/semcom\/wp-content\/uploads\/sites\/5\/2025\/12\/54973862898_f998907385_c.jpg","datePublished":"2025-12-09T23:24:40+00:00","dateModified":"2025-12-09T23:25:40+00:00","author":{"@id":"https:\/\/www.manaus.am.gov.br\/semcom\/#\/schema\/person\/466a0e03ae4b6062809046bd560ac955"},"description":"A Prefeitura de Manaus inaugurou, nesta ter\u00e7a-feira, 9\/12, a sede reformada da Controladoria-Geral do Munic\u00edpio (CGM).","inLanguage":"pt-BR","potentialAction":[{"@type":"ReadAction","target":["https:\/\/www.manaus.am.gov.br\/semcom\/sede-da-cgm-reformada\/"]}]},{"@type":"ImageObject","inLanguage":"pt-BR","@id":"https:\/\/www.manaus.am.gov.br\/semcom\/sede-da-cgm-reformada\/#primaryimage","url":"https:\/\/www.manaus.am.gov.br\/semcom\/wp-content\/uploads\/sites\/5\/2025\/12\/54973862898_f998907385_c.jpg","contentUrl":"https:\/\/www.manaus.am.gov.br\/semcom\/wp-content\/uploads\/sites\/5\/2025\/12\/54973862898_f998907385_c.jpg","width":799,"height":533,"caption":"#paratodosverem - Prefeito David Almeida durante inaugura\u00e7\u00e3o, com autoridades"},{"@type":"WebSite","@id":"https:\/\/www.manaus.am.gov.br\/semcom\/#website","url":"https:\/\/www.manaus.am.gov.br\/semcom\/","name":"SEMCOM","description":"Secretaria Municipal de Comunica\u00e7\u00e3o","potentialAction":[{"@type":"SearchAction","target":{"@type":"EntryPoint","urlTemplate":"https:\/\/www.manaus.am.gov.br\/semcom\/?s={search_term_string}"},"query-input":"required name=search_term_string"}],"inLanguage":"pt-BR"},{"@type":"Person","@id":"https:\/\/www.manaus.am.gov.br\/semcom\/#\/schema\/person\/466a0e03ae4b6062809046bd560ac955","name":"bvalente","image":{"@type":"ImageObject","inLanguage":"pt-BR","@id":"https:\/\/www.manaus.am.gov.br\/semcom\/#\/schema\/person\/image\/","url":"https:\/\/secure.gravatar.com\/avatar\/3e69bc2b014bdad41adfec3a39de07d2?s=96&d=mm&r=g","contentUrl":"https:\/\/secure.gravatar.com\/avatar\/3e69bc2b014bdad41adfec3a39de07d2?s=96&d=mm&r=g","caption":"bvalente"}}]}},"_links":{"self":[{"href":"https:\/\/www.manaus.am.gov.br\/semcom\/wp-json\/wp\/v2\/posts\/249459"}],"collection":[{"href":"https:\/\/www.manaus.am.gov.br\/semcom\/wp-json\/wp\/v2\/posts"}],"about":[{"href":"https:\/\/www.manaus.am.gov.br\/semcom\/wp-json\/wp\/v2\/types\/post"}],"author":[{"embeddable":true,"href":"https:\/\/www.manaus.am.gov.br\/semcom\/wp-json\/wp\/v2\/users\/68"}],"replies":[{"embeddable":true,"href":"https:\/\/www.manaus.am.gov.br\/semcom\/wp-json\/wp\/v2\/comments?post=249459"}],"version-history":[{"count":1,"href":"https:\/\/www.manaus.am.gov.br\/semcom\/wp-json\/wp\/v2\/posts\/249459\/revisions"}],"predecessor-version":[{"id":249461,"href":"https:\/\/www.manaus.am.gov.br\/semcom\/wp-json\/wp\/v2\/posts\/249459\/revisions\/249461"}],"wp:featuredmedia":[{"embeddable":true,"href":"https:\/\/www.manaus.am.gov.br\/semcom\/wp-json\/wp\/v2\/media\/249462"}],"wp:attachment":[{"href":"https:\/\/www.manaus.am.gov.br\/semcom\/wp-json\/wp\/v2\/media?parent=249459"}],"wp:term":[{"taxonomy":"category","embeddable":true,"href":"https:\/\/www.manaus.am.gov.br\/semcom\/wp-json\/wp\/v2\/categories?post=249459"},{"taxonomy":"post_tag","embeddable":true,"href":"https:\/\/www.manaus.am.gov.br\/semcom\/wp-json\/wp\/v2\/tags?post=249459"}],"curies":[{"name":"wp","href":"https:\/\/api.w.org\/{rel}","templated":true}]}}