{"id":249455,"date":"2025-12-09T19:08:00","date_gmt":"2025-12-09T22:08:00","guid":{"rendered":"https:\/\/www.manaus.am.gov.br\/semcom\/balanco-acoes-manauscult\/"},"modified":"2025-12-10T10:17:38","modified_gmt":"2025-12-10T13:17:38","slug":"reuniao-geral-diretoria-manauscult","status":"publish","type":"post","link":"https:\/\/www.manaus.am.gov.br\/semcom\/reuniao-geral-diretoria-manauscult\/","title":{"rendered":"Prefeitura de Manaus realiza reuni\u00e3o de planejamento com diretorias da ManausCult e apresenta balan\u00e7o de 2025 e metas para 2026"},"content":{"rendered":"\n<p>A <a href=\"https:\/\/www.manaus.am.gov.br\/\">Prefeitura de Manaus<\/a>, por meio da Funda\u00e7\u00e3o Municipal de Cultura, Turismo e Eventos (ManausCult), realizou, nesta ter\u00e7a-feira, 9\/12, uma reuni\u00e3o geral envolvendo todos os setores e diretorias da institui\u00e7\u00e3o. O encontro teve como objetivo apresentar o balan\u00e7o das a\u00e7\u00f5es desenvolvidas ao longo de 2025 e alinhar as estrat\u00e9gias e metas para o ano de 2026.<\/p>\n\n\n\n<p>Durante a reuni\u00e3o, cada diretoria exp\u00f4s os principais resultados obtidos neste ano, destacando projetos, eventos, indicadores de desempenho e desafios enfrentados no per\u00edodo. A apresenta\u00e7\u00e3o coletiva permitiu uma vis\u00e3o ampla das entregas realizadas pela ManausCult em diferentes \u00e1reas, como cultura, turismo, comunica\u00e7\u00e3o, planejamento e gest\u00e3o administrativa, refor\u00e7ando o compromisso da institui\u00e7\u00e3o com pol\u00edticas p\u00fablicas eficientes e integradas.<\/p>\n\n\n\n<p>O encontro tamb\u00e9m serviu como espa\u00e7o para a constru\u00e7\u00e3o colaborativa do planejamento para 2026, contemplando novas iniciativas, melhorias nos processos internos e o fortalecimento das a\u00e7\u00f5es j\u00e1 existentes. A integra\u00e7\u00e3o dos setores foi apontada como essencial para ampliar o impacto dos projetos culturais e tur\u00edsticos na cidade.<\/p>\n\n\n\n<p>O diretor-presidente da ManausCult, Jender Lobato, destacou a relev\u00e2ncia da reuni\u00e3o para consolidar diretrizes e alinhar expectativas entre as equipes. \u201cEsse momento \u00e9 fundamental para que cada setor compreenda seu papel dentro da funda\u00e7\u00e3o e para que possamos avan\u00e7ar de maneira coordenada. O planejamento \u00e9 o que nos permite entregar resultados reais para a popula\u00e7\u00e3o, com responsabilidade, inova\u00e7\u00e3o e efici\u00eancia\u201d, afirmou.<\/p>\n\n\n\n<p>A ManausCult segue fortalecendo sua atua\u00e7\u00e3o na promo\u00e7\u00e3o da cultura, do turismo e dos eventos na capital, com foco em gest\u00e3o integrada, transpar\u00eancia e melhorias cont\u00ednuas em seus processos.<\/p>\n\n\n\n<p>\u2014- \u2014 \u2014<br><strong>Texto &#8211; <\/strong>J\u00e9ssica Trajano \/ ManausCult&nbsp;<br><strong>Fotos &#8211; <\/strong>Thelson Souza \/ ManausCult&nbsp;<\/p>\n","protected":false},"excerpt":{"rendered":"","protected":false},"author":68,"featured_media":249456,"comment_status":"closed","ping_status":"closed","sticky":false,"template":"","format":"standard","meta":{"footnotes":""},"categories":[578],"tags":[18357,307,77,18358],"acf":[],"yoast_head":"<!-- This site is optimized with the Yoast SEO plugin v23.0 - https:\/\/yoast.com\/wordpress\/plugins\/seo\/ -->\n<title>Prefeitura de Manaus realiza reuni\u00e3o de planejamento com diretorias da ManausCult e apresenta balan\u00e7o de 2025 e metas para 2026<\/title>\n<meta name=\"description\" content=\"A Prefeitura de Manaus, por meio da Funda\u00e7\u00e3o Municipal de Cultura, Turismo e Eventos (ManausCult), realizou, nesta ter\u00e7a-feira, 9\/12, uma reuni\u00e3o geral envolvendo todos os setores e diretorias da institui\u00e7\u00e3o.\" \/>\n<meta name=\"robots\" content=\"index, follow, max-snippet:-1, max-image-preview:large, max-video-preview:-1\" \/>\n<link rel=\"canonical\" href=\"https:\/\/www.manaus.am.gov.br\/semcom\/balanco-acoes-manauscult\/\" \/>\n<meta property=\"og:locale\" content=\"pt_BR\" \/>\n<meta property=\"og:type\" content=\"article\" \/>\n<meta property=\"og:title\" content=\"Prefeitura de Manaus realiza reuni\u00e3o de planejamento com diretorias da ManausCult e apresenta balan\u00e7o de 2025 e metas para 2026\" \/>\n<meta property=\"og:description\" content=\"A Prefeitura de Manaus, por meio da Funda\u00e7\u00e3o Municipal de Cultura, Turismo e Eventos (ManausCult), realizou, nesta ter\u00e7a-feira, 9\/12, uma reuni\u00e3o geral envolvendo todos os setores e diretorias da institui\u00e7\u00e3o.\" \/>\n<meta property=\"og:url\" content=\"https:\/\/www.manaus.am.gov.br\/semcom\/balanco-acoes-manauscult\/\" \/>\n<meta property=\"og:site_name\" content=\"SEMCOM\" \/>\n<meta property=\"article:published_time\" content=\"2025-12-09T22:08:00+00:00\" \/>\n<meta property=\"article:modified_time\" content=\"2025-12-10T13:17:38+00:00\" \/>\n<meta property=\"og:image\" content=\"https:\/\/www.manaus.am.gov.br\/semcom\/wp-content\/uploads\/sites\/5\/2025\/12\/WhatsApp-Image-2025-12-09-at-17.16.56-1.jpeg\" \/>\n\t<meta property=\"og:image:width\" content=\"1280\" \/>\n\t<meta property=\"og:image:height\" content=\"854\" \/>\n\t<meta property=\"og:image:type\" content=\"image\/jpeg\" \/>\n<meta name=\"author\" content=\"bvalente\" \/>\n<meta name=\"twitter:card\" content=\"summary_large_image\" \/>\n<meta name=\"twitter:label1\" content=\"Written by\" \/>\n\t<meta name=\"twitter:data1\" content=\"bvalente\" \/>\n\t<meta name=\"twitter:label2\" content=\"Est. reading time\" \/>\n\t<meta name=\"twitter:data2\" content=\"2 minutos\" \/>\n<script type=\"application\/ld+json\" class=\"yoast-schema-graph\">{\"@context\":\"https:\/\/schema.org\",\"@graph\":[{\"@type\":\"WebPage\",\"@id\":\"https:\/\/www.manaus.am.gov.br\/semcom\/balanco-acoes-manauscult\/\",\"url\":\"https:\/\/www.manaus.am.gov.br\/semcom\/balanco-acoes-manauscult\/\",\"name\":\"Prefeitura de Manaus realiza reuni\u00e3o de planejamento com diretorias da ManausCult e apresenta balan\u00e7o de 2025 e metas para 2026\",\"isPartOf\":{\"@id\":\"https:\/\/www.manaus.am.gov.br\/semcom\/#website\"},\"primaryImageOfPage\":{\"@id\":\"https:\/\/www.manaus.am.gov.br\/semcom\/balanco-acoes-manauscult\/#primaryimage\"},\"image\":{\"@id\":\"https:\/\/www.manaus.am.gov.br\/semcom\/balanco-acoes-manauscult\/#primaryimage\"},\"thumbnailUrl\":\"https:\/\/www.manaus.am.gov.br\/semcom\/wp-content\/uploads\/sites\/5\/2025\/12\/WhatsApp-Image-2025-12-09-at-17.16.56-1.jpeg\",\"datePublished\":\"2025-12-09T22:08:00+00:00\",\"dateModified\":\"2025-12-10T13:17:38+00:00\",\"author\":{\"@id\":\"https:\/\/www.manaus.am.gov.br\/semcom\/#\/schema\/person\/466a0e03ae4b6062809046bd560ac955\"},\"description\":\"A Prefeitura de Manaus, por meio da Funda\u00e7\u00e3o Municipal de Cultura, Turismo e Eventos (ManausCult), realizou, nesta ter\u00e7a-feira, 9\/12, uma reuni\u00e3o geral envolvendo todos os setores e diretorias da institui\u00e7\u00e3o.\",\"inLanguage\":\"pt-BR\",\"potentialAction\":[{\"@type\":\"ReadAction\",\"target\":[\"https:\/\/www.manaus.am.gov.br\/semcom\/balanco-acoes-manauscult\/\"]}]},{\"@type\":\"ImageObject\",\"inLanguage\":\"pt-BR\",\"@id\":\"https:\/\/www.manaus.am.gov.br\/semcom\/balanco-acoes-manauscult\/#primaryimage\",\"url\":\"https:\/\/www.manaus.am.gov.br\/semcom\/wp-content\/uploads\/sites\/5\/2025\/12\/WhatsApp-Image-2025-12-09-at-17.16.56-1.jpeg\",\"contentUrl\":\"https:\/\/www.manaus.am.gov.br\/semcom\/wp-content\/uploads\/sites\/5\/2025\/12\/WhatsApp-Image-2025-12-09-at-17.16.56-1.jpeg\",\"width\":1280,\"height\":854,\"caption\":\"#paratodosverem - Reuni\u00e3o com diretorias da ManausCult\"},{\"@type\":\"WebSite\",\"@id\":\"https:\/\/www.manaus.am.gov.br\/semcom\/#website\",\"url\":\"https:\/\/www.manaus.am.gov.br\/semcom\/\",\"name\":\"SEMCOM\",\"description\":\"Secretaria Municipal de Comunica\u00e7\u00e3o\",\"potentialAction\":[{\"@type\":\"SearchAction\",\"target\":{\"@type\":\"EntryPoint\",\"urlTemplate\":\"https:\/\/www.manaus.am.gov.br\/semcom\/?s={search_term_string}\"},\"query-input\":\"required name=search_term_string\"}],\"inLanguage\":\"pt-BR\"},{\"@type\":\"Person\",\"@id\":\"https:\/\/www.manaus.am.gov.br\/semcom\/#\/schema\/person\/466a0e03ae4b6062809046bd560ac955\",\"name\":\"bvalente\",\"image\":{\"@type\":\"ImageObject\",\"inLanguage\":\"pt-BR\",\"@id\":\"https:\/\/www.manaus.am.gov.br\/semcom\/#\/schema\/person\/image\/\",\"url\":\"https:\/\/secure.gravatar.com\/avatar\/3e69bc2b014bdad41adfec3a39de07d2?s=96&d=mm&r=g\",\"contentUrl\":\"https:\/\/secure.gravatar.com\/avatar\/3e69bc2b014bdad41adfec3a39de07d2?s=96&d=mm&r=g\",\"caption\":\"bvalente\"}}]}<\/script>\n<!-- \/ Yoast SEO plugin. -->","yoast_head_json":{"title":"Prefeitura de Manaus realiza reuni\u00e3o de planejamento com diretorias da ManausCult e apresenta balan\u00e7o de 2025 e metas para 2026","description":"A Prefeitura de Manaus, por meio da Funda\u00e7\u00e3o Municipal de Cultura, Turismo e Eventos (ManausCult), realizou, nesta ter\u00e7a-feira, 9\/12, uma reuni\u00e3o geral envolvendo todos os setores e diretorias da institui\u00e7\u00e3o.","robots":{"index":"index","follow":"follow","max-snippet":"max-snippet:-1","max-image-preview":"max-image-preview:large","max-video-preview":"max-video-preview:-1"},"canonical":"https:\/\/www.manaus.am.gov.br\/semcom\/balanco-acoes-manauscult\/","og_locale":"pt_BR","og_type":"article","og_title":"Prefeitura de Manaus realiza reuni\u00e3o de planejamento com diretorias da ManausCult e apresenta balan\u00e7o de 2025 e metas para 2026","og_description":"A Prefeitura de Manaus, por meio da Funda\u00e7\u00e3o Municipal de Cultura, Turismo e Eventos (ManausCult), realizou, nesta ter\u00e7a-feira, 9\/12, uma reuni\u00e3o geral envolvendo todos os setores e diretorias da institui\u00e7\u00e3o.","og_url":"https:\/\/www.manaus.am.gov.br\/semcom\/balanco-acoes-manauscult\/","og_site_name":"SEMCOM","article_published_time":"2025-12-09T22:08:00+00:00","article_modified_time":"2025-12-10T13:17:38+00:00","og_image":[{"width":1280,"height":854,"url":"https:\/\/www.manaus.am.gov.br\/semcom\/wp-content\/uploads\/sites\/5\/2025\/12\/WhatsApp-Image-2025-12-09-at-17.16.56-1.jpeg","type":"image\/jpeg"}],"author":"bvalente","twitter_card":"summary_large_image","twitter_misc":{"Written by":"bvalente","Est. reading time":"2 minutos"},"schema":{"@context":"https:\/\/schema.org","@graph":[{"@type":"WebPage","@id":"https:\/\/www.manaus.am.gov.br\/semcom\/balanco-acoes-manauscult\/","url":"https:\/\/www.manaus.am.gov.br\/semcom\/balanco-acoes-manauscult\/","name":"Prefeitura de Manaus realiza reuni\u00e3o de planejamento com diretorias da ManausCult e apresenta balan\u00e7o de 2025 e metas para 2026","isPartOf":{"@id":"https:\/\/www.manaus.am.gov.br\/semcom\/#website"},"primaryImageOfPage":{"@id":"https:\/\/www.manaus.am.gov.br\/semcom\/balanco-acoes-manauscult\/#primaryimage"},"image":{"@id":"https:\/\/www.manaus.am.gov.br\/semcom\/balanco-acoes-manauscult\/#primaryimage"},"thumbnailUrl":"https:\/\/www.manaus.am.gov.br\/semcom\/wp-content\/uploads\/sites\/5\/2025\/12\/WhatsApp-Image-2025-12-09-at-17.16.56-1.jpeg","datePublished":"2025-12-09T22:08:00+00:00","dateModified":"2025-12-10T13:17:38+00:00","author":{"@id":"https:\/\/www.manaus.am.gov.br\/semcom\/#\/schema\/person\/466a0e03ae4b6062809046bd560ac955"},"description":"A Prefeitura de Manaus, por meio da Funda\u00e7\u00e3o Municipal de Cultura, Turismo e Eventos (ManausCult), realizou, nesta ter\u00e7a-feira, 9\/12, uma reuni\u00e3o geral envolvendo todos os setores e diretorias da institui\u00e7\u00e3o.","inLanguage":"pt-BR","potentialAction":[{"@type":"ReadAction","target":["https:\/\/www.manaus.am.gov.br\/semcom\/balanco-acoes-manauscult\/"]}]},{"@type":"ImageObject","inLanguage":"pt-BR","@id":"https:\/\/www.manaus.am.gov.br\/semcom\/balanco-acoes-manauscult\/#primaryimage","url":"https:\/\/www.manaus.am.gov.br\/semcom\/wp-content\/uploads\/sites\/5\/2025\/12\/WhatsApp-Image-2025-12-09-at-17.16.56-1.jpeg","contentUrl":"https:\/\/www.manaus.am.gov.br\/semcom\/wp-content\/uploads\/sites\/5\/2025\/12\/WhatsApp-Image-2025-12-09-at-17.16.56-1.jpeg","width":1280,"height":854,"caption":"#paratodosverem - Reuni\u00e3o com diretorias da ManausCult"},{"@type":"WebSite","@id":"https:\/\/www.manaus.am.gov.br\/semcom\/#website","url":"https:\/\/www.manaus.am.gov.br\/semcom\/","name":"SEMCOM","description":"Secretaria Municipal de Comunica\u00e7\u00e3o","potentialAction":[{"@type":"SearchAction","target":{"@type":"EntryPoint","urlTemplate":"https:\/\/www.manaus.am.gov.br\/semcom\/?s={search_term_string}"},"query-input":"required name=search_term_string"}],"inLanguage":"pt-BR"},{"@type":"Person","@id":"https:\/\/www.manaus.am.gov.br\/semcom\/#\/schema\/person\/466a0e03ae4b6062809046bd560ac955","name":"bvalente","image":{"@type":"ImageObject","inLanguage":"pt-BR","@id":"https:\/\/www.manaus.am.gov.br\/semcom\/#\/schema\/person\/image\/","url":"https:\/\/secure.gravatar.com\/avatar\/3e69bc2b014bdad41adfec3a39de07d2?s=96&d=mm&r=g","contentUrl":"https:\/\/secure.gravatar.com\/avatar\/3e69bc2b014bdad41adfec3a39de07d2?s=96&d=mm&r=g","caption":"bvalente"}}]}},"_links":{"self":[{"href":"https:\/\/www.manaus.am.gov.br\/semcom\/wp-json\/wp\/v2\/posts\/249455"}],"collection":[{"href":"https:\/\/www.manaus.am.gov.br\/semcom\/wp-json\/wp\/v2\/posts"}],"about":[{"href":"https:\/\/www.manaus.am.gov.br\/semcom\/wp-json\/wp\/v2\/types\/post"}],"author":[{"embeddable":true,"href":"https:\/\/www.manaus.am.gov.br\/semcom\/wp-json\/wp\/v2\/users\/68"}],"replies":[{"embeddable":true,"href":"https:\/\/www.manaus.am.gov.br\/semcom\/wp-json\/wp\/v2\/comments?post=249455"}],"version-history":[{"count":1,"href":"https:\/\/www.manaus.am.gov.br\/semcom\/wp-json\/wp\/v2\/posts\/249455\/revisions"}],"predecessor-version":[{"id":249473,"href":"https:\/\/www.manaus.am.gov.br\/semcom\/wp-json\/wp\/v2\/posts\/249455\/revisions\/249473"}],"wp:featuredmedia":[{"embeddable":true,"href":"https:\/\/www.manaus.am.gov.br\/semcom\/wp-json\/wp\/v2\/media\/249456"}],"wp:attachment":[{"href":"https:\/\/www.manaus.am.gov.br\/semcom\/wp-json\/wp\/v2\/media?parent=249455"}],"wp:term":[{"taxonomy":"category","embeddable":true,"href":"https:\/\/www.manaus.am.gov.br\/semcom\/wp-json\/wp\/v2\/categories?post=249455"},{"taxonomy":"post_tag","embeddable":true,"href":"https:\/\/www.manaus.am.gov.br\/semcom\/wp-json\/wp\/v2\/tags?post=249455"}],"curies":[{"name":"wp","href":"https:\/\/api.w.org\/{rel}","templated":true}]}}