{"id":249411,"date":"2025-12-09T11:02:42","date_gmt":"2025-12-09T14:02:42","guid":{"rendered":"https:\/\/www.manaus.am.gov.br\/semcom\/prefeitura-instalacao-letreiros-turismo\/"},"modified":"2025-12-09T18:59:11","modified_gmt":"2025-12-09T21:59:11","slug":"prefeitura-instalacao-letreiros-turismo","status":"publish","type":"post","link":"https:\/\/www.manaus.am.gov.br\/semcom\/prefeitura-instalacao-letreiros-turismo\/","title":{"rendered":"Manaus recebe novos letreiros em pontos tur\u00edsticos e parques da capital"},"content":{"rendered":"\n<p>A capital amazonense ganhou novos mobili\u00e1rios urbanos com foco na paisagem urbana e na atra\u00e7\u00e3o tur\u00edstica, com a implanta\u00e7\u00e3o de tr\u00eas letreiros pela Prefeitura de Manaus. Dois trazem o nome de \u201cManaus\u201d como destaque, instalados na lagoa da Compensa, na zona Oeste, e no parque linear Amazonino Mendes, zona Norte.<\/p>\n\n\n\n<p>O terceiro letreiro fica em frente ao mirante L\u00facia Almeida, no centro hist\u00f3rico, levando mais cor e beleza ao espa\u00e7o. Os recursos para constru\u00e7\u00e3o dos mobili\u00e1rios s\u00e3o decorrentes de medidas compensat\u00f3rias do licenciamento urbano, previsto no Plano Diretor, e a prefeitura&nbsp;n\u00e3o tem custo na constru\u00e7\u00e3o dos mobili\u00e1rios.<\/p>\n\n\n\n<p>Os estudos para localiza\u00e7\u00e3o dos mobili\u00e1rios foram finalizados pelo Instituto Municipal de Planejamento Urbano (Implurb), refor\u00e7ando pontos tur\u00edsticos e parques frequentados pela popula\u00e7\u00e3o.<\/p>\n\n\n\n<p>\u201cA ideia \u00e9 ter um ponto de encontro, de visita\u00e7\u00e3o e de turismo, dando \u00e0 popula\u00e7\u00e3o um ambiente de qualidade e de retomada da autoestima, do que \u00e9 belo e merece ser divulgado, compartilhado e curtido\u201d, disse o diretor-presidente do instituto, Carlos Valente.<\/p>\n\n\n\n<p>Os letreiros ajudam a compor a paisagem urbana e deixam os locais mais instagram\u00e1veis, com recursos de ilumina\u00e7\u00e3o e tecnologia, reunindo a atmosfera do antigo, moderno e urbano.<\/p>\n\n\n\n<p>O mobili\u00e1rio tem corpo constru\u00eddo em chapas met\u00e1licas, com estruturas em uma base de concreto para fixa\u00e7\u00e3o segura, al\u00e9m das letras e elementos vazados.<\/p>\n\n\n\n<p>Com a inclus\u00e3o dos&nbsp;letreiros&nbsp;no entorno das obras p\u00fablicas se busca levar melhor qualidade&nbsp;de&nbsp;vida \u00e0 popula\u00e7\u00e3o e potencializar o turismo local, refor\u00e7ando a autoestima do manauara.<\/p>\n\n\n\n<p>&#8212; &#8212; &#8212;<\/p>\n\n\n\n<p><strong>Texto<\/strong>&nbsp;&#8211; Claudia do Valle \/ Implurb<\/p>\n\n\n\n<p><strong>Fotos<\/strong>&nbsp;\u2013 Cl\u00f3vis Miranda\/ Semcom<\/p>\n","protected":false},"excerpt":{"rendered":"","protected":false},"author":23,"featured_media":249412,"comment_status":"closed","ping_status":"closed","sticky":false,"template":"","format":"standard","meta":{"footnotes":""},"categories":[63],"tags":[65,15243,18339,4694,77],"acf":[],"yoast_head":"<!-- This site is optimized with the Yoast SEO plugin v23.0 - https:\/\/yoast.com\/wordpress\/plugins\/seo\/ -->\n<title>Manaus recebe novos letreiros em pontos tur\u00edsticos e parques da capital<\/title>\n<meta name=\"description\" content=\"A capital amazonense ganhou novos mobili\u00e1rios urbanos com foco na paisagem urbana e na atra\u00e7\u00e3o tur\u00edstica, com a implanta\u00e7\u00e3o de tr\u00eas letreiros pela Prefeitura de Manaus. Dois trazem o nome de \u201cManaus\u201d como destaque, instalados na lagoa da Compensa, na zona Oeste, e no parque linear Amazonino Mendes, zona Norte.\" \/>\n<meta name=\"robots\" content=\"index, follow, max-snippet:-1, max-image-preview:large, max-video-preview:-1\" \/>\n<link rel=\"canonical\" href=\"https:\/\/www.manaus.am.gov.br\/semcom\/prefeitura-instalacao-letreiros-turismo\/\" \/>\n<meta property=\"og:locale\" content=\"pt_BR\" \/>\n<meta property=\"og:type\" content=\"article\" \/>\n<meta property=\"og:title\" content=\"Manaus recebe novos letreiros em pontos tur\u00edsticos e parques da capital\" \/>\n<meta property=\"og:description\" content=\"A capital amazonense ganhou novos mobili\u00e1rios urbanos com foco na paisagem urbana e na atra\u00e7\u00e3o tur\u00edstica, com a implanta\u00e7\u00e3o de tr\u00eas letreiros pela Prefeitura de Manaus. Dois trazem o nome de \u201cManaus\u201d como destaque, instalados na lagoa da Compensa, na zona Oeste, e no parque linear Amazonino Mendes, zona Norte.\" \/>\n<meta property=\"og:url\" content=\"https:\/\/www.manaus.am.gov.br\/semcom\/prefeitura-instalacao-letreiros-turismo\/\" \/>\n<meta property=\"og:site_name\" content=\"SEMCOM\" \/>\n<meta property=\"article:published_time\" content=\"2025-12-09T14:02:42+00:00\" \/>\n<meta property=\"article:modified_time\" content=\"2025-12-09T21:59:11+00:00\" \/>\n<meta property=\"og:image\" content=\"https:\/\/www.manaus.am.gov.br\/semcom\/wp-content\/uploads\/sites\/5\/2025\/12\/letreiro7.jpeg\" \/>\n\t<meta property=\"og:image:width\" content=\"1040\" \/>\n\t<meta property=\"og:image:height\" content=\"692\" \/>\n\t<meta property=\"og:image:type\" content=\"image\/jpeg\" \/>\n<meta name=\"author\" content=\"Adriana Costa\" \/>\n<meta name=\"twitter:card\" content=\"summary_large_image\" \/>\n<meta name=\"twitter:label1\" content=\"Written by\" \/>\n\t<meta name=\"twitter:data1\" content=\"Adriana Costa\" \/>\n\t<meta name=\"twitter:label2\" content=\"Est. reading time\" \/>\n\t<meta name=\"twitter:data2\" content=\"2 minutos\" \/>\n<script type=\"application\/ld+json\" class=\"yoast-schema-graph\">{\"@context\":\"https:\/\/schema.org\",\"@graph\":[{\"@type\":\"WebPage\",\"@id\":\"https:\/\/www.manaus.am.gov.br\/semcom\/prefeitura-instalacao-letreiros-turismo\/\",\"url\":\"https:\/\/www.manaus.am.gov.br\/semcom\/prefeitura-instalacao-letreiros-turismo\/\",\"name\":\"Manaus recebe novos letreiros em pontos tur\u00edsticos e parques da capital\",\"isPartOf\":{\"@id\":\"https:\/\/www.manaus.am.gov.br\/semcom\/#website\"},\"primaryImageOfPage\":{\"@id\":\"https:\/\/www.manaus.am.gov.br\/semcom\/prefeitura-instalacao-letreiros-turismo\/#primaryimage\"},\"image\":{\"@id\":\"https:\/\/www.manaus.am.gov.br\/semcom\/prefeitura-instalacao-letreiros-turismo\/#primaryimage\"},\"thumbnailUrl\":\"https:\/\/www.manaus.am.gov.br\/semcom\/wp-content\/uploads\/sites\/5\/2025\/12\/letreiro7.jpeg\",\"datePublished\":\"2025-12-09T14:02:42+00:00\",\"dateModified\":\"2025-12-09T21:59:11+00:00\",\"author\":{\"@id\":\"https:\/\/www.manaus.am.gov.br\/semcom\/#\/schema\/person\/4e49f4e267757a06ca072ec61b2b9968\"},\"description\":\"A capital amazonense ganhou novos mobili\u00e1rios urbanos com foco na paisagem urbana e na atra\u00e7\u00e3o tur\u00edstica, com a implanta\u00e7\u00e3o de tr\u00eas letreiros pela Prefeitura de Manaus. Dois trazem o nome de \u201cManaus\u201d como destaque, instalados na lagoa da Compensa, na zona Oeste, e no parque linear Amazonino Mendes, zona Norte.\",\"inLanguage\":\"pt-BR\",\"potentialAction\":[{\"@type\":\"ReadAction\",\"target\":[\"https:\/\/www.manaus.am.gov.br\/semcom\/prefeitura-instalacao-letreiros-turismo\/\"]}]},{\"@type\":\"ImageObject\",\"inLanguage\":\"pt-BR\",\"@id\":\"https:\/\/www.manaus.am.gov.br\/semcom\/prefeitura-instalacao-letreiros-turismo\/#primaryimage\",\"url\":\"https:\/\/www.manaus.am.gov.br\/semcom\/wp-content\/uploads\/sites\/5\/2025\/12\/letreiro7.jpeg\",\"contentUrl\":\"https:\/\/www.manaus.am.gov.br\/semcom\/wp-content\/uploads\/sites\/5\/2025\/12\/letreiro7.jpeg\",\"width\":1040,\"height\":692,\"caption\":\"#paratodosverem - Imagem mostra letreiro \\\"MANAUS\\\" instalado na lagoa da Compensa\"},{\"@type\":\"WebSite\",\"@id\":\"https:\/\/www.manaus.am.gov.br\/semcom\/#website\",\"url\":\"https:\/\/www.manaus.am.gov.br\/semcom\/\",\"name\":\"SEMCOM\",\"description\":\"Secretaria Municipal de Comunica\u00e7\u00e3o\",\"potentialAction\":[{\"@type\":\"SearchAction\",\"target\":{\"@type\":\"EntryPoint\",\"urlTemplate\":\"https:\/\/www.manaus.am.gov.br\/semcom\/?s={search_term_string}\"},\"query-input\":\"required name=search_term_string\"}],\"inLanguage\":\"pt-BR\"},{\"@type\":\"Person\",\"@id\":\"https:\/\/www.manaus.am.gov.br\/semcom\/#\/schema\/person\/4e49f4e267757a06ca072ec61b2b9968\",\"name\":\"Adriana Costa\",\"image\":{\"@type\":\"ImageObject\",\"inLanguage\":\"pt-BR\",\"@id\":\"https:\/\/www.manaus.am.gov.br\/semcom\/#\/schema\/person\/image\/\",\"url\":\"https:\/\/secure.gravatar.com\/avatar\/576258617ef7194f718179e766d57bd4?s=96&d=mm&r=g\",\"contentUrl\":\"https:\/\/secure.gravatar.com\/avatar\/576258617ef7194f718179e766d57bd4?s=96&d=mm&r=g\",\"caption\":\"Adriana Costa\"}}]}<\/script>\n<!-- \/ Yoast SEO plugin. -->","yoast_head_json":{"title":"Manaus recebe novos letreiros em pontos tur\u00edsticos e parques da capital","description":"A capital amazonense ganhou novos mobili\u00e1rios urbanos com foco na paisagem urbana e na atra\u00e7\u00e3o tur\u00edstica, com a implanta\u00e7\u00e3o de tr\u00eas letreiros pela Prefeitura de Manaus. Dois trazem o nome de \u201cManaus\u201d como destaque, instalados na lagoa da Compensa, na zona Oeste, e no parque linear Amazonino Mendes, zona Norte.","robots":{"index":"index","follow":"follow","max-snippet":"max-snippet:-1","max-image-preview":"max-image-preview:large","max-video-preview":"max-video-preview:-1"},"canonical":"https:\/\/www.manaus.am.gov.br\/semcom\/prefeitura-instalacao-letreiros-turismo\/","og_locale":"pt_BR","og_type":"article","og_title":"Manaus recebe novos letreiros em pontos tur\u00edsticos e parques da capital","og_description":"A capital amazonense ganhou novos mobili\u00e1rios urbanos com foco na paisagem urbana e na atra\u00e7\u00e3o tur\u00edstica, com a implanta\u00e7\u00e3o de tr\u00eas letreiros pela Prefeitura de Manaus. Dois trazem o nome de \u201cManaus\u201d como destaque, instalados na lagoa da Compensa, na zona Oeste, e no parque linear Amazonino Mendes, zona Norte.","og_url":"https:\/\/www.manaus.am.gov.br\/semcom\/prefeitura-instalacao-letreiros-turismo\/","og_site_name":"SEMCOM","article_published_time":"2025-12-09T14:02:42+00:00","article_modified_time":"2025-12-09T21:59:11+00:00","og_image":[{"width":1040,"height":692,"url":"https:\/\/www.manaus.am.gov.br\/semcom\/wp-content\/uploads\/sites\/5\/2025\/12\/letreiro7.jpeg","type":"image\/jpeg"}],"author":"Adriana Costa","twitter_card":"summary_large_image","twitter_misc":{"Written by":"Adriana Costa","Est. reading time":"2 minutos"},"schema":{"@context":"https:\/\/schema.org","@graph":[{"@type":"WebPage","@id":"https:\/\/www.manaus.am.gov.br\/semcom\/prefeitura-instalacao-letreiros-turismo\/","url":"https:\/\/www.manaus.am.gov.br\/semcom\/prefeitura-instalacao-letreiros-turismo\/","name":"Manaus recebe novos letreiros em pontos tur\u00edsticos e parques da capital","isPartOf":{"@id":"https:\/\/www.manaus.am.gov.br\/semcom\/#website"},"primaryImageOfPage":{"@id":"https:\/\/www.manaus.am.gov.br\/semcom\/prefeitura-instalacao-letreiros-turismo\/#primaryimage"},"image":{"@id":"https:\/\/www.manaus.am.gov.br\/semcom\/prefeitura-instalacao-letreiros-turismo\/#primaryimage"},"thumbnailUrl":"https:\/\/www.manaus.am.gov.br\/semcom\/wp-content\/uploads\/sites\/5\/2025\/12\/letreiro7.jpeg","datePublished":"2025-12-09T14:02:42+00:00","dateModified":"2025-12-09T21:59:11+00:00","author":{"@id":"https:\/\/www.manaus.am.gov.br\/semcom\/#\/schema\/person\/4e49f4e267757a06ca072ec61b2b9968"},"description":"A capital amazonense ganhou novos mobili\u00e1rios urbanos com foco na paisagem urbana e na atra\u00e7\u00e3o tur\u00edstica, com a implanta\u00e7\u00e3o de tr\u00eas letreiros pela Prefeitura de Manaus. Dois trazem o nome de \u201cManaus\u201d como destaque, instalados na lagoa da Compensa, na zona Oeste, e no parque linear Amazonino Mendes, zona Norte.","inLanguage":"pt-BR","potentialAction":[{"@type":"ReadAction","target":["https:\/\/www.manaus.am.gov.br\/semcom\/prefeitura-instalacao-letreiros-turismo\/"]}]},{"@type":"ImageObject","inLanguage":"pt-BR","@id":"https:\/\/www.manaus.am.gov.br\/semcom\/prefeitura-instalacao-letreiros-turismo\/#primaryimage","url":"https:\/\/www.manaus.am.gov.br\/semcom\/wp-content\/uploads\/sites\/5\/2025\/12\/letreiro7.jpeg","contentUrl":"https:\/\/www.manaus.am.gov.br\/semcom\/wp-content\/uploads\/sites\/5\/2025\/12\/letreiro7.jpeg","width":1040,"height":692,"caption":"#paratodosverem - Imagem mostra letreiro \"MANAUS\" instalado na lagoa da Compensa"},{"@type":"WebSite","@id":"https:\/\/www.manaus.am.gov.br\/semcom\/#website","url":"https:\/\/www.manaus.am.gov.br\/semcom\/","name":"SEMCOM","description":"Secretaria Municipal de Comunica\u00e7\u00e3o","potentialAction":[{"@type":"SearchAction","target":{"@type":"EntryPoint","urlTemplate":"https:\/\/www.manaus.am.gov.br\/semcom\/?s={search_term_string}"},"query-input":"required name=search_term_string"}],"inLanguage":"pt-BR"},{"@type":"Person","@id":"https:\/\/www.manaus.am.gov.br\/semcom\/#\/schema\/person\/4e49f4e267757a06ca072ec61b2b9968","name":"Adriana Costa","image":{"@type":"ImageObject","inLanguage":"pt-BR","@id":"https:\/\/www.manaus.am.gov.br\/semcom\/#\/schema\/person\/image\/","url":"https:\/\/secure.gravatar.com\/avatar\/576258617ef7194f718179e766d57bd4?s=96&d=mm&r=g","contentUrl":"https:\/\/secure.gravatar.com\/avatar\/576258617ef7194f718179e766d57bd4?s=96&d=mm&r=g","caption":"Adriana Costa"}}]}},"_links":{"self":[{"href":"https:\/\/www.manaus.am.gov.br\/semcom\/wp-json\/wp\/v2\/posts\/249411"}],"collection":[{"href":"https:\/\/www.manaus.am.gov.br\/semcom\/wp-json\/wp\/v2\/posts"}],"about":[{"href":"https:\/\/www.manaus.am.gov.br\/semcom\/wp-json\/wp\/v2\/types\/post"}],"author":[{"embeddable":true,"href":"https:\/\/www.manaus.am.gov.br\/semcom\/wp-json\/wp\/v2\/users\/23"}],"replies":[{"embeddable":true,"href":"https:\/\/www.manaus.am.gov.br\/semcom\/wp-json\/wp\/v2\/comments?post=249411"}],"version-history":[{"count":1,"href":"https:\/\/www.manaus.am.gov.br\/semcom\/wp-json\/wp\/v2\/posts\/249411\/revisions"}],"predecessor-version":[{"id":249413,"href":"https:\/\/www.manaus.am.gov.br\/semcom\/wp-json\/wp\/v2\/posts\/249411\/revisions\/249413"}],"wp:featuredmedia":[{"embeddable":true,"href":"https:\/\/www.manaus.am.gov.br\/semcom\/wp-json\/wp\/v2\/media\/249412"}],"wp:attachment":[{"href":"https:\/\/www.manaus.am.gov.br\/semcom\/wp-json\/wp\/v2\/media?parent=249411"}],"wp:term":[{"taxonomy":"category","embeddable":true,"href":"https:\/\/www.manaus.am.gov.br\/semcom\/wp-json\/wp\/v2\/categories?post=249411"},{"taxonomy":"post_tag","embeddable":true,"href":"https:\/\/www.manaus.am.gov.br\/semcom\/wp-json\/wp\/v2\/tags?post=249411"}],"curies":[{"name":"wp","href":"https:\/\/api.w.org\/{rel}","templated":true}]}}