{"id":249405,"date":"2025-12-08T17:19:52","date_gmt":"2025-12-08T21:19:52","guid":{"rendered":"https:\/\/www.manaus.am.gov.br\/semcom\/medida-emergencial-feira-porto-ceasa-apos-chuvas\/"},"modified":"2025-12-10T12:40:35","modified_gmt":"2025-12-10T15:40:35","slug":"medida-emergencial-feira-porto-ceasa-apos-fortes-chuvas","status":"publish","type":"post","link":"https:\/\/www.manaus.am.gov.br\/semcom\/medida-emergencial-feira-porto-ceasa-apos-fortes-chuvas\/","title":{"rendered":"Equipes da Prefeitura de Manaus realizam medida emergencial no entorno da feira Porto do Ceasa ap\u00f3s fortes chuvas"},"content":{"rendered":"\n<p>Ap\u00f3s as fortes chuvas que atingiram a capital neste domingo e na madrugada desta segunda-feira, 7 e 8\/12, a <a href=\"https:\/\/www.instagram.com\/prefeiturademanaus\/\">Prefeitura de Manaus<\/a>, por meio da Secretaria Municipal de Agricultura, Abastecimento, Centro e Com\u00e9rcio Informal (Semacc), com apoio da <a href=\"https:\/\/www.manaus.am.gov.br\/\">Secretaria Municipal de Infraestrutura<\/a> (Seminf), realiza uma for\u00e7a-tarefa no entorno da feira Porto do Ceasa, localizada na Vila Buriti, zona Sul da cidade.<\/p>\n\n\n\n<p>Parte do muro do espa\u00e7o desmoronou devido aos ventos fort\u00edssimos e ao grande volume de \u00e1gua que se acumulou no local, provocando a queda da estrutura e atingindo alguns ve\u00edculos que estavam estacionados. As equipes da Semacc identificaram o sinistro e entraram imediatamente em a\u00e7\u00e3o para iniciar as medidas emergenciais.<\/p>\n\n\n\n<p>De acordo com o engenheiro da Semacc, Rafael Caputti, o grande volume de \u00e1gua acumulada e a for\u00e7a dos ventos comprometeram rapidamente parte da estrutura do muro, principalmente em pontos onde o solo apresentava desgaste. \u201cEstamos atuando com prioridade m\u00e1xima. A remo\u00e7\u00e3o dos entulhos j\u00e1 foi iniciada e, na sequ\u00eancia, daremos in\u00edcio a constru\u00e7\u00e3o de um novo muro, garantindo mais seguran\u00e7a aos permission\u00e1rios e \u00e0 popula\u00e7\u00e3o que utiliza a feira\u201d, destacou.<\/p>\n\n\n\n<p>As equipes de obras que atuam nas reformas das feiras foram acionadas e, em parceria com as equipes de engenharia da Seminf, est\u00e3o no local trabalhando de forma emergencial para restabelecer a seguran\u00e7a da \u00e1rea.<\/p>\n\n\n\n<figure class=\"wp-block-image size-large\"><img loading=\"lazy\" decoding=\"async\" width=\"1024\" height=\"768\" src=\"https:\/\/www.manaus.am.gov.br\/semcom\/wp-content\/uploads\/sites\/5\/2025\/12\/WhatsApp-Image-2025-12-08-at-16.11.51-2-1024x768.jpeg\" alt=\"\" class=\"wp-image-249406\" srcset=\"https:\/\/www.manaus.am.gov.br\/semcom\/wp-content\/uploads\/sites\/5\/2025\/12\/WhatsApp-Image-2025-12-08-at-16.11.51-2-1024x768.jpeg 1024w, https:\/\/www.manaus.am.gov.br\/semcom\/wp-content\/uploads\/sites\/5\/2025\/12\/WhatsApp-Image-2025-12-08-at-16.11.51-2-300x225.jpeg 300w, https:\/\/www.manaus.am.gov.br\/semcom\/wp-content\/uploads\/sites\/5\/2025\/12\/WhatsApp-Image-2025-12-08-at-16.11.51-2-768x576.jpeg 768w, https:\/\/www.manaus.am.gov.br\/semcom\/wp-content\/uploads\/sites\/5\/2025\/12\/WhatsApp-Image-2025-12-08-at-16.11.51-2-1536x1152.jpeg 1536w, https:\/\/www.manaus.am.gov.br\/semcom\/wp-content\/uploads\/sites\/5\/2025\/12\/WhatsApp-Image-2025-12-08-at-16.11.51-2.jpeg 1600w\" sizes=\"(max-width: 1024px) 100vw, 1024px\" \/><\/figure>\n\n\n\n<p>&#8212; &#8212; &#8212;<\/p>\n\n\n\n<p><strong>Texto &#8211; <\/strong>Polyana Brelaz\/Semacc<\/p>\n\n\n\n<p><strong>Fotos \u2013 <\/strong>Divulga\u00e7\u00e3o\/Semacc<\/p>\n","protected":false},"excerpt":{"rendered":"","protected":false},"author":39,"featured_media":249407,"comment_status":"closed","ping_status":"closed","sticky":false,"template":"","format":"standard","meta":{"footnotes":""},"categories":[2858],"tags":[18336,1329,18337,77,55,33],"acf":[],"yoast_head":"<!-- This site is optimized with the Yoast SEO plugin v23.0 - https:\/\/yoast.com\/wordpress\/plugins\/seo\/ -->\n<title>Equipes da Prefeitura de Manaus realizam medida emergencial no entorno da feira Porto do Ceasa ap\u00f3s fortes chuvas<\/title>\n<meta name=\"description\" content=\"Equipes da Prefeitura de Manaus realizam medida emergencial no entorno da feira Porto do Ceasa ap\u00f3s fortes chuvas.\" \/>\n<meta name=\"robots\" content=\"index, follow, max-snippet:-1, max-image-preview:large, max-video-preview:-1\" \/>\n<link rel=\"canonical\" href=\"https:\/\/www.manaus.am.gov.br\/semcom\/medida-emergencial-feira-porto-ceasa-apos-chuvas\/\" \/>\n<meta property=\"og:locale\" content=\"pt_BR\" \/>\n<meta property=\"og:type\" content=\"article\" \/>\n<meta property=\"og:title\" content=\"Equipes da Prefeitura de Manaus realizam medida emergencial no entorno da feira Porto do Ceasa ap\u00f3s fortes chuvas\" \/>\n<meta property=\"og:description\" content=\"Equipes da Prefeitura de Manaus realizam medida emergencial no entorno da feira Porto do Ceasa ap\u00f3s fortes chuvas.\" \/>\n<meta property=\"og:url\" content=\"https:\/\/www.manaus.am.gov.br\/semcom\/medida-emergencial-feira-porto-ceasa-apos-chuvas\/\" \/>\n<meta property=\"og:site_name\" content=\"SEMCOM\" \/>\n<meta property=\"article:published_time\" content=\"2025-12-08T21:19:52+00:00\" \/>\n<meta property=\"article:modified_time\" content=\"2025-12-10T15:40:35+00:00\" \/>\n<meta property=\"og:image\" content=\"https:\/\/www.manaus.am.gov.br\/semcom\/wp-content\/uploads\/sites\/5\/2025\/12\/WhatsApp-Image-2025-12-08-at-16.11.51-1.jpeg\" \/>\n\t<meta property=\"og:image:width\" content=\"1600\" \/>\n\t<meta property=\"og:image:height\" content=\"1200\" \/>\n\t<meta property=\"og:image:type\" content=\"image\/jpeg\" \/>\n<meta name=\"author\" content=\"Bruna Greco\" \/>\n<meta name=\"twitter:card\" content=\"summary_large_image\" \/>\n<meta name=\"twitter:label1\" content=\"Written by\" \/>\n\t<meta name=\"twitter:data1\" content=\"Bruna Greco\" \/>\n\t<meta name=\"twitter:label2\" content=\"Est. reading time\" \/>\n\t<meta name=\"twitter:data2\" content=\"2 minutos\" \/>\n<script type=\"application\/ld+json\" class=\"yoast-schema-graph\">{\"@context\":\"https:\/\/schema.org\",\"@graph\":[{\"@type\":\"WebPage\",\"@id\":\"https:\/\/www.manaus.am.gov.br\/semcom\/medida-emergencial-feira-porto-ceasa-apos-chuvas\/\",\"url\":\"https:\/\/www.manaus.am.gov.br\/semcom\/medida-emergencial-feira-porto-ceasa-apos-chuvas\/\",\"name\":\"Equipes da Prefeitura de Manaus realizam medida emergencial no entorno da feira Porto do Ceasa ap\u00f3s fortes chuvas\",\"isPartOf\":{\"@id\":\"https:\/\/www.manaus.am.gov.br\/semcom\/#website\"},\"primaryImageOfPage\":{\"@id\":\"https:\/\/www.manaus.am.gov.br\/semcom\/medida-emergencial-feira-porto-ceasa-apos-chuvas\/#primaryimage\"},\"image\":{\"@id\":\"https:\/\/www.manaus.am.gov.br\/semcom\/medida-emergencial-feira-porto-ceasa-apos-chuvas\/#primaryimage\"},\"thumbnailUrl\":\"https:\/\/www.manaus.am.gov.br\/semcom\/wp-content\/uploads\/sites\/5\/2025\/12\/WhatsApp-Image-2025-12-08-at-16.11.51-1.jpeg\",\"datePublished\":\"2025-12-08T21:19:52+00:00\",\"dateModified\":\"2025-12-10T15:40:35+00:00\",\"author\":{\"@id\":\"https:\/\/www.manaus.am.gov.br\/semcom\/#\/schema\/person\/05d223aea2bf115f9883a6ff3683d81b\"},\"description\":\"Equipes da Prefeitura de Manaus realizam medida emergencial no entorno da feira Porto do Ceasa ap\u00f3s fortes chuvas.\",\"inLanguage\":\"pt-BR\",\"potentialAction\":[{\"@type\":\"ReadAction\",\"target\":[\"https:\/\/www.manaus.am.gov.br\/semcom\/medida-emergencial-feira-porto-ceasa-apos-chuvas\/\"]}]},{\"@type\":\"ImageObject\",\"inLanguage\":\"pt-BR\",\"@id\":\"https:\/\/www.manaus.am.gov.br\/semcom\/medida-emergencial-feira-porto-ceasa-apos-chuvas\/#primaryimage\",\"url\":\"https:\/\/www.manaus.am.gov.br\/semcom\/wp-content\/uploads\/sites\/5\/2025\/12\/WhatsApp-Image-2025-12-08-at-16.11.51-1.jpeg\",\"contentUrl\":\"https:\/\/www.manaus.am.gov.br\/semcom\/wp-content\/uploads\/sites\/5\/2025\/12\/WhatsApp-Image-2025-12-08-at-16.11.51-1.jpeg\",\"width\":1600,\"height\":1200,\"caption\":\"#paratodosverem - Trabalhos de medida emergencial realizados no entorno da feira do Porto do Ceasa ap\u00f3s fortes chuvas\"},{\"@type\":\"WebSite\",\"@id\":\"https:\/\/www.manaus.am.gov.br\/semcom\/#website\",\"url\":\"https:\/\/www.manaus.am.gov.br\/semcom\/\",\"name\":\"SEMCOM\",\"description\":\"Secretaria Municipal de Comunica\u00e7\u00e3o\",\"potentialAction\":[{\"@type\":\"SearchAction\",\"target\":{\"@type\":\"EntryPoint\",\"urlTemplate\":\"https:\/\/www.manaus.am.gov.br\/semcom\/?s={search_term_string}\"},\"query-input\":\"required name=search_term_string\"}],\"inLanguage\":\"pt-BR\"},{\"@type\":\"Person\",\"@id\":\"https:\/\/www.manaus.am.gov.br\/semcom\/#\/schema\/person\/05d223aea2bf115f9883a6ff3683d81b\",\"name\":\"Bruna Greco\",\"image\":{\"@type\":\"ImageObject\",\"inLanguage\":\"pt-BR\",\"@id\":\"https:\/\/www.manaus.am.gov.br\/semcom\/#\/schema\/person\/image\/\",\"url\":\"https:\/\/secure.gravatar.com\/avatar\/9c877d1a6adc2a055330e5c09a8653ce?s=96&d=mm&r=g\",\"contentUrl\":\"https:\/\/secure.gravatar.com\/avatar\/9c877d1a6adc2a055330e5c09a8653ce?s=96&d=mm&r=g\",\"caption\":\"Bruna Greco\"}}]}<\/script>\n<!-- \/ Yoast SEO plugin. -->","yoast_head_json":{"title":"Equipes da Prefeitura de Manaus realizam medida emergencial no entorno da feira Porto do Ceasa ap\u00f3s fortes chuvas","description":"Equipes da Prefeitura de Manaus realizam medida emergencial no entorno da feira Porto do Ceasa ap\u00f3s fortes chuvas.","robots":{"index":"index","follow":"follow","max-snippet":"max-snippet:-1","max-image-preview":"max-image-preview:large","max-video-preview":"max-video-preview:-1"},"canonical":"https:\/\/www.manaus.am.gov.br\/semcom\/medida-emergencial-feira-porto-ceasa-apos-chuvas\/","og_locale":"pt_BR","og_type":"article","og_title":"Equipes da Prefeitura de Manaus realizam medida emergencial no entorno da feira Porto do Ceasa ap\u00f3s fortes chuvas","og_description":"Equipes da Prefeitura de Manaus realizam medida emergencial no entorno da feira Porto do Ceasa ap\u00f3s fortes chuvas.","og_url":"https:\/\/www.manaus.am.gov.br\/semcom\/medida-emergencial-feira-porto-ceasa-apos-chuvas\/","og_site_name":"SEMCOM","article_published_time":"2025-12-08T21:19:52+00:00","article_modified_time":"2025-12-10T15:40:35+00:00","og_image":[{"width":1600,"height":1200,"url":"https:\/\/www.manaus.am.gov.br\/semcom\/wp-content\/uploads\/sites\/5\/2025\/12\/WhatsApp-Image-2025-12-08-at-16.11.51-1.jpeg","type":"image\/jpeg"}],"author":"Bruna Greco","twitter_card":"summary_large_image","twitter_misc":{"Written by":"Bruna Greco","Est. reading time":"2 minutos"},"schema":{"@context":"https:\/\/schema.org","@graph":[{"@type":"WebPage","@id":"https:\/\/www.manaus.am.gov.br\/semcom\/medida-emergencial-feira-porto-ceasa-apos-chuvas\/","url":"https:\/\/www.manaus.am.gov.br\/semcom\/medida-emergencial-feira-porto-ceasa-apos-chuvas\/","name":"Equipes da Prefeitura de Manaus realizam medida emergencial no entorno da feira Porto do Ceasa ap\u00f3s fortes chuvas","isPartOf":{"@id":"https:\/\/www.manaus.am.gov.br\/semcom\/#website"},"primaryImageOfPage":{"@id":"https:\/\/www.manaus.am.gov.br\/semcom\/medida-emergencial-feira-porto-ceasa-apos-chuvas\/#primaryimage"},"image":{"@id":"https:\/\/www.manaus.am.gov.br\/semcom\/medida-emergencial-feira-porto-ceasa-apos-chuvas\/#primaryimage"},"thumbnailUrl":"https:\/\/www.manaus.am.gov.br\/semcom\/wp-content\/uploads\/sites\/5\/2025\/12\/WhatsApp-Image-2025-12-08-at-16.11.51-1.jpeg","datePublished":"2025-12-08T21:19:52+00:00","dateModified":"2025-12-10T15:40:35+00:00","author":{"@id":"https:\/\/www.manaus.am.gov.br\/semcom\/#\/schema\/person\/05d223aea2bf115f9883a6ff3683d81b"},"description":"Equipes da Prefeitura de Manaus realizam medida emergencial no entorno da feira Porto do Ceasa ap\u00f3s fortes chuvas.","inLanguage":"pt-BR","potentialAction":[{"@type":"ReadAction","target":["https:\/\/www.manaus.am.gov.br\/semcom\/medida-emergencial-feira-porto-ceasa-apos-chuvas\/"]}]},{"@type":"ImageObject","inLanguage":"pt-BR","@id":"https:\/\/www.manaus.am.gov.br\/semcom\/medida-emergencial-feira-porto-ceasa-apos-chuvas\/#primaryimage","url":"https:\/\/www.manaus.am.gov.br\/semcom\/wp-content\/uploads\/sites\/5\/2025\/12\/WhatsApp-Image-2025-12-08-at-16.11.51-1.jpeg","contentUrl":"https:\/\/www.manaus.am.gov.br\/semcom\/wp-content\/uploads\/sites\/5\/2025\/12\/WhatsApp-Image-2025-12-08-at-16.11.51-1.jpeg","width":1600,"height":1200,"caption":"#paratodosverem - Trabalhos de medida emergencial realizados no entorno da feira do Porto do Ceasa ap\u00f3s fortes chuvas"},{"@type":"WebSite","@id":"https:\/\/www.manaus.am.gov.br\/semcom\/#website","url":"https:\/\/www.manaus.am.gov.br\/semcom\/","name":"SEMCOM","description":"Secretaria Municipal de Comunica\u00e7\u00e3o","potentialAction":[{"@type":"SearchAction","target":{"@type":"EntryPoint","urlTemplate":"https:\/\/www.manaus.am.gov.br\/semcom\/?s={search_term_string}"},"query-input":"required name=search_term_string"}],"inLanguage":"pt-BR"},{"@type":"Person","@id":"https:\/\/www.manaus.am.gov.br\/semcom\/#\/schema\/person\/05d223aea2bf115f9883a6ff3683d81b","name":"Bruna Greco","image":{"@type":"ImageObject","inLanguage":"pt-BR","@id":"https:\/\/www.manaus.am.gov.br\/semcom\/#\/schema\/person\/image\/","url":"https:\/\/secure.gravatar.com\/avatar\/9c877d1a6adc2a055330e5c09a8653ce?s=96&d=mm&r=g","contentUrl":"https:\/\/secure.gravatar.com\/avatar\/9c877d1a6adc2a055330e5c09a8653ce?s=96&d=mm&r=g","caption":"Bruna Greco"}}]}},"_links":{"self":[{"href":"https:\/\/www.manaus.am.gov.br\/semcom\/wp-json\/wp\/v2\/posts\/249405"}],"collection":[{"href":"https:\/\/www.manaus.am.gov.br\/semcom\/wp-json\/wp\/v2\/posts"}],"about":[{"href":"https:\/\/www.manaus.am.gov.br\/semcom\/wp-json\/wp\/v2\/types\/post"}],"author":[{"embeddable":true,"href":"https:\/\/www.manaus.am.gov.br\/semcom\/wp-json\/wp\/v2\/users\/39"}],"replies":[{"embeddable":true,"href":"https:\/\/www.manaus.am.gov.br\/semcom\/wp-json\/wp\/v2\/comments?post=249405"}],"version-history":[{"count":7,"href":"https:\/\/www.manaus.am.gov.br\/semcom\/wp-json\/wp\/v2\/posts\/249405\/revisions"}],"predecessor-version":[{"id":249497,"href":"https:\/\/www.manaus.am.gov.br\/semcom\/wp-json\/wp\/v2\/posts\/249405\/revisions\/249497"}],"wp:featuredmedia":[{"embeddable":true,"href":"https:\/\/www.manaus.am.gov.br\/semcom\/wp-json\/wp\/v2\/media\/249407"}],"wp:attachment":[{"href":"https:\/\/www.manaus.am.gov.br\/semcom\/wp-json\/wp\/v2\/media?parent=249405"}],"wp:term":[{"taxonomy":"category","embeddable":true,"href":"https:\/\/www.manaus.am.gov.br\/semcom\/wp-json\/wp\/v2\/categories?post=249405"},{"taxonomy":"post_tag","embeddable":true,"href":"https:\/\/www.manaus.am.gov.br\/semcom\/wp-json\/wp\/v2\/tags?post=249405"}],"curies":[{"name":"wp","href":"https:\/\/api.w.org\/{rel}","templated":true}]}}