{"id":249378,"date":"2025-12-07T16:24:41","date_gmt":"2025-12-07T19:24:41","guid":{"rendered":"https:\/\/www.manaus.am.gov.br\/semcom\/pavimentacao-do-ramal-agua-branca-2\/"},"modified":"2025-12-07T16:24:42","modified_gmt":"2025-12-07T19:24:42","slug":"pavimentacao-do-ramal-agua-branca-2","status":"publish","type":"post","link":"https:\/\/www.manaus.am.gov.br\/semcom\/pavimentacao-do-ramal-agua-branca-2\/","title":{"rendered":"Prefeito David Almeida assina ordem de servi\u00e7o para pavimenta\u00e7\u00e3o do ramal \u00c1gua Branca 2 e consolida maior ciclo de investimentos da hist\u00f3ria na zona rural de Manaus"},"content":{"rendered":"\n<p>Primeiro prefeito da hist\u00f3ria a levar asfalto para ramais e vicinais de Manaus, David Almeida marcou, neste domingo, 7\/12, mais um avan\u00e7o estruturante no desenvolvimento da capital amazonense, chegando a 20 ramais conclu\u00eddos ou em execu\u00e7\u00e3o. Ao assinar a ordem de servi\u00e7o para a pavimenta\u00e7\u00e3o do ramal \u00c1gua Branca 2, no quil\u00f4metro 35 da AM-010, o prefeito atende a uma demanda aguardada h\u00e1 mais de 40 anos por fam\u00edlias que enfrentavam d\u00e9cadas de poeira, lama e dificuldades de mobilidade.<\/p>\n\n\n\n<p>Ao lado do vice-prefeito e secret\u00e1rio de Infraestrutura, Renato J\u00fanior, e do deputado federal Saullo Viana, autor da emenda parlamentar que garante o investimento, David Almeida destacou que a obra \u00e9 parte de uma estrat\u00e9gia maior de integra\u00e7\u00e3o da zona rural ao desenvolvimento da cidade.<\/p>\n\n\n\n<p>Com sete quil\u00f4metros de pavimenta\u00e7\u00e3o, drenagem superficial, meio-fio e sinaliza\u00e7\u00e3o completa, o projeto moderniza uma das mais importantes rotas de escoamento agr\u00edcola da regi\u00e3o, reconhecida pela expressiva produ\u00e7\u00e3o de pitaya e outras culturas familiares. Mas o impacto vai al\u00e9m da infraestrutura. A obra altera a rotina de quem sempre viveu com restri\u00e7\u00f5es severas de deslocamento, especialmente no per\u00edodo chuvoso.<\/p>\n\n\n\n<p>\u201cA prefeitura, quando faz uma a\u00e7\u00e3o como essa, chega para transformar vidas. A realidade de poeira e lama vai ficar no passado. Estamos trabalhando para que a zona rural tenha a mesma condi\u00e7\u00e3o da zona urbana. Voc\u00ea n\u00e3o muda a vida das pessoas falando; muda trabalhando, entregando, realizando\u201d, afirmou o prefeito David Almeida.<\/p>\n\n\n\n<p>A assinatura refor\u00e7a o marco hist\u00f3rico da gest\u00e3o: pela primeira vez em mais de 350 anos, Manaus tem uma administra\u00e7\u00e3o municipal que pavimenta ramais da zona rural, superando barreiras log\u00edsticas e inaugurando uma nova era de investimentos p\u00fablicos no campo.<\/p>\n\n\n\n<p>O vice-prefeito e secret\u00e1rio de Obras, Renato J\u00fanior, contextualizou o simbolismo dessa mudan\u00e7a. \u201cNa zona rural n\u00e3o tem pessoas esquecidas. Zona rural tamb\u00e9m \u00e9 Manaus. Esta \u00e9 a gest\u00e3o do prefeito David Almeida, o primeiro da hist\u00f3ria a asfaltar a zona rural. J\u00e1 fizemos o \u00c1gua Branca 1 e hoje, em um domingo de dezembro, sem ser ano eleitoral, estamos aqui de p\u00e9 no ch\u00e3o, trabalhando pelo povo\u201d, afirmou.<\/p>\n\n\n\n<p>A participa\u00e7\u00e3o da bancada federal tem sido fundamental para garantir o volume de investimentos. Autor da emenda que financia a interven\u00e7\u00e3o, o deputado federal Saullo Viana destacou a import\u00e2ncia da uni\u00e3o entre Executivo e Legislativo.<\/p>\n\n\n\n<p>\u201cNada d\u00e1 mais satisfa\u00e7\u00e3o na vida p\u00fablica do que fazer entregas. Esta obra n\u00e3o \u00e9 s\u00f3 asfalto; \u00e9 dignidade, sa\u00fade, educa\u00e7\u00e3o e produ\u00e7\u00e3o rural. Quando o Legislativo trabalha ao lado do Executivo, quem ganha \u00e9 a popula\u00e7\u00e3o. \u00c9 assim que a gente muda realidades\u201d, declarou o parlamentar.<\/p>\n\n\n\n<p>Moradores tamb\u00e9m relataram o sentimento de repara\u00e7\u00e3o hist\u00f3rica. Rosilene Souza, agricultora h\u00e1 mais de quatro d\u00e9cadas, descreveu o momento. \u201cA gente mora aqui h\u00e1 40 anos esperando por esse asfalto. Foi muita luta, e hoje estou muito feliz. O prefeito David Almeida e o Renato foram os \u00fanicos que olharam pelos ramais da zona rural.\u201d<\/p>\n\n\n\n<p>O vereador Eduardo Alfaia destacou que o ramal se tornou s\u00edmbolo de promessas repetidas e nunca cumpridas, um ciclo que, agora, d\u00e1 lugar a entregas concretas. \u201cAntes, era s\u00f3 gente vindo vender sonhos e ilus\u00f5es. Hoje a diferen\u00e7a \u00e9 clara: n\u00e3o vieram apontar problemas, vieram resolver. Essa obra \u00e9 sa\u00fade, educa\u00e7\u00e3o e transforma\u00e7\u00e3o social para quem vive no \u00c1gua Branca 2\u201d, disse.<\/p>\n\n\n\n<p>Al\u00e9m de melhorar a mobilidade, a pavimenta\u00e7\u00e3o ter\u00e1 impacto direto sobre a economia local. Produtores de pitaya e outras culturas familiares poder\u00e3o escoar suas colheitas com maior efici\u00eancia e menor custo, fortalecendo a renda e as condi\u00e7\u00f5es de trabalho.<\/p>\n\n\n\n<p>\u201cPara n\u00f3s \u00e9 gratificante esse olhar. O asfalto vai mudar tudo para quem produz e precisa escoar. Obrigado, prefeitura\u201d, agradeceu o produtor rural Jos\u00e9 Pereira.<\/p>\n\n\n\n<p><strong>Mapa de desenvolvimento<\/strong><\/p>\n\n\n\n<p>Com a nova ordem de servi\u00e7o, a Prefeitura de Manaus chega a 20 ramais com obras conclu\u00eddas ou em execu\u00e7\u00e3o, consolidando o maior programa de infraestrutura rural da hist\u00f3ria da cidade. Entre eles, os ramais Baiano, Matrinx\u00e3, Bom Jesus, S\u00e3o Francisco, Cachoeira do Le\u00e3o, Cuieiras e Fazenda Esperan\u00e7a, todos essenciais para a economia agr\u00edcola e a integra\u00e7\u00e3o territorial.<\/p>\n\n\n\n<p>O prefeito refor\u00e7ou que os avan\u00e7os fazem parte de um compromisso assumido e sustentado pela confian\u00e7a da popula\u00e7\u00e3o. \u201cVoc\u00eas me deram 78% dos votos v\u00e1lidos na zona rural. Tenho obriga\u00e7\u00e3o com voc\u00eas. Estamos s\u00f3 no primeiro ano do segundo mandato, que termina em 2028. Se j\u00e1 fizemos muito, vamos fazer muito mais. A prefeitura est\u00e1 trabalhando em todas as zonas e em todas as \u00e1reas. E vamos seguir assim: entregando e transformando vidas\u201d, concluiu David Almeida.<\/p>\n\n\n\n<p>A pavimenta\u00e7\u00e3o do ramal \u00c1gua Branca 2 simboliza mais do que uma obra. Ela reafirma a presen\u00e7a do Estado, o combate \u00e0s desigualdades territoriais e o entendimento de que desenvolvimento econ\u00f4mico e justi\u00e7a social caminham juntos.<\/p>\n\n\n\n<p>Cada novo quil\u00f4metro pavimentado \u00e9 um passo para aproximar Manaus das ra\u00edzes que a sustentam, o campo que alimenta a cidade e que, agora, tamb\u00e9m recebe o investimento que merece.<\/p>\n\n\n\n<p>&#8212; &#8212; &#8212;<\/p>\n\n\n\n<p><strong>Texto &#8211;<\/strong> Emanuelle Baires \/ Semcom-Prefeito e Rayana Coutinho\/ Seminf<\/p>\n\n\n\n<p><strong>Fotos &#8211;<\/strong> Dhyeizo Lemos \/ Semcom-Prefeito e M\u00e1rcio Melo\/ Seminf<\/p>\n\n\n\n<p><strong>Dispon\u00edveis em<\/strong> \u2013 <a href=\"https:\/\/flic.kr\/s\/aHBqjCD1Zz\">https:\/\/flic.kr\/s\/aHBqjCD1Zz<\/a><\/p>\n","protected":false},"excerpt":{"rendered":"","protected":false},"author":57,"featured_media":249379,"comment_status":"closed","ping_status":"closed","sticky":false,"template":"","format":"standard","meta":{"footnotes":""},"categories":[27],"tags":[35,77,18327,33],"acf":[],"yoast_head":"<!-- This site is optimized with the Yoast SEO plugin v23.0 - https:\/\/yoast.com\/wordpress\/plugins\/seo\/ -->\n<title>David Almeida autoriza pavimenta\u00e7\u00e3o do ramal \u00c1gua Branca 2<\/title>\n<meta name=\"description\" content=\"David Almeida assinou a ordem de servi\u00e7o para a pavimenta\u00e7\u00e3o do ramal \u00c1gua Branca 2, no quil\u00f4metro 35 da AM-010.\" \/>\n<meta name=\"robots\" content=\"index, follow, max-snippet:-1, max-image-preview:large, max-video-preview:-1\" \/>\n<link rel=\"canonical\" href=\"https:\/\/www.manaus.am.gov.br\/semcom\/pavimentacao-do-ramal-agua-branca-2\/\" \/>\n<meta property=\"og:locale\" content=\"pt_BR\" \/>\n<meta property=\"og:type\" content=\"article\" \/>\n<meta property=\"og:title\" content=\"David Almeida autoriza pavimenta\u00e7\u00e3o do ramal \u00c1gua Branca 2\" \/>\n<meta property=\"og:description\" content=\"David Almeida assinou a ordem de servi\u00e7o para a pavimenta\u00e7\u00e3o do ramal \u00c1gua Branca 2, no quil\u00f4metro 35 da AM-010.\" \/>\n<meta property=\"og:url\" content=\"https:\/\/www.manaus.am.gov.br\/semcom\/pavimentacao-do-ramal-agua-branca-2\/\" \/>\n<meta property=\"og:site_name\" content=\"SEMCOM\" \/>\n<meta property=\"article:published_time\" content=\"2025-12-07T19:24:41+00:00\" \/>\n<meta property=\"article:modified_time\" content=\"2025-12-07T19:24:42+00:00\" \/>\n<meta property=\"og:image\" content=\"https:\/\/www.manaus.am.gov.br\/semcom\/wp-content\/uploads\/sites\/5\/2025\/12\/pavimentacao-do-ramal-Agua-Branca-2-3.jpg\" \/>\n\t<meta property=\"og:image:width\" content=\"799\" \/>\n\t<meta property=\"og:image:height\" content=\"533\" \/>\n\t<meta property=\"og:image:type\" content=\"image\/jpeg\" \/>\n<meta name=\"author\" content=\"Thiago Fernando\" \/>\n<meta name=\"twitter:card\" content=\"summary_large_image\" \/>\n<meta name=\"twitter:label1\" content=\"Written by\" \/>\n\t<meta name=\"twitter:data1\" content=\"Thiago Fernando\" \/>\n\t<meta name=\"twitter:label2\" content=\"Est. reading time\" \/>\n\t<meta name=\"twitter:data2\" content=\"5 minutos\" \/>\n<script type=\"application\/ld+json\" class=\"yoast-schema-graph\">{\"@context\":\"https:\/\/schema.org\",\"@graph\":[{\"@type\":\"WebPage\",\"@id\":\"https:\/\/www.manaus.am.gov.br\/semcom\/pavimentacao-do-ramal-agua-branca-2\/\",\"url\":\"https:\/\/www.manaus.am.gov.br\/semcom\/pavimentacao-do-ramal-agua-branca-2\/\",\"name\":\"David Almeida autoriza pavimenta\u00e7\u00e3o do ramal \u00c1gua Branca 2\",\"isPartOf\":{\"@id\":\"https:\/\/www.manaus.am.gov.br\/semcom\/#website\"},\"primaryImageOfPage\":{\"@id\":\"https:\/\/www.manaus.am.gov.br\/semcom\/pavimentacao-do-ramal-agua-branca-2\/#primaryimage\"},\"image\":{\"@id\":\"https:\/\/www.manaus.am.gov.br\/semcom\/pavimentacao-do-ramal-agua-branca-2\/#primaryimage\"},\"thumbnailUrl\":\"https:\/\/www.manaus.am.gov.br\/semcom\/wp-content\/uploads\/sites\/5\/2025\/12\/pavimentacao-do-ramal-Agua-Branca-2-3.jpg\",\"datePublished\":\"2025-12-07T19:24:41+00:00\",\"dateModified\":\"2025-12-07T19:24:42+00:00\",\"author\":{\"@id\":\"https:\/\/www.manaus.am.gov.br\/semcom\/#\/schema\/person\/a5ee5376db6e21af026374b369f30882\"},\"description\":\"David Almeida assinou a ordem de servi\u00e7o para a pavimenta\u00e7\u00e3o do ramal \u00c1gua Branca 2, no quil\u00f4metro 35 da AM-010.\",\"inLanguage\":\"pt-BR\",\"potentialAction\":[{\"@type\":\"ReadAction\",\"target\":[\"https:\/\/www.manaus.am.gov.br\/semcom\/pavimentacao-do-ramal-agua-branca-2\/\"]}]},{\"@type\":\"ImageObject\",\"inLanguage\":\"pt-BR\",\"@id\":\"https:\/\/www.manaus.am.gov.br\/semcom\/pavimentacao-do-ramal-agua-branca-2\/#primaryimage\",\"url\":\"https:\/\/www.manaus.am.gov.br\/semcom\/wp-content\/uploads\/sites\/5\/2025\/12\/pavimentacao-do-ramal-Agua-Branca-2-3.jpg\",\"contentUrl\":\"https:\/\/www.manaus.am.gov.br\/semcom\/wp-content\/uploads\/sites\/5\/2025\/12\/pavimentacao-do-ramal-Agua-Branca-2-3.jpg\",\"width\":799,\"height\":533,\"caption\":\"#paratodosverem - Prefeito David Almeida assinando a ordem de servi\u00e7op\"},{\"@type\":\"WebSite\",\"@id\":\"https:\/\/www.manaus.am.gov.br\/semcom\/#website\",\"url\":\"https:\/\/www.manaus.am.gov.br\/semcom\/\",\"name\":\"SEMCOM\",\"description\":\"Secretaria Municipal de Comunica\u00e7\u00e3o\",\"potentialAction\":[{\"@type\":\"SearchAction\",\"target\":{\"@type\":\"EntryPoint\",\"urlTemplate\":\"https:\/\/www.manaus.am.gov.br\/semcom\/?s={search_term_string}\"},\"query-input\":\"required name=search_term_string\"}],\"inLanguage\":\"pt-BR\"},{\"@type\":\"Person\",\"@id\":\"https:\/\/www.manaus.am.gov.br\/semcom\/#\/schema\/person\/a5ee5376db6e21af026374b369f30882\",\"name\":\"Thiago Fernando\",\"image\":{\"@type\":\"ImageObject\",\"inLanguage\":\"pt-BR\",\"@id\":\"https:\/\/www.manaus.am.gov.br\/semcom\/#\/schema\/person\/image\/\",\"url\":\"https:\/\/secure.gravatar.com\/avatar\/f5aab8722444041451501c077052ac07?s=96&d=mm&r=g\",\"contentUrl\":\"https:\/\/secure.gravatar.com\/avatar\/f5aab8722444041451501c077052ac07?s=96&d=mm&r=g\",\"caption\":\"Thiago Fernando\"}}]}<\/script>\n<!-- \/ Yoast SEO plugin. -->","yoast_head_json":{"title":"David Almeida autoriza pavimenta\u00e7\u00e3o do ramal \u00c1gua Branca 2","description":"David Almeida assinou a ordem de servi\u00e7o para a pavimenta\u00e7\u00e3o do ramal \u00c1gua Branca 2, no quil\u00f4metro 35 da AM-010.","robots":{"index":"index","follow":"follow","max-snippet":"max-snippet:-1","max-image-preview":"max-image-preview:large","max-video-preview":"max-video-preview:-1"},"canonical":"https:\/\/www.manaus.am.gov.br\/semcom\/pavimentacao-do-ramal-agua-branca-2\/","og_locale":"pt_BR","og_type":"article","og_title":"David Almeida autoriza pavimenta\u00e7\u00e3o do ramal \u00c1gua Branca 2","og_description":"David Almeida assinou a ordem de servi\u00e7o para a pavimenta\u00e7\u00e3o do ramal \u00c1gua Branca 2, no quil\u00f4metro 35 da AM-010.","og_url":"https:\/\/www.manaus.am.gov.br\/semcom\/pavimentacao-do-ramal-agua-branca-2\/","og_site_name":"SEMCOM","article_published_time":"2025-12-07T19:24:41+00:00","article_modified_time":"2025-12-07T19:24:42+00:00","og_image":[{"width":799,"height":533,"url":"https:\/\/www.manaus.am.gov.br\/semcom\/wp-content\/uploads\/sites\/5\/2025\/12\/pavimentacao-do-ramal-Agua-Branca-2-3.jpg","type":"image\/jpeg"}],"author":"Thiago Fernando","twitter_card":"summary_large_image","twitter_misc":{"Written by":"Thiago Fernando","Est. reading time":"5 minutos"},"schema":{"@context":"https:\/\/schema.org","@graph":[{"@type":"WebPage","@id":"https:\/\/www.manaus.am.gov.br\/semcom\/pavimentacao-do-ramal-agua-branca-2\/","url":"https:\/\/www.manaus.am.gov.br\/semcom\/pavimentacao-do-ramal-agua-branca-2\/","name":"David Almeida autoriza pavimenta\u00e7\u00e3o do ramal \u00c1gua Branca 2","isPartOf":{"@id":"https:\/\/www.manaus.am.gov.br\/semcom\/#website"},"primaryImageOfPage":{"@id":"https:\/\/www.manaus.am.gov.br\/semcom\/pavimentacao-do-ramal-agua-branca-2\/#primaryimage"},"image":{"@id":"https:\/\/www.manaus.am.gov.br\/semcom\/pavimentacao-do-ramal-agua-branca-2\/#primaryimage"},"thumbnailUrl":"https:\/\/www.manaus.am.gov.br\/semcom\/wp-content\/uploads\/sites\/5\/2025\/12\/pavimentacao-do-ramal-Agua-Branca-2-3.jpg","datePublished":"2025-12-07T19:24:41+00:00","dateModified":"2025-12-07T19:24:42+00:00","author":{"@id":"https:\/\/www.manaus.am.gov.br\/semcom\/#\/schema\/person\/a5ee5376db6e21af026374b369f30882"},"description":"David Almeida assinou a ordem de servi\u00e7o para a pavimenta\u00e7\u00e3o do ramal \u00c1gua Branca 2, no quil\u00f4metro 35 da AM-010.","inLanguage":"pt-BR","potentialAction":[{"@type":"ReadAction","target":["https:\/\/www.manaus.am.gov.br\/semcom\/pavimentacao-do-ramal-agua-branca-2\/"]}]},{"@type":"ImageObject","inLanguage":"pt-BR","@id":"https:\/\/www.manaus.am.gov.br\/semcom\/pavimentacao-do-ramal-agua-branca-2\/#primaryimage","url":"https:\/\/www.manaus.am.gov.br\/semcom\/wp-content\/uploads\/sites\/5\/2025\/12\/pavimentacao-do-ramal-Agua-Branca-2-3.jpg","contentUrl":"https:\/\/www.manaus.am.gov.br\/semcom\/wp-content\/uploads\/sites\/5\/2025\/12\/pavimentacao-do-ramal-Agua-Branca-2-3.jpg","width":799,"height":533,"caption":"#paratodosverem - Prefeito David Almeida assinando a ordem de servi\u00e7op"},{"@type":"WebSite","@id":"https:\/\/www.manaus.am.gov.br\/semcom\/#website","url":"https:\/\/www.manaus.am.gov.br\/semcom\/","name":"SEMCOM","description":"Secretaria Municipal de Comunica\u00e7\u00e3o","potentialAction":[{"@type":"SearchAction","target":{"@type":"EntryPoint","urlTemplate":"https:\/\/www.manaus.am.gov.br\/semcom\/?s={search_term_string}"},"query-input":"required name=search_term_string"}],"inLanguage":"pt-BR"},{"@type":"Person","@id":"https:\/\/www.manaus.am.gov.br\/semcom\/#\/schema\/person\/a5ee5376db6e21af026374b369f30882","name":"Thiago Fernando","image":{"@type":"ImageObject","inLanguage":"pt-BR","@id":"https:\/\/www.manaus.am.gov.br\/semcom\/#\/schema\/person\/image\/","url":"https:\/\/secure.gravatar.com\/avatar\/f5aab8722444041451501c077052ac07?s=96&d=mm&r=g","contentUrl":"https:\/\/secure.gravatar.com\/avatar\/f5aab8722444041451501c077052ac07?s=96&d=mm&r=g","caption":"Thiago Fernando"}}]}},"_links":{"self":[{"href":"https:\/\/www.manaus.am.gov.br\/semcom\/wp-json\/wp\/v2\/posts\/249378"}],"collection":[{"href":"https:\/\/www.manaus.am.gov.br\/semcom\/wp-json\/wp\/v2\/posts"}],"about":[{"href":"https:\/\/www.manaus.am.gov.br\/semcom\/wp-json\/wp\/v2\/types\/post"}],"author":[{"embeddable":true,"href":"https:\/\/www.manaus.am.gov.br\/semcom\/wp-json\/wp\/v2\/users\/57"}],"replies":[{"embeddable":true,"href":"https:\/\/www.manaus.am.gov.br\/semcom\/wp-json\/wp\/v2\/comments?post=249378"}],"version-history":[{"count":0,"href":"https:\/\/www.manaus.am.gov.br\/semcom\/wp-json\/wp\/v2\/posts\/249378\/revisions"}],"wp:featuredmedia":[{"embeddable":true,"href":"https:\/\/www.manaus.am.gov.br\/semcom\/wp-json\/wp\/v2\/media\/249379"}],"wp:attachment":[{"href":"https:\/\/www.manaus.am.gov.br\/semcom\/wp-json\/wp\/v2\/media?parent=249378"}],"wp:term":[{"taxonomy":"category","embeddable":true,"href":"https:\/\/www.manaus.am.gov.br\/semcom\/wp-json\/wp\/v2\/categories?post=249378"},{"taxonomy":"post_tag","embeddable":true,"href":"https:\/\/www.manaus.am.gov.br\/semcom\/wp-json\/wp\/v2\/tags?post=249378"}],"curies":[{"name":"wp","href":"https:\/\/api.w.org\/{rel}","templated":true}]}}