{"id":249361,"date":"2025-12-05T18:59:32","date_gmt":"2025-12-05T22:59:32","guid":{"rendered":"https:\/\/www.manaus.am.gov.br\/semcom\/reforco-acoes-de-limpeza\/"},"modified":"2025-12-05T20:01:35","modified_gmt":"2025-12-05T23:01:35","slug":"reforco-acoes-de-limpeza","status":"publish","type":"post","link":"https:\/\/www.manaus.am.gov.br\/semcom\/reforco-acoes-de-limpeza\/","title":{"rendered":"Prefeitura de Manaus intensifica a\u00e7\u00f5es de limpeza e recolhe mais de 72 mil toneladas de res\u00edduos no m\u00eas de novembro"},"content":{"rendered":"\n<p>Durante o m\u00eas de novembro, a Prefeitura de Manaus, por meio da Secretaria Municipal de Limpeza Urbana (Semulsp), intensificou as a\u00e7\u00f5es de limpeza na cidade e registrou mais de 72 mil toneladas de res\u00edduos coletados, a desarticula\u00e7\u00e3o de 602 lixeiras irregulares, avan\u00e7os na coleta seletiva, amplia\u00e7\u00e3o da limpeza de igarap\u00e9s e da orla, atendimento a 44 comunidades rurais, ribeirinhas e ind\u00edgenas, al\u00e9m do plantio de mudas nos cemit\u00e9rios e da entrega de espa\u00e7os p\u00fablicos revitalizados.<\/p>\n\n\n\n<p>\u201cO m\u00eas de novembro come\u00e7ou com a entrega da pra\u00e7a do Anjo, no cemit\u00e9rio Nossa Senhora Aparecida, e terminou com a instala\u00e7\u00e3o da Cruz Gloriosa, na rotat\u00f3ria do bairro Col\u00f4nia Ant\u00f4nio Aleixo, em homenagem pelos 75 anos da Par\u00f3quia Nossa Senhora das Gra\u00e7as, al\u00e9m de diversas a\u00e7\u00f5es de limpeza que temos refor\u00e7ado diariamente. Nossas equipes est\u00e3o por todas as \u00e1reas, com servi\u00e7os que devolvem a beleza para a cidade, como determina o prefeito David Almeida\u201d, disse o secret\u00e1rio da Semulsp, Sab\u00e1 Reis.&nbsp;<\/p>\n\n\n\n<p>Ao longo de novembro, a Semulsp recolheu 72.925 toneladas de res\u00edduos, sendo 21.310 toneladas retiradas das ruas e 51.615 toneladas provenientes da coleta domiciliar. As a\u00e7\u00f5es tamb\u00e9m avan\u00e7aram na orla do rio Negro, nos igarap\u00e9s e nas \u00e1reas rurais. As 12 ecobarreiras retiveram 324 toneladas de res\u00edduos antes que chegassem ao rio.&nbsp;<\/p>\n\n\n\n<p>No transbordo, foram contabilizadas 369 toneladas de res\u00edduos, volume formado pelo material recolhido na limpeza da orla, nos igarap\u00e9s que n\u00e3o possuem ecobarreiras e pela coleta semanal realizada pela Semulsp em 44 comunidades rurais, ribeirinhas e ind\u00edgenas, al\u00e9m do material coletado nas praias da Lua, Tup\u00e9 e Ponta Branca, que contam com coletores flutuantes e o apoio direto de 18 garis comunit\u00e1rios.<\/p>\n\n\n\n<figure class=\"wp-block-image size-large\"><img loading=\"lazy\" decoding=\"async\" width=\"1024\" height=\"637\" src=\"https:\/\/www.manaus.am.gov.br\/semcom\/wp-content\/uploads\/sites\/5\/2025\/12\/Limpeza-da-orla-IV-1024x637.jpeg\" alt=\"\" class=\"wp-image-249362\" srcset=\"https:\/\/www.manaus.am.gov.br\/semcom\/wp-content\/uploads\/sites\/5\/2025\/12\/Limpeza-da-orla-IV-1024x637.jpeg 1024w, https:\/\/www.manaus.am.gov.br\/semcom\/wp-content\/uploads\/sites\/5\/2025\/12\/Limpeza-da-orla-IV-300x187.jpeg 300w, https:\/\/www.manaus.am.gov.br\/semcom\/wp-content\/uploads\/sites\/5\/2025\/12\/Limpeza-da-orla-IV-768x478.jpeg 768w, https:\/\/www.manaus.am.gov.br\/semcom\/wp-content\/uploads\/sites\/5\/2025\/12\/Limpeza-da-orla-IV.jpeg 1280w\" sizes=\"(max-width: 1024px) 100vw, 1024px\" \/><figcaption class=\"wp-element-caption\">#paratodosverem &#8211; Equipe da Semulsp recolhendo lixo<\/figcaption><\/figure>\n\n\n\n<p><strong>Plantio de mudas nos cemit\u00e9rios<\/strong><\/p>\n\n\n\n<p>Durante o m\u00eas, a Semulsp realizou a\u00e7\u00f5es de arboriza\u00e7\u00e3o nos cemit\u00e9rios municipais, com o plantio de cerca de 300 mudas de pau-pretinho, com mais de um metro de altura, esp\u00e9cie nativa de r\u00e1pido crescimento e ampla capacidade de sombreamento, e de jasmim-do-Caribe, utilizado na composi\u00e7\u00e3o paisag\u00edstica e na revitaliza\u00e7\u00e3o visual dos espa\u00e7os. As a\u00e7\u00f5es ampliam \u00e1reas verdes, melhoram o conforto t\u00e9rmico e contribuem para tornar os locais de visita\u00e7\u00e3o mais acolhedores para as fam\u00edlias.<\/p>\n\n\n\n<p><strong>Combate ao descarte irregular<\/strong><\/p>\n\n\n\n<p>Foram desarticuladas 602 lixeiras irregulares, resultando na retirada de mais de 3 mil toneladas de res\u00edduos acumulados em \u00e1reas cr\u00edticas da cidade.&nbsp;<\/p>\n\n\n\n<p><strong>Coleta seletiva e servi\u00e7os complementares<\/strong><\/p>\n\n\n\n<p>A coleta seletiva somou 58.070 toneladas entregues nos 37 Pontos de Entrega Volunt\u00e1ria (PEVs), instalados em supermercados da cidade e 53.820 toneladas coletadas no servi\u00e7o porta<\/p>\n\n\n\n<p>a porta. Tamb\u00e9m foram recolhidos 2.058 pneus. Na coleta agendada de grandes objetos, foram coletados 2,4 mil objetos.<\/p>\n\n\n\n<p><strong>Manuten\u00e7\u00e3o urbana<\/strong><\/p>\n\n\n\n<p>As equipes capinaram, varreram e ro\u00e7aram mais de 22 mil quil\u00f4metros de vias, al\u00e9m de 2,3 mil quil\u00f4metros de pintura de meios-fios e cal\u00e7adas, 304 quil\u00f4metros de lavagem de feiras e vias, implantaram quase 78 quil\u00f4metros de ajardinamento e podaram 1.753 \u00e1rvores. As equipes tamb\u00e9m desobstru\u00edram dezenas de bueiros por diversas zonas da cidade.&nbsp;&nbsp;<\/p>\n\n\n\n<p><strong>Educa\u00e7\u00e3o ambiental e atendimento<\/strong><\/p>\n\n\n\n<p>As a\u00e7\u00f5es de educa\u00e7\u00e3o ambiental alcan\u00e7aram 14.453 pessoas em 72 atividades. O Disk Semulsp registrou 1.788 atendimentos.<\/p>\n\n\n\n<p><strong>Compromisso permanente<\/strong><\/p>\n\n\n\n<p>Com presen\u00e7a di\u00e1ria em todas as zonas urbanas e ribeirinhas, a Prefeitura de Manaus segue avan\u00e7ando na limpeza urbana, no manejo adequado de res\u00edduos e na oferta de servi\u00e7os essenciais para a popula\u00e7\u00e3o.<\/p>\n\n\n\n<p>\u2014\u2014 \u2014\u2014 \u2014\u2014&nbsp;<br><strong>Texto &#8211; <\/strong>Dora Tupinamb\u00e1 \/ Semulsp<br><strong>Fotos-<\/strong> Divulga\u00e7\u00e3o \/ Semulsp<\/p>\n","protected":false},"excerpt":{"rendered":"","protected":false},"author":68,"featured_media":249363,"comment_status":"closed","ping_status":"closed","sticky":false,"template":"","format":"standard","meta":{"footnotes":""},"categories":[520],"tags":[18321,77,18322,12460],"acf":[],"yoast_head":"<!-- This site is optimized with the Yoast SEO plugin v23.0 - https:\/\/yoast.com\/wordpress\/plugins\/seo\/ -->\n<title>Prefeitura de Manaus intensifica a\u00e7\u00f5es de limpeza<\/title>\n<meta name=\"description\" content=\"A Prefeitura de Manaus, por meio da Secretaria Municipal de Limpeza Urbana (Semulsp), intensificou as a\u00e7\u00f5es de limpeza na cidade.\" \/>\n<meta name=\"robots\" content=\"index, follow, max-snippet:-1, max-image-preview:large, max-video-preview:-1\" \/>\n<link rel=\"canonical\" href=\"https:\/\/www.manaus.am.gov.br\/semcom\/reforco-acoes-de-limpeza\/\" \/>\n<meta property=\"og:locale\" content=\"pt_BR\" \/>\n<meta property=\"og:type\" content=\"article\" \/>\n<meta property=\"og:title\" content=\"Prefeitura de Manaus intensifica a\u00e7\u00f5es de limpeza\" \/>\n<meta property=\"og:description\" content=\"A Prefeitura de Manaus, por meio da Secretaria Municipal de Limpeza Urbana (Semulsp), intensificou as a\u00e7\u00f5es de limpeza na cidade.\" \/>\n<meta property=\"og:url\" content=\"https:\/\/www.manaus.am.gov.br\/semcom\/reforco-acoes-de-limpeza\/\" \/>\n<meta property=\"og:site_name\" content=\"SEMCOM\" \/>\n<meta property=\"article:published_time\" content=\"2025-12-05T22:59:32+00:00\" \/>\n<meta property=\"article:modified_time\" content=\"2025-12-05T23:01:35+00:00\" \/>\n<meta property=\"og:image\" content=\"https:\/\/www.manaus.am.gov.br\/semcom\/wp-content\/uploads\/sites\/5\/2025\/12\/WhatsApp-Image-2025-12-05-at-09.21.18-1.jpeg\" \/>\n\t<meta property=\"og:image:width\" content=\"1280\" \/>\n\t<meta property=\"og:image:height\" content=\"960\" \/>\n\t<meta property=\"og:image:type\" content=\"image\/jpeg\" \/>\n<meta name=\"author\" content=\"bvalente\" \/>\n<meta name=\"twitter:card\" content=\"summary_large_image\" \/>\n<meta name=\"twitter:label1\" content=\"Written by\" \/>\n\t<meta name=\"twitter:data1\" content=\"bvalente\" \/>\n\t<meta name=\"twitter:label2\" content=\"Est. reading time\" \/>\n\t<meta name=\"twitter:data2\" content=\"4 minutos\" \/>\n<script type=\"application\/ld+json\" class=\"yoast-schema-graph\">{\"@context\":\"https:\/\/schema.org\",\"@graph\":[{\"@type\":\"WebPage\",\"@id\":\"https:\/\/www.manaus.am.gov.br\/semcom\/reforco-acoes-de-limpeza\/\",\"url\":\"https:\/\/www.manaus.am.gov.br\/semcom\/reforco-acoes-de-limpeza\/\",\"name\":\"Prefeitura de Manaus intensifica a\u00e7\u00f5es de limpeza\",\"isPartOf\":{\"@id\":\"https:\/\/www.manaus.am.gov.br\/semcom\/#website\"},\"primaryImageOfPage\":{\"@id\":\"https:\/\/www.manaus.am.gov.br\/semcom\/reforco-acoes-de-limpeza\/#primaryimage\"},\"image\":{\"@id\":\"https:\/\/www.manaus.am.gov.br\/semcom\/reforco-acoes-de-limpeza\/#primaryimage\"},\"thumbnailUrl\":\"https:\/\/www.manaus.am.gov.br\/semcom\/wp-content\/uploads\/sites\/5\/2025\/12\/WhatsApp-Image-2025-12-05-at-09.21.18-1.jpeg\",\"datePublished\":\"2025-12-05T22:59:32+00:00\",\"dateModified\":\"2025-12-05T23:01:35+00:00\",\"author\":{\"@id\":\"https:\/\/www.manaus.am.gov.br\/semcom\/#\/schema\/person\/466a0e03ae4b6062809046bd560ac955\"},\"description\":\"A Prefeitura de Manaus, por meio da Secretaria Municipal de Limpeza Urbana (Semulsp), intensificou as a\u00e7\u00f5es de limpeza na cidade.\",\"inLanguage\":\"pt-BR\",\"potentialAction\":[{\"@type\":\"ReadAction\",\"target\":[\"https:\/\/www.manaus.am.gov.br\/semcom\/reforco-acoes-de-limpeza\/\"]}]},{\"@type\":\"ImageObject\",\"inLanguage\":\"pt-BR\",\"@id\":\"https:\/\/www.manaus.am.gov.br\/semcom\/reforco-acoes-de-limpeza\/#primaryimage\",\"url\":\"https:\/\/www.manaus.am.gov.br\/semcom\/wp-content\/uploads\/sites\/5\/2025\/12\/WhatsApp-Image-2025-12-05-at-09.21.18-1.jpeg\",\"contentUrl\":\"https:\/\/www.manaus.am.gov.br\/semcom\/wp-content\/uploads\/sites\/5\/2025\/12\/WhatsApp-Image-2025-12-05-at-09.21.18-1.jpeg\",\"width\":1280,\"height\":960,\"caption\":\"#paratodosverem - Equipe da Semulsp realizando limpeza e capina\u00e7\u00e3o em via\"},{\"@type\":\"WebSite\",\"@id\":\"https:\/\/www.manaus.am.gov.br\/semcom\/#website\",\"url\":\"https:\/\/www.manaus.am.gov.br\/semcom\/\",\"name\":\"SEMCOM\",\"description\":\"Secretaria Municipal de Comunica\u00e7\u00e3o\",\"potentialAction\":[{\"@type\":\"SearchAction\",\"target\":{\"@type\":\"EntryPoint\",\"urlTemplate\":\"https:\/\/www.manaus.am.gov.br\/semcom\/?s={search_term_string}\"},\"query-input\":\"required name=search_term_string\"}],\"inLanguage\":\"pt-BR\"},{\"@type\":\"Person\",\"@id\":\"https:\/\/www.manaus.am.gov.br\/semcom\/#\/schema\/person\/466a0e03ae4b6062809046bd560ac955\",\"name\":\"bvalente\",\"image\":{\"@type\":\"ImageObject\",\"inLanguage\":\"pt-BR\",\"@id\":\"https:\/\/www.manaus.am.gov.br\/semcom\/#\/schema\/person\/image\/\",\"url\":\"https:\/\/secure.gravatar.com\/avatar\/3e69bc2b014bdad41adfec3a39de07d2?s=96&d=mm&r=g\",\"contentUrl\":\"https:\/\/secure.gravatar.com\/avatar\/3e69bc2b014bdad41adfec3a39de07d2?s=96&d=mm&r=g\",\"caption\":\"bvalente\"}}]}<\/script>\n<!-- \/ Yoast SEO plugin. -->","yoast_head_json":{"title":"Prefeitura de Manaus intensifica a\u00e7\u00f5es de limpeza","description":"A Prefeitura de Manaus, por meio da Secretaria Municipal de Limpeza Urbana (Semulsp), intensificou as a\u00e7\u00f5es de limpeza na cidade.","robots":{"index":"index","follow":"follow","max-snippet":"max-snippet:-1","max-image-preview":"max-image-preview:large","max-video-preview":"max-video-preview:-1"},"canonical":"https:\/\/www.manaus.am.gov.br\/semcom\/reforco-acoes-de-limpeza\/","og_locale":"pt_BR","og_type":"article","og_title":"Prefeitura de Manaus intensifica a\u00e7\u00f5es de limpeza","og_description":"A Prefeitura de Manaus, por meio da Secretaria Municipal de Limpeza Urbana (Semulsp), intensificou as a\u00e7\u00f5es de limpeza na cidade.","og_url":"https:\/\/www.manaus.am.gov.br\/semcom\/reforco-acoes-de-limpeza\/","og_site_name":"SEMCOM","article_published_time":"2025-12-05T22:59:32+00:00","article_modified_time":"2025-12-05T23:01:35+00:00","og_image":[{"width":1280,"height":960,"url":"https:\/\/www.manaus.am.gov.br\/semcom\/wp-content\/uploads\/sites\/5\/2025\/12\/WhatsApp-Image-2025-12-05-at-09.21.18-1.jpeg","type":"image\/jpeg"}],"author":"bvalente","twitter_card":"summary_large_image","twitter_misc":{"Written by":"bvalente","Est. reading time":"4 minutos"},"schema":{"@context":"https:\/\/schema.org","@graph":[{"@type":"WebPage","@id":"https:\/\/www.manaus.am.gov.br\/semcom\/reforco-acoes-de-limpeza\/","url":"https:\/\/www.manaus.am.gov.br\/semcom\/reforco-acoes-de-limpeza\/","name":"Prefeitura de Manaus intensifica a\u00e7\u00f5es de limpeza","isPartOf":{"@id":"https:\/\/www.manaus.am.gov.br\/semcom\/#website"},"primaryImageOfPage":{"@id":"https:\/\/www.manaus.am.gov.br\/semcom\/reforco-acoes-de-limpeza\/#primaryimage"},"image":{"@id":"https:\/\/www.manaus.am.gov.br\/semcom\/reforco-acoes-de-limpeza\/#primaryimage"},"thumbnailUrl":"https:\/\/www.manaus.am.gov.br\/semcom\/wp-content\/uploads\/sites\/5\/2025\/12\/WhatsApp-Image-2025-12-05-at-09.21.18-1.jpeg","datePublished":"2025-12-05T22:59:32+00:00","dateModified":"2025-12-05T23:01:35+00:00","author":{"@id":"https:\/\/www.manaus.am.gov.br\/semcom\/#\/schema\/person\/466a0e03ae4b6062809046bd560ac955"},"description":"A Prefeitura de Manaus, por meio da Secretaria Municipal de Limpeza Urbana (Semulsp), intensificou as a\u00e7\u00f5es de limpeza na cidade.","inLanguage":"pt-BR","potentialAction":[{"@type":"ReadAction","target":["https:\/\/www.manaus.am.gov.br\/semcom\/reforco-acoes-de-limpeza\/"]}]},{"@type":"ImageObject","inLanguage":"pt-BR","@id":"https:\/\/www.manaus.am.gov.br\/semcom\/reforco-acoes-de-limpeza\/#primaryimage","url":"https:\/\/www.manaus.am.gov.br\/semcom\/wp-content\/uploads\/sites\/5\/2025\/12\/WhatsApp-Image-2025-12-05-at-09.21.18-1.jpeg","contentUrl":"https:\/\/www.manaus.am.gov.br\/semcom\/wp-content\/uploads\/sites\/5\/2025\/12\/WhatsApp-Image-2025-12-05-at-09.21.18-1.jpeg","width":1280,"height":960,"caption":"#paratodosverem - Equipe da Semulsp realizando limpeza e capina\u00e7\u00e3o em via"},{"@type":"WebSite","@id":"https:\/\/www.manaus.am.gov.br\/semcom\/#website","url":"https:\/\/www.manaus.am.gov.br\/semcom\/","name":"SEMCOM","description":"Secretaria Municipal de Comunica\u00e7\u00e3o","potentialAction":[{"@type":"SearchAction","target":{"@type":"EntryPoint","urlTemplate":"https:\/\/www.manaus.am.gov.br\/semcom\/?s={search_term_string}"},"query-input":"required name=search_term_string"}],"inLanguage":"pt-BR"},{"@type":"Person","@id":"https:\/\/www.manaus.am.gov.br\/semcom\/#\/schema\/person\/466a0e03ae4b6062809046bd560ac955","name":"bvalente","image":{"@type":"ImageObject","inLanguage":"pt-BR","@id":"https:\/\/www.manaus.am.gov.br\/semcom\/#\/schema\/person\/image\/","url":"https:\/\/secure.gravatar.com\/avatar\/3e69bc2b014bdad41adfec3a39de07d2?s=96&d=mm&r=g","contentUrl":"https:\/\/secure.gravatar.com\/avatar\/3e69bc2b014bdad41adfec3a39de07d2?s=96&d=mm&r=g","caption":"bvalente"}}]}},"_links":{"self":[{"href":"https:\/\/www.manaus.am.gov.br\/semcom\/wp-json\/wp\/v2\/posts\/249361"}],"collection":[{"href":"https:\/\/www.manaus.am.gov.br\/semcom\/wp-json\/wp\/v2\/posts"}],"about":[{"href":"https:\/\/www.manaus.am.gov.br\/semcom\/wp-json\/wp\/v2\/types\/post"}],"author":[{"embeddable":true,"href":"https:\/\/www.manaus.am.gov.br\/semcom\/wp-json\/wp\/v2\/users\/68"}],"replies":[{"embeddable":true,"href":"https:\/\/www.manaus.am.gov.br\/semcom\/wp-json\/wp\/v2\/comments?post=249361"}],"version-history":[{"count":5,"href":"https:\/\/www.manaus.am.gov.br\/semcom\/wp-json\/wp\/v2\/posts\/249361\/revisions"}],"predecessor-version":[{"id":249368,"href":"https:\/\/www.manaus.am.gov.br\/semcom\/wp-json\/wp\/v2\/posts\/249361\/revisions\/249368"}],"wp:featuredmedia":[{"embeddable":true,"href":"https:\/\/www.manaus.am.gov.br\/semcom\/wp-json\/wp\/v2\/media\/249363"}],"wp:attachment":[{"href":"https:\/\/www.manaus.am.gov.br\/semcom\/wp-json\/wp\/v2\/media?parent=249361"}],"wp:term":[{"taxonomy":"category","embeddable":true,"href":"https:\/\/www.manaus.am.gov.br\/semcom\/wp-json\/wp\/v2\/categories?post=249361"},{"taxonomy":"post_tag","embeddable":true,"href":"https:\/\/www.manaus.am.gov.br\/semcom\/wp-json\/wp\/v2\/tags?post=249361"}],"curies":[{"name":"wp","href":"https:\/\/api.w.org\/{rel}","templated":true}]}}