{"id":249329,"date":"2025-12-04T21:49:26","date_gmt":"2025-12-05T00:49:26","guid":{"rendered":"https:\/\/www.manaus.am.gov.br\/semcom\/medalha-do-merito-da-pgm-2025\/"},"modified":"2025-12-04T21:49:28","modified_gmt":"2025-12-05T00:49:28","slug":"medalha-do-merito-da-pgm-2025","status":"publish","type":"post","link":"https:\/\/www.manaus.am.gov.br\/semcom\/medalha-do-merito-da-pgm-2025\/","title":{"rendered":"Vice-prefeito Renato Junior entrega Medalha do M\u00e9rito da PGM 2025 a personalidades que prestam servi\u00e7os relevantes \u00e0 sociedade"},"content":{"rendered":"\n<p>O vice-prefeito de Manaus, Renato Junior, realizou, nesta quinta-feira, 4\/12, a entrega da Medalha do M\u00e9rito da Procuradoria-Geral do Munic\u00edpio (PGM) 2025, durante solenidade realizada no audit\u00f3rio Isabel Vict\u00f3ria de Mattos Pereira do Carmo Ribeiro, na sede da prefeitura, localizada na avenida Brasil, bairro Compensa, zona Oeste da capital. A honraria foi concedida a autoridades e personalidades do meio jur\u00eddico que contribuem de forma relevante para o fortalecimento da advocacia p\u00fablica municipal.<\/p>\n\n\n\n<p>Criada em 2023, a medalha reconhece autoridades, acad\u00eamicos e representantes de institui\u00e7\u00f5es que se destacam pela atua\u00e7\u00e3o em defesa da Justi\u00e7a e pelo fortalecimento das institui\u00e7\u00f5es p\u00fablicas do munic\u00edpio.<\/p>\n\n\n\n<p>Na ocasi\u00e3o, o vice-prefeito Renato Junior, destacou a import\u00e2ncia do reconhecimento institucional \u00e0s personalidades que prestam servi\u00e7os relevantes \u00e0 sociedade manauara.<\/p>\n\n\n\n<p>\u201cHoje \u00e9 um dia muito especial, em que a Prefeitura de Manaus presta uma justa homenagem a profissionais e institui\u00e7\u00f5es que contribuem diretamente para o fortalecimento da Justi\u00e7a e para o desenvolvimento da nossa cidade\u201d, afirmou.<\/p>\n\n\n\n<p>O procurador-geral do Munic\u00edpio, Rafael Bertazzo, ressaltou que a outorga da medalha simboliza o reconhecimento pelo apoio e pelo trabalho conjunto em prol da sociedade. \u201cA cerim\u00f4nia de entrega da Medalha do M\u00e9rito da PGM representa o agradecimento institucional \u00e0queles que fortalecem as a\u00e7\u00f5es desenvolvidas pela procuradoria-geral em benef\u00edcio da popula\u00e7\u00e3o manauara\u201d, destacou.<\/p>\n\n\n\n<p>Entre os agraciados da edi\u00e7\u00e3o de 2025 estiveram representantes do Tribunal de Justi\u00e7a do Amazonas (TJ-AM), do Tribunal de Contas do Estado do Amazonas (TCE-AM), e de diversas institui\u00e7\u00f5es, evidenciando o car\u00e1ter plural e institucional da homenagem.<\/p>\n\n\n\n<p>Um dos homenageados, o coronel da Pol\u00edcia Militar do Amazonas, Thiago Balbi Souza, ressaltou a relev\u00e2ncia da honraria. \u201cEu me sinto muito honrado com esse reconhecimento e seguimos \u00e0 disposi\u00e7\u00e3o para contribuir cada vez mais com a sociedade\u201d, afirmou.<\/p>\n\n\n\n<p>Tamb\u00e9m receberam a Medalha do M\u00e9rito da PGM o desembargador Jos\u00e9 Hamilton Saraiva dos Santos, corregedor-geral de Justi\u00e7a do Tribunal de Justi\u00e7a do Amazonas; a ju\u00edza Etelvina Lobo Braga; o conselheiro do TCE-AM, \u00c9rico Xavier Desterro e Silva; o procurador do Estado Geraldo Uch\u00f4a Amorim; e o procurador do Estado do Mato Grosso do Sul, Ulisses Schwarz Viana.<\/p>\n\n\n\n<p>A solenidade ainda homenageou representantes da administra\u00e7\u00e3o municipal, como o secret\u00e1rio C\u00e9lio Bernardo Guedes, al\u00e9m da subprocuradora-geral do Munic\u00edpio, Carmen Rosa Soeiro Abreu dos Santos, e dos procuradores Jos\u00e9 Luiz Franco de Moura Mattos J\u00fanior e David Matalon Neto, bem como a major Cl\u00e9sia Franciane, da Pol\u00edcia Militar do Estado do Amazonas.<\/p>\n\n\n\n<p>A entrega da Medalha do M\u00e9rito da PGM refor\u00e7a o compromisso da Procuradoria-Geral do Munic\u00edpio com a valoriza\u00e7\u00e3o da advocacia p\u00fablica e o reconhecimento de trajet\u00f3rias que contribuem para o desenvolvimento da cidade de Manaus.<\/p>\n\n\n\n<p>\u2014- \u2014- \u2014-<br><strong>Texto &#8211; <\/strong>Deborah Azevedo \/Semcom<\/p>\n\n\n\n<p><strong>Fotos &#8211; <\/strong>Cl\u00f3vis Miranda \/ Semcom<br><strong>Dispon\u00edveis em &#8211; <\/strong><a href=\"https:\/\/flic.kr\/s\/aHBqjCCQNd\">https:\/\/flic.kr\/s\/aHBqjCCQNd<\/a>&nbsp;<\/p>\n","protected":false},"excerpt":{"rendered":"","protected":false},"author":68,"featured_media":249330,"comment_status":"closed","ping_status":"closed","sticky":false,"template":"","format":"standard","meta":{"footnotes":""},"categories":[1183],"tags":[18310,77,1070,18311],"acf":[],"yoast_head":"<!-- This site is optimized with the Yoast SEO plugin v23.0 - https:\/\/yoast.com\/wordpress\/plugins\/seo\/ -->\n<title>Vice-prefeito entrega Medalha do M\u00e9rito da PGM 2025<\/title>\n<meta name=\"description\" content=\"O vice-prefeito Renato Junior, realizou, nesta quinta, a entrega da Medalha do M\u00e9rito da Procuradoria-Geral do Munic\u00edpio (PGM) 2025.\" \/>\n<meta name=\"robots\" content=\"index, follow, max-snippet:-1, max-image-preview:large, max-video-preview:-1\" \/>\n<link rel=\"canonical\" href=\"https:\/\/www.manaus.am.gov.br\/semcom\/medalha-do-merito-da-pgm-2025\/\" \/>\n<meta property=\"og:locale\" content=\"pt_BR\" \/>\n<meta property=\"og:type\" content=\"article\" \/>\n<meta property=\"og:title\" content=\"Vice-prefeito entrega Medalha do M\u00e9rito da PGM 2025\" \/>\n<meta property=\"og:description\" content=\"O vice-prefeito Renato Junior, realizou, nesta quinta, a entrega da Medalha do M\u00e9rito da Procuradoria-Geral do Munic\u00edpio (PGM) 2025.\" \/>\n<meta property=\"og:url\" content=\"https:\/\/www.manaus.am.gov.br\/semcom\/medalha-do-merito-da-pgm-2025\/\" \/>\n<meta property=\"og:site_name\" content=\"SEMCOM\" \/>\n<meta property=\"article:published_time\" content=\"2025-12-05T00:49:26+00:00\" \/>\n<meta property=\"article:modified_time\" content=\"2025-12-05T00:49:28+00:00\" \/>\n<meta property=\"og:image\" content=\"https:\/\/www.manaus.am.gov.br\/semcom\/wp-content\/uploads\/sites\/5\/2025\/12\/54964154346_7ba8b03b70_c.jpg\" \/>\n\t<meta property=\"og:image:width\" content=\"799\" \/>\n\t<meta property=\"og:image:height\" content=\"532\" \/>\n\t<meta property=\"og:image:type\" content=\"image\/jpeg\" \/>\n<meta name=\"author\" content=\"bvalente\" \/>\n<meta name=\"twitter:card\" content=\"summary_large_image\" \/>\n<meta name=\"twitter:label1\" content=\"Written by\" \/>\n\t<meta name=\"twitter:data1\" content=\"bvalente\" \/>\n\t<meta name=\"twitter:label2\" content=\"Est. reading time\" \/>\n\t<meta name=\"twitter:data2\" content=\"3 minutos\" \/>\n<script type=\"application\/ld+json\" class=\"yoast-schema-graph\">{\"@context\":\"https:\/\/schema.org\",\"@graph\":[{\"@type\":\"WebPage\",\"@id\":\"https:\/\/www.manaus.am.gov.br\/semcom\/medalha-do-merito-da-pgm-2025\/\",\"url\":\"https:\/\/www.manaus.am.gov.br\/semcom\/medalha-do-merito-da-pgm-2025\/\",\"name\":\"Vice-prefeito entrega Medalha do M\u00e9rito da PGM 2025\",\"isPartOf\":{\"@id\":\"https:\/\/www.manaus.am.gov.br\/semcom\/#website\"},\"primaryImageOfPage\":{\"@id\":\"https:\/\/www.manaus.am.gov.br\/semcom\/medalha-do-merito-da-pgm-2025\/#primaryimage\"},\"image\":{\"@id\":\"https:\/\/www.manaus.am.gov.br\/semcom\/medalha-do-merito-da-pgm-2025\/#primaryimage\"},\"thumbnailUrl\":\"https:\/\/www.manaus.am.gov.br\/semcom\/wp-content\/uploads\/sites\/5\/2025\/12\/54964154346_7ba8b03b70_c.jpg\",\"datePublished\":\"2025-12-05T00:49:26+00:00\",\"dateModified\":\"2025-12-05T00:49:28+00:00\",\"author\":{\"@id\":\"https:\/\/www.manaus.am.gov.br\/semcom\/#\/schema\/person\/466a0e03ae4b6062809046bd560ac955\"},\"description\":\"O vice-prefeito Renato Junior, realizou, nesta quinta, a entrega da Medalha do M\u00e9rito da Procuradoria-Geral do Munic\u00edpio (PGM) 2025.\",\"inLanguage\":\"pt-BR\",\"potentialAction\":[{\"@type\":\"ReadAction\",\"target\":[\"https:\/\/www.manaus.am.gov.br\/semcom\/medalha-do-merito-da-pgm-2025\/\"]}]},{\"@type\":\"ImageObject\",\"inLanguage\":\"pt-BR\",\"@id\":\"https:\/\/www.manaus.am.gov.br\/semcom\/medalha-do-merito-da-pgm-2025\/#primaryimage\",\"url\":\"https:\/\/www.manaus.am.gov.br\/semcom\/wp-content\/uploads\/sites\/5\/2025\/12\/54964154346_7ba8b03b70_c.jpg\",\"contentUrl\":\"https:\/\/www.manaus.am.gov.br\/semcom\/wp-content\/uploads\/sites\/5\/2025\/12\/54964154346_7ba8b03b70_c.jpg\",\"width\":799,\"height\":532,\"caption\":\"#paratodosverem - Vice-prefeito Renato Junior e procurador-geral do Munic\u00edpio, Rafael Bertazzo realizando a entrega da Medalha do M\u00e9rito da PGM 2025\"},{\"@type\":\"WebSite\",\"@id\":\"https:\/\/www.manaus.am.gov.br\/semcom\/#website\",\"url\":\"https:\/\/www.manaus.am.gov.br\/semcom\/\",\"name\":\"SEMCOM\",\"description\":\"Secretaria Municipal de Comunica\u00e7\u00e3o\",\"potentialAction\":[{\"@type\":\"SearchAction\",\"target\":{\"@type\":\"EntryPoint\",\"urlTemplate\":\"https:\/\/www.manaus.am.gov.br\/semcom\/?s={search_term_string}\"},\"query-input\":\"required name=search_term_string\"}],\"inLanguage\":\"pt-BR\"},{\"@type\":\"Person\",\"@id\":\"https:\/\/www.manaus.am.gov.br\/semcom\/#\/schema\/person\/466a0e03ae4b6062809046bd560ac955\",\"name\":\"bvalente\",\"image\":{\"@type\":\"ImageObject\",\"inLanguage\":\"pt-BR\",\"@id\":\"https:\/\/www.manaus.am.gov.br\/semcom\/#\/schema\/person\/image\/\",\"url\":\"https:\/\/secure.gravatar.com\/avatar\/3e69bc2b014bdad41adfec3a39de07d2?s=96&d=mm&r=g\",\"contentUrl\":\"https:\/\/secure.gravatar.com\/avatar\/3e69bc2b014bdad41adfec3a39de07d2?s=96&d=mm&r=g\",\"caption\":\"bvalente\"}}]}<\/script>\n<!-- \/ Yoast SEO plugin. -->","yoast_head_json":{"title":"Vice-prefeito entrega Medalha do M\u00e9rito da PGM 2025","description":"O vice-prefeito Renato Junior, realizou, nesta quinta, a entrega da Medalha do M\u00e9rito da Procuradoria-Geral do Munic\u00edpio (PGM) 2025.","robots":{"index":"index","follow":"follow","max-snippet":"max-snippet:-1","max-image-preview":"max-image-preview:large","max-video-preview":"max-video-preview:-1"},"canonical":"https:\/\/www.manaus.am.gov.br\/semcom\/medalha-do-merito-da-pgm-2025\/","og_locale":"pt_BR","og_type":"article","og_title":"Vice-prefeito entrega Medalha do M\u00e9rito da PGM 2025","og_description":"O vice-prefeito Renato Junior, realizou, nesta quinta, a entrega da Medalha do M\u00e9rito da Procuradoria-Geral do Munic\u00edpio (PGM) 2025.","og_url":"https:\/\/www.manaus.am.gov.br\/semcom\/medalha-do-merito-da-pgm-2025\/","og_site_name":"SEMCOM","article_published_time":"2025-12-05T00:49:26+00:00","article_modified_time":"2025-12-05T00:49:28+00:00","og_image":[{"width":799,"height":532,"url":"https:\/\/www.manaus.am.gov.br\/semcom\/wp-content\/uploads\/sites\/5\/2025\/12\/54964154346_7ba8b03b70_c.jpg","type":"image\/jpeg"}],"author":"bvalente","twitter_card":"summary_large_image","twitter_misc":{"Written by":"bvalente","Est. reading time":"3 minutos"},"schema":{"@context":"https:\/\/schema.org","@graph":[{"@type":"WebPage","@id":"https:\/\/www.manaus.am.gov.br\/semcom\/medalha-do-merito-da-pgm-2025\/","url":"https:\/\/www.manaus.am.gov.br\/semcom\/medalha-do-merito-da-pgm-2025\/","name":"Vice-prefeito entrega Medalha do M\u00e9rito da PGM 2025","isPartOf":{"@id":"https:\/\/www.manaus.am.gov.br\/semcom\/#website"},"primaryImageOfPage":{"@id":"https:\/\/www.manaus.am.gov.br\/semcom\/medalha-do-merito-da-pgm-2025\/#primaryimage"},"image":{"@id":"https:\/\/www.manaus.am.gov.br\/semcom\/medalha-do-merito-da-pgm-2025\/#primaryimage"},"thumbnailUrl":"https:\/\/www.manaus.am.gov.br\/semcom\/wp-content\/uploads\/sites\/5\/2025\/12\/54964154346_7ba8b03b70_c.jpg","datePublished":"2025-12-05T00:49:26+00:00","dateModified":"2025-12-05T00:49:28+00:00","author":{"@id":"https:\/\/www.manaus.am.gov.br\/semcom\/#\/schema\/person\/466a0e03ae4b6062809046bd560ac955"},"description":"O vice-prefeito Renato Junior, realizou, nesta quinta, a entrega da Medalha do M\u00e9rito da Procuradoria-Geral do Munic\u00edpio (PGM) 2025.","inLanguage":"pt-BR","potentialAction":[{"@type":"ReadAction","target":["https:\/\/www.manaus.am.gov.br\/semcom\/medalha-do-merito-da-pgm-2025\/"]}]},{"@type":"ImageObject","inLanguage":"pt-BR","@id":"https:\/\/www.manaus.am.gov.br\/semcom\/medalha-do-merito-da-pgm-2025\/#primaryimage","url":"https:\/\/www.manaus.am.gov.br\/semcom\/wp-content\/uploads\/sites\/5\/2025\/12\/54964154346_7ba8b03b70_c.jpg","contentUrl":"https:\/\/www.manaus.am.gov.br\/semcom\/wp-content\/uploads\/sites\/5\/2025\/12\/54964154346_7ba8b03b70_c.jpg","width":799,"height":532,"caption":"#paratodosverem - Vice-prefeito Renato Junior e procurador-geral do Munic\u00edpio, Rafael Bertazzo realizando a entrega da Medalha do M\u00e9rito da PGM 2025"},{"@type":"WebSite","@id":"https:\/\/www.manaus.am.gov.br\/semcom\/#website","url":"https:\/\/www.manaus.am.gov.br\/semcom\/","name":"SEMCOM","description":"Secretaria Municipal de Comunica\u00e7\u00e3o","potentialAction":[{"@type":"SearchAction","target":{"@type":"EntryPoint","urlTemplate":"https:\/\/www.manaus.am.gov.br\/semcom\/?s={search_term_string}"},"query-input":"required name=search_term_string"}],"inLanguage":"pt-BR"},{"@type":"Person","@id":"https:\/\/www.manaus.am.gov.br\/semcom\/#\/schema\/person\/466a0e03ae4b6062809046bd560ac955","name":"bvalente","image":{"@type":"ImageObject","inLanguage":"pt-BR","@id":"https:\/\/www.manaus.am.gov.br\/semcom\/#\/schema\/person\/image\/","url":"https:\/\/secure.gravatar.com\/avatar\/3e69bc2b014bdad41adfec3a39de07d2?s=96&d=mm&r=g","contentUrl":"https:\/\/secure.gravatar.com\/avatar\/3e69bc2b014bdad41adfec3a39de07d2?s=96&d=mm&r=g","caption":"bvalente"}}]}},"_links":{"self":[{"href":"https:\/\/www.manaus.am.gov.br\/semcom\/wp-json\/wp\/v2\/posts\/249329"}],"collection":[{"href":"https:\/\/www.manaus.am.gov.br\/semcom\/wp-json\/wp\/v2\/posts"}],"about":[{"href":"https:\/\/www.manaus.am.gov.br\/semcom\/wp-json\/wp\/v2\/types\/post"}],"author":[{"embeddable":true,"href":"https:\/\/www.manaus.am.gov.br\/semcom\/wp-json\/wp\/v2\/users\/68"}],"replies":[{"embeddable":true,"href":"https:\/\/www.manaus.am.gov.br\/semcom\/wp-json\/wp\/v2\/comments?post=249329"}],"version-history":[{"count":0,"href":"https:\/\/www.manaus.am.gov.br\/semcom\/wp-json\/wp\/v2\/posts\/249329\/revisions"}],"wp:featuredmedia":[{"embeddable":true,"href":"https:\/\/www.manaus.am.gov.br\/semcom\/wp-json\/wp\/v2\/media\/249330"}],"wp:attachment":[{"href":"https:\/\/www.manaus.am.gov.br\/semcom\/wp-json\/wp\/v2\/media?parent=249329"}],"wp:term":[{"taxonomy":"category","embeddable":true,"href":"https:\/\/www.manaus.am.gov.br\/semcom\/wp-json\/wp\/v2\/categories?post=249329"},{"taxonomy":"post_tag","embeddable":true,"href":"https:\/\/www.manaus.am.gov.br\/semcom\/wp-json\/wp\/v2\/tags?post=249329"}],"curies":[{"name":"wp","href":"https:\/\/api.w.org\/{rel}","templated":true}]}}