{"id":249295,"date":"2025-12-04T15:10:33","date_gmt":"2025-12-04T18:10:33","guid":{"rendered":"https:\/\/www.manaus.am.gov.br\/semcom\/prefeitura-semtepi-reuniao-conselhotrabalho\/"},"modified":"2025-12-04T15:10:35","modified_gmt":"2025-12-04T18:10:35","slug":"prefeitura-semtepi-reuniao-conselhotrabalho","status":"publish","type":"post","link":"https:\/\/www.manaus.am.gov.br\/semcom\/prefeitura-semtepi-reuniao-conselhotrabalho\/","title":{"rendered":"Reuni\u00e3o do Conselho Municipal do Trabalho refor\u00e7a a\u00e7\u00f5es e di\u00e1logo para fortalecer pol\u00edticas de emprego em Manaus"},"content":{"rendered":"\n<p>A Prefeitura de Manaus, por meio da Secretaria Municipal do Trabalho, Empreendedorismo e Inova\u00e7\u00e3o (Semtepi), participou, na ter\u00e7a-feira, 4\/12, da 24\u00aa Reuni\u00e3o Ordin\u00e1ria do Conselho Municipal do Trabalho (CMT), reunindo conselheiros, representantes de entidades laborais e gestores p\u00fablicos para discutir pautas estrat\u00e9gicas voltadas ao fortalecimento das pol\u00edticas de emprego, qualifica\u00e7\u00e3o profissional e gera\u00e7\u00e3o de renda na capital. O encontro aconteceu no Casar\u00e3o da Inova\u00e7\u00e3o Cassina, localizado no centro hist\u00f3rico, zona Centro-Sul.<\/p>\n\n\n\n<p>A reuni\u00e3o teve o objetivo de expandir mais um passo no compromisso da Prefeitura de Manaus com pol\u00edticas p\u00fablicas de impacto, promovendo um ambiente mais justo e acess\u00edvel para trabalhadores e empreendedores da cidade. Representando a secretaria, o diretor do Sine Manaus, Pedro Lima, refor\u00e7ou o papel central do conselho na formula\u00e7\u00e3o de estrat\u00e9gias que impactam diretamente a popula\u00e7\u00e3o.<\/p>\n\n\n\n<p>\u201cO Conselho Municipal do Trabalho \u00e9 um espa\u00e7o essencial de di\u00e1logo e constru\u00e7\u00e3o coletiva. Aqui conseguimos alinhar demandas reais com a capacidade de resposta do poder p\u00fablico, gerando pol\u00edticas mais eficientes e conectadas com as necessidades da popula\u00e7\u00e3o. Nossa miss\u00e3o \u00e9 garantir que cada cidad\u00e3o tenha acesso a oportunidades reais, seja para ingressar no mercado de trabalho, seja para empreender com mais seguran\u00e7a e conhecimento\u201d, afirmou Pedro Lima.<\/p>\n\n\n\n<p>Durante a reuni\u00e3o, foram apresentados avan\u00e7os dos programas municipais de qualifica\u00e7\u00e3o e perspectivas de amplia\u00e7\u00e3o das iniciativas de empregabilidade. O encontro tamb\u00e9m abriu espa\u00e7o para que entidades representadas no conselho apresentassem sugest\u00f5es e demandas ligadas aos desafios atuais do mercado.<\/p>\n\n\n\n<p>&#8212; &#8212; &#8212;<\/p>\n\n\n\n<p><strong>Texto e fotos<\/strong>&nbsp;\u2013 Divulga\u00e7\u00e3o \/ Semtepi<\/p>\n","protected":false},"excerpt":{"rendered":"","protected":false},"author":23,"featured_media":249296,"comment_status":"closed","ping_status":"closed","sticky":false,"template":"","format":"standard","meta":{"footnotes":""},"categories":[3951],"tags":[18300,785,77,22],"acf":[],"yoast_head":"<!-- This site is optimized with the Yoast SEO plugin v23.0 - https:\/\/yoast.com\/wordpress\/plugins\/seo\/ -->\n<title>Reuni\u00e3o do Conselho Municipal do Trabalho refor\u00e7a a\u00e7\u00f5es e di\u00e1logo para fortalecer pol\u00edticas de emprego em Manaus<\/title>\n<meta name=\"description\" content=\"A Prefeitura de Manaus, por meio da Secretaria Municipal do Trabalho, Empreendedorismo e Inova\u00e7\u00e3o (Semtepi), participou, na ter\u00e7a-feira, 4\/12, da 24\u00aa Reuni\u00e3o Ordin\u00e1ria do Conselho Municipal do Trabalho (CMT)\" \/>\n<meta name=\"robots\" content=\"index, follow, max-snippet:-1, max-image-preview:large, max-video-preview:-1\" \/>\n<link rel=\"canonical\" href=\"https:\/\/www.manaus.am.gov.br\/semcom\/prefeitura-semtepi-reuniao-conselhotrabalho\/\" \/>\n<meta property=\"og:locale\" content=\"pt_BR\" \/>\n<meta property=\"og:type\" content=\"article\" \/>\n<meta property=\"og:title\" content=\"Reuni\u00e3o do Conselho Municipal do Trabalho refor\u00e7a a\u00e7\u00f5es e di\u00e1logo para fortalecer pol\u00edticas de emprego em Manaus\" \/>\n<meta property=\"og:description\" content=\"A Prefeitura de Manaus, por meio da Secretaria Municipal do Trabalho, Empreendedorismo e Inova\u00e7\u00e3o (Semtepi), participou, na ter\u00e7a-feira, 4\/12, da 24\u00aa Reuni\u00e3o Ordin\u00e1ria do Conselho Municipal do Trabalho (CMT)\" \/>\n<meta property=\"og:url\" content=\"https:\/\/www.manaus.am.gov.br\/semcom\/prefeitura-semtepi-reuniao-conselhotrabalho\/\" \/>\n<meta property=\"og:site_name\" content=\"SEMCOM\" \/>\n<meta property=\"article:published_time\" content=\"2025-12-04T18:10:33+00:00\" \/>\n<meta property=\"article:modified_time\" content=\"2025-12-04T18:10:35+00:00\" \/>\n<meta property=\"og:image\" content=\"https:\/\/www.manaus.am.gov.br\/semcom\/wp-content\/uploads\/sites\/5\/2025\/12\/WhatsApp-Image-2025-12-04-at-13.41.55.jpeg\" \/>\n\t<meta property=\"og:image:width\" content=\"1600\" \/>\n\t<meta property=\"og:image:height\" content=\"1200\" \/>\n\t<meta property=\"og:image:type\" content=\"image\/jpeg\" \/>\n<meta name=\"author\" content=\"Adriana Costa\" \/>\n<meta name=\"twitter:card\" content=\"summary_large_image\" \/>\n<meta name=\"twitter:label1\" content=\"Written by\" \/>\n\t<meta name=\"twitter:data1\" content=\"Adriana Costa\" \/>\n\t<meta name=\"twitter:label2\" content=\"Est. reading time\" \/>\n\t<meta name=\"twitter:data2\" content=\"2 minutos\" \/>\n<script type=\"application\/ld+json\" class=\"yoast-schema-graph\">{\"@context\":\"https:\/\/schema.org\",\"@graph\":[{\"@type\":\"WebPage\",\"@id\":\"https:\/\/www.manaus.am.gov.br\/semcom\/prefeitura-semtepi-reuniao-conselhotrabalho\/\",\"url\":\"https:\/\/www.manaus.am.gov.br\/semcom\/prefeitura-semtepi-reuniao-conselhotrabalho\/\",\"name\":\"Reuni\u00e3o do Conselho Municipal do Trabalho refor\u00e7a a\u00e7\u00f5es e di\u00e1logo para fortalecer pol\u00edticas de emprego em Manaus\",\"isPartOf\":{\"@id\":\"https:\/\/www.manaus.am.gov.br\/semcom\/#website\"},\"primaryImageOfPage\":{\"@id\":\"https:\/\/www.manaus.am.gov.br\/semcom\/prefeitura-semtepi-reuniao-conselhotrabalho\/#primaryimage\"},\"image\":{\"@id\":\"https:\/\/www.manaus.am.gov.br\/semcom\/prefeitura-semtepi-reuniao-conselhotrabalho\/#primaryimage\"},\"thumbnailUrl\":\"https:\/\/www.manaus.am.gov.br\/semcom\/wp-content\/uploads\/sites\/5\/2025\/12\/WhatsApp-Image-2025-12-04-at-13.41.55.jpeg\",\"datePublished\":\"2025-12-04T18:10:33+00:00\",\"dateModified\":\"2025-12-04T18:10:35+00:00\",\"author\":{\"@id\":\"https:\/\/www.manaus.am.gov.br\/semcom\/#\/schema\/person\/4e49f4e267757a06ca072ec61b2b9968\"},\"description\":\"A Prefeitura de Manaus, por meio da Secretaria Municipal do Trabalho, Empreendedorismo e Inova\u00e7\u00e3o (Semtepi), participou, na ter\u00e7a-feira, 4\/12, da 24\u00aa Reuni\u00e3o Ordin\u00e1ria do Conselho Municipal do Trabalho (CMT)\",\"inLanguage\":\"pt-BR\",\"potentialAction\":[{\"@type\":\"ReadAction\",\"target\":[\"https:\/\/www.manaus.am.gov.br\/semcom\/prefeitura-semtepi-reuniao-conselhotrabalho\/\"]}]},{\"@type\":\"ImageObject\",\"inLanguage\":\"pt-BR\",\"@id\":\"https:\/\/www.manaus.am.gov.br\/semcom\/prefeitura-semtepi-reuniao-conselhotrabalho\/#primaryimage\",\"url\":\"https:\/\/www.manaus.am.gov.br\/semcom\/wp-content\/uploads\/sites\/5\/2025\/12\/WhatsApp-Image-2025-12-04-at-13.41.55.jpeg\",\"contentUrl\":\"https:\/\/www.manaus.am.gov.br\/semcom\/wp-content\/uploads\/sites\/5\/2025\/12\/WhatsApp-Image-2025-12-04-at-13.41.55.jpeg\",\"width\":1600,\"height\":1200,\"caption\":\"#paratodosverem - Reuni\u00e3o do Conselho Municipal do Trabalho\"},{\"@type\":\"WebSite\",\"@id\":\"https:\/\/www.manaus.am.gov.br\/semcom\/#website\",\"url\":\"https:\/\/www.manaus.am.gov.br\/semcom\/\",\"name\":\"SEMCOM\",\"description\":\"Secretaria Municipal de Comunica\u00e7\u00e3o\",\"potentialAction\":[{\"@type\":\"SearchAction\",\"target\":{\"@type\":\"EntryPoint\",\"urlTemplate\":\"https:\/\/www.manaus.am.gov.br\/semcom\/?s={search_term_string}\"},\"query-input\":\"required name=search_term_string\"}],\"inLanguage\":\"pt-BR\"},{\"@type\":\"Person\",\"@id\":\"https:\/\/www.manaus.am.gov.br\/semcom\/#\/schema\/person\/4e49f4e267757a06ca072ec61b2b9968\",\"name\":\"Adriana Costa\",\"image\":{\"@type\":\"ImageObject\",\"inLanguage\":\"pt-BR\",\"@id\":\"https:\/\/www.manaus.am.gov.br\/semcom\/#\/schema\/person\/image\/\",\"url\":\"https:\/\/secure.gravatar.com\/avatar\/576258617ef7194f718179e766d57bd4?s=96&d=mm&r=g\",\"contentUrl\":\"https:\/\/secure.gravatar.com\/avatar\/576258617ef7194f718179e766d57bd4?s=96&d=mm&r=g\",\"caption\":\"Adriana Costa\"}}]}<\/script>\n<!-- \/ Yoast SEO plugin. -->","yoast_head_json":{"title":"Reuni\u00e3o do Conselho Municipal do Trabalho refor\u00e7a a\u00e7\u00f5es e di\u00e1logo para fortalecer pol\u00edticas de emprego em Manaus","description":"A Prefeitura de Manaus, por meio da Secretaria Municipal do Trabalho, Empreendedorismo e Inova\u00e7\u00e3o (Semtepi), participou, na ter\u00e7a-feira, 4\/12, da 24\u00aa Reuni\u00e3o Ordin\u00e1ria do Conselho Municipal do Trabalho (CMT)","robots":{"index":"index","follow":"follow","max-snippet":"max-snippet:-1","max-image-preview":"max-image-preview:large","max-video-preview":"max-video-preview:-1"},"canonical":"https:\/\/www.manaus.am.gov.br\/semcom\/prefeitura-semtepi-reuniao-conselhotrabalho\/","og_locale":"pt_BR","og_type":"article","og_title":"Reuni\u00e3o do Conselho Municipal do Trabalho refor\u00e7a a\u00e7\u00f5es e di\u00e1logo para fortalecer pol\u00edticas de emprego em Manaus","og_description":"A Prefeitura de Manaus, por meio da Secretaria Municipal do Trabalho, Empreendedorismo e Inova\u00e7\u00e3o (Semtepi), participou, na ter\u00e7a-feira, 4\/12, da 24\u00aa Reuni\u00e3o Ordin\u00e1ria do Conselho Municipal do Trabalho (CMT)","og_url":"https:\/\/www.manaus.am.gov.br\/semcom\/prefeitura-semtepi-reuniao-conselhotrabalho\/","og_site_name":"SEMCOM","article_published_time":"2025-12-04T18:10:33+00:00","article_modified_time":"2025-12-04T18:10:35+00:00","og_image":[{"width":1600,"height":1200,"url":"https:\/\/www.manaus.am.gov.br\/semcom\/wp-content\/uploads\/sites\/5\/2025\/12\/WhatsApp-Image-2025-12-04-at-13.41.55.jpeg","type":"image\/jpeg"}],"author":"Adriana Costa","twitter_card":"summary_large_image","twitter_misc":{"Written by":"Adriana Costa","Est. reading time":"2 minutos"},"schema":{"@context":"https:\/\/schema.org","@graph":[{"@type":"WebPage","@id":"https:\/\/www.manaus.am.gov.br\/semcom\/prefeitura-semtepi-reuniao-conselhotrabalho\/","url":"https:\/\/www.manaus.am.gov.br\/semcom\/prefeitura-semtepi-reuniao-conselhotrabalho\/","name":"Reuni\u00e3o do Conselho Municipal do Trabalho refor\u00e7a a\u00e7\u00f5es e di\u00e1logo para fortalecer pol\u00edticas de emprego em Manaus","isPartOf":{"@id":"https:\/\/www.manaus.am.gov.br\/semcom\/#website"},"primaryImageOfPage":{"@id":"https:\/\/www.manaus.am.gov.br\/semcom\/prefeitura-semtepi-reuniao-conselhotrabalho\/#primaryimage"},"image":{"@id":"https:\/\/www.manaus.am.gov.br\/semcom\/prefeitura-semtepi-reuniao-conselhotrabalho\/#primaryimage"},"thumbnailUrl":"https:\/\/www.manaus.am.gov.br\/semcom\/wp-content\/uploads\/sites\/5\/2025\/12\/WhatsApp-Image-2025-12-04-at-13.41.55.jpeg","datePublished":"2025-12-04T18:10:33+00:00","dateModified":"2025-12-04T18:10:35+00:00","author":{"@id":"https:\/\/www.manaus.am.gov.br\/semcom\/#\/schema\/person\/4e49f4e267757a06ca072ec61b2b9968"},"description":"A Prefeitura de Manaus, por meio da Secretaria Municipal do Trabalho, Empreendedorismo e Inova\u00e7\u00e3o (Semtepi), participou, na ter\u00e7a-feira, 4\/12, da 24\u00aa Reuni\u00e3o Ordin\u00e1ria do Conselho Municipal do Trabalho (CMT)","inLanguage":"pt-BR","potentialAction":[{"@type":"ReadAction","target":["https:\/\/www.manaus.am.gov.br\/semcom\/prefeitura-semtepi-reuniao-conselhotrabalho\/"]}]},{"@type":"ImageObject","inLanguage":"pt-BR","@id":"https:\/\/www.manaus.am.gov.br\/semcom\/prefeitura-semtepi-reuniao-conselhotrabalho\/#primaryimage","url":"https:\/\/www.manaus.am.gov.br\/semcom\/wp-content\/uploads\/sites\/5\/2025\/12\/WhatsApp-Image-2025-12-04-at-13.41.55.jpeg","contentUrl":"https:\/\/www.manaus.am.gov.br\/semcom\/wp-content\/uploads\/sites\/5\/2025\/12\/WhatsApp-Image-2025-12-04-at-13.41.55.jpeg","width":1600,"height":1200,"caption":"#paratodosverem - Reuni\u00e3o do Conselho Municipal do Trabalho"},{"@type":"WebSite","@id":"https:\/\/www.manaus.am.gov.br\/semcom\/#website","url":"https:\/\/www.manaus.am.gov.br\/semcom\/","name":"SEMCOM","description":"Secretaria Municipal de Comunica\u00e7\u00e3o","potentialAction":[{"@type":"SearchAction","target":{"@type":"EntryPoint","urlTemplate":"https:\/\/www.manaus.am.gov.br\/semcom\/?s={search_term_string}"},"query-input":"required name=search_term_string"}],"inLanguage":"pt-BR"},{"@type":"Person","@id":"https:\/\/www.manaus.am.gov.br\/semcom\/#\/schema\/person\/4e49f4e267757a06ca072ec61b2b9968","name":"Adriana Costa","image":{"@type":"ImageObject","inLanguage":"pt-BR","@id":"https:\/\/www.manaus.am.gov.br\/semcom\/#\/schema\/person\/image\/","url":"https:\/\/secure.gravatar.com\/avatar\/576258617ef7194f718179e766d57bd4?s=96&d=mm&r=g","contentUrl":"https:\/\/secure.gravatar.com\/avatar\/576258617ef7194f718179e766d57bd4?s=96&d=mm&r=g","caption":"Adriana Costa"}}]}},"_links":{"self":[{"href":"https:\/\/www.manaus.am.gov.br\/semcom\/wp-json\/wp\/v2\/posts\/249295"}],"collection":[{"href":"https:\/\/www.manaus.am.gov.br\/semcom\/wp-json\/wp\/v2\/posts"}],"about":[{"href":"https:\/\/www.manaus.am.gov.br\/semcom\/wp-json\/wp\/v2\/types\/post"}],"author":[{"embeddable":true,"href":"https:\/\/www.manaus.am.gov.br\/semcom\/wp-json\/wp\/v2\/users\/23"}],"replies":[{"embeddable":true,"href":"https:\/\/www.manaus.am.gov.br\/semcom\/wp-json\/wp\/v2\/comments?post=249295"}],"version-history":[{"count":0,"href":"https:\/\/www.manaus.am.gov.br\/semcom\/wp-json\/wp\/v2\/posts\/249295\/revisions"}],"wp:featuredmedia":[{"embeddable":true,"href":"https:\/\/www.manaus.am.gov.br\/semcom\/wp-json\/wp\/v2\/media\/249296"}],"wp:attachment":[{"href":"https:\/\/www.manaus.am.gov.br\/semcom\/wp-json\/wp\/v2\/media?parent=249295"}],"wp:term":[{"taxonomy":"category","embeddable":true,"href":"https:\/\/www.manaus.am.gov.br\/semcom\/wp-json\/wp\/v2\/categories?post=249295"},{"taxonomy":"post_tag","embeddable":true,"href":"https:\/\/www.manaus.am.gov.br\/semcom\/wp-json\/wp\/v2\/tags?post=249295"}],"curies":[{"name":"wp","href":"https:\/\/api.w.org\/{rel}","templated":true}]}}