{"id":249234,"date":"2025-12-03T13:33:01","date_gmt":"2025-12-03T16:33:01","guid":{"rendered":"https:\/\/www.manaus.am.gov.br\/semcom\/prefeitura-semtepi-canva\/"},"modified":"2025-12-03T13:33:02","modified_gmt":"2025-12-03T16:33:02","slug":"prefeitura-semtepi-canva","status":"publish","type":"post","link":"https:\/\/www.manaus.am.gov.br\/semcom\/prefeitura-semtepi-canva\/","title":{"rendered":"Prefeitura de Manaus abre inscri\u00e7\u00f5es para curso de \u2018Cria\u00e7\u00e3o de Conte\u00fados com o Canva\u2019"},"content":{"rendered":"\n<p>A Prefeitura de Manaus, por meio da Secretaria Municipal do Trabalho, Empreendedorismo e Inova\u00e7\u00e3o (Semtepi), abre, nesta quarta-feira, 3\/12, as inscri\u00e7\u00f5es para o treinamento &#8220;Cria\u00e7\u00e3o de Conte\u00fados com o Canva&#8221;, uma capacita\u00e7\u00e3o gratuita que busca aprimorar a comunica\u00e7\u00e3o visual de profissionais e empreendedores da capital.<\/p>\n\n\n\n<p>Realizado em parceria com o Ambiente Digital, o curso oferecer\u00e1 60 vagas e ser\u00e1 ministrado, na ter\u00e7a-feira,&nbsp;9\/12, das 9h \u00e0s 12h, no Casar\u00e3o da Inova\u00e7\u00e3o Cassina, localizado na&nbsp;<a href=\"https:\/\/www.google.com\/maps\/search\/rua+Bernardo+Ramos,+295?entry=gmail&amp;source=g\" target=\"_blank\" rel=\"noreferrer noopener\">rua Bernardo Ramos, 295<\/a>, Centro.<\/p>\n\n\n\n<p>O secret\u00e1rio da Semtepi, Alonso Oliveira, destacou a import\u00e2ncia da capacita\u00e7\u00e3o para o mercado de trabalho atual. \u201cEstamos muito felizes em anunciar mais uma oportunidade de capacita\u00e7\u00e3o gratuita para a popula\u00e7\u00e3o de Manaus. Fortalecer a comunica\u00e7\u00e3o visual e a presen\u00e7a digital \u00e9 fundamental para qualquer profissional ou empreendedor hoje. Queremos que cada participante saia deste treinamento mais preparado para impulsionar vendas e fortalecer a identidade de seu neg\u00f3cio. Seguimos trabalhando para levar qualifica\u00e7\u00e3o, inova\u00e7\u00e3o e empregabilidade a quem mais precisa\u201d, afirmou Alonso.<\/p>\n\n\n\n<p>As inscri\u00e7\u00f5es est\u00e3o abertas por meio do link&nbsp;<a href=\"https:\/\/forms.gle\/KcovnGgpbVgaioB9A\" target=\"_blank\" rel=\"noreferrer noopener\">https:\/\/forms.gle\/KcovnGgpbVgaioB9A<\/a>&nbsp;ou nas redes sociais da Semtepi.<\/p>\n\n\n\n<p>O treinamento foi desenvolvido para quem deseja criar conte\u00fados profissionais, atrativos e bem estruturados, mesmo sem dominar design gr\u00e1fico. Durante a capacita\u00e7\u00e3o, os participantes aprender\u00e3o a criar posts para redes sociais, cart\u00f5es digitais, apresenta\u00e7\u00f5es,&nbsp;<em>flyers<\/em>, artes comerciais e materiais que ajudam a impulsionar vendas e fortalecer a identidade visual. O conte\u00fado aborda o uso estrat\u00e9gico do Canva, explorando modelos prontos, t\u00e9cnicas de composi\u00e7\u00e3o visual, cores, fontes, elementos e ferramentas que facilitam a produ\u00e7\u00e3o r\u00e1pida e eficiente de artes.<\/p>\n\n\n\n<p>O treinamento \u00e9 ideal para empreendedores, aut\u00f4nomos, vendedores, criadores de conte\u00fado, profissionais do com\u00e9rcio, l\u00edderes de projetos, estudantes e qualquer pessoa que deseja aprimorar a comunica\u00e7\u00e3o visual do seu neg\u00f3cio ou trabalho. Tamb\u00e9m \u00e9 perfeito para quem busca aumentar engajamento nas redes sociais e divulgar produtos e servi\u00e7os com qualidade profissional.<br><br>&#8211; &#8211; &#8211; &#8211; &#8211;<\/p>\n\n\n\n<p><strong>Texto<\/strong>&nbsp;&#8211; Asafe Augusto\/Semtepi<br><strong>Fotos<\/strong>&nbsp;&#8211; Divulga\u00e7\u00e3o\/ Semtepi<\/p>\n","protected":false},"excerpt":{"rendered":"","protected":false},"author":23,"featured_media":249235,"comment_status":"closed","ping_status":"closed","sticky":false,"template":"","format":"standard","meta":{"footnotes":""},"categories":[51],"tags":[5203,18273,77,22,1869],"acf":[],"yoast_head":"<!-- This site is optimized with the Yoast SEO plugin v23.0 - https:\/\/yoast.com\/wordpress\/plugins\/seo\/ -->\n<title>Prefeitura de Manaus abre inscri\u00e7\u00f5es para curso de \u2018Cria\u00e7\u00e3o de Conte\u00fados com o Canva\u2019<\/title>\n<meta name=\"description\" content=\"A Prefeitura de Manaus, por meio da Secretaria Municipal do Trabalho, Empreendedorismo e Inova\u00e7\u00e3o (Semtepi), abre, nesta quarta-feira, 3\/12, as inscri\u00e7\u00f5es para o treinamento &quot;Cria\u00e7\u00e3o de Conte\u00fados com o Canva&quot;, uma capacita\u00e7\u00e3o gratuita que busca aprimorar a comunica\u00e7\u00e3o visual de profissionais e empreendedores da capital.\" \/>\n<meta name=\"robots\" content=\"index, follow, max-snippet:-1, max-image-preview:large, max-video-preview:-1\" \/>\n<link rel=\"canonical\" href=\"https:\/\/www.manaus.am.gov.br\/semcom\/prefeitura-semtepi-canva\/\" \/>\n<meta property=\"og:locale\" content=\"pt_BR\" \/>\n<meta property=\"og:type\" content=\"article\" \/>\n<meta property=\"og:title\" content=\"Prefeitura de Manaus abre inscri\u00e7\u00f5es para curso de \u2018Cria\u00e7\u00e3o de Conte\u00fados com o Canva\u2019\" \/>\n<meta property=\"og:description\" content=\"A Prefeitura de Manaus, por meio da Secretaria Municipal do Trabalho, Empreendedorismo e Inova\u00e7\u00e3o (Semtepi), abre, nesta quarta-feira, 3\/12, as inscri\u00e7\u00f5es para o treinamento &quot;Cria\u00e7\u00e3o de Conte\u00fados com o Canva&quot;, uma capacita\u00e7\u00e3o gratuita que busca aprimorar a comunica\u00e7\u00e3o visual de profissionais e empreendedores da capital.\" \/>\n<meta property=\"og:url\" content=\"https:\/\/www.manaus.am.gov.br\/semcom\/prefeitura-semtepi-canva\/\" \/>\n<meta property=\"og:site_name\" content=\"SEMCOM\" \/>\n<meta property=\"article:published_time\" content=\"2025-12-03T16:33:01+00:00\" \/>\n<meta property=\"article:modified_time\" content=\"2025-12-03T16:33:02+00:00\" \/>\n<meta property=\"og:image\" content=\"https:\/\/www.manaus.am.gov.br\/semcom\/wp-content\/uploads\/sites\/5\/2025\/12\/cassina-2.jpg\" \/>\n\t<meta property=\"og:image:width\" content=\"799\" \/>\n\t<meta property=\"og:image:height\" content=\"533\" \/>\n\t<meta property=\"og:image:type\" content=\"image\/jpeg\" \/>\n<meta name=\"author\" content=\"Adriana Costa\" \/>\n<meta name=\"twitter:card\" content=\"summary_large_image\" \/>\n<meta name=\"twitter:label1\" content=\"Written by\" \/>\n\t<meta name=\"twitter:data1\" content=\"Adriana Costa\" \/>\n\t<meta name=\"twitter:label2\" content=\"Est. reading time\" \/>\n\t<meta name=\"twitter:data2\" content=\"2 minutos\" \/>\n<script type=\"application\/ld+json\" class=\"yoast-schema-graph\">{\"@context\":\"https:\/\/schema.org\",\"@graph\":[{\"@type\":\"WebPage\",\"@id\":\"https:\/\/www.manaus.am.gov.br\/semcom\/prefeitura-semtepi-canva\/\",\"url\":\"https:\/\/www.manaus.am.gov.br\/semcom\/prefeitura-semtepi-canva\/\",\"name\":\"Prefeitura de Manaus abre inscri\u00e7\u00f5es para curso de \u2018Cria\u00e7\u00e3o de Conte\u00fados com o Canva\u2019\",\"isPartOf\":{\"@id\":\"https:\/\/www.manaus.am.gov.br\/semcom\/#website\"},\"primaryImageOfPage\":{\"@id\":\"https:\/\/www.manaus.am.gov.br\/semcom\/prefeitura-semtepi-canva\/#primaryimage\"},\"image\":{\"@id\":\"https:\/\/www.manaus.am.gov.br\/semcom\/prefeitura-semtepi-canva\/#primaryimage\"},\"thumbnailUrl\":\"https:\/\/www.manaus.am.gov.br\/semcom\/wp-content\/uploads\/sites\/5\/2025\/12\/cassina-2.jpg\",\"datePublished\":\"2025-12-03T16:33:01+00:00\",\"dateModified\":\"2025-12-03T16:33:02+00:00\",\"author\":{\"@id\":\"https:\/\/www.manaus.am.gov.br\/semcom\/#\/schema\/person\/4e49f4e267757a06ca072ec61b2b9968\"},\"description\":\"A Prefeitura de Manaus, por meio da Secretaria Municipal do Trabalho, Empreendedorismo e Inova\u00e7\u00e3o (Semtepi), abre, nesta quarta-feira, 3\/12, as inscri\u00e7\u00f5es para o treinamento \\\"Cria\u00e7\u00e3o de Conte\u00fados com o Canva\\\", uma capacita\u00e7\u00e3o gratuita que busca aprimorar a comunica\u00e7\u00e3o visual de profissionais e empreendedores da capital.\",\"inLanguage\":\"pt-BR\",\"potentialAction\":[{\"@type\":\"ReadAction\",\"target\":[\"https:\/\/www.manaus.am.gov.br\/semcom\/prefeitura-semtepi-canva\/\"]}]},{\"@type\":\"ImageObject\",\"inLanguage\":\"pt-BR\",\"@id\":\"https:\/\/www.manaus.am.gov.br\/semcom\/prefeitura-semtepi-canva\/#primaryimage\",\"url\":\"https:\/\/www.manaus.am.gov.br\/semcom\/wp-content\/uploads\/sites\/5\/2025\/12\/cassina-2.jpg\",\"contentUrl\":\"https:\/\/www.manaus.am.gov.br\/semcom\/wp-content\/uploads\/sites\/5\/2025\/12\/cassina-2.jpg\",\"width\":799,\"height\":533,\"caption\":\"#paratodosverem - Treinamento com alunos da Semtepi no Casar\u00e3o da Inova\u00e7\u00e3o Cassina\"},{\"@type\":\"WebSite\",\"@id\":\"https:\/\/www.manaus.am.gov.br\/semcom\/#website\",\"url\":\"https:\/\/www.manaus.am.gov.br\/semcom\/\",\"name\":\"SEMCOM\",\"description\":\"Secretaria Municipal de Comunica\u00e7\u00e3o\",\"potentialAction\":[{\"@type\":\"SearchAction\",\"target\":{\"@type\":\"EntryPoint\",\"urlTemplate\":\"https:\/\/www.manaus.am.gov.br\/semcom\/?s={search_term_string}\"},\"query-input\":\"required name=search_term_string\"}],\"inLanguage\":\"pt-BR\"},{\"@type\":\"Person\",\"@id\":\"https:\/\/www.manaus.am.gov.br\/semcom\/#\/schema\/person\/4e49f4e267757a06ca072ec61b2b9968\",\"name\":\"Adriana Costa\",\"image\":{\"@type\":\"ImageObject\",\"inLanguage\":\"pt-BR\",\"@id\":\"https:\/\/www.manaus.am.gov.br\/semcom\/#\/schema\/person\/image\/\",\"url\":\"https:\/\/secure.gravatar.com\/avatar\/576258617ef7194f718179e766d57bd4?s=96&d=mm&r=g\",\"contentUrl\":\"https:\/\/secure.gravatar.com\/avatar\/576258617ef7194f718179e766d57bd4?s=96&d=mm&r=g\",\"caption\":\"Adriana Costa\"}}]}<\/script>\n<!-- \/ Yoast SEO plugin. -->","yoast_head_json":{"title":"Prefeitura de Manaus abre inscri\u00e7\u00f5es para curso de \u2018Cria\u00e7\u00e3o de Conte\u00fados com o Canva\u2019","description":"A Prefeitura de Manaus, por meio da Secretaria Municipal do Trabalho, Empreendedorismo e Inova\u00e7\u00e3o (Semtepi), abre, nesta quarta-feira, 3\/12, as inscri\u00e7\u00f5es para o treinamento \"Cria\u00e7\u00e3o de Conte\u00fados com o Canva\", uma capacita\u00e7\u00e3o gratuita que busca aprimorar a comunica\u00e7\u00e3o visual de profissionais e empreendedores da capital.","robots":{"index":"index","follow":"follow","max-snippet":"max-snippet:-1","max-image-preview":"max-image-preview:large","max-video-preview":"max-video-preview:-1"},"canonical":"https:\/\/www.manaus.am.gov.br\/semcom\/prefeitura-semtepi-canva\/","og_locale":"pt_BR","og_type":"article","og_title":"Prefeitura de Manaus abre inscri\u00e7\u00f5es para curso de \u2018Cria\u00e7\u00e3o de Conte\u00fados com o Canva\u2019","og_description":"A Prefeitura de Manaus, por meio da Secretaria Municipal do Trabalho, Empreendedorismo e Inova\u00e7\u00e3o (Semtepi), abre, nesta quarta-feira, 3\/12, as inscri\u00e7\u00f5es para o treinamento \"Cria\u00e7\u00e3o de Conte\u00fados com o Canva\", uma capacita\u00e7\u00e3o gratuita que busca aprimorar a comunica\u00e7\u00e3o visual de profissionais e empreendedores da capital.","og_url":"https:\/\/www.manaus.am.gov.br\/semcom\/prefeitura-semtepi-canva\/","og_site_name":"SEMCOM","article_published_time":"2025-12-03T16:33:01+00:00","article_modified_time":"2025-12-03T16:33:02+00:00","og_image":[{"width":799,"height":533,"url":"https:\/\/www.manaus.am.gov.br\/semcom\/wp-content\/uploads\/sites\/5\/2025\/12\/cassina-2.jpg","type":"image\/jpeg"}],"author":"Adriana Costa","twitter_card":"summary_large_image","twitter_misc":{"Written by":"Adriana Costa","Est. reading time":"2 minutos"},"schema":{"@context":"https:\/\/schema.org","@graph":[{"@type":"WebPage","@id":"https:\/\/www.manaus.am.gov.br\/semcom\/prefeitura-semtepi-canva\/","url":"https:\/\/www.manaus.am.gov.br\/semcom\/prefeitura-semtepi-canva\/","name":"Prefeitura de Manaus abre inscri\u00e7\u00f5es para curso de \u2018Cria\u00e7\u00e3o de Conte\u00fados com o Canva\u2019","isPartOf":{"@id":"https:\/\/www.manaus.am.gov.br\/semcom\/#website"},"primaryImageOfPage":{"@id":"https:\/\/www.manaus.am.gov.br\/semcom\/prefeitura-semtepi-canva\/#primaryimage"},"image":{"@id":"https:\/\/www.manaus.am.gov.br\/semcom\/prefeitura-semtepi-canva\/#primaryimage"},"thumbnailUrl":"https:\/\/www.manaus.am.gov.br\/semcom\/wp-content\/uploads\/sites\/5\/2025\/12\/cassina-2.jpg","datePublished":"2025-12-03T16:33:01+00:00","dateModified":"2025-12-03T16:33:02+00:00","author":{"@id":"https:\/\/www.manaus.am.gov.br\/semcom\/#\/schema\/person\/4e49f4e267757a06ca072ec61b2b9968"},"description":"A Prefeitura de Manaus, por meio da Secretaria Municipal do Trabalho, Empreendedorismo e Inova\u00e7\u00e3o (Semtepi), abre, nesta quarta-feira, 3\/12, as inscri\u00e7\u00f5es para o treinamento \"Cria\u00e7\u00e3o de Conte\u00fados com o Canva\", uma capacita\u00e7\u00e3o gratuita que busca aprimorar a comunica\u00e7\u00e3o visual de profissionais e empreendedores da capital.","inLanguage":"pt-BR","potentialAction":[{"@type":"ReadAction","target":["https:\/\/www.manaus.am.gov.br\/semcom\/prefeitura-semtepi-canva\/"]}]},{"@type":"ImageObject","inLanguage":"pt-BR","@id":"https:\/\/www.manaus.am.gov.br\/semcom\/prefeitura-semtepi-canva\/#primaryimage","url":"https:\/\/www.manaus.am.gov.br\/semcom\/wp-content\/uploads\/sites\/5\/2025\/12\/cassina-2.jpg","contentUrl":"https:\/\/www.manaus.am.gov.br\/semcom\/wp-content\/uploads\/sites\/5\/2025\/12\/cassina-2.jpg","width":799,"height":533,"caption":"#paratodosverem - Treinamento com alunos da Semtepi no Casar\u00e3o da Inova\u00e7\u00e3o Cassina"},{"@type":"WebSite","@id":"https:\/\/www.manaus.am.gov.br\/semcom\/#website","url":"https:\/\/www.manaus.am.gov.br\/semcom\/","name":"SEMCOM","description":"Secretaria Municipal de Comunica\u00e7\u00e3o","potentialAction":[{"@type":"SearchAction","target":{"@type":"EntryPoint","urlTemplate":"https:\/\/www.manaus.am.gov.br\/semcom\/?s={search_term_string}"},"query-input":"required name=search_term_string"}],"inLanguage":"pt-BR"},{"@type":"Person","@id":"https:\/\/www.manaus.am.gov.br\/semcom\/#\/schema\/person\/4e49f4e267757a06ca072ec61b2b9968","name":"Adriana Costa","image":{"@type":"ImageObject","inLanguage":"pt-BR","@id":"https:\/\/www.manaus.am.gov.br\/semcom\/#\/schema\/person\/image\/","url":"https:\/\/secure.gravatar.com\/avatar\/576258617ef7194f718179e766d57bd4?s=96&d=mm&r=g","contentUrl":"https:\/\/secure.gravatar.com\/avatar\/576258617ef7194f718179e766d57bd4?s=96&d=mm&r=g","caption":"Adriana Costa"}}]}},"_links":{"self":[{"href":"https:\/\/www.manaus.am.gov.br\/semcom\/wp-json\/wp\/v2\/posts\/249234"}],"collection":[{"href":"https:\/\/www.manaus.am.gov.br\/semcom\/wp-json\/wp\/v2\/posts"}],"about":[{"href":"https:\/\/www.manaus.am.gov.br\/semcom\/wp-json\/wp\/v2\/types\/post"}],"author":[{"embeddable":true,"href":"https:\/\/www.manaus.am.gov.br\/semcom\/wp-json\/wp\/v2\/users\/23"}],"replies":[{"embeddable":true,"href":"https:\/\/www.manaus.am.gov.br\/semcom\/wp-json\/wp\/v2\/comments?post=249234"}],"version-history":[{"count":0,"href":"https:\/\/www.manaus.am.gov.br\/semcom\/wp-json\/wp\/v2\/posts\/249234\/revisions"}],"wp:featuredmedia":[{"embeddable":true,"href":"https:\/\/www.manaus.am.gov.br\/semcom\/wp-json\/wp\/v2\/media\/249235"}],"wp:attachment":[{"href":"https:\/\/www.manaus.am.gov.br\/semcom\/wp-json\/wp\/v2\/media?parent=249234"}],"wp:term":[{"taxonomy":"category","embeddable":true,"href":"https:\/\/www.manaus.am.gov.br\/semcom\/wp-json\/wp\/v2\/categories?post=249234"},{"taxonomy":"post_tag","embeddable":true,"href":"https:\/\/www.manaus.am.gov.br\/semcom\/wp-json\/wp\/v2\/tags?post=249234"}],"curies":[{"name":"wp","href":"https:\/\/api.w.org\/{rel}","templated":true}]}}