{"id":249229,"date":"2025-12-03T08:49:09","date_gmt":"2025-12-03T12:49:09","guid":{"rendered":"https:\/\/www.manaus.am.gov.br\/semcom\/natal-nas-aguas-comunidades-ribeirinhas\/"},"modified":"2025-12-03T08:49:09","modified_gmt":"2025-12-03T12:49:09","slug":"natal-nas-aguas-comunidades-ribeirinhas","status":"publish","type":"post","link":"https:\/\/www.manaus.am.gov.br\/semcom\/natal-nas-aguas-comunidades-ribeirinhas\/","title":{"rendered":"Prefeitura de Manaus inicia \u2018Natal nas \u00c1guas\u2019 com entrega de cestas e brindes a comunidades ribeirinhas"},"content":{"rendered":"\n<p>A Prefeitura de Manaus iniciou, nesta ter\u00e7a-feira, 2\/12, a programa\u00e7\u00e3o do \u201cNatal nas \u00c1guas\u201d, levando cestas b\u00e1sicas e brindes natalinos a comunidades ribeirinhas localizadas \u00e0s margens do rio Amazonas. A a\u00e7\u00e3o \u00e9 coordenada pelo Fundo Manaus Solid\u00e1ria (FMS) e contempla fam\u00edlias que vivem em \u00e1reas de dif\u00edcil acesso da capital.<\/p>\n\n\n\n<p>Nesta primeira etapa, foram atendidas as comunidades Nossa Senhora da Concei\u00e7\u00e3o, Uni\u00e3o e Progresso, S\u00e3o Francisco do Guajar\u00e1, S\u00e3o Raimundo, Assentamento de Nazar\u00e9 e S\u00e3o Pedro, garantindo mais dignidade e seguran\u00e7a alimentar \u00e0s fam\u00edlias no per\u00edodo natalino.<\/p>\n\n\n\n<p>A presidente do Fundo Manaus Solid\u00e1ria, Viviana Lira, destacou que a a\u00e7\u00e3o exige um planejamento espec\u00edfico para vencer as longas dist\u00e2ncias e o deslocamento fluvial. \u201cO \u2018Natal nas \u00c1guas\u2019 exige uma log\u00edstica diferenciada, com transporte fluvial adequado, planejamento de rotas e uma equipe preparada para alcan\u00e7ar comunidades de dif\u00edcil acesso. Tudo \u00e9 pensado para que a ajuda chegue com seguran\u00e7a e efici\u00eancia a quem mais precisa\u201d, afirmou.<\/p>\n\n\n\n<p>Para os moradores, o sentimento predominante foi de gratid\u00e3o e emo\u00e7\u00e3o. A ribeirinha Maria Ang\u00e9lica Silva, da comunidade S\u00e3o Raimundo, ressaltou que a iniciativa levou alegria e esperan\u00e7a. \u201c\u00c9 um momento muito especial para n\u00f3s. \u00c0s vezes somos esquecidos, mas hoje nos sentimos lembrados e acolhidos. Esse Natal vai ser diferente\u201d, disse.<\/p>\n\n\n\n<p>J\u00e1 o morador Francisco Almeida, da comunidade Uni\u00e3o e Progresso, destacou o impacto da iniciativa. \u201cN\u00e3o \u00e9 s\u00f3 a cesta b\u00e1sica. A presen\u00e7a da equipe, o carinho e a aten\u00e7\u00e3o fazem toda a diferen\u00e7a para quem vive aqui\u201d, relatou.<\/p>\n\n\n\n<p>O projeto \u201cNatal nas \u00c1guas\u201d integra a programa\u00e7\u00e3o especial da Prefeitura de Manaus para o per\u00edodo natalino e simboliza a extens\u00e3o do esp\u00edrito de solidariedade \u00e0s \u00e1guas que banham a cidade, reafirmando o compromisso da gest\u00e3o municipal com a inclus\u00e3o social, o cuidado com as comunidades ribeirinhas e a valoriza\u00e7\u00e3o da dignidade humana.<\/p>\n\n\n\n<figure class=\"wp-block-image size-large\"><img loading=\"lazy\" decoding=\"async\" width=\"1024\" height=\"682\" src=\"https:\/\/www.manaus.am.gov.br\/semcom\/wp-content\/uploads\/sites\/5\/2025\/12\/Natal-nas-Aguas-7-1024x682.jpeg\" alt=\"\" class=\"wp-image-249231\" srcset=\"https:\/\/www.manaus.am.gov.br\/semcom\/wp-content\/uploads\/sites\/5\/2025\/12\/Natal-nas-Aguas-7-1024x682.jpeg 1024w, https:\/\/www.manaus.am.gov.br\/semcom\/wp-content\/uploads\/sites\/5\/2025\/12\/Natal-nas-Aguas-7-300x200.jpeg 300w, https:\/\/www.manaus.am.gov.br\/semcom\/wp-content\/uploads\/sites\/5\/2025\/12\/Natal-nas-Aguas-7-768x512.jpeg 768w, https:\/\/www.manaus.am.gov.br\/semcom\/wp-content\/uploads\/sites\/5\/2025\/12\/Natal-nas-Aguas-7-1536x1023.jpeg 1536w, https:\/\/www.manaus.am.gov.br\/semcom\/wp-content\/uploads\/sites\/5\/2025\/12\/Natal-nas-Aguas-7.jpeg 1600w\" sizes=\"(max-width: 1024px) 100vw, 1024px\" \/><\/figure>\n\n\n\n<p>&#8212; &#8212; &#8212;<\/p>\n\n\n\n<p><strong>Texto &#8211;&nbsp;<\/strong>Deborah Azevedo\/Semcom<\/p>\n\n\n\n<p><br><strong>Fotos &#8211;&nbsp;<\/strong>Jo\u00e3o Viana\/Semcom<\/p>\n","protected":false},"excerpt":{"rendered":"","protected":false},"author":39,"featured_media":249230,"comment_status":"closed","ping_status":"closed","sticky":false,"template":"","format":"standard","meta":{"footnotes":""},"categories":[834],"tags":[1404,18269,7695,18270,77],"acf":[],"yoast_head":"<!-- This site is optimized with the Yoast SEO plugin v23.0 - https:\/\/yoast.com\/wordpress\/plugins\/seo\/ -->\n<title>Prefeitura inicia \u2018Natal nas \u00c1guas\u2019 nas comunidades ribeirinhas<\/title>\n<meta name=\"description\" content=\"Prefeitura de Manaus, por meio do FMS, inicia \u2018Natal nas \u00c1guas\u2019 com entrega de cestas e brindes a comunidades ribeirinhas.\" \/>\n<meta name=\"robots\" content=\"index, follow, max-snippet:-1, max-image-preview:large, max-video-preview:-1\" \/>\n<link rel=\"canonical\" href=\"https:\/\/www.manaus.am.gov.br\/semcom\/natal-nas-aguas-comunidades-ribeirinhas\/\" \/>\n<meta property=\"og:locale\" content=\"pt_BR\" \/>\n<meta property=\"og:type\" content=\"article\" \/>\n<meta property=\"og:title\" content=\"Prefeitura inicia \u2018Natal nas \u00c1guas\u2019 nas comunidades ribeirinhas\" \/>\n<meta property=\"og:description\" content=\"Prefeitura de Manaus, por meio do FMS, inicia \u2018Natal nas \u00c1guas\u2019 com entrega de cestas e brindes a comunidades ribeirinhas.\" \/>\n<meta property=\"og:url\" content=\"https:\/\/www.manaus.am.gov.br\/semcom\/natal-nas-aguas-comunidades-ribeirinhas\/\" \/>\n<meta property=\"og:site_name\" content=\"SEMCOM\" \/>\n<meta property=\"article:published_time\" content=\"2025-12-03T12:49:09+00:00\" \/>\n<meta property=\"og:image\" content=\"https:\/\/www.manaus.am.gov.br\/semcom\/wp-content\/uploads\/sites\/5\/2025\/12\/Natal-nas-Aguas-6.jpeg\" \/>\n\t<meta property=\"og:image:width\" content=\"1600\" \/>\n\t<meta property=\"og:image:height\" content=\"900\" \/>\n\t<meta property=\"og:image:type\" content=\"image\/jpeg\" \/>\n<meta name=\"author\" content=\"Bruna Greco\" \/>\n<meta name=\"twitter:card\" content=\"summary_large_image\" \/>\n<meta name=\"twitter:label1\" content=\"Written by\" \/>\n\t<meta name=\"twitter:data1\" content=\"Bruna Greco\" \/>\n\t<meta name=\"twitter:label2\" content=\"Est. reading time\" \/>\n\t<meta name=\"twitter:data2\" content=\"3 minutos\" \/>\n<script type=\"application\/ld+json\" class=\"yoast-schema-graph\">{\"@context\":\"https:\/\/schema.org\",\"@graph\":[{\"@type\":\"WebPage\",\"@id\":\"https:\/\/www.manaus.am.gov.br\/semcom\/natal-nas-aguas-comunidades-ribeirinhas\/\",\"url\":\"https:\/\/www.manaus.am.gov.br\/semcom\/natal-nas-aguas-comunidades-ribeirinhas\/\",\"name\":\"Prefeitura inicia \u2018Natal nas \u00c1guas\u2019 nas comunidades ribeirinhas\",\"isPartOf\":{\"@id\":\"https:\/\/www.manaus.am.gov.br\/semcom\/#website\"},\"primaryImageOfPage\":{\"@id\":\"https:\/\/www.manaus.am.gov.br\/semcom\/natal-nas-aguas-comunidades-ribeirinhas\/#primaryimage\"},\"image\":{\"@id\":\"https:\/\/www.manaus.am.gov.br\/semcom\/natal-nas-aguas-comunidades-ribeirinhas\/#primaryimage\"},\"thumbnailUrl\":\"https:\/\/www.manaus.am.gov.br\/semcom\/wp-content\/uploads\/sites\/5\/2025\/12\/Natal-nas-Aguas-6.jpeg\",\"datePublished\":\"2025-12-03T12:49:09+00:00\",\"dateModified\":\"2025-12-03T12:49:09+00:00\",\"author\":{\"@id\":\"https:\/\/www.manaus.am.gov.br\/semcom\/#\/schema\/person\/05d223aea2bf115f9883a6ff3683d81b\"},\"description\":\"Prefeitura de Manaus, por meio do FMS, inicia \u2018Natal nas \u00c1guas\u2019 com entrega de cestas e brindes a comunidades ribeirinhas.\",\"inLanguage\":\"pt-BR\",\"potentialAction\":[{\"@type\":\"ReadAction\",\"target\":[\"https:\/\/www.manaus.am.gov.br\/semcom\/natal-nas-aguas-comunidades-ribeirinhas\/\"]}]},{\"@type\":\"ImageObject\",\"inLanguage\":\"pt-BR\",\"@id\":\"https:\/\/www.manaus.am.gov.br\/semcom\/natal-nas-aguas-comunidades-ribeirinhas\/#primaryimage\",\"url\":\"https:\/\/www.manaus.am.gov.br\/semcom\/wp-content\/uploads\/sites\/5\/2025\/12\/Natal-nas-Aguas-6.jpeg\",\"contentUrl\":\"https:\/\/www.manaus.am.gov.br\/semcom\/wp-content\/uploads\/sites\/5\/2025\/12\/Natal-nas-Aguas-6.jpeg\",\"width\":1600,\"height\":900,\"caption\":\"#paratodosverem - Fam\u00edlias de comunidades ribeirinhas, localizadas \u00e0s margens do rio Amazonas, prestigiando a chegada da balsa da programa\u00e7\u00e3o do \\\"Natal nas \u00c1guas\\\" da Prefeitura de Manaus\"},{\"@type\":\"WebSite\",\"@id\":\"https:\/\/www.manaus.am.gov.br\/semcom\/#website\",\"url\":\"https:\/\/www.manaus.am.gov.br\/semcom\/\",\"name\":\"SEMCOM\",\"description\":\"Secretaria Municipal de Comunica\u00e7\u00e3o\",\"potentialAction\":[{\"@type\":\"SearchAction\",\"target\":{\"@type\":\"EntryPoint\",\"urlTemplate\":\"https:\/\/www.manaus.am.gov.br\/semcom\/?s={search_term_string}\"},\"query-input\":\"required name=search_term_string\"}],\"inLanguage\":\"pt-BR\"},{\"@type\":\"Person\",\"@id\":\"https:\/\/www.manaus.am.gov.br\/semcom\/#\/schema\/person\/05d223aea2bf115f9883a6ff3683d81b\",\"name\":\"Bruna Greco\",\"image\":{\"@type\":\"ImageObject\",\"inLanguage\":\"pt-BR\",\"@id\":\"https:\/\/www.manaus.am.gov.br\/semcom\/#\/schema\/person\/image\/\",\"url\":\"https:\/\/secure.gravatar.com\/avatar\/9c877d1a6adc2a055330e5c09a8653ce?s=96&d=mm&r=g\",\"contentUrl\":\"https:\/\/secure.gravatar.com\/avatar\/9c877d1a6adc2a055330e5c09a8653ce?s=96&d=mm&r=g\",\"caption\":\"Bruna Greco\"}}]}<\/script>\n<!-- \/ Yoast SEO plugin. -->","yoast_head_json":{"title":"Prefeitura inicia \u2018Natal nas \u00c1guas\u2019 nas comunidades ribeirinhas","description":"Prefeitura de Manaus, por meio do FMS, inicia \u2018Natal nas \u00c1guas\u2019 com entrega de cestas e brindes a comunidades ribeirinhas.","robots":{"index":"index","follow":"follow","max-snippet":"max-snippet:-1","max-image-preview":"max-image-preview:large","max-video-preview":"max-video-preview:-1"},"canonical":"https:\/\/www.manaus.am.gov.br\/semcom\/natal-nas-aguas-comunidades-ribeirinhas\/","og_locale":"pt_BR","og_type":"article","og_title":"Prefeitura inicia \u2018Natal nas \u00c1guas\u2019 nas comunidades ribeirinhas","og_description":"Prefeitura de Manaus, por meio do FMS, inicia \u2018Natal nas \u00c1guas\u2019 com entrega de cestas e brindes a comunidades ribeirinhas.","og_url":"https:\/\/www.manaus.am.gov.br\/semcom\/natal-nas-aguas-comunidades-ribeirinhas\/","og_site_name":"SEMCOM","article_published_time":"2025-12-03T12:49:09+00:00","og_image":[{"width":1600,"height":900,"url":"https:\/\/www.manaus.am.gov.br\/semcom\/wp-content\/uploads\/sites\/5\/2025\/12\/Natal-nas-Aguas-6.jpeg","type":"image\/jpeg"}],"author":"Bruna Greco","twitter_card":"summary_large_image","twitter_misc":{"Written by":"Bruna Greco","Est. reading time":"3 minutos"},"schema":{"@context":"https:\/\/schema.org","@graph":[{"@type":"WebPage","@id":"https:\/\/www.manaus.am.gov.br\/semcom\/natal-nas-aguas-comunidades-ribeirinhas\/","url":"https:\/\/www.manaus.am.gov.br\/semcom\/natal-nas-aguas-comunidades-ribeirinhas\/","name":"Prefeitura inicia \u2018Natal nas \u00c1guas\u2019 nas comunidades ribeirinhas","isPartOf":{"@id":"https:\/\/www.manaus.am.gov.br\/semcom\/#website"},"primaryImageOfPage":{"@id":"https:\/\/www.manaus.am.gov.br\/semcom\/natal-nas-aguas-comunidades-ribeirinhas\/#primaryimage"},"image":{"@id":"https:\/\/www.manaus.am.gov.br\/semcom\/natal-nas-aguas-comunidades-ribeirinhas\/#primaryimage"},"thumbnailUrl":"https:\/\/www.manaus.am.gov.br\/semcom\/wp-content\/uploads\/sites\/5\/2025\/12\/Natal-nas-Aguas-6.jpeg","datePublished":"2025-12-03T12:49:09+00:00","dateModified":"2025-12-03T12:49:09+00:00","author":{"@id":"https:\/\/www.manaus.am.gov.br\/semcom\/#\/schema\/person\/05d223aea2bf115f9883a6ff3683d81b"},"description":"Prefeitura de Manaus, por meio do FMS, inicia \u2018Natal nas \u00c1guas\u2019 com entrega de cestas e brindes a comunidades ribeirinhas.","inLanguage":"pt-BR","potentialAction":[{"@type":"ReadAction","target":["https:\/\/www.manaus.am.gov.br\/semcom\/natal-nas-aguas-comunidades-ribeirinhas\/"]}]},{"@type":"ImageObject","inLanguage":"pt-BR","@id":"https:\/\/www.manaus.am.gov.br\/semcom\/natal-nas-aguas-comunidades-ribeirinhas\/#primaryimage","url":"https:\/\/www.manaus.am.gov.br\/semcom\/wp-content\/uploads\/sites\/5\/2025\/12\/Natal-nas-Aguas-6.jpeg","contentUrl":"https:\/\/www.manaus.am.gov.br\/semcom\/wp-content\/uploads\/sites\/5\/2025\/12\/Natal-nas-Aguas-6.jpeg","width":1600,"height":900,"caption":"#paratodosverem - Fam\u00edlias de comunidades ribeirinhas, localizadas \u00e0s margens do rio Amazonas, prestigiando a chegada da balsa da programa\u00e7\u00e3o do \"Natal nas \u00c1guas\" da Prefeitura de Manaus"},{"@type":"WebSite","@id":"https:\/\/www.manaus.am.gov.br\/semcom\/#website","url":"https:\/\/www.manaus.am.gov.br\/semcom\/","name":"SEMCOM","description":"Secretaria Municipal de Comunica\u00e7\u00e3o","potentialAction":[{"@type":"SearchAction","target":{"@type":"EntryPoint","urlTemplate":"https:\/\/www.manaus.am.gov.br\/semcom\/?s={search_term_string}"},"query-input":"required name=search_term_string"}],"inLanguage":"pt-BR"},{"@type":"Person","@id":"https:\/\/www.manaus.am.gov.br\/semcom\/#\/schema\/person\/05d223aea2bf115f9883a6ff3683d81b","name":"Bruna Greco","image":{"@type":"ImageObject","inLanguage":"pt-BR","@id":"https:\/\/www.manaus.am.gov.br\/semcom\/#\/schema\/person\/image\/","url":"https:\/\/secure.gravatar.com\/avatar\/9c877d1a6adc2a055330e5c09a8653ce?s=96&d=mm&r=g","contentUrl":"https:\/\/secure.gravatar.com\/avatar\/9c877d1a6adc2a055330e5c09a8653ce?s=96&d=mm&r=g","caption":"Bruna Greco"}}]}},"_links":{"self":[{"href":"https:\/\/www.manaus.am.gov.br\/semcom\/wp-json\/wp\/v2\/posts\/249229"}],"collection":[{"href":"https:\/\/www.manaus.am.gov.br\/semcom\/wp-json\/wp\/v2\/posts"}],"about":[{"href":"https:\/\/www.manaus.am.gov.br\/semcom\/wp-json\/wp\/v2\/types\/post"}],"author":[{"embeddable":true,"href":"https:\/\/www.manaus.am.gov.br\/semcom\/wp-json\/wp\/v2\/users\/39"}],"replies":[{"embeddable":true,"href":"https:\/\/www.manaus.am.gov.br\/semcom\/wp-json\/wp\/v2\/comments?post=249229"}],"version-history":[{"count":1,"href":"https:\/\/www.manaus.am.gov.br\/semcom\/wp-json\/wp\/v2\/posts\/249229\/revisions"}],"predecessor-version":[{"id":249232,"href":"https:\/\/www.manaus.am.gov.br\/semcom\/wp-json\/wp\/v2\/posts\/249229\/revisions\/249232"}],"wp:featuredmedia":[{"embeddable":true,"href":"https:\/\/www.manaus.am.gov.br\/semcom\/wp-json\/wp\/v2\/media\/249230"}],"wp:attachment":[{"href":"https:\/\/www.manaus.am.gov.br\/semcom\/wp-json\/wp\/v2\/media?parent=249229"}],"wp:term":[{"taxonomy":"category","embeddable":true,"href":"https:\/\/www.manaus.am.gov.br\/semcom\/wp-json\/wp\/v2\/categories?post=249229"},{"taxonomy":"post_tag","embeddable":true,"href":"https:\/\/www.manaus.am.gov.br\/semcom\/wp-json\/wp\/v2\/tags?post=249229"}],"curies":[{"name":"wp","href":"https:\/\/api.w.org\/{rel}","templated":true}]}}