{"id":249202,"date":"2025-12-02T18:02:16","date_gmt":"2025-12-02T21:02:16","guid":{"rendered":"https:\/\/www.manaus.am.gov.br\/semcom\/david-assume-lideranca-na-articulacao-pelo-norte-e-nordeste\/"},"modified":"2025-12-02T18:09:04","modified_gmt":"2025-12-02T21:09:04","slug":"david-assume-lideranca-na-articulacao-pelo-norte-e-nordeste","status":"publish","type":"post","link":"https:\/\/www.manaus.am.gov.br\/semcom\/david-assume-lideranca-na-articulacao-pelo-norte-e-nordeste\/","title":{"rendered":"Prefeito David Almeida anuncia semin\u00e1rio nacional em Manaus e assume lideran\u00e7a na articula\u00e7\u00e3o pela justi\u00e7a tribut\u00e1ria no Norte e Nordeste"},"content":{"rendered":"\n<p>O prefeito de <a href=\"https:\/\/www.instagram.com\/prefeiturademanaus\/\">Manaus<\/a>, David Almeida, anunciou, nesta ter\u00e7a-feira, 2\/12, durante uma live transmitida direto de Bras\u00edlia (DF), que a capital amazonense sediar\u00e1 um grande semin\u00e1rio nacional sobre justi\u00e7a tribut\u00e1ria e equidade no financiamento <a href=\"https:\/\/www.manaus.am.gov.br\/\">municipal<\/a>, reunindo prefeitos, vereadores, governadores, senadores, deputados federais e especialistas de todo o Norte e Nordeste. A iniciativa marca um movimento in\u00e9dito e consolida Manaus no centro do debate nacional sobre o pacto federativo.<\/p>\n\n\n\n<p>O an\u00fancio ocorre ap\u00f3s reuni\u00e3o estrat\u00e9gica na Frente Nacional de Prefeitos (FNP), onde foi apresentado o painel do Indicadores de Financiamento e Equidade Municipal (Ifem), revelando um cen\u00e1rio de desigualdade profunda que atinge a regi\u00e3o Norte h\u00e1 mais de 60 anos. Com o semin\u00e1rio, David Almeida assume protagonismo na constru\u00e7\u00e3o de uma frente ampla para cobrar do Governo Federal a corre\u00e7\u00e3o das distor\u00e7\u00f5es tribut\u00e1rias que limitam o desenvolvimento da Amaz\u00f4nia.<\/p>\n\n\n\n<p>\u201cManaus n\u00e3o aceita mais ser tratada como munic\u00edpio de segunda classe. \u00c9 hora de corrigir 60 anos de injusti\u00e7as\u201d, afirma David Almeida.<\/p>\n\n\n\n<p>O prefeito esteve acompanhado pelo secret\u00e1rio-chefe da Casa Civil, Marcos Rotta; pelo secret\u00e1rio municipal de Limpeza P\u00fablica, Sab\u00e1 Reis; pelo presidente da C\u00e2mara Municipal de Manaus (CMM), vereador David Reis; e pelo chefe do Escrit\u00f3rio de Representa\u00e7\u00e3o de Manaus em Bras\u00edlia, Alexis Kotsifas. Durante a transmiss\u00e3o, David Almeida fez quest\u00e3o de detalhar os n\u00fameros que colocam Manaus entre os munic\u00edpios mais prejudicados do Brasil na distribui\u00e7\u00e3o proporcional de recursos.<\/p>\n\n\n\n<p>Segundo o Ifem: 92% dos munic\u00edpios brasileiros recebem proporcionalmente mais recursos que Manaus; no FPM, Manaus \u00e9 pior financiada que 98% das cidades do pa\u00eds; no SUS, a capital amazonense est\u00e1 atr\u00e1s de 99% dos munic\u00edpios; na educa\u00e7\u00e3o, 95% das cidades recebem mais que Manaus; na compensa\u00e7\u00e3o financeira por recursos naturais, instrumento que deveria beneficiar a Amaz\u00f4nia, Manaus fica atr\u00e1s de 98% dos munic\u00edpios brasileiros.<\/p>\n\n\n\n<p>\u201cO Brasil homenageia a Amaz\u00f4nia, celebra a floresta, discute preserva\u00e7\u00e3o nas grandes confer\u00eancias internacionais, mas o povo que protege essa floresta \u00e9 o mais subfinanciado do pa\u00eds. Isso \u00e9 injusti\u00e7a hist\u00f3rica. E n\u00f3s vamos liderar essa mudan\u00e7a\u201d, declarou o prefeito.<\/p>\n\n\n\n<p><strong>Abismo entre regi\u00f5es<\/strong><\/p>\n\n\n\n<p>Na reuni\u00e3o, o Ifem apresentou um mapa de calor que evidencia as desigualdades regionais no financiamento municipal: Sul, Sudeste e Centro-Oeste aparecem em verde, indicando bom financiamento; Norte e Nordeste surgem quase inteiros em vermelho, representando subfinanciamento cr\u00f4nico.<\/p>\n\n\n\n<p>Segundo David Almeida, esse quadro explica, desde o passado, por que regi\u00f5es inteiras enfrentam mais dificuldades para avan\u00e7ar em \u00e1reas como educa\u00e7\u00e3o, sa\u00fade e infraestrutura. \u201cN\u00e3o \u00e9 incompet\u00eancia. \u00c9 subfinanciamento. \u00c9 desigualdade. \u00c9 isso que estamos enfrentando de frente. Vamos unir o Norte e o Nordeste para virar essa p\u00e1gina\u201d, enfatizou Almeida ao destacar que Manaus assume protagonismo no enfrentamento \u00e0s desigualdades regionais.<\/p>\n\n\n\n<p>Com o semin\u00e1rio marcado para Manaus, o prefeito pretende articular uma for\u00e7a suprapartid\u00e1ria envolvendo: prefeitos dos 61 munic\u00edpios do Amazonas; prefeitos de todo o Norte e Nordeste; senadores do Amazonas; a bancada de deputados federais; assembleias legislativas; especialistas em federalismo fiscal e financiamento p\u00fablico.<\/p>\n\n\n\n<p>\u201cN\u00e3o queremos privil\u00e9gio. Queremos igualdade. Queremos o mesmo tratamento tribut\u00e1rio dado a munic\u00edpios do Sul e Sudeste. Essa \u00e9 uma pauta de Estado, uma pauta de pa\u00eds, e que interessa a todo brasileiro que vive na regi\u00e3o Norte e Nordeste\u201d, refor\u00e7ou.<\/p>\n\n\n\n<p>David Almeida destacou ainda que, embora a Zona Franca de Manaus esteja garantida constitucionalmente at\u00e9 2075, o futuro da economia amazonense exige um novo pilar. \u201cO terceiro ciclo econ\u00f4mico do Amazonas est\u00e1 aqui: na equidade tribut\u00e1ria. Sem isso, n\u00e3o h\u00e1 modelo de desenvolvimento capaz de sustentar nosso estado pelas pr\u00f3ximas d\u00e9cadas.\u201d<\/p>\n\n\n\n<p>Ao encerrar a transmiss\u00e3o, o prefeito afirmou. \u201cEstou voltando para Manaus esperan\u00e7oso, determinado e consciente da responsabilidade hist\u00f3rica que assumimos hoje. Vamos liderar essa pauta nacional. Vamos unir o Norte e o Nordeste. Vamos corrigir o que foi distorcido por seis d\u00e9cadas. E vamos garantir, finalmente, igualdade para o povo da Amaz\u00f4nia.\u201d<\/p>\n\n\n\n<p>&#8212; &#8212; &#8212;<\/p>\n\n\n\n<p><strong>Texto &#8211;<\/strong> Emanuelle Baires \/ Semcom-Prefeito<\/p>\n\n\n\n<p><strong>Fotos &#8211;<\/strong> Divulga\u00e7\u00e3o \/ FNP<\/p>\n\n\n\n<p><strong>Publicado em <\/strong>\u2013<\/p>\n","protected":false},"excerpt":{"rendered":"","protected":false},"author":57,"featured_media":249209,"comment_status":"closed","ping_status":"closed","sticky":false,"template":"","format":"standard","meta":{"footnotes":""},"categories":[722],"tags":[35,2127,18256,77],"acf":[],"yoast_head":"<!-- This site is optimized with the Yoast SEO plugin v23.0 - https:\/\/yoast.com\/wordpress\/plugins\/seo\/ -->\n<title>David assume lideran\u00e7a na articula\u00e7\u00e3o pelo Norte e Nordeste<\/title>\n<meta name=\"description\" content=\"David anunciou que Manaus sediar\u00e1 um grande semin\u00e1rio nacional sobre justi\u00e7a tribut\u00e1ria com especialistas de todo o Norte e Nordeste.\" \/>\n<meta name=\"robots\" content=\"index, follow, max-snippet:-1, max-image-preview:large, max-video-preview:-1\" \/>\n<link rel=\"canonical\" href=\"https:\/\/www.manaus.am.gov.br\/semcom\/david-assume-lideranca-na-articulacao-pelo-norte-e-nordeste\/\" \/>\n<meta property=\"og:locale\" content=\"pt_BR\" \/>\n<meta property=\"og:type\" content=\"article\" \/>\n<meta property=\"og:title\" content=\"David assume lideran\u00e7a na articula\u00e7\u00e3o pelo Norte e Nordeste\" \/>\n<meta property=\"og:description\" content=\"David anunciou que Manaus sediar\u00e1 um grande semin\u00e1rio nacional sobre justi\u00e7a tribut\u00e1ria com especialistas de todo o Norte e Nordeste.\" \/>\n<meta property=\"og:url\" content=\"https:\/\/www.manaus.am.gov.br\/semcom\/david-assume-lideranca-na-articulacao-pelo-norte-e-nordeste\/\" \/>\n<meta property=\"og:site_name\" content=\"SEMCOM\" \/>\n<meta property=\"article:published_time\" content=\"2025-12-02T21:02:16+00:00\" \/>\n<meta property=\"article:modified_time\" content=\"2025-12-02T21:09:04+00:00\" \/>\n<meta property=\"og:image\" content=\"https:\/\/www.manaus.am.gov.br\/semcom\/wp-content\/uploads\/sites\/5\/2025\/12\/Norte-e-Nordeste_3.jpeg\" \/>\n\t<meta property=\"og:image:width\" content=\"1200\" \/>\n\t<meta property=\"og:image:height\" content=\"675\" \/>\n\t<meta property=\"og:image:type\" content=\"image\/jpeg\" \/>\n<meta name=\"author\" content=\"Thiago Fernando\" \/>\n<meta name=\"twitter:card\" content=\"summary_large_image\" \/>\n<meta name=\"twitter:label1\" content=\"Written by\" \/>\n\t<meta name=\"twitter:data1\" content=\"Thiago Fernando\" \/>\n\t<meta name=\"twitter:label2\" content=\"Est. reading time\" \/>\n\t<meta name=\"twitter:data2\" content=\"4 minutos\" \/>\n<script type=\"application\/ld+json\" class=\"yoast-schema-graph\">{\"@context\":\"https:\/\/schema.org\",\"@graph\":[{\"@type\":\"WebPage\",\"@id\":\"https:\/\/www.manaus.am.gov.br\/semcom\/david-assume-lideranca-na-articulacao-pelo-norte-e-nordeste\/\",\"url\":\"https:\/\/www.manaus.am.gov.br\/semcom\/david-assume-lideranca-na-articulacao-pelo-norte-e-nordeste\/\",\"name\":\"David assume lideran\u00e7a na articula\u00e7\u00e3o pelo Norte e Nordeste\",\"isPartOf\":{\"@id\":\"https:\/\/www.manaus.am.gov.br\/semcom\/#website\"},\"primaryImageOfPage\":{\"@id\":\"https:\/\/www.manaus.am.gov.br\/semcom\/david-assume-lideranca-na-articulacao-pelo-norte-e-nordeste\/#primaryimage\"},\"image\":{\"@id\":\"https:\/\/www.manaus.am.gov.br\/semcom\/david-assume-lideranca-na-articulacao-pelo-norte-e-nordeste\/#primaryimage\"},\"thumbnailUrl\":\"https:\/\/www.manaus.am.gov.br\/semcom\/wp-content\/uploads\/sites\/5\/2025\/12\/Norte-e-Nordeste_3.jpeg\",\"datePublished\":\"2025-12-02T21:02:16+00:00\",\"dateModified\":\"2025-12-02T21:09:04+00:00\",\"author\":{\"@id\":\"https:\/\/www.manaus.am.gov.br\/semcom\/#\/schema\/person\/a5ee5376db6e21af026374b369f30882\"},\"description\":\"David anunciou que Manaus sediar\u00e1 um grande semin\u00e1rio nacional sobre justi\u00e7a tribut\u00e1ria com especialistas de todo o Norte e Nordeste.\",\"inLanguage\":\"pt-BR\",\"potentialAction\":[{\"@type\":\"ReadAction\",\"target\":[\"https:\/\/www.manaus.am.gov.br\/semcom\/david-assume-lideranca-na-articulacao-pelo-norte-e-nordeste\/\"]}]},{\"@type\":\"ImageObject\",\"inLanguage\":\"pt-BR\",\"@id\":\"https:\/\/www.manaus.am.gov.br\/semcom\/david-assume-lideranca-na-articulacao-pelo-norte-e-nordeste\/#primaryimage\",\"url\":\"https:\/\/www.manaus.am.gov.br\/semcom\/wp-content\/uploads\/sites\/5\/2025\/12\/Norte-e-Nordeste_3.jpeg\",\"contentUrl\":\"https:\/\/www.manaus.am.gov.br\/semcom\/wp-content\/uploads\/sites\/5\/2025\/12\/Norte-e-Nordeste_3.jpeg\",\"width\":1200,\"height\":675,\"caption\":\"#paratodosverem - Prefeito David Almeida participando de reuni\u00e3o em Bras\u00edlia (DF)\"},{\"@type\":\"WebSite\",\"@id\":\"https:\/\/www.manaus.am.gov.br\/semcom\/#website\",\"url\":\"https:\/\/www.manaus.am.gov.br\/semcom\/\",\"name\":\"SEMCOM\",\"description\":\"Secretaria Municipal de Comunica\u00e7\u00e3o\",\"potentialAction\":[{\"@type\":\"SearchAction\",\"target\":{\"@type\":\"EntryPoint\",\"urlTemplate\":\"https:\/\/www.manaus.am.gov.br\/semcom\/?s={search_term_string}\"},\"query-input\":\"required name=search_term_string\"}],\"inLanguage\":\"pt-BR\"},{\"@type\":\"Person\",\"@id\":\"https:\/\/www.manaus.am.gov.br\/semcom\/#\/schema\/person\/a5ee5376db6e21af026374b369f30882\",\"name\":\"Thiago Fernando\",\"image\":{\"@type\":\"ImageObject\",\"inLanguage\":\"pt-BR\",\"@id\":\"https:\/\/www.manaus.am.gov.br\/semcom\/#\/schema\/person\/image\/\",\"url\":\"https:\/\/secure.gravatar.com\/avatar\/f5aab8722444041451501c077052ac07?s=96&d=mm&r=g\",\"contentUrl\":\"https:\/\/secure.gravatar.com\/avatar\/f5aab8722444041451501c077052ac07?s=96&d=mm&r=g\",\"caption\":\"Thiago Fernando\"}}]}<\/script>\n<!-- \/ Yoast SEO plugin. -->","yoast_head_json":{"title":"David assume lideran\u00e7a na articula\u00e7\u00e3o pelo Norte e Nordeste","description":"David anunciou que Manaus sediar\u00e1 um grande semin\u00e1rio nacional sobre justi\u00e7a tribut\u00e1ria com especialistas de todo o Norte e Nordeste.","robots":{"index":"index","follow":"follow","max-snippet":"max-snippet:-1","max-image-preview":"max-image-preview:large","max-video-preview":"max-video-preview:-1"},"canonical":"https:\/\/www.manaus.am.gov.br\/semcom\/david-assume-lideranca-na-articulacao-pelo-norte-e-nordeste\/","og_locale":"pt_BR","og_type":"article","og_title":"David assume lideran\u00e7a na articula\u00e7\u00e3o pelo Norte e Nordeste","og_description":"David anunciou que Manaus sediar\u00e1 um grande semin\u00e1rio nacional sobre justi\u00e7a tribut\u00e1ria com especialistas de todo o Norte e Nordeste.","og_url":"https:\/\/www.manaus.am.gov.br\/semcom\/david-assume-lideranca-na-articulacao-pelo-norte-e-nordeste\/","og_site_name":"SEMCOM","article_published_time":"2025-12-02T21:02:16+00:00","article_modified_time":"2025-12-02T21:09:04+00:00","og_image":[{"width":1200,"height":675,"url":"https:\/\/www.manaus.am.gov.br\/semcom\/wp-content\/uploads\/sites\/5\/2025\/12\/Norte-e-Nordeste_3.jpeg","type":"image\/jpeg"}],"author":"Thiago Fernando","twitter_card":"summary_large_image","twitter_misc":{"Written by":"Thiago Fernando","Est. reading time":"4 minutos"},"schema":{"@context":"https:\/\/schema.org","@graph":[{"@type":"WebPage","@id":"https:\/\/www.manaus.am.gov.br\/semcom\/david-assume-lideranca-na-articulacao-pelo-norte-e-nordeste\/","url":"https:\/\/www.manaus.am.gov.br\/semcom\/david-assume-lideranca-na-articulacao-pelo-norte-e-nordeste\/","name":"David assume lideran\u00e7a na articula\u00e7\u00e3o pelo Norte e Nordeste","isPartOf":{"@id":"https:\/\/www.manaus.am.gov.br\/semcom\/#website"},"primaryImageOfPage":{"@id":"https:\/\/www.manaus.am.gov.br\/semcom\/david-assume-lideranca-na-articulacao-pelo-norte-e-nordeste\/#primaryimage"},"image":{"@id":"https:\/\/www.manaus.am.gov.br\/semcom\/david-assume-lideranca-na-articulacao-pelo-norte-e-nordeste\/#primaryimage"},"thumbnailUrl":"https:\/\/www.manaus.am.gov.br\/semcom\/wp-content\/uploads\/sites\/5\/2025\/12\/Norte-e-Nordeste_3.jpeg","datePublished":"2025-12-02T21:02:16+00:00","dateModified":"2025-12-02T21:09:04+00:00","author":{"@id":"https:\/\/www.manaus.am.gov.br\/semcom\/#\/schema\/person\/a5ee5376db6e21af026374b369f30882"},"description":"David anunciou que Manaus sediar\u00e1 um grande semin\u00e1rio nacional sobre justi\u00e7a tribut\u00e1ria com especialistas de todo o Norte e Nordeste.","inLanguage":"pt-BR","potentialAction":[{"@type":"ReadAction","target":["https:\/\/www.manaus.am.gov.br\/semcom\/david-assume-lideranca-na-articulacao-pelo-norte-e-nordeste\/"]}]},{"@type":"ImageObject","inLanguage":"pt-BR","@id":"https:\/\/www.manaus.am.gov.br\/semcom\/david-assume-lideranca-na-articulacao-pelo-norte-e-nordeste\/#primaryimage","url":"https:\/\/www.manaus.am.gov.br\/semcom\/wp-content\/uploads\/sites\/5\/2025\/12\/Norte-e-Nordeste_3.jpeg","contentUrl":"https:\/\/www.manaus.am.gov.br\/semcom\/wp-content\/uploads\/sites\/5\/2025\/12\/Norte-e-Nordeste_3.jpeg","width":1200,"height":675,"caption":"#paratodosverem - Prefeito David Almeida participando de reuni\u00e3o em Bras\u00edlia (DF)"},{"@type":"WebSite","@id":"https:\/\/www.manaus.am.gov.br\/semcom\/#website","url":"https:\/\/www.manaus.am.gov.br\/semcom\/","name":"SEMCOM","description":"Secretaria Municipal de Comunica\u00e7\u00e3o","potentialAction":[{"@type":"SearchAction","target":{"@type":"EntryPoint","urlTemplate":"https:\/\/www.manaus.am.gov.br\/semcom\/?s={search_term_string}"},"query-input":"required name=search_term_string"}],"inLanguage":"pt-BR"},{"@type":"Person","@id":"https:\/\/www.manaus.am.gov.br\/semcom\/#\/schema\/person\/a5ee5376db6e21af026374b369f30882","name":"Thiago Fernando","image":{"@type":"ImageObject","inLanguage":"pt-BR","@id":"https:\/\/www.manaus.am.gov.br\/semcom\/#\/schema\/person\/image\/","url":"https:\/\/secure.gravatar.com\/avatar\/f5aab8722444041451501c077052ac07?s=96&d=mm&r=g","contentUrl":"https:\/\/secure.gravatar.com\/avatar\/f5aab8722444041451501c077052ac07?s=96&d=mm&r=g","caption":"Thiago Fernando"}}]}},"_links":{"self":[{"href":"https:\/\/www.manaus.am.gov.br\/semcom\/wp-json\/wp\/v2\/posts\/249202"}],"collection":[{"href":"https:\/\/www.manaus.am.gov.br\/semcom\/wp-json\/wp\/v2\/posts"}],"about":[{"href":"https:\/\/www.manaus.am.gov.br\/semcom\/wp-json\/wp\/v2\/types\/post"}],"author":[{"embeddable":true,"href":"https:\/\/www.manaus.am.gov.br\/semcom\/wp-json\/wp\/v2\/users\/57"}],"replies":[{"embeddable":true,"href":"https:\/\/www.manaus.am.gov.br\/semcom\/wp-json\/wp\/v2\/comments?post=249202"}],"version-history":[{"count":1,"href":"https:\/\/www.manaus.am.gov.br\/semcom\/wp-json\/wp\/v2\/posts\/249202\/revisions"}],"predecessor-version":[{"id":249208,"href":"https:\/\/www.manaus.am.gov.br\/semcom\/wp-json\/wp\/v2\/posts\/249202\/revisions\/249208"}],"wp:featuredmedia":[{"embeddable":true,"href":"https:\/\/www.manaus.am.gov.br\/semcom\/wp-json\/wp\/v2\/media\/249209"}],"wp:attachment":[{"href":"https:\/\/www.manaus.am.gov.br\/semcom\/wp-json\/wp\/v2\/media?parent=249202"}],"wp:term":[{"taxonomy":"category","embeddable":true,"href":"https:\/\/www.manaus.am.gov.br\/semcom\/wp-json\/wp\/v2\/categories?post=249202"},{"taxonomy":"post_tag","embeddable":true,"href":"https:\/\/www.manaus.am.gov.br\/semcom\/wp-json\/wp\/v2\/tags?post=249202"}],"curies":[{"name":"wp","href":"https:\/\/api.w.org\/{rel}","templated":true}]}}