{"id":249166,"date":"2025-12-02T13:31:25","date_gmt":"2025-12-02T16:31:25","guid":{"rendered":"https:\/\/www.manaus.am.gov.br\/semcom\/prefeitura-semtepi-vagasempregos-navegacao\/"},"modified":"2025-12-02T13:31:26","modified_gmt":"2025-12-02T16:31:26","slug":"prefeitura-semtepi-vagasempregos-navegacao","status":"publish","type":"post","link":"https:\/\/www.manaus.am.gov.br\/semcom\/prefeitura-semtepi-vagasempregos-navegacao\/","title":{"rendered":"Prefeitura de Manaus realiza parceria estrat\u00e9gica para mais de 500 vagas no ramo de navega\u00e7\u00e3o"},"content":{"rendered":"\n<p>A Prefeitura de Manaus, por meio da Secretaria Municipal do Trabalho, Empreendedorismo e Inova\u00e7\u00e3o (Semtepi), realizou, nesta ter\u00e7a-feira, 2\/12, uma reuni\u00e3o com representantes do estaleiro Juru\u00e1 que marcou o pontap\u00e9 inicial para uma nova parceria voltada ao trabalho, ofertando mais 500 vagas, e \u00e0 qualifica\u00e7\u00e3o profissional, no posto do Sine Manaus, localizado na&nbsp;<a href=\"https:\/\/www.google.com\/maps\/search\/avenida+Constantino+Nery,+n%C2%BA+1.272?entry=gmail&amp;source=g\" target=\"_blank\" rel=\"noreferrer noopener\">avenida Constantino Nery, n\u00ba 1.272<\/a>, bairro S\u00e3o Geraldo, zona Centro\u2013Sul.<\/p>\n\n\n\n<p>O encontro refor\u00e7a o compromisso conjunto de ampliar o alcance das capacita\u00e7\u00f5es j\u00e1 desenvolvidas pela empresa, integrando-as \u00e0s a\u00e7\u00f5es promovidas pela secretaria. A proposta da a\u00e7\u00e3o vai contar com a divulga\u00e7\u00e3o de mais de 500 vagas em m\u00faltiplas fun\u00e7\u00f5es, ofertadas pelo estaleiro Juru\u00e1 em parceria com a secretaria. A iniciativa refor\u00e7a o esfor\u00e7o conjunto para aproximar oportunidades reais de emprego da popula\u00e7\u00e3o manauara.<\/p>\n\n\n\n<p>&nbsp;\u201cA parceria com o estaleiro Juru\u00e1 representa um avan\u00e7o importante para a pol\u00edtica de qualifica\u00e7\u00e3o em Manaus. Nosso objetivo \u00e9 unir for\u00e7as para alcan\u00e7ar o maior n\u00famero poss\u00edvel de manauaras e garantir que essas oportunidades cheguem a quem mais precisa\u201d, concluiu o diretor do Sine Manaus, da Semtepi, Pedro Lima.<\/p>\n\n\n\n<p>A nova parceria deve gerar cronogramas cont\u00ednuos de sele\u00e7\u00e3o e capacita\u00e7\u00e3o. Nesta ter\u00e7a, a sele\u00e7\u00e3o aconteceu no posto do Sine Manaus, da Constantino Nery, e seguir\u00e1 pelos pr\u00f3ximos dias no galp\u00e3o da pr\u00f3pria empresa, localizada na rua Francisco Cameli, s\/n\u00ba, quil\u00f4metro 1 , Cacau Pir\u00eara, Iranduba (AM).<\/p>\n\n\n\n<p>&#8212; &#8212; &#8212;<\/p>\n\n\n\n<p><strong>Texto e fotos<\/strong> \u2013&nbsp;Divulga\u00e7\u00e3o \/ Semtepi<\/p>\n","protected":false},"excerpt":{"rendered":"","protected":false},"author":23,"featured_media":249167,"comment_status":"closed","ping_status":"closed","sticky":false,"template":"","format":"standard","meta":{"footnotes":""},"categories":[127],"tags":[18245,18246,485,77,22],"acf":[],"yoast_head":"<!-- This site is optimized with the Yoast SEO plugin v23.0 - https:\/\/yoast.com\/wordpress\/plugins\/seo\/ -->\n<title>Prefeitura de Manaus realiza parceria estrat\u00e9gica para mais de 500 vagas no ramo de navega\u00e7\u00e3o<\/title>\n<meta name=\"description\" content=\"A Prefeitura de Manaus, por meio da Secretaria Municipal do Trabalho, Empreendedorismo e Inova\u00e7\u00e3o (Semtepi), realizou, nesta ter\u00e7a-feira, 2\/12, uma reuni\u00e3o com representantes do estaleiro Juru\u00e1 que marcou o pontap\u00e9 inicial para uma nova parceria voltada ao trabalho\" \/>\n<meta name=\"robots\" content=\"index, follow, max-snippet:-1, max-image-preview:large, max-video-preview:-1\" \/>\n<link rel=\"canonical\" href=\"https:\/\/www.manaus.am.gov.br\/semcom\/prefeitura-semtepi-vagasempregos-navegacao\/\" \/>\n<meta property=\"og:locale\" content=\"pt_BR\" \/>\n<meta property=\"og:type\" content=\"article\" \/>\n<meta property=\"og:title\" content=\"Prefeitura de Manaus realiza parceria estrat\u00e9gica para mais de 500 vagas no ramo de navega\u00e7\u00e3o\" \/>\n<meta property=\"og:description\" content=\"A Prefeitura de Manaus, por meio da Secretaria Municipal do Trabalho, Empreendedorismo e Inova\u00e7\u00e3o (Semtepi), realizou, nesta ter\u00e7a-feira, 2\/12, uma reuni\u00e3o com representantes do estaleiro Juru\u00e1 que marcou o pontap\u00e9 inicial para uma nova parceria voltada ao trabalho\" \/>\n<meta property=\"og:url\" content=\"https:\/\/www.manaus.am.gov.br\/semcom\/prefeitura-semtepi-vagasempregos-navegacao\/\" \/>\n<meta property=\"og:site_name\" content=\"SEMCOM\" \/>\n<meta property=\"article:published_time\" content=\"2025-12-02T16:31:25+00:00\" \/>\n<meta property=\"article:modified_time\" content=\"2025-12-02T16:31:26+00:00\" \/>\n<meta property=\"og:image\" content=\"https:\/\/www.manaus.am.gov.br\/semcom\/wp-content\/uploads\/sites\/5\/2025\/12\/WhatsApp-Image-2025-12-02-at-10.46.30-1.jpeg\" \/>\n\t<meta property=\"og:image:width\" content=\"1280\" \/>\n\t<meta property=\"og:image:height\" content=\"960\" \/>\n\t<meta property=\"og:image:type\" content=\"image\/jpeg\" \/>\n<meta name=\"author\" content=\"Adriana Costa\" \/>\n<meta name=\"twitter:card\" content=\"summary_large_image\" \/>\n<meta name=\"twitter:label1\" content=\"Written by\" \/>\n\t<meta name=\"twitter:data1\" content=\"Adriana Costa\" \/>\n\t<meta name=\"twitter:label2\" content=\"Est. reading time\" \/>\n\t<meta name=\"twitter:data2\" content=\"2 minutos\" \/>\n<script type=\"application\/ld+json\" class=\"yoast-schema-graph\">{\"@context\":\"https:\/\/schema.org\",\"@graph\":[{\"@type\":\"WebPage\",\"@id\":\"https:\/\/www.manaus.am.gov.br\/semcom\/prefeitura-semtepi-vagasempregos-navegacao\/\",\"url\":\"https:\/\/www.manaus.am.gov.br\/semcom\/prefeitura-semtepi-vagasempregos-navegacao\/\",\"name\":\"Prefeitura de Manaus realiza parceria estrat\u00e9gica para mais de 500 vagas no ramo de navega\u00e7\u00e3o\",\"isPartOf\":{\"@id\":\"https:\/\/www.manaus.am.gov.br\/semcom\/#website\"},\"primaryImageOfPage\":{\"@id\":\"https:\/\/www.manaus.am.gov.br\/semcom\/prefeitura-semtepi-vagasempregos-navegacao\/#primaryimage\"},\"image\":{\"@id\":\"https:\/\/www.manaus.am.gov.br\/semcom\/prefeitura-semtepi-vagasempregos-navegacao\/#primaryimage\"},\"thumbnailUrl\":\"https:\/\/www.manaus.am.gov.br\/semcom\/wp-content\/uploads\/sites\/5\/2025\/12\/WhatsApp-Image-2025-12-02-at-10.46.30-1.jpeg\",\"datePublished\":\"2025-12-02T16:31:25+00:00\",\"dateModified\":\"2025-12-02T16:31:26+00:00\",\"author\":{\"@id\":\"https:\/\/www.manaus.am.gov.br\/semcom\/#\/schema\/person\/4e49f4e267757a06ca072ec61b2b9968\"},\"description\":\"A Prefeitura de Manaus, por meio da Secretaria Municipal do Trabalho, Empreendedorismo e Inova\u00e7\u00e3o (Semtepi), realizou, nesta ter\u00e7a-feira, 2\/12, uma reuni\u00e3o com representantes do estaleiro Juru\u00e1 que marcou o pontap\u00e9 inicial para uma nova parceria voltada ao trabalho\",\"inLanguage\":\"pt-BR\",\"potentialAction\":[{\"@type\":\"ReadAction\",\"target\":[\"https:\/\/www.manaus.am.gov.br\/semcom\/prefeitura-semtepi-vagasempregos-navegacao\/\"]}]},{\"@type\":\"ImageObject\",\"inLanguage\":\"pt-BR\",\"@id\":\"https:\/\/www.manaus.am.gov.br\/semcom\/prefeitura-semtepi-vagasempregos-navegacao\/#primaryimage\",\"url\":\"https:\/\/www.manaus.am.gov.br\/semcom\/wp-content\/uploads\/sites\/5\/2025\/12\/WhatsApp-Image-2025-12-02-at-10.46.30-1.jpeg\",\"contentUrl\":\"https:\/\/www.manaus.am.gov.br\/semcom\/wp-content\/uploads\/sites\/5\/2025\/12\/WhatsApp-Image-2025-12-02-at-10.46.30-1.jpeg\",\"width\":1280,\"height\":960,\"caption\":\"#paratodosverem - Mesa de reuni\u00e3o entre diretoria do Sine Manaus, da Semtepi, e representantes do estaleiro Juru\u00e1\"},{\"@type\":\"WebSite\",\"@id\":\"https:\/\/www.manaus.am.gov.br\/semcom\/#website\",\"url\":\"https:\/\/www.manaus.am.gov.br\/semcom\/\",\"name\":\"SEMCOM\",\"description\":\"Secretaria Municipal de Comunica\u00e7\u00e3o\",\"potentialAction\":[{\"@type\":\"SearchAction\",\"target\":{\"@type\":\"EntryPoint\",\"urlTemplate\":\"https:\/\/www.manaus.am.gov.br\/semcom\/?s={search_term_string}\"},\"query-input\":\"required name=search_term_string\"}],\"inLanguage\":\"pt-BR\"},{\"@type\":\"Person\",\"@id\":\"https:\/\/www.manaus.am.gov.br\/semcom\/#\/schema\/person\/4e49f4e267757a06ca072ec61b2b9968\",\"name\":\"Adriana Costa\",\"image\":{\"@type\":\"ImageObject\",\"inLanguage\":\"pt-BR\",\"@id\":\"https:\/\/www.manaus.am.gov.br\/semcom\/#\/schema\/person\/image\/\",\"url\":\"https:\/\/secure.gravatar.com\/avatar\/576258617ef7194f718179e766d57bd4?s=96&d=mm&r=g\",\"contentUrl\":\"https:\/\/secure.gravatar.com\/avatar\/576258617ef7194f718179e766d57bd4?s=96&d=mm&r=g\",\"caption\":\"Adriana Costa\"}}]}<\/script>\n<!-- \/ Yoast SEO plugin. -->","yoast_head_json":{"title":"Prefeitura de Manaus realiza parceria estrat\u00e9gica para mais de 500 vagas no ramo de navega\u00e7\u00e3o","description":"A Prefeitura de Manaus, por meio da Secretaria Municipal do Trabalho, Empreendedorismo e Inova\u00e7\u00e3o (Semtepi), realizou, nesta ter\u00e7a-feira, 2\/12, uma reuni\u00e3o com representantes do estaleiro Juru\u00e1 que marcou o pontap\u00e9 inicial para uma nova parceria voltada ao trabalho","robots":{"index":"index","follow":"follow","max-snippet":"max-snippet:-1","max-image-preview":"max-image-preview:large","max-video-preview":"max-video-preview:-1"},"canonical":"https:\/\/www.manaus.am.gov.br\/semcom\/prefeitura-semtepi-vagasempregos-navegacao\/","og_locale":"pt_BR","og_type":"article","og_title":"Prefeitura de Manaus realiza parceria estrat\u00e9gica para mais de 500 vagas no ramo de navega\u00e7\u00e3o","og_description":"A Prefeitura de Manaus, por meio da Secretaria Municipal do Trabalho, Empreendedorismo e Inova\u00e7\u00e3o (Semtepi), realizou, nesta ter\u00e7a-feira, 2\/12, uma reuni\u00e3o com representantes do estaleiro Juru\u00e1 que marcou o pontap\u00e9 inicial para uma nova parceria voltada ao trabalho","og_url":"https:\/\/www.manaus.am.gov.br\/semcom\/prefeitura-semtepi-vagasempregos-navegacao\/","og_site_name":"SEMCOM","article_published_time":"2025-12-02T16:31:25+00:00","article_modified_time":"2025-12-02T16:31:26+00:00","og_image":[{"width":1280,"height":960,"url":"https:\/\/www.manaus.am.gov.br\/semcom\/wp-content\/uploads\/sites\/5\/2025\/12\/WhatsApp-Image-2025-12-02-at-10.46.30-1.jpeg","type":"image\/jpeg"}],"author":"Adriana Costa","twitter_card":"summary_large_image","twitter_misc":{"Written by":"Adriana Costa","Est. reading time":"2 minutos"},"schema":{"@context":"https:\/\/schema.org","@graph":[{"@type":"WebPage","@id":"https:\/\/www.manaus.am.gov.br\/semcom\/prefeitura-semtepi-vagasempregos-navegacao\/","url":"https:\/\/www.manaus.am.gov.br\/semcom\/prefeitura-semtepi-vagasempregos-navegacao\/","name":"Prefeitura de Manaus realiza parceria estrat\u00e9gica para mais de 500 vagas no ramo de navega\u00e7\u00e3o","isPartOf":{"@id":"https:\/\/www.manaus.am.gov.br\/semcom\/#website"},"primaryImageOfPage":{"@id":"https:\/\/www.manaus.am.gov.br\/semcom\/prefeitura-semtepi-vagasempregos-navegacao\/#primaryimage"},"image":{"@id":"https:\/\/www.manaus.am.gov.br\/semcom\/prefeitura-semtepi-vagasempregos-navegacao\/#primaryimage"},"thumbnailUrl":"https:\/\/www.manaus.am.gov.br\/semcom\/wp-content\/uploads\/sites\/5\/2025\/12\/WhatsApp-Image-2025-12-02-at-10.46.30-1.jpeg","datePublished":"2025-12-02T16:31:25+00:00","dateModified":"2025-12-02T16:31:26+00:00","author":{"@id":"https:\/\/www.manaus.am.gov.br\/semcom\/#\/schema\/person\/4e49f4e267757a06ca072ec61b2b9968"},"description":"A Prefeitura de Manaus, por meio da Secretaria Municipal do Trabalho, Empreendedorismo e Inova\u00e7\u00e3o (Semtepi), realizou, nesta ter\u00e7a-feira, 2\/12, uma reuni\u00e3o com representantes do estaleiro Juru\u00e1 que marcou o pontap\u00e9 inicial para uma nova parceria voltada ao trabalho","inLanguage":"pt-BR","potentialAction":[{"@type":"ReadAction","target":["https:\/\/www.manaus.am.gov.br\/semcom\/prefeitura-semtepi-vagasempregos-navegacao\/"]}]},{"@type":"ImageObject","inLanguage":"pt-BR","@id":"https:\/\/www.manaus.am.gov.br\/semcom\/prefeitura-semtepi-vagasempregos-navegacao\/#primaryimage","url":"https:\/\/www.manaus.am.gov.br\/semcom\/wp-content\/uploads\/sites\/5\/2025\/12\/WhatsApp-Image-2025-12-02-at-10.46.30-1.jpeg","contentUrl":"https:\/\/www.manaus.am.gov.br\/semcom\/wp-content\/uploads\/sites\/5\/2025\/12\/WhatsApp-Image-2025-12-02-at-10.46.30-1.jpeg","width":1280,"height":960,"caption":"#paratodosverem - Mesa de reuni\u00e3o entre diretoria do Sine Manaus, da Semtepi, e representantes do estaleiro Juru\u00e1"},{"@type":"WebSite","@id":"https:\/\/www.manaus.am.gov.br\/semcom\/#website","url":"https:\/\/www.manaus.am.gov.br\/semcom\/","name":"SEMCOM","description":"Secretaria Municipal de Comunica\u00e7\u00e3o","potentialAction":[{"@type":"SearchAction","target":{"@type":"EntryPoint","urlTemplate":"https:\/\/www.manaus.am.gov.br\/semcom\/?s={search_term_string}"},"query-input":"required name=search_term_string"}],"inLanguage":"pt-BR"},{"@type":"Person","@id":"https:\/\/www.manaus.am.gov.br\/semcom\/#\/schema\/person\/4e49f4e267757a06ca072ec61b2b9968","name":"Adriana Costa","image":{"@type":"ImageObject","inLanguage":"pt-BR","@id":"https:\/\/www.manaus.am.gov.br\/semcom\/#\/schema\/person\/image\/","url":"https:\/\/secure.gravatar.com\/avatar\/576258617ef7194f718179e766d57bd4?s=96&d=mm&r=g","contentUrl":"https:\/\/secure.gravatar.com\/avatar\/576258617ef7194f718179e766d57bd4?s=96&d=mm&r=g","caption":"Adriana Costa"}}]}},"_links":{"self":[{"href":"https:\/\/www.manaus.am.gov.br\/semcom\/wp-json\/wp\/v2\/posts\/249166"}],"collection":[{"href":"https:\/\/www.manaus.am.gov.br\/semcom\/wp-json\/wp\/v2\/posts"}],"about":[{"href":"https:\/\/www.manaus.am.gov.br\/semcom\/wp-json\/wp\/v2\/types\/post"}],"author":[{"embeddable":true,"href":"https:\/\/www.manaus.am.gov.br\/semcom\/wp-json\/wp\/v2\/users\/23"}],"replies":[{"embeddable":true,"href":"https:\/\/www.manaus.am.gov.br\/semcom\/wp-json\/wp\/v2\/comments?post=249166"}],"version-history":[{"count":0,"href":"https:\/\/www.manaus.am.gov.br\/semcom\/wp-json\/wp\/v2\/posts\/249166\/revisions"}],"wp:featuredmedia":[{"embeddable":true,"href":"https:\/\/www.manaus.am.gov.br\/semcom\/wp-json\/wp\/v2\/media\/249167"}],"wp:attachment":[{"href":"https:\/\/www.manaus.am.gov.br\/semcom\/wp-json\/wp\/v2\/media?parent=249166"}],"wp:term":[{"taxonomy":"category","embeddable":true,"href":"https:\/\/www.manaus.am.gov.br\/semcom\/wp-json\/wp\/v2\/categories?post=249166"},{"taxonomy":"post_tag","embeddable":true,"href":"https:\/\/www.manaus.am.gov.br\/semcom\/wp-json\/wp\/v2\/tags?post=249166"}],"curies":[{"name":"wp","href":"https:\/\/api.w.org\/{rel}","templated":true}]}}