{"id":249151,"date":"2025-12-01T21:30:14","date_gmt":"2025-12-02T00:30:14","guid":{"rendered":"https:\/\/www.manaus.am.gov.br\/semcom\/apoio-prefeitura-tenis-amazonense-qualifying-w15\/"},"modified":"2025-12-01T21:33:20","modified_gmt":"2025-12-02T00:33:20","slug":"apoio-prefeitura-tenis-amazonense-qualifying-w15","status":"publish","type":"post","link":"https:\/\/www.manaus.am.gov.br\/semcom\/apoio-prefeitura-tenis-amazonense-qualifying-w15\/","title":{"rendered":"Com apoio da prefeitura, tenista Beatriz Nahmias representa Manaus no \u2018qualifying do W15\u2019 em Lima no Peru"},"content":{"rendered":"\n<p>A Prefeitura de Manaus, por meio da Secretaria Municipal de juventude, Esporte e Lazer (Semjel), celebra a participa\u00e7\u00e3o da jovem tenista amazonense Beatriz Nahmias, de apenas 15 anos, no \u201cqualifying do W15\u201d em Lima, no Peru, realizando o seu primeiro torneio profissional com o apoio do programa \u201cManaus Ol\u00edmpica\u201d. A competi\u00e7\u00e3o distribui US$ 15 mil em premia\u00e7\u00e3o e re\u00fane atletas de alto n\u00edvel do circuito mundial.<\/p>\n\n\n\n<p>O titular da Semjel, Joel Silva, destacou a import\u00e2ncia desse momento para o esporte local. \u201cVer uma atleta de apenas 15 anos representando Manaus em um torneio profissional internacional nos enche de orgulho. O \u2018Manaus Ol\u00edmpica\u2019 trabalha para apoiar talentos como a Beatriz, que inspiram nossos jovens e elevam o esporte da nossa cidade\u201d, afirmou.<\/p>\n\n\n\n<p><br>Beatriz entrou na fase de qualificat\u00f3rio e brilhou logo em sua estreia, vencendo por 6\/4 e 7\/6 (7\/4 no tie-break), resultado expressivo que mostra a for\u00e7a, maturidade e coragem da amazonense diante de advers\u00e1rias mais experientes.<\/p>\n\n\n\n<p><br>A atleta agradeceu o apoio que recebeu para chegar \u00e0 competi\u00e7\u00e3o internacional. \u201cSou muito grata \u00e0 Prefeitura de Manaus e ao programa \u2018Manaus Ol\u00edmpica\u2019 por acreditarem no meu trabalho. Estar aqui em Lima jogando meu primeiro torneio profissional \u00e9 um sonho, e poder levar o nome da minha cidade \u00e9 uma honra enorme\u201d, comemorou.<br><br>Beatriz Nahmias segue firme em sua trajet\u00f3ria, mostrando que o talento amazonense j\u00e1 tem espa\u00e7o no cen\u00e1rio internacional do t\u00eanis.<\/p>\n\n\n\n<p>&#8212; &#8212; &#8212;<\/p>\n\n\n\n<p><strong>Texto e foto \u2013\u00a0<\/strong>Divulga\u00e7\u00e3o\/Semjel<\/p>\n","protected":false},"excerpt":{"rendered":"","protected":false},"author":39,"featured_media":249152,"comment_status":"closed","ping_status":"closed","sticky":false,"template":"","format":"standard","meta":{"footnotes":""},"categories":[294],"tags":[18235,18236,77,18237,6157,18238],"acf":[],"yoast_head":"<!-- This site is optimized with the Yoast SEO plugin v23.0 - https:\/\/yoast.com\/wordpress\/plugins\/seo\/ -->\n<title>Com apoio da prefeitura, tenista Beatriz Nahmias representa Manaus no \u2018qualifying do W15\u2019 em Lima no Peru<\/title>\n<meta name=\"description\" content=\"Com apoio da prefeitura, tenista Beatriz Nahmias representa Manaus no \u2018qualifying do W15\u2019 em Lima, no Peru.\" \/>\n<meta name=\"robots\" content=\"index, follow, max-snippet:-1, max-image-preview:large, max-video-preview:-1\" \/>\n<link rel=\"canonical\" href=\"https:\/\/www.manaus.am.gov.br\/semcom\/apoio-prefeitura-tenis-amazonense-qualifying-w15\/\" \/>\n<meta property=\"og:locale\" content=\"pt_BR\" \/>\n<meta property=\"og:type\" content=\"article\" \/>\n<meta property=\"og:title\" content=\"Com apoio da prefeitura, tenista Beatriz Nahmias representa Manaus no \u2018qualifying do W15\u2019 em Lima no Peru\" \/>\n<meta property=\"og:description\" content=\"Com apoio da prefeitura, tenista Beatriz Nahmias representa Manaus no \u2018qualifying do W15\u2019 em Lima, no Peru.\" \/>\n<meta property=\"og:url\" content=\"https:\/\/www.manaus.am.gov.br\/semcom\/apoio-prefeitura-tenis-amazonense-qualifying-w15\/\" \/>\n<meta property=\"og:site_name\" content=\"SEMCOM\" \/>\n<meta property=\"article:published_time\" content=\"2025-12-02T00:30:14+00:00\" \/>\n<meta property=\"article:modified_time\" content=\"2025-12-02T00:33:20+00:00\" \/>\n<meta property=\"og:image\" content=\"https:\/\/www.manaus.am.gov.br\/semcom\/wp-content\/uploads\/sites\/5\/2025\/12\/Beatriz-Nahmias.jpeg\" \/>\n\t<meta property=\"og:image:width\" content=\"1066\" \/>\n\t<meta property=\"og:image:height\" content=\"1600\" \/>\n\t<meta property=\"og:image:type\" content=\"image\/jpeg\" \/>\n<meta name=\"author\" content=\"Bruna Greco\" \/>\n<meta name=\"twitter:card\" content=\"summary_large_image\" \/>\n<meta name=\"twitter:label1\" content=\"Written by\" \/>\n\t<meta name=\"twitter:data1\" content=\"Bruna Greco\" \/>\n\t<meta name=\"twitter:label2\" content=\"Est. reading time\" \/>\n\t<meta name=\"twitter:data2\" content=\"2 minutos\" \/>\n<script type=\"application\/ld+json\" class=\"yoast-schema-graph\">{\"@context\":\"https:\/\/schema.org\",\"@graph\":[{\"@type\":\"WebPage\",\"@id\":\"https:\/\/www.manaus.am.gov.br\/semcom\/apoio-prefeitura-tenis-amazonense-qualifying-w15\/\",\"url\":\"https:\/\/www.manaus.am.gov.br\/semcom\/apoio-prefeitura-tenis-amazonense-qualifying-w15\/\",\"name\":\"Com apoio da prefeitura, tenista Beatriz Nahmias representa Manaus no \u2018qualifying do W15\u2019 em Lima no Peru\",\"isPartOf\":{\"@id\":\"https:\/\/www.manaus.am.gov.br\/semcom\/#website\"},\"primaryImageOfPage\":{\"@id\":\"https:\/\/www.manaus.am.gov.br\/semcom\/apoio-prefeitura-tenis-amazonense-qualifying-w15\/#primaryimage\"},\"image\":{\"@id\":\"https:\/\/www.manaus.am.gov.br\/semcom\/apoio-prefeitura-tenis-amazonense-qualifying-w15\/#primaryimage\"},\"thumbnailUrl\":\"https:\/\/www.manaus.am.gov.br\/semcom\/wp-content\/uploads\/sites\/5\/2025\/12\/Beatriz-Nahmias.jpeg\",\"datePublished\":\"2025-12-02T00:30:14+00:00\",\"dateModified\":\"2025-12-02T00:33:20+00:00\",\"author\":{\"@id\":\"https:\/\/www.manaus.am.gov.br\/semcom\/#\/schema\/person\/05d223aea2bf115f9883a6ff3683d81b\"},\"description\":\"Com apoio da prefeitura, tenista Beatriz Nahmias representa Manaus no \u2018qualifying do W15\u2019 em Lima, no Peru.\",\"inLanguage\":\"pt-BR\",\"potentialAction\":[{\"@type\":\"ReadAction\",\"target\":[\"https:\/\/www.manaus.am.gov.br\/semcom\/apoio-prefeitura-tenis-amazonense-qualifying-w15\/\"]}]},{\"@type\":\"ImageObject\",\"inLanguage\":\"pt-BR\",\"@id\":\"https:\/\/www.manaus.am.gov.br\/semcom\/apoio-prefeitura-tenis-amazonense-qualifying-w15\/#primaryimage\",\"url\":\"https:\/\/www.manaus.am.gov.br\/semcom\/wp-content\/uploads\/sites\/5\/2025\/12\/Beatriz-Nahmias.jpeg\",\"contentUrl\":\"https:\/\/www.manaus.am.gov.br\/semcom\/wp-content\/uploads\/sites\/5\/2025\/12\/Beatriz-Nahmias.jpeg\",\"width\":1066,\"height\":1600,\"caption\":\"#paratodosverem - Tenista amazonense Beatriz Nahmias\"},{\"@type\":\"WebSite\",\"@id\":\"https:\/\/www.manaus.am.gov.br\/semcom\/#website\",\"url\":\"https:\/\/www.manaus.am.gov.br\/semcom\/\",\"name\":\"SEMCOM\",\"description\":\"Secretaria Municipal de Comunica\u00e7\u00e3o\",\"potentialAction\":[{\"@type\":\"SearchAction\",\"target\":{\"@type\":\"EntryPoint\",\"urlTemplate\":\"https:\/\/www.manaus.am.gov.br\/semcom\/?s={search_term_string}\"},\"query-input\":\"required name=search_term_string\"}],\"inLanguage\":\"pt-BR\"},{\"@type\":\"Person\",\"@id\":\"https:\/\/www.manaus.am.gov.br\/semcom\/#\/schema\/person\/05d223aea2bf115f9883a6ff3683d81b\",\"name\":\"Bruna Greco\",\"image\":{\"@type\":\"ImageObject\",\"inLanguage\":\"pt-BR\",\"@id\":\"https:\/\/www.manaus.am.gov.br\/semcom\/#\/schema\/person\/image\/\",\"url\":\"https:\/\/secure.gravatar.com\/avatar\/9c877d1a6adc2a055330e5c09a8653ce?s=96&d=mm&r=g\",\"contentUrl\":\"https:\/\/secure.gravatar.com\/avatar\/9c877d1a6adc2a055330e5c09a8653ce?s=96&d=mm&r=g\",\"caption\":\"Bruna Greco\"}}]}<\/script>\n<!-- \/ Yoast SEO plugin. -->","yoast_head_json":{"title":"Com apoio da prefeitura, tenista Beatriz Nahmias representa Manaus no \u2018qualifying do W15\u2019 em Lima no Peru","description":"Com apoio da prefeitura, tenista Beatriz Nahmias representa Manaus no \u2018qualifying do W15\u2019 em Lima, no Peru.","robots":{"index":"index","follow":"follow","max-snippet":"max-snippet:-1","max-image-preview":"max-image-preview:large","max-video-preview":"max-video-preview:-1"},"canonical":"https:\/\/www.manaus.am.gov.br\/semcom\/apoio-prefeitura-tenis-amazonense-qualifying-w15\/","og_locale":"pt_BR","og_type":"article","og_title":"Com apoio da prefeitura, tenista Beatriz Nahmias representa Manaus no \u2018qualifying do W15\u2019 em Lima no Peru","og_description":"Com apoio da prefeitura, tenista Beatriz Nahmias representa Manaus no \u2018qualifying do W15\u2019 em Lima, no Peru.","og_url":"https:\/\/www.manaus.am.gov.br\/semcom\/apoio-prefeitura-tenis-amazonense-qualifying-w15\/","og_site_name":"SEMCOM","article_published_time":"2025-12-02T00:30:14+00:00","article_modified_time":"2025-12-02T00:33:20+00:00","og_image":[{"width":1066,"height":1600,"url":"https:\/\/www.manaus.am.gov.br\/semcom\/wp-content\/uploads\/sites\/5\/2025\/12\/Beatriz-Nahmias.jpeg","type":"image\/jpeg"}],"author":"Bruna Greco","twitter_card":"summary_large_image","twitter_misc":{"Written by":"Bruna Greco","Est. reading time":"2 minutos"},"schema":{"@context":"https:\/\/schema.org","@graph":[{"@type":"WebPage","@id":"https:\/\/www.manaus.am.gov.br\/semcom\/apoio-prefeitura-tenis-amazonense-qualifying-w15\/","url":"https:\/\/www.manaus.am.gov.br\/semcom\/apoio-prefeitura-tenis-amazonense-qualifying-w15\/","name":"Com apoio da prefeitura, tenista Beatriz Nahmias representa Manaus no \u2018qualifying do W15\u2019 em Lima no Peru","isPartOf":{"@id":"https:\/\/www.manaus.am.gov.br\/semcom\/#website"},"primaryImageOfPage":{"@id":"https:\/\/www.manaus.am.gov.br\/semcom\/apoio-prefeitura-tenis-amazonense-qualifying-w15\/#primaryimage"},"image":{"@id":"https:\/\/www.manaus.am.gov.br\/semcom\/apoio-prefeitura-tenis-amazonense-qualifying-w15\/#primaryimage"},"thumbnailUrl":"https:\/\/www.manaus.am.gov.br\/semcom\/wp-content\/uploads\/sites\/5\/2025\/12\/Beatriz-Nahmias.jpeg","datePublished":"2025-12-02T00:30:14+00:00","dateModified":"2025-12-02T00:33:20+00:00","author":{"@id":"https:\/\/www.manaus.am.gov.br\/semcom\/#\/schema\/person\/05d223aea2bf115f9883a6ff3683d81b"},"description":"Com apoio da prefeitura, tenista Beatriz Nahmias representa Manaus no \u2018qualifying do W15\u2019 em Lima, no Peru.","inLanguage":"pt-BR","potentialAction":[{"@type":"ReadAction","target":["https:\/\/www.manaus.am.gov.br\/semcom\/apoio-prefeitura-tenis-amazonense-qualifying-w15\/"]}]},{"@type":"ImageObject","inLanguage":"pt-BR","@id":"https:\/\/www.manaus.am.gov.br\/semcom\/apoio-prefeitura-tenis-amazonense-qualifying-w15\/#primaryimage","url":"https:\/\/www.manaus.am.gov.br\/semcom\/wp-content\/uploads\/sites\/5\/2025\/12\/Beatriz-Nahmias.jpeg","contentUrl":"https:\/\/www.manaus.am.gov.br\/semcom\/wp-content\/uploads\/sites\/5\/2025\/12\/Beatriz-Nahmias.jpeg","width":1066,"height":1600,"caption":"#paratodosverem - Tenista amazonense Beatriz Nahmias"},{"@type":"WebSite","@id":"https:\/\/www.manaus.am.gov.br\/semcom\/#website","url":"https:\/\/www.manaus.am.gov.br\/semcom\/","name":"SEMCOM","description":"Secretaria Municipal de Comunica\u00e7\u00e3o","potentialAction":[{"@type":"SearchAction","target":{"@type":"EntryPoint","urlTemplate":"https:\/\/www.manaus.am.gov.br\/semcom\/?s={search_term_string}"},"query-input":"required name=search_term_string"}],"inLanguage":"pt-BR"},{"@type":"Person","@id":"https:\/\/www.manaus.am.gov.br\/semcom\/#\/schema\/person\/05d223aea2bf115f9883a6ff3683d81b","name":"Bruna Greco","image":{"@type":"ImageObject","inLanguage":"pt-BR","@id":"https:\/\/www.manaus.am.gov.br\/semcom\/#\/schema\/person\/image\/","url":"https:\/\/secure.gravatar.com\/avatar\/9c877d1a6adc2a055330e5c09a8653ce?s=96&d=mm&r=g","contentUrl":"https:\/\/secure.gravatar.com\/avatar\/9c877d1a6adc2a055330e5c09a8653ce?s=96&d=mm&r=g","caption":"Bruna Greco"}}]}},"_links":{"self":[{"href":"https:\/\/www.manaus.am.gov.br\/semcom\/wp-json\/wp\/v2\/posts\/249151"}],"collection":[{"href":"https:\/\/www.manaus.am.gov.br\/semcom\/wp-json\/wp\/v2\/posts"}],"about":[{"href":"https:\/\/www.manaus.am.gov.br\/semcom\/wp-json\/wp\/v2\/types\/post"}],"author":[{"embeddable":true,"href":"https:\/\/www.manaus.am.gov.br\/semcom\/wp-json\/wp\/v2\/users\/39"}],"replies":[{"embeddable":true,"href":"https:\/\/www.manaus.am.gov.br\/semcom\/wp-json\/wp\/v2\/comments?post=249151"}],"version-history":[{"count":1,"href":"https:\/\/www.manaus.am.gov.br\/semcom\/wp-json\/wp\/v2\/posts\/249151\/revisions"}],"predecessor-version":[{"id":249153,"href":"https:\/\/www.manaus.am.gov.br\/semcom\/wp-json\/wp\/v2\/posts\/249151\/revisions\/249153"}],"wp:featuredmedia":[{"embeddable":true,"href":"https:\/\/www.manaus.am.gov.br\/semcom\/wp-json\/wp\/v2\/media\/249152"}],"wp:attachment":[{"href":"https:\/\/www.manaus.am.gov.br\/semcom\/wp-json\/wp\/v2\/media?parent=249151"}],"wp:term":[{"taxonomy":"category","embeddable":true,"href":"https:\/\/www.manaus.am.gov.br\/semcom\/wp-json\/wp\/v2\/categories?post=249151"},{"taxonomy":"post_tag","embeddable":true,"href":"https:\/\/www.manaus.am.gov.br\/semcom\/wp-json\/wp\/v2\/tags?post=249151"}],"curies":[{"name":"wp","href":"https:\/\/api.w.org\/{rel}","templated":true}]}}