{"id":249122,"date":"2025-12-01T17:26:41","date_gmt":"2025-12-01T21:26:41","guid":{"rendered":"https:\/\/www.manaus.am.gov.br\/semcom\/posse-novo-corpo-diretivo-tce-am\/"},"modified":"2025-12-01T17:26:41","modified_gmt":"2025-12-01T21:26:41","slug":"posse-novo-corpo-diretivo-tce-am","status":"publish","type":"post","link":"https:\/\/www.manaus.am.gov.br\/semcom\/posse-novo-corpo-diretivo-tce-am\/","title":{"rendered":"Prefeito David Almeida prestigia posse do novo Corpo Diretivo do TCE-AM e parabeniza conselheira Yara Amaz\u00f4nia Lins por recondu\u00e7\u00e3o hist\u00f3rica"},"content":{"rendered":"\n<p>O prefeito de Manaus, David Almeida, participou, na manh\u00e3 desta segunda-feira, 1\u00ba\/12, da Sess\u00e3o Solene de Posse do novo Corpo Diretivo do Tribunal de Contas do Estado do Amazonas (TCE-AM) para o bi\u00eanio 2026\/2027. A cerim\u00f4nia, realizada no audit\u00f3rio da Corte, reuniu autoridades dos tr\u00eas poderes, servidores, familiares e convidados.<\/p>\n\n\n\n<p>Durante a solenidade, o prefeito destacou a import\u00e2ncia institucional do Tribunal e a trajet\u00f3ria da presidente reconduzida.<\/p>\n\n\n\n<p>\u201cA conselheira Yara Amaz\u00f4nia Lins escreve um cap\u00edtulo hist\u00f3rico no TCE-AM. Sua recondu\u00e7\u00e3o reafirma seu compromisso com a transpar\u00eancia, a moderniza\u00e7\u00e3o e a boa gest\u00e3o, coroando 50 anos dedicados ao servi\u00e7o p\u00fablico. Parabenizo tamb\u00e9m os novos membros do Corpo Diretivo, que seguir\u00e3o fortalecendo as institui\u00e7\u00f5es e contribuindo para o desenvolvimento do nosso Amazonas\u201d, afirmou David Almeida.<\/p>\n\n\n\n<p>Acompanhado pelo vice-prefeito e titular da Secretaria Municipal de Infraestrutura (Seminf), Renato Junior, e pelos secret\u00e1rios municipais&nbsp;de Finan\u00e7as, Planejamento e Tecnologia da Informa\u00e7\u00e3o&nbsp;(Semef),&nbsp;Cl\u00e9cio Freire; de&nbsp;Administra\u00e7\u00e3o, Planejamento e Gest\u00e3o&nbsp;(Semad), C\u00e9lio Guedes; de Comunica\u00e7\u00e3o (Semcom), Camila Silva; de Educa\u00e7\u00e3o (Semed), Junior Mar; e de Sa\u00fade (Semsa), Sh\u00e1dia Fraxe; e da&nbsp;Controladoria-Geral do Munic\u00edpio&nbsp;(GM), Alessandro Moreira, o prefeito refor\u00e7ou a parceria institucional entre os poderes e o compromisso com o bom uso dos recursos p\u00fablicos.<\/p>\n\n\n\n<p>A cerim\u00f4nia marcou a recondu\u00e7\u00e3o in\u00e9dita da conselheira-presidente Yara Amaz\u00f4nia Lins, que assume seu terceiro mandato \u00e0 frente do Tribunal, a primeira pessoa na hist\u00f3ria da Corte a ocupar o cargo por tr\u00eas vezes. Primeira mulher a presidir o TCE-AM e a ser reeleita, Yara consolida um caminho de representatividade feminina em posi\u00e7\u00f5es de comando e de fortalecimento das institui\u00e7\u00f5es de controle.<\/p>\n\n\n\n<p>O momento tamb\u00e9m celebrou seus 50 anos de servi\u00e7o p\u00fablico, iniciados em 1975 como taqu\u00edgrafa no pr\u00f3prio Tribunal, trajet\u00f3ria marcada pela ascens\u00e3o t\u00e9cnica, moderniza\u00e7\u00e3o administrativa e dedica\u00e7\u00e3o ao Amazonas.<\/p>\n\n\n\n<p>Al\u00e9m da presid\u00eancia, tomaram posse o vice-presidente Josu\u00e9 Cl\u00e1udio de Souza Neto, o corregedor-geral Luis Fabian Pereira Barbosa, o ouvidor Mario Manoel Coelho de Mello e o coordenador-geral da Escola de Contas P\u00fablicas, J\u00falio Assis Corr\u00eaa Pinheiro.<\/p>\n\n\n\n<p>Em seu discurso, Yara Lins destacou o sentido de miss\u00e3o que orienta sua carreira. \u201cA lideran\u00e7a e o trabalho s\u00f3 t\u00eam sentido quando nascem do servi\u00e7o e se realizam no bem comum. Que essa verdade b\u00edblica continue sendo o farol que ilumina o caminho desta Corte\u201d, enfatizou em um trecho emblem\u00e1tico.<\/p>\n\n\n\n<p>Entre as diretrizes da gest\u00e3o para o bi\u00eanio 2026\/2027, a presidente citou a amplia\u00e7\u00e3o das a\u00e7\u00f5es pedag\u00f3gicas junto aos gestores p\u00fablicos, o avan\u00e7o na transforma\u00e7\u00e3o tecnol\u00f3gica da Corte, o fortalecimento das auditorias e a moderniza\u00e7\u00e3o institucional como pilares essenciais de um Tribunal cada vez mais eficiente, inteligente e pr\u00f3ximo da sociedade.<\/p>\n\n\n\n<figure class=\"wp-block-image size-large\"><img loading=\"lazy\" decoding=\"async\" width=\"1024\" height=\"683\" src=\"https:\/\/www.manaus.am.gov.br\/semcom\/wp-content\/uploads\/sites\/5\/2025\/12\/WhatsApp-Image-2025-12-01-at-16.38.09-1024x683.jpeg\" alt=\"\" class=\"wp-image-249124\" srcset=\"https:\/\/www.manaus.am.gov.br\/semcom\/wp-content\/uploads\/sites\/5\/2025\/12\/WhatsApp-Image-2025-12-01-at-16.38.09-1024x683.jpeg 1024w, https:\/\/www.manaus.am.gov.br\/semcom\/wp-content\/uploads\/sites\/5\/2025\/12\/WhatsApp-Image-2025-12-01-at-16.38.09-300x200.jpeg 300w, https:\/\/www.manaus.am.gov.br\/semcom\/wp-content\/uploads\/sites\/5\/2025\/12\/WhatsApp-Image-2025-12-01-at-16.38.09-768x512.jpeg 768w, https:\/\/www.manaus.am.gov.br\/semcom\/wp-content\/uploads\/sites\/5\/2025\/12\/WhatsApp-Image-2025-12-01-at-16.38.09.jpeg 1280w\" sizes=\"(max-width: 1024px) 100vw, 1024px\" \/><\/figure>\n\n\n\n<p>&#8212; &#8212; &#8212;<\/p>\n\n\n\n<p><strong>Texto &#8211;<\/strong>&nbsp;Emanuelle Baires\/Semcom-Prefeito<\/p>\n\n\n\n<p><strong>Fotos <\/strong>&#8211; Dhyeizo Lemos\/Semcom-Prefeito<\/p>\n","protected":false},"excerpt":{"rendered":"","protected":false},"author":39,"featured_media":249123,"comment_status":"closed","ping_status":"closed","sticky":false,"template":"","format":"standard","meta":{"footnotes":""},"categories":[15],"tags":[18224,35,18225,77,18226,4627],"acf":[],"yoast_head":"<!-- This site is optimized with the Yoast SEO plugin v23.0 - https:\/\/yoast.com\/wordpress\/plugins\/seo\/ -->\n<title>Prefeito prestigia posse do novo Corpo Diretivo do TCE-AM<\/title>\n<meta name=\"description\" content=\"Prefeito David Almeida prestigia posse do novo Corpo Diretivo do TCE-AM e parabeniza conselheira Yara Amaz\u00f4nia Lins por recondu\u00e7\u00e3o hist\u00f3rica.\" \/>\n<meta name=\"robots\" content=\"index, follow, max-snippet:-1, max-image-preview:large, max-video-preview:-1\" \/>\n<link rel=\"canonical\" href=\"https:\/\/www.manaus.am.gov.br\/semcom\/posse-novo-corpo-diretivo-tce-am\/\" \/>\n<meta property=\"og:locale\" content=\"pt_BR\" \/>\n<meta property=\"og:type\" content=\"article\" \/>\n<meta property=\"og:title\" content=\"Prefeito prestigia posse do novo Corpo Diretivo do TCE-AM\" \/>\n<meta property=\"og:description\" content=\"Prefeito David Almeida prestigia posse do novo Corpo Diretivo do TCE-AM e parabeniza conselheira Yara Amaz\u00f4nia Lins por recondu\u00e7\u00e3o hist\u00f3rica.\" \/>\n<meta property=\"og:url\" content=\"https:\/\/www.manaus.am.gov.br\/semcom\/posse-novo-corpo-diretivo-tce-am\/\" \/>\n<meta property=\"og:site_name\" content=\"SEMCOM\" \/>\n<meta property=\"article:published_time\" content=\"2025-12-01T21:26:41+00:00\" \/>\n<meta property=\"og:image\" content=\"https:\/\/www.manaus.am.gov.br\/semcom\/wp-content\/uploads\/sites\/5\/2025\/12\/WhatsApp-Image-2025-12-01-at-16.37.32.jpeg\" \/>\n\t<meta property=\"og:image:width\" content=\"1215\" \/>\n\t<meta property=\"og:image:height\" content=\"957\" \/>\n\t<meta property=\"og:image:type\" content=\"image\/jpeg\" \/>\n<meta name=\"author\" content=\"Bruna Greco\" \/>\n<meta name=\"twitter:card\" content=\"summary_large_image\" \/>\n<meta name=\"twitter:label1\" content=\"Written by\" \/>\n\t<meta name=\"twitter:data1\" content=\"Bruna Greco\" \/>\n\t<meta name=\"twitter:label2\" content=\"Est. reading time\" \/>\n\t<meta name=\"twitter:data2\" content=\"3 minutos\" \/>\n<script type=\"application\/ld+json\" class=\"yoast-schema-graph\">{\"@context\":\"https:\/\/schema.org\",\"@graph\":[{\"@type\":\"WebPage\",\"@id\":\"https:\/\/www.manaus.am.gov.br\/semcom\/posse-novo-corpo-diretivo-tce-am\/\",\"url\":\"https:\/\/www.manaus.am.gov.br\/semcom\/posse-novo-corpo-diretivo-tce-am\/\",\"name\":\"Prefeito prestigia posse do novo Corpo Diretivo do TCE-AM\",\"isPartOf\":{\"@id\":\"https:\/\/www.manaus.am.gov.br\/semcom\/#website\"},\"primaryImageOfPage\":{\"@id\":\"https:\/\/www.manaus.am.gov.br\/semcom\/posse-novo-corpo-diretivo-tce-am\/#primaryimage\"},\"image\":{\"@id\":\"https:\/\/www.manaus.am.gov.br\/semcom\/posse-novo-corpo-diretivo-tce-am\/#primaryimage\"},\"thumbnailUrl\":\"https:\/\/www.manaus.am.gov.br\/semcom\/wp-content\/uploads\/sites\/5\/2025\/12\/WhatsApp-Image-2025-12-01-at-16.37.32.jpeg\",\"datePublished\":\"2025-12-01T21:26:41+00:00\",\"dateModified\":\"2025-12-01T21:26:41+00:00\",\"author\":{\"@id\":\"https:\/\/www.manaus.am.gov.br\/semcom\/#\/schema\/person\/05d223aea2bf115f9883a6ff3683d81b\"},\"description\":\"Prefeito David Almeida prestigia posse do novo Corpo Diretivo do TCE-AM e parabeniza conselheira Yara Amaz\u00f4nia Lins por recondu\u00e7\u00e3o hist\u00f3rica.\",\"inLanguage\":\"pt-BR\",\"potentialAction\":[{\"@type\":\"ReadAction\",\"target\":[\"https:\/\/www.manaus.am.gov.br\/semcom\/posse-novo-corpo-diretivo-tce-am\/\"]}]},{\"@type\":\"ImageObject\",\"inLanguage\":\"pt-BR\",\"@id\":\"https:\/\/www.manaus.am.gov.br\/semcom\/posse-novo-corpo-diretivo-tce-am\/#primaryimage\",\"url\":\"https:\/\/www.manaus.am.gov.br\/semcom\/wp-content\/uploads\/sites\/5\/2025\/12\/WhatsApp-Image-2025-12-01-at-16.37.32.jpeg\",\"contentUrl\":\"https:\/\/www.manaus.am.gov.br\/semcom\/wp-content\/uploads\/sites\/5\/2025\/12\/WhatsApp-Image-2025-12-01-at-16.37.32.jpeg\",\"width\":1215,\"height\":957,\"caption\":\"#paratodosverem - Prefeito de Manaus, David Almeida, acompanhado do vice-prefeito e titular da Seminf, Renato Junior, e da conselheira-presidente do TCE-AM, Yara Amaz\u00f4nia Lins, durante posse do novo Corpo Diretivo do TCE-AM\"},{\"@type\":\"WebSite\",\"@id\":\"https:\/\/www.manaus.am.gov.br\/semcom\/#website\",\"url\":\"https:\/\/www.manaus.am.gov.br\/semcom\/\",\"name\":\"SEMCOM\",\"description\":\"Secretaria Municipal de Comunica\u00e7\u00e3o\",\"potentialAction\":[{\"@type\":\"SearchAction\",\"target\":{\"@type\":\"EntryPoint\",\"urlTemplate\":\"https:\/\/www.manaus.am.gov.br\/semcom\/?s={search_term_string}\"},\"query-input\":\"required name=search_term_string\"}],\"inLanguage\":\"pt-BR\"},{\"@type\":\"Person\",\"@id\":\"https:\/\/www.manaus.am.gov.br\/semcom\/#\/schema\/person\/05d223aea2bf115f9883a6ff3683d81b\",\"name\":\"Bruna Greco\",\"image\":{\"@type\":\"ImageObject\",\"inLanguage\":\"pt-BR\",\"@id\":\"https:\/\/www.manaus.am.gov.br\/semcom\/#\/schema\/person\/image\/\",\"url\":\"https:\/\/secure.gravatar.com\/avatar\/9c877d1a6adc2a055330e5c09a8653ce?s=96&d=mm&r=g\",\"contentUrl\":\"https:\/\/secure.gravatar.com\/avatar\/9c877d1a6adc2a055330e5c09a8653ce?s=96&d=mm&r=g\",\"caption\":\"Bruna Greco\"}}]}<\/script>\n<!-- \/ Yoast SEO plugin. -->","yoast_head_json":{"title":"Prefeito prestigia posse do novo Corpo Diretivo do TCE-AM","description":"Prefeito David Almeida prestigia posse do novo Corpo Diretivo do TCE-AM e parabeniza conselheira Yara Amaz\u00f4nia Lins por recondu\u00e7\u00e3o hist\u00f3rica.","robots":{"index":"index","follow":"follow","max-snippet":"max-snippet:-1","max-image-preview":"max-image-preview:large","max-video-preview":"max-video-preview:-1"},"canonical":"https:\/\/www.manaus.am.gov.br\/semcom\/posse-novo-corpo-diretivo-tce-am\/","og_locale":"pt_BR","og_type":"article","og_title":"Prefeito prestigia posse do novo Corpo Diretivo do TCE-AM","og_description":"Prefeito David Almeida prestigia posse do novo Corpo Diretivo do TCE-AM e parabeniza conselheira Yara Amaz\u00f4nia Lins por recondu\u00e7\u00e3o hist\u00f3rica.","og_url":"https:\/\/www.manaus.am.gov.br\/semcom\/posse-novo-corpo-diretivo-tce-am\/","og_site_name":"SEMCOM","article_published_time":"2025-12-01T21:26:41+00:00","og_image":[{"width":1215,"height":957,"url":"https:\/\/www.manaus.am.gov.br\/semcom\/wp-content\/uploads\/sites\/5\/2025\/12\/WhatsApp-Image-2025-12-01-at-16.37.32.jpeg","type":"image\/jpeg"}],"author":"Bruna Greco","twitter_card":"summary_large_image","twitter_misc":{"Written by":"Bruna Greco","Est. reading time":"3 minutos"},"schema":{"@context":"https:\/\/schema.org","@graph":[{"@type":"WebPage","@id":"https:\/\/www.manaus.am.gov.br\/semcom\/posse-novo-corpo-diretivo-tce-am\/","url":"https:\/\/www.manaus.am.gov.br\/semcom\/posse-novo-corpo-diretivo-tce-am\/","name":"Prefeito prestigia posse do novo Corpo Diretivo do TCE-AM","isPartOf":{"@id":"https:\/\/www.manaus.am.gov.br\/semcom\/#website"},"primaryImageOfPage":{"@id":"https:\/\/www.manaus.am.gov.br\/semcom\/posse-novo-corpo-diretivo-tce-am\/#primaryimage"},"image":{"@id":"https:\/\/www.manaus.am.gov.br\/semcom\/posse-novo-corpo-diretivo-tce-am\/#primaryimage"},"thumbnailUrl":"https:\/\/www.manaus.am.gov.br\/semcom\/wp-content\/uploads\/sites\/5\/2025\/12\/WhatsApp-Image-2025-12-01-at-16.37.32.jpeg","datePublished":"2025-12-01T21:26:41+00:00","dateModified":"2025-12-01T21:26:41+00:00","author":{"@id":"https:\/\/www.manaus.am.gov.br\/semcom\/#\/schema\/person\/05d223aea2bf115f9883a6ff3683d81b"},"description":"Prefeito David Almeida prestigia posse do novo Corpo Diretivo do TCE-AM e parabeniza conselheira Yara Amaz\u00f4nia Lins por recondu\u00e7\u00e3o hist\u00f3rica.","inLanguage":"pt-BR","potentialAction":[{"@type":"ReadAction","target":["https:\/\/www.manaus.am.gov.br\/semcom\/posse-novo-corpo-diretivo-tce-am\/"]}]},{"@type":"ImageObject","inLanguage":"pt-BR","@id":"https:\/\/www.manaus.am.gov.br\/semcom\/posse-novo-corpo-diretivo-tce-am\/#primaryimage","url":"https:\/\/www.manaus.am.gov.br\/semcom\/wp-content\/uploads\/sites\/5\/2025\/12\/WhatsApp-Image-2025-12-01-at-16.37.32.jpeg","contentUrl":"https:\/\/www.manaus.am.gov.br\/semcom\/wp-content\/uploads\/sites\/5\/2025\/12\/WhatsApp-Image-2025-12-01-at-16.37.32.jpeg","width":1215,"height":957,"caption":"#paratodosverem - Prefeito de Manaus, David Almeida, acompanhado do vice-prefeito e titular da Seminf, Renato Junior, e da conselheira-presidente do TCE-AM, Yara Amaz\u00f4nia Lins, durante posse do novo Corpo Diretivo do TCE-AM"},{"@type":"WebSite","@id":"https:\/\/www.manaus.am.gov.br\/semcom\/#website","url":"https:\/\/www.manaus.am.gov.br\/semcom\/","name":"SEMCOM","description":"Secretaria Municipal de Comunica\u00e7\u00e3o","potentialAction":[{"@type":"SearchAction","target":{"@type":"EntryPoint","urlTemplate":"https:\/\/www.manaus.am.gov.br\/semcom\/?s={search_term_string}"},"query-input":"required name=search_term_string"}],"inLanguage":"pt-BR"},{"@type":"Person","@id":"https:\/\/www.manaus.am.gov.br\/semcom\/#\/schema\/person\/05d223aea2bf115f9883a6ff3683d81b","name":"Bruna Greco","image":{"@type":"ImageObject","inLanguage":"pt-BR","@id":"https:\/\/www.manaus.am.gov.br\/semcom\/#\/schema\/person\/image\/","url":"https:\/\/secure.gravatar.com\/avatar\/9c877d1a6adc2a055330e5c09a8653ce?s=96&d=mm&r=g","contentUrl":"https:\/\/secure.gravatar.com\/avatar\/9c877d1a6adc2a055330e5c09a8653ce?s=96&d=mm&r=g","caption":"Bruna Greco"}}]}},"_links":{"self":[{"href":"https:\/\/www.manaus.am.gov.br\/semcom\/wp-json\/wp\/v2\/posts\/249122"}],"collection":[{"href":"https:\/\/www.manaus.am.gov.br\/semcom\/wp-json\/wp\/v2\/posts"}],"about":[{"href":"https:\/\/www.manaus.am.gov.br\/semcom\/wp-json\/wp\/v2\/types\/post"}],"author":[{"embeddable":true,"href":"https:\/\/www.manaus.am.gov.br\/semcom\/wp-json\/wp\/v2\/users\/39"}],"replies":[{"embeddable":true,"href":"https:\/\/www.manaus.am.gov.br\/semcom\/wp-json\/wp\/v2\/comments?post=249122"}],"version-history":[{"count":1,"href":"https:\/\/www.manaus.am.gov.br\/semcom\/wp-json\/wp\/v2\/posts\/249122\/revisions"}],"predecessor-version":[{"id":249125,"href":"https:\/\/www.manaus.am.gov.br\/semcom\/wp-json\/wp\/v2\/posts\/249122\/revisions\/249125"}],"wp:featuredmedia":[{"embeddable":true,"href":"https:\/\/www.manaus.am.gov.br\/semcom\/wp-json\/wp\/v2\/media\/249123"}],"wp:attachment":[{"href":"https:\/\/www.manaus.am.gov.br\/semcom\/wp-json\/wp\/v2\/media?parent=249122"}],"wp:term":[{"taxonomy":"category","embeddable":true,"href":"https:\/\/www.manaus.am.gov.br\/semcom\/wp-json\/wp\/v2\/categories?post=249122"},{"taxonomy":"post_tag","embeddable":true,"href":"https:\/\/www.manaus.am.gov.br\/semcom\/wp-json\/wp\/v2\/tags?post=249122"}],"curies":[{"name":"wp","href":"https:\/\/api.w.org\/{rel}","templated":true}]}}