{"id":249113,"date":"2025-12-01T17:28:59","date_gmt":"2025-12-01T20:28:59","guid":{"rendered":"https:\/\/www.manaus.am.gov.br\/semcom\/prefeitura-manauscult-visita-rainhadiambi\/"},"modified":"2025-12-01T17:29:00","modified_gmt":"2025-12-01T20:29:00","slug":"prefeitura-manauscult-visita-rainhadiambi","status":"publish","type":"post","link":"https:\/\/www.manaus.am.gov.br\/semcom\/prefeitura-manauscult-visita-rainhadiambi\/","title":{"rendered":"Prefeitura de Manaus recebe rainha Diambi em encontro que fortalece di\u00e1logo cultural, social e tur\u00edstico entre Brasil e \u00c1frica"},"content":{"rendered":"\n<p>A Prefeitura de Manaus, por meio da Funda\u00e7\u00e3o Municipal de Cultura, Turismo e Eventos (ManausCult), recebeu, na manh\u00e3 desta segunda-feira, 1\u00ba\/12, na sede da institui\u00e7\u00e3o, a visita oficial de da rainha Diambi Kabatusuila, l\u00edder do Reino de Luba Bakwa Luntu, na Rep\u00fablica Democr\u00e1tica do Congo. A presen\u00e7a da monarca integra sua agenda diplom\u00e1tica no Brasil em 2025, voltada \u00e0 promo\u00e7\u00e3o de coopera\u00e7\u00e3o internacional, sustentabilidade, empoderamento feminino e interc\u00e2mbio cultural entre continentes.<\/p>\n\n\n\n<p>Reconhecida mundialmente como uma das vozes mais influentes da realeza africana contempor\u00e2nea, rainha Diambi, conhecida tamb\u00e9m como \u201cA Mulher Rei\u201d, representa a tradi\u00e7\u00e3o ancestral do povo Bantu aliada a uma lideran\u00e7a progressista, engajada em causas sociais e humanit\u00e1rias. \u00c0 frente da Elikia Hope Foundation, a monarca conduz projetos de educa\u00e7\u00e3o, sa\u00fade, acesso \u00e0 \u00e1gua pot\u00e1vel e fortalecimento comunit\u00e1rio, ampliando seu impacto para al\u00e9m dos limites de seu reino.<\/p>\n\n\n\n<p>Em Manaus, a visita foi marcada por um di\u00e1logo sobre pol\u00edticas culturais, turismo e oportunidades de colabora\u00e7\u00e3o entre as iniciativas da rainha Diambi e os programas municipais. Participaram do encontro o diretor-presidente da ManausCult, Jender Lobato, a vice-presidente de Turismo da funda\u00e7\u00e3o, Oreni Braga, e o coordenador do Museu da Cidade de Manaus, Leonardo Novellino.<\/p>\n\n\n\n<p>Jender Lobato destacou a import\u00e2ncia do encontro como uma ponte entre heran\u00e7as culturais e projetos contempor\u00e2neos.<\/p>\n\n\n\n<p>\u201cReceber a rainha Diambi \u00e9 uma honra para Manaus. Sua trajet\u00f3ria inspira e refor\u00e7a a for\u00e7a das conex\u00f5es culturais entre Brasil e \u00c1frica. Conversamos sobre futuras parcerias, a\u00e7\u00f5es de valoriza\u00e7\u00e3o da ancestralidade e projetos que dialogam diretamente com o protagonismo dos povos tradicionais. A Prefeitura de Manaus segue aberta a iniciativas que ampliem o alcance da nossa cultura e fortale\u00e7am o turismo sustent\u00e1vel da cidade\u201d, disse.<\/p>\n\n\n\n<p>Durante a reuni\u00e3o, a ManausCult apresentou \u00e0 monarca o #SouManaus Passo a Pa\u00e7o, maior festival gratuito de artes integradas do Brasil, destacando o impacto sociocultural do evento, sua dimens\u00e3o internacional e o potencial de interc\u00e2mbio art\u00edstico com pa\u00edses africanos.<\/p>\n\n\n\n<p>A vice-presidente de Turismo, Oreni Braga, tratou sobre o papel da cidade na rota amaz\u00f4nica e sobre as oportunidades de coopera\u00e7\u00e3o para promover a diversidade e o turismo multicultural. J\u00e1 Leonardo Novellino apresentou as a\u00e7\u00f5es do Museu da Cidade de Manaus, enfatizando a import\u00e2ncia da preserva\u00e7\u00e3o da mem\u00f3ria, da identidade local e das conex\u00f5es com a di\u00e1spora africana.<\/p>\n\n\n\n<p>A rainha Diambi agradeceu a recep\u00e7\u00e3o e refor\u00e7ou a relev\u00e2ncia do di\u00e1logo estabelecido. \u201cFico profundamente honrada pela acolhida em Manaus. A Amaz\u00f4nia e o Congo compartilham hist\u00f3rias, desafios e riquezas que nos aproximam. Este encontro abre caminhos para novas trocas culturais, sociais e ambientais. Agrade\u00e7o a oportunidade de conversar sobre o Festival de Parintins, sobre o extraordin\u00e1rio \u2018#SouManaus\u2019 e sobre iniciativas que promovem unidade entre nossos povos\u201d, afirmou.<\/p>\n\n\n\n<p>A visita reafirma o compromisso da rainha Diambi em fortalecer os la\u00e7os hist\u00f3ricos entre \u00c1frica e Am\u00e9rica Latina e posiciona Manaus como um polo estrat\u00e9gico nas discuss\u00f5es sobre cultura, sustentabilidade e integra\u00e7\u00e3o entre na\u00e7\u00f5es.<\/p>\n\n\n\n<p>&#8212; &#8212; &#8212;<\/p>\n\n\n\n<p><strong>Texto e fotos<\/strong> &#8211;&nbsp; J\u00e9ssica Trajano\/ManausCult<\/p>\n","protected":false},"excerpt":{"rendered":"","protected":false},"author":23,"featured_media":249114,"comment_status":"closed","ping_status":"closed","sticky":false,"template":"","format":"standard","meta":{"footnotes":""},"categories":[5,338],"tags":[307,77,18222],"acf":[],"yoast_head":"<!-- This site is optimized with the Yoast SEO plugin v23.0 - https:\/\/yoast.com\/wordpress\/plugins\/seo\/ -->\n<title>Prefeitura de Manaus recebe rainha Diambi em encontro que fortalece di\u00e1logo cultural, social e tur\u00edstico entre Brasil e \u00c1frica<\/title>\n<meta name=\"description\" content=\"A Prefeitura de Manaus, por meio da Funda\u00e7\u00e3o Municipal de Cultura, Turismo e Eventos (ManausCult), recebeu, na manh\u00e3 desta segunda-feira, 1\u00ba\/12, na sede da institui\u00e7\u00e3o, a visita oficial de da rainha Diambi Kabatusuila, l\u00edder do Reino de Luba Bakwa Luntu, na Rep\u00fablica Democr\u00e1tica do Congo.\" \/>\n<meta name=\"robots\" content=\"index, follow, max-snippet:-1, max-image-preview:large, max-video-preview:-1\" \/>\n<link rel=\"canonical\" href=\"https:\/\/www.manaus.am.gov.br\/semcom\/prefeitura-manauscult-visita-rainhadiambi\/\" \/>\n<meta property=\"og:locale\" content=\"pt_BR\" \/>\n<meta property=\"og:type\" content=\"article\" \/>\n<meta property=\"og:title\" content=\"Prefeitura de Manaus recebe rainha Diambi em encontro que fortalece di\u00e1logo cultural, social e tur\u00edstico entre Brasil e \u00c1frica\" \/>\n<meta property=\"og:description\" content=\"A Prefeitura de Manaus, por meio da Funda\u00e7\u00e3o Municipal de Cultura, Turismo e Eventos (ManausCult), recebeu, na manh\u00e3 desta segunda-feira, 1\u00ba\/12, na sede da institui\u00e7\u00e3o, a visita oficial de da rainha Diambi Kabatusuila, l\u00edder do Reino de Luba Bakwa Luntu, na Rep\u00fablica Democr\u00e1tica do Congo.\" \/>\n<meta property=\"og:url\" content=\"https:\/\/www.manaus.am.gov.br\/semcom\/prefeitura-manauscult-visita-rainhadiambi\/\" \/>\n<meta property=\"og:site_name\" content=\"SEMCOM\" \/>\n<meta property=\"article:published_time\" content=\"2025-12-01T20:28:59+00:00\" \/>\n<meta property=\"article:modified_time\" content=\"2025-12-01T20:29:00+00:00\" \/>\n<meta property=\"og:image\" content=\"https:\/\/www.manaus.am.gov.br\/semcom\/wp-content\/uploads\/sites\/5\/2025\/12\/IMG_2214-1024x768.jpeg\" \/>\n\t<meta property=\"og:image:width\" content=\"1024\" \/>\n\t<meta property=\"og:image:height\" content=\"768\" \/>\n\t<meta property=\"og:image:type\" content=\"image\/jpeg\" \/>\n<meta name=\"author\" content=\"Adriana Costa\" \/>\n<meta name=\"twitter:card\" content=\"summary_large_image\" \/>\n<meta name=\"twitter:label1\" content=\"Written by\" \/>\n\t<meta name=\"twitter:data1\" content=\"Adriana Costa\" \/>\n\t<meta name=\"twitter:label2\" content=\"Est. reading time\" \/>\n\t<meta name=\"twitter:data2\" content=\"3 minutos\" \/>\n<script type=\"application\/ld+json\" class=\"yoast-schema-graph\">{\"@context\":\"https:\/\/schema.org\",\"@graph\":[{\"@type\":\"WebPage\",\"@id\":\"https:\/\/www.manaus.am.gov.br\/semcom\/prefeitura-manauscult-visita-rainhadiambi\/\",\"url\":\"https:\/\/www.manaus.am.gov.br\/semcom\/prefeitura-manauscult-visita-rainhadiambi\/\",\"name\":\"Prefeitura de Manaus recebe rainha Diambi em encontro que fortalece di\u00e1logo cultural, social e tur\u00edstico entre Brasil e \u00c1frica\",\"isPartOf\":{\"@id\":\"https:\/\/www.manaus.am.gov.br\/semcom\/#website\"},\"primaryImageOfPage\":{\"@id\":\"https:\/\/www.manaus.am.gov.br\/semcom\/prefeitura-manauscult-visita-rainhadiambi\/#primaryimage\"},\"image\":{\"@id\":\"https:\/\/www.manaus.am.gov.br\/semcom\/prefeitura-manauscult-visita-rainhadiambi\/#primaryimage\"},\"thumbnailUrl\":\"https:\/\/www.manaus.am.gov.br\/semcom\/wp-content\/uploads\/sites\/5\/2025\/12\/IMG_2214.jpeg\",\"datePublished\":\"2025-12-01T20:28:59+00:00\",\"dateModified\":\"2025-12-01T20:29:00+00:00\",\"author\":{\"@id\":\"https:\/\/www.manaus.am.gov.br\/semcom\/#\/schema\/person\/4e49f4e267757a06ca072ec61b2b9968\"},\"description\":\"A Prefeitura de Manaus, por meio da Funda\u00e7\u00e3o Municipal de Cultura, Turismo e Eventos (ManausCult), recebeu, na manh\u00e3 desta segunda-feira, 1\u00ba\/12, na sede da institui\u00e7\u00e3o, a visita oficial de da rainha Diambi Kabatusuila, l\u00edder do Reino de Luba Bakwa Luntu, na Rep\u00fablica Democr\u00e1tica do Congo.\",\"inLanguage\":\"pt-BR\",\"potentialAction\":[{\"@type\":\"ReadAction\",\"target\":[\"https:\/\/www.manaus.am.gov.br\/semcom\/prefeitura-manauscult-visita-rainhadiambi\/\"]}]},{\"@type\":\"ImageObject\",\"inLanguage\":\"pt-BR\",\"@id\":\"https:\/\/www.manaus.am.gov.br\/semcom\/prefeitura-manauscult-visita-rainhadiambi\/#primaryimage\",\"url\":\"https:\/\/www.manaus.am.gov.br\/semcom\/wp-content\/uploads\/sites\/5\/2025\/12\/IMG_2214.jpeg\",\"contentUrl\":\"https:\/\/www.manaus.am.gov.br\/semcom\/wp-content\/uploads\/sites\/5\/2025\/12\/IMG_2214.jpeg\",\"width\":4032,\"height\":3024,\"caption\":\"#paratodosverem - Imagem de encontro da diretoria da ManausCult com a rainha Diambi\"},{\"@type\":\"WebSite\",\"@id\":\"https:\/\/www.manaus.am.gov.br\/semcom\/#website\",\"url\":\"https:\/\/www.manaus.am.gov.br\/semcom\/\",\"name\":\"SEMCOM\",\"description\":\"Secretaria Municipal de Comunica\u00e7\u00e3o\",\"potentialAction\":[{\"@type\":\"SearchAction\",\"target\":{\"@type\":\"EntryPoint\",\"urlTemplate\":\"https:\/\/www.manaus.am.gov.br\/semcom\/?s={search_term_string}\"},\"query-input\":\"required name=search_term_string\"}],\"inLanguage\":\"pt-BR\"},{\"@type\":\"Person\",\"@id\":\"https:\/\/www.manaus.am.gov.br\/semcom\/#\/schema\/person\/4e49f4e267757a06ca072ec61b2b9968\",\"name\":\"Adriana Costa\",\"image\":{\"@type\":\"ImageObject\",\"inLanguage\":\"pt-BR\",\"@id\":\"https:\/\/www.manaus.am.gov.br\/semcom\/#\/schema\/person\/image\/\",\"url\":\"https:\/\/secure.gravatar.com\/avatar\/576258617ef7194f718179e766d57bd4?s=96&d=mm&r=g\",\"contentUrl\":\"https:\/\/secure.gravatar.com\/avatar\/576258617ef7194f718179e766d57bd4?s=96&d=mm&r=g\",\"caption\":\"Adriana Costa\"}}]}<\/script>\n<!-- \/ Yoast SEO plugin. -->","yoast_head_json":{"title":"Prefeitura de Manaus recebe rainha Diambi em encontro que fortalece di\u00e1logo cultural, social e tur\u00edstico entre Brasil e \u00c1frica","description":"A Prefeitura de Manaus, por meio da Funda\u00e7\u00e3o Municipal de Cultura, Turismo e Eventos (ManausCult), recebeu, na manh\u00e3 desta segunda-feira, 1\u00ba\/12, na sede da institui\u00e7\u00e3o, a visita oficial de da rainha Diambi Kabatusuila, l\u00edder do Reino de Luba Bakwa Luntu, na Rep\u00fablica Democr\u00e1tica do Congo.","robots":{"index":"index","follow":"follow","max-snippet":"max-snippet:-1","max-image-preview":"max-image-preview:large","max-video-preview":"max-video-preview:-1"},"canonical":"https:\/\/www.manaus.am.gov.br\/semcom\/prefeitura-manauscult-visita-rainhadiambi\/","og_locale":"pt_BR","og_type":"article","og_title":"Prefeitura de Manaus recebe rainha Diambi em encontro que fortalece di\u00e1logo cultural, social e tur\u00edstico entre Brasil e \u00c1frica","og_description":"A Prefeitura de Manaus, por meio da Funda\u00e7\u00e3o Municipal de Cultura, Turismo e Eventos (ManausCult), recebeu, na manh\u00e3 desta segunda-feira, 1\u00ba\/12, na sede da institui\u00e7\u00e3o, a visita oficial de da rainha Diambi Kabatusuila, l\u00edder do Reino de Luba Bakwa Luntu, na Rep\u00fablica Democr\u00e1tica do Congo.","og_url":"https:\/\/www.manaus.am.gov.br\/semcom\/prefeitura-manauscult-visita-rainhadiambi\/","og_site_name":"SEMCOM","article_published_time":"2025-12-01T20:28:59+00:00","article_modified_time":"2025-12-01T20:29:00+00:00","og_image":[{"width":1024,"height":768,"url":"https:\/\/www.manaus.am.gov.br\/semcom\/wp-content\/uploads\/sites\/5\/2025\/12\/IMG_2214-1024x768.jpeg","type":"image\/jpeg"}],"author":"Adriana Costa","twitter_card":"summary_large_image","twitter_misc":{"Written by":"Adriana Costa","Est. reading time":"3 minutos"},"schema":{"@context":"https:\/\/schema.org","@graph":[{"@type":"WebPage","@id":"https:\/\/www.manaus.am.gov.br\/semcom\/prefeitura-manauscult-visita-rainhadiambi\/","url":"https:\/\/www.manaus.am.gov.br\/semcom\/prefeitura-manauscult-visita-rainhadiambi\/","name":"Prefeitura de Manaus recebe rainha Diambi em encontro que fortalece di\u00e1logo cultural, social e tur\u00edstico entre Brasil e \u00c1frica","isPartOf":{"@id":"https:\/\/www.manaus.am.gov.br\/semcom\/#website"},"primaryImageOfPage":{"@id":"https:\/\/www.manaus.am.gov.br\/semcom\/prefeitura-manauscult-visita-rainhadiambi\/#primaryimage"},"image":{"@id":"https:\/\/www.manaus.am.gov.br\/semcom\/prefeitura-manauscult-visita-rainhadiambi\/#primaryimage"},"thumbnailUrl":"https:\/\/www.manaus.am.gov.br\/semcom\/wp-content\/uploads\/sites\/5\/2025\/12\/IMG_2214.jpeg","datePublished":"2025-12-01T20:28:59+00:00","dateModified":"2025-12-01T20:29:00+00:00","author":{"@id":"https:\/\/www.manaus.am.gov.br\/semcom\/#\/schema\/person\/4e49f4e267757a06ca072ec61b2b9968"},"description":"A Prefeitura de Manaus, por meio da Funda\u00e7\u00e3o Municipal de Cultura, Turismo e Eventos (ManausCult), recebeu, na manh\u00e3 desta segunda-feira, 1\u00ba\/12, na sede da institui\u00e7\u00e3o, a visita oficial de da rainha Diambi Kabatusuila, l\u00edder do Reino de Luba Bakwa Luntu, na Rep\u00fablica Democr\u00e1tica do Congo.","inLanguage":"pt-BR","potentialAction":[{"@type":"ReadAction","target":["https:\/\/www.manaus.am.gov.br\/semcom\/prefeitura-manauscult-visita-rainhadiambi\/"]}]},{"@type":"ImageObject","inLanguage":"pt-BR","@id":"https:\/\/www.manaus.am.gov.br\/semcom\/prefeitura-manauscult-visita-rainhadiambi\/#primaryimage","url":"https:\/\/www.manaus.am.gov.br\/semcom\/wp-content\/uploads\/sites\/5\/2025\/12\/IMG_2214.jpeg","contentUrl":"https:\/\/www.manaus.am.gov.br\/semcom\/wp-content\/uploads\/sites\/5\/2025\/12\/IMG_2214.jpeg","width":4032,"height":3024,"caption":"#paratodosverem - Imagem de encontro da diretoria da ManausCult com a rainha Diambi"},{"@type":"WebSite","@id":"https:\/\/www.manaus.am.gov.br\/semcom\/#website","url":"https:\/\/www.manaus.am.gov.br\/semcom\/","name":"SEMCOM","description":"Secretaria Municipal de Comunica\u00e7\u00e3o","potentialAction":[{"@type":"SearchAction","target":{"@type":"EntryPoint","urlTemplate":"https:\/\/www.manaus.am.gov.br\/semcom\/?s={search_term_string}"},"query-input":"required name=search_term_string"}],"inLanguage":"pt-BR"},{"@type":"Person","@id":"https:\/\/www.manaus.am.gov.br\/semcom\/#\/schema\/person\/4e49f4e267757a06ca072ec61b2b9968","name":"Adriana Costa","image":{"@type":"ImageObject","inLanguage":"pt-BR","@id":"https:\/\/www.manaus.am.gov.br\/semcom\/#\/schema\/person\/image\/","url":"https:\/\/secure.gravatar.com\/avatar\/576258617ef7194f718179e766d57bd4?s=96&d=mm&r=g","contentUrl":"https:\/\/secure.gravatar.com\/avatar\/576258617ef7194f718179e766d57bd4?s=96&d=mm&r=g","caption":"Adriana Costa"}}]}},"_links":{"self":[{"href":"https:\/\/www.manaus.am.gov.br\/semcom\/wp-json\/wp\/v2\/posts\/249113"}],"collection":[{"href":"https:\/\/www.manaus.am.gov.br\/semcom\/wp-json\/wp\/v2\/posts"}],"about":[{"href":"https:\/\/www.manaus.am.gov.br\/semcom\/wp-json\/wp\/v2\/types\/post"}],"author":[{"embeddable":true,"href":"https:\/\/www.manaus.am.gov.br\/semcom\/wp-json\/wp\/v2\/users\/23"}],"replies":[{"embeddable":true,"href":"https:\/\/www.manaus.am.gov.br\/semcom\/wp-json\/wp\/v2\/comments?post=249113"}],"version-history":[{"count":0,"href":"https:\/\/www.manaus.am.gov.br\/semcom\/wp-json\/wp\/v2\/posts\/249113\/revisions"}],"wp:featuredmedia":[{"embeddable":true,"href":"https:\/\/www.manaus.am.gov.br\/semcom\/wp-json\/wp\/v2\/media\/249114"}],"wp:attachment":[{"href":"https:\/\/www.manaus.am.gov.br\/semcom\/wp-json\/wp\/v2\/media?parent=249113"}],"wp:term":[{"taxonomy":"category","embeddable":true,"href":"https:\/\/www.manaus.am.gov.br\/semcom\/wp-json\/wp\/v2\/categories?post=249113"},{"taxonomy":"post_tag","embeddable":true,"href":"https:\/\/www.manaus.am.gov.br\/semcom\/wp-json\/wp\/v2\/tags?post=249113"}],"curies":[{"name":"wp","href":"https:\/\/api.w.org\/{rel}","templated":true}]}}