{"id":249085,"date":"2025-11-30T22:27:15","date_gmt":"2025-12-01T02:27:15","guid":{"rendered":"https:\/\/www.manaus.am.gov.br\/semcom\/projeto-um-sonho-magico-de-natal-nas-aguas\/"},"modified":"2025-11-30T22:27:15","modified_gmt":"2025-12-01T02:27:15","slug":"projeto-um-sonho-magico-de-natal-nas-aguas","status":"publish","type":"post","link":"https:\/\/www.manaus.am.gov.br\/semcom\/projeto-um-sonho-magico-de-natal-nas-aguas\/","title":{"rendered":"Prefeito David Almeida entrega balsa natalina e leva o maior Natal flutuante da hist\u00f3ria para 45 comunidades ribeirinhas de Manaus"},"content":{"rendered":"\n<p>A Prefeitura de Manaus deu in\u00edcio, neste domingo, 30\/11, ao projeto \u201cUm Sonho M\u00e1gico de Natal nas \u00c1guas\u201d, uma das a\u00e7\u00f5es mais simb\u00f3licas e emblem\u00e1ticas da atual gest\u00e3o. A iniciativa, conduzida pelo Fundo Manaus Solid\u00e1ria (FMS), leva a magia e o esp\u00edrito natalino \u00e0s comunidades ribeirinhas da zona rural, refor\u00e7ando o compromisso da administra\u00e7\u00e3o municipal de chegar onde o Estado historicamente n\u00e3o chegava.<\/p>\n\n\n\n<p>A cerim\u00f4nia de entrega da balsa natalina, realizada no p\u00eder Manaus 355, no mirante L\u00facia Almeida, reuniu fam\u00edlias, permission\u00e1rios, lideran\u00e7as comunit\u00e1rias e autoridades municipais. O prefeito David Almeida destacou o prop\u00f3sito do projeto, que foi ampliado em rela\u00e7\u00e3o aos anos anteriores para alcan\u00e7ar um n\u00famero recorde de comunidades.<\/p>\n\n\n\n<p>\u201cMuita gente mora em Manaus, mas n\u00e3o vive Manaus. E a ideia de levar o Natal at\u00e9 essas comunidades \u00e9 justamente essa: fazer o esfor\u00e7o necess\u00e1rio para chegar a 45 comunidades ribeirinhas com o mesmo Natal que estamos realizando na zona urbana. Vamos levar dignidade, alegria, fraternidade e solidariedade. Governar \u00e9 chegar para quem mais precisa\u201d.<\/p>\n\n\n\n<p>A balsa natalina, com 36 metros de comprimento por 10 metros de largura, foi preparada para ser um verdadeiro palco flutuante. A estrutura abriga um pres\u00e9pio iluminado, uma grande \u00e1rvore de Natal e o tradicional Papai Noel em seu tren\u00f3, uma experi\u00eancia in\u00e9dita para muitas fam\u00edlias do interior.<\/p>\n\n\n\n<figure class=\"wp-block-image size-full\"><img loading=\"lazy\" decoding=\"async\" width=\"799\" height=\"533\" src=\"https:\/\/www.manaus.am.gov.br\/semcom\/wp-content\/uploads\/sites\/5\/2025\/11\/54956491099_5d698d751f_c.jpg\" alt=\"\" class=\"wp-image-249086\" srcset=\"https:\/\/www.manaus.am.gov.br\/semcom\/wp-content\/uploads\/sites\/5\/2025\/11\/54956491099_5d698d751f_c.jpg 799w, https:\/\/www.manaus.am.gov.br\/semcom\/wp-content\/uploads\/sites\/5\/2025\/11\/54956491099_5d698d751f_c-300x200.jpg 300w, https:\/\/www.manaus.am.gov.br\/semcom\/wp-content\/uploads\/sites\/5\/2025\/11\/54956491099_5d698d751f_c-768x512.jpg 768w\" sizes=\"(max-width: 799px) 100vw, 799px\" \/><figcaption class=\"wp-element-caption\">#paratodosverem &#8211; Imagem da balsa natalina no rio<br><\/figcaption><\/figure>\n\n\n\n<p>Durante o m\u00eas de dezembro, a embarca\u00e7\u00e3o far\u00e1 um percurso intenso pelos rios Amazonas e Negro, visitando comunidades-polo que receber\u00e3o moradores de \u00e1reas mais isoladas. A log\u00edstica foi estruturada para garantir que todas tenham acesso ao evento.<\/p>\n\n\n\n<p>\u201cTem comunidades que levariam dois dias para chegar. Essa \u00e9 a nossa realidade amaz\u00f4nica. Por isso, organizamos pontos de encontro para reunir v\u00e1rias comunidades em um s\u00f3 local, garantindo celebra\u00e7\u00e3o, entrega de cestas, brinquedos, panetones e leite arrecadado no Patins Solid\u00e1rio\u201d, explicou o prefeito.<\/p>\n\n\n\n<p>A a\u00e7\u00e3o tamb\u00e9m tem forte impacto emocional. \u201c\u00c9 uma felicidade poder transformar a vida de pessoas que nunca viram um pres\u00e9pio, uma \u00e1rvore gigante ou nunca receberam um brinquedo. Vamos realizar sonhos de crian\u00e7as e fam\u00edlias inteiras. Isso n\u00e3o \u00e9 pouco\u201d, avaliou.<\/p>\n\n\n\n<p>Segundo a presidente do FMS, Viviana Lira, o projeto ter\u00e1 12 dias seguidos de atividades nos rios, iniciando pelo Amazonas e finalizando pelo Negro. \u201cSer\u00e3o 45 comunidades atendidas. E, nos bairros, seguimos com o espet\u00e1culo \u2018Um Sonho M\u00e1gico de Natal\u2019 levando Papai Noel, personagens, shows, fogos e at\u00e9 neve. A periferia pode aguardar: vamos chegar em todas as zonas da cidade\u201d, afirmou.<\/p>\n\n\n\n<p>Al\u00e9m do impacto social, o projeto refor\u00e7a a atividade econ\u00f4mica do per\u00edodo. O prefeito destacou que o Natal de Manaus j\u00e1 movimenta intensamente o com\u00e9rcio e os permission\u00e1rios, especialmente na Ponta Negra.<\/p>\n\n\n\n<p>\u201cO com\u00e9rcio foi aquecido. Os permission\u00e1rios da Ponta Negra est\u00e3o felizes porque temos um fluxo gigantesco de pessoas todas as noites. Estamos garantindo, para muitos deles, algo como o 13\u00ba e at\u00e9 14\u00ba sal\u00e1rios com o aumento das vendas. O Natal tamb\u00e9m \u00e9 est\u00edmulo econ\u00f4mico\u201d, enfatizou.<\/p>\n\n\n\n<p><strong>Uma tradi\u00e7\u00e3o que cresce a cada ano<\/strong><\/p>\n\n\n\n<p>Desde 2021, a atual gest\u00e3o vem elevando o padr\u00e3o das celebra\u00e7\u00f5es natalinas em Manaus. O desfile, a parada natalina, a ilumina\u00e7\u00e3o tem\u00e1tica, o pres\u00e9pio gigante flutuante, a neve, os shows e as cantatas se consolidaram como pilares de um Natal que passou a integrar o calend\u00e1rio tur\u00edstico e cultural da cidade.<\/p>\n\n\n\n<p>A edi\u00e7\u00e3o 2025 amplia esse legado ao levar, pela primeira vez, a estrutura completa do Natal urbano para a zona rural, por meio de uma balsa cenogr\u00e1fica especialmente constru\u00edda para as comunidades ribeirinhas.<\/p>\n\n\n\n<p>\u201cA mentira nunca vencer\u00e1 a verdade. E a verdade \u00e9 que estamos levando o Natal para todos. Manaus vive um momento especial. A cidade est\u00e1 mais viva, mais iluminada e mais unida\u201d, concluiu David Almeida.<\/p>\n\n\n\n<p><strong>Programa\u00e7\u00e3o segue em toda a cidade<\/strong><\/p>\n\n\n\n<p>Al\u00e9m do calend\u00e1rio flutuante, o m\u00eas de dezembro contar\u00e1 com: cantata de Natal no anfiteatro da Ponta Negra, no dia 7\/12; shows tem\u00e1ticos nos dias 7 e 8, de dezembro, incluindo apresenta\u00e7\u00f5es com personagens inspirados na Disney; espet\u00e1culo \u201cUm Sonho M\u00e1gico de Natal\u201d em diversos bairros; a\u00e7\u00f5es de arrecada\u00e7\u00e3o, solidariedade e movimenta\u00e7\u00e3o econ\u00f4mica em toda a cidade.<\/p>\n\n\n\n<p>\u2014- \u2014- \u2014<br><strong>Texto &#8211; <\/strong>Emanuelle Baires \/ Semcom-Prefeito<br><strong>Fotos <\/strong>&#8211; Ant\u00f4nio Pereira \/ Semcom-Prefeito e Cl\u00f3vis Miranda \/ Semcom<br><strong>Dispon\u00edveis em &#8211; <\/strong><a href=\"https:\/\/flic.kr\/s\/aHBqjCCmDM\">https:\/\/flic.kr\/s\/aHBqjCCmDM<\/a><\/p>\n","protected":false},"excerpt":{"rendered":"","protected":false},"author":68,"featured_media":249087,"comment_status":"closed","ping_status":"closed","sticky":false,"template":"","format":"standard","meta":{"footnotes":""},"categories":[8875],"tags":[18208,35,77,18209],"acf":[],"yoast_head":"<!-- This site is optimized with the Yoast SEO plugin v23.0 - https:\/\/yoast.com\/wordpress\/plugins\/seo\/ -->\n<title>Prefeito David Almeida entrega balsa natalina<\/title>\n<meta name=\"description\" content=\"A Prefeitura de Manaus deu in\u00edcio, neste domingo, 30\/11, ao projeto \u201cUm Sonho M\u00e1gico de Natal nas \u00c1guas\u201d, uma das a\u00e7\u00f5es mais simb\u00f3licas.\" \/>\n<meta name=\"robots\" content=\"index, follow, max-snippet:-1, max-image-preview:large, max-video-preview:-1\" \/>\n<link rel=\"canonical\" href=\"https:\/\/www.manaus.am.gov.br\/semcom\/projeto-um-sonho-magico-de-natal-nas-aguas\/\" \/>\n<meta property=\"og:locale\" content=\"pt_BR\" \/>\n<meta property=\"og:type\" content=\"article\" \/>\n<meta property=\"og:title\" content=\"Prefeito David Almeida entrega balsa natalina\" \/>\n<meta property=\"og:description\" content=\"A Prefeitura de Manaus deu in\u00edcio, neste domingo, 30\/11, ao projeto \u201cUm Sonho M\u00e1gico de Natal nas \u00c1guas\u201d, uma das a\u00e7\u00f5es mais simb\u00f3licas.\" \/>\n<meta property=\"og:url\" content=\"https:\/\/www.manaus.am.gov.br\/semcom\/projeto-um-sonho-magico-de-natal-nas-aguas\/\" \/>\n<meta property=\"og:site_name\" content=\"SEMCOM\" \/>\n<meta property=\"article:published_time\" content=\"2025-12-01T02:27:15+00:00\" \/>\n<meta property=\"og:image\" content=\"https:\/\/www.manaus.am.gov.br\/semcom\/wp-content\/uploads\/sites\/5\/2025\/11\/54956449718_b9b6d7cc45_c.jpg\" \/>\n\t<meta property=\"og:image:width\" content=\"799\" \/>\n\t<meta property=\"og:image:height\" content=\"533\" \/>\n\t<meta property=\"og:image:type\" content=\"image\/jpeg\" \/>\n<meta name=\"author\" content=\"bvalente\" \/>\n<meta name=\"twitter:card\" content=\"summary_large_image\" \/>\n<meta name=\"twitter:label1\" content=\"Written by\" \/>\n\t<meta name=\"twitter:data1\" content=\"bvalente\" \/>\n\t<meta name=\"twitter:label2\" content=\"Est. reading time\" \/>\n\t<meta name=\"twitter:data2\" content=\"5 minutos\" \/>\n<script type=\"application\/ld+json\" class=\"yoast-schema-graph\">{\"@context\":\"https:\/\/schema.org\",\"@graph\":[{\"@type\":\"WebPage\",\"@id\":\"https:\/\/www.manaus.am.gov.br\/semcom\/projeto-um-sonho-magico-de-natal-nas-aguas\/\",\"url\":\"https:\/\/www.manaus.am.gov.br\/semcom\/projeto-um-sonho-magico-de-natal-nas-aguas\/\",\"name\":\"Prefeito David Almeida entrega balsa natalina\",\"isPartOf\":{\"@id\":\"https:\/\/www.manaus.am.gov.br\/semcom\/#website\"},\"primaryImageOfPage\":{\"@id\":\"https:\/\/www.manaus.am.gov.br\/semcom\/projeto-um-sonho-magico-de-natal-nas-aguas\/#primaryimage\"},\"image\":{\"@id\":\"https:\/\/www.manaus.am.gov.br\/semcom\/projeto-um-sonho-magico-de-natal-nas-aguas\/#primaryimage\"},\"thumbnailUrl\":\"https:\/\/www.manaus.am.gov.br\/semcom\/wp-content\/uploads\/sites\/5\/2025\/11\/54956449718_b9b6d7cc45_c.jpg\",\"datePublished\":\"2025-12-01T02:27:15+00:00\",\"dateModified\":\"2025-12-01T02:27:15+00:00\",\"author\":{\"@id\":\"https:\/\/www.manaus.am.gov.br\/semcom\/#\/schema\/person\/466a0e03ae4b6062809046bd560ac955\"},\"description\":\"A Prefeitura de Manaus deu in\u00edcio, neste domingo, 30\/11, ao projeto \u201cUm Sonho M\u00e1gico de Natal nas \u00c1guas\u201d, uma das a\u00e7\u00f5es mais simb\u00f3licas.\",\"inLanguage\":\"pt-BR\",\"potentialAction\":[{\"@type\":\"ReadAction\",\"target\":[\"https:\/\/www.manaus.am.gov.br\/semcom\/projeto-um-sonho-magico-de-natal-nas-aguas\/\"]}]},{\"@type\":\"ImageObject\",\"inLanguage\":\"pt-BR\",\"@id\":\"https:\/\/www.manaus.am.gov.br\/semcom\/projeto-um-sonho-magico-de-natal-nas-aguas\/#primaryimage\",\"url\":\"https:\/\/www.manaus.am.gov.br\/semcom\/wp-content\/uploads\/sites\/5\/2025\/11\/54956449718_b9b6d7cc45_c.jpg\",\"contentUrl\":\"https:\/\/www.manaus.am.gov.br\/semcom\/wp-content\/uploads\/sites\/5\/2025\/11\/54956449718_b9b6d7cc45_c.jpg\",\"width\":799,\"height\":533,\"caption\":\"#paratodosverem - Prefeito David Almeida durante entrega da balsa natalina\"},{\"@type\":\"WebSite\",\"@id\":\"https:\/\/www.manaus.am.gov.br\/semcom\/#website\",\"url\":\"https:\/\/www.manaus.am.gov.br\/semcom\/\",\"name\":\"SEMCOM\",\"description\":\"Secretaria Municipal de Comunica\u00e7\u00e3o\",\"potentialAction\":[{\"@type\":\"SearchAction\",\"target\":{\"@type\":\"EntryPoint\",\"urlTemplate\":\"https:\/\/www.manaus.am.gov.br\/semcom\/?s={search_term_string}\"},\"query-input\":\"required name=search_term_string\"}],\"inLanguage\":\"pt-BR\"},{\"@type\":\"Person\",\"@id\":\"https:\/\/www.manaus.am.gov.br\/semcom\/#\/schema\/person\/466a0e03ae4b6062809046bd560ac955\",\"name\":\"bvalente\",\"image\":{\"@type\":\"ImageObject\",\"inLanguage\":\"pt-BR\",\"@id\":\"https:\/\/www.manaus.am.gov.br\/semcom\/#\/schema\/person\/image\/\",\"url\":\"https:\/\/secure.gravatar.com\/avatar\/3e69bc2b014bdad41adfec3a39de07d2?s=96&d=mm&r=g\",\"contentUrl\":\"https:\/\/secure.gravatar.com\/avatar\/3e69bc2b014bdad41adfec3a39de07d2?s=96&d=mm&r=g\",\"caption\":\"bvalente\"}}]}<\/script>\n<!-- \/ Yoast SEO plugin. -->","yoast_head_json":{"title":"Prefeito David Almeida entrega balsa natalina","description":"A Prefeitura de Manaus deu in\u00edcio, neste domingo, 30\/11, ao projeto \u201cUm Sonho M\u00e1gico de Natal nas \u00c1guas\u201d, uma das a\u00e7\u00f5es mais simb\u00f3licas.","robots":{"index":"index","follow":"follow","max-snippet":"max-snippet:-1","max-image-preview":"max-image-preview:large","max-video-preview":"max-video-preview:-1"},"canonical":"https:\/\/www.manaus.am.gov.br\/semcom\/projeto-um-sonho-magico-de-natal-nas-aguas\/","og_locale":"pt_BR","og_type":"article","og_title":"Prefeito David Almeida entrega balsa natalina","og_description":"A Prefeitura de Manaus deu in\u00edcio, neste domingo, 30\/11, ao projeto \u201cUm Sonho M\u00e1gico de Natal nas \u00c1guas\u201d, uma das a\u00e7\u00f5es mais simb\u00f3licas.","og_url":"https:\/\/www.manaus.am.gov.br\/semcom\/projeto-um-sonho-magico-de-natal-nas-aguas\/","og_site_name":"SEMCOM","article_published_time":"2025-12-01T02:27:15+00:00","og_image":[{"width":799,"height":533,"url":"https:\/\/www.manaus.am.gov.br\/semcom\/wp-content\/uploads\/sites\/5\/2025\/11\/54956449718_b9b6d7cc45_c.jpg","type":"image\/jpeg"}],"author":"bvalente","twitter_card":"summary_large_image","twitter_misc":{"Written by":"bvalente","Est. reading time":"5 minutos"},"schema":{"@context":"https:\/\/schema.org","@graph":[{"@type":"WebPage","@id":"https:\/\/www.manaus.am.gov.br\/semcom\/projeto-um-sonho-magico-de-natal-nas-aguas\/","url":"https:\/\/www.manaus.am.gov.br\/semcom\/projeto-um-sonho-magico-de-natal-nas-aguas\/","name":"Prefeito David Almeida entrega balsa natalina","isPartOf":{"@id":"https:\/\/www.manaus.am.gov.br\/semcom\/#website"},"primaryImageOfPage":{"@id":"https:\/\/www.manaus.am.gov.br\/semcom\/projeto-um-sonho-magico-de-natal-nas-aguas\/#primaryimage"},"image":{"@id":"https:\/\/www.manaus.am.gov.br\/semcom\/projeto-um-sonho-magico-de-natal-nas-aguas\/#primaryimage"},"thumbnailUrl":"https:\/\/www.manaus.am.gov.br\/semcom\/wp-content\/uploads\/sites\/5\/2025\/11\/54956449718_b9b6d7cc45_c.jpg","datePublished":"2025-12-01T02:27:15+00:00","dateModified":"2025-12-01T02:27:15+00:00","author":{"@id":"https:\/\/www.manaus.am.gov.br\/semcom\/#\/schema\/person\/466a0e03ae4b6062809046bd560ac955"},"description":"A Prefeitura de Manaus deu in\u00edcio, neste domingo, 30\/11, ao projeto \u201cUm Sonho M\u00e1gico de Natal nas \u00c1guas\u201d, uma das a\u00e7\u00f5es mais simb\u00f3licas.","inLanguage":"pt-BR","potentialAction":[{"@type":"ReadAction","target":["https:\/\/www.manaus.am.gov.br\/semcom\/projeto-um-sonho-magico-de-natal-nas-aguas\/"]}]},{"@type":"ImageObject","inLanguage":"pt-BR","@id":"https:\/\/www.manaus.am.gov.br\/semcom\/projeto-um-sonho-magico-de-natal-nas-aguas\/#primaryimage","url":"https:\/\/www.manaus.am.gov.br\/semcom\/wp-content\/uploads\/sites\/5\/2025\/11\/54956449718_b9b6d7cc45_c.jpg","contentUrl":"https:\/\/www.manaus.am.gov.br\/semcom\/wp-content\/uploads\/sites\/5\/2025\/11\/54956449718_b9b6d7cc45_c.jpg","width":799,"height":533,"caption":"#paratodosverem - Prefeito David Almeida durante entrega da balsa natalina"},{"@type":"WebSite","@id":"https:\/\/www.manaus.am.gov.br\/semcom\/#website","url":"https:\/\/www.manaus.am.gov.br\/semcom\/","name":"SEMCOM","description":"Secretaria Municipal de Comunica\u00e7\u00e3o","potentialAction":[{"@type":"SearchAction","target":{"@type":"EntryPoint","urlTemplate":"https:\/\/www.manaus.am.gov.br\/semcom\/?s={search_term_string}"},"query-input":"required name=search_term_string"}],"inLanguage":"pt-BR"},{"@type":"Person","@id":"https:\/\/www.manaus.am.gov.br\/semcom\/#\/schema\/person\/466a0e03ae4b6062809046bd560ac955","name":"bvalente","image":{"@type":"ImageObject","inLanguage":"pt-BR","@id":"https:\/\/www.manaus.am.gov.br\/semcom\/#\/schema\/person\/image\/","url":"https:\/\/secure.gravatar.com\/avatar\/3e69bc2b014bdad41adfec3a39de07d2?s=96&d=mm&r=g","contentUrl":"https:\/\/secure.gravatar.com\/avatar\/3e69bc2b014bdad41adfec3a39de07d2?s=96&d=mm&r=g","caption":"bvalente"}}]}},"_links":{"self":[{"href":"https:\/\/www.manaus.am.gov.br\/semcom\/wp-json\/wp\/v2\/posts\/249085"}],"collection":[{"href":"https:\/\/www.manaus.am.gov.br\/semcom\/wp-json\/wp\/v2\/posts"}],"about":[{"href":"https:\/\/www.manaus.am.gov.br\/semcom\/wp-json\/wp\/v2\/types\/post"}],"author":[{"embeddable":true,"href":"https:\/\/www.manaus.am.gov.br\/semcom\/wp-json\/wp\/v2\/users\/68"}],"replies":[{"embeddable":true,"href":"https:\/\/www.manaus.am.gov.br\/semcom\/wp-json\/wp\/v2\/comments?post=249085"}],"version-history":[{"count":1,"href":"https:\/\/www.manaus.am.gov.br\/semcom\/wp-json\/wp\/v2\/posts\/249085\/revisions"}],"predecessor-version":[{"id":249088,"href":"https:\/\/www.manaus.am.gov.br\/semcom\/wp-json\/wp\/v2\/posts\/249085\/revisions\/249088"}],"wp:featuredmedia":[{"embeddable":true,"href":"https:\/\/www.manaus.am.gov.br\/semcom\/wp-json\/wp\/v2\/media\/249087"}],"wp:attachment":[{"href":"https:\/\/www.manaus.am.gov.br\/semcom\/wp-json\/wp\/v2\/media?parent=249085"}],"wp:term":[{"taxonomy":"category","embeddable":true,"href":"https:\/\/www.manaus.am.gov.br\/semcom\/wp-json\/wp\/v2\/categories?post=249085"},{"taxonomy":"post_tag","embeddable":true,"href":"https:\/\/www.manaus.am.gov.br\/semcom\/wp-json\/wp\/v2\/tags?post=249085"}],"curies":[{"name":"wp","href":"https:\/\/api.w.org\/{rel}","templated":true}]}}