{"id":249041,"date":"2025-11-28T16:47:51","date_gmt":"2025-11-28T19:47:51","guid":{"rendered":"https:\/\/www.manaus.am.gov.br\/semcom\/premiacoes-28a-do-edeja\/"},"modified":"2025-11-28T16:47:52","modified_gmt":"2025-11-28T19:47:52","slug":"premiacoes-28a-do-edeja","status":"publish","type":"post","link":"https:\/\/www.manaus.am.gov.br\/semcom\/premiacoes-28a-do-edeja\/","title":{"rendered":"Prefeitura realiza noite de premia\u00e7\u00f5es durante a 28\u00aa edi\u00e7\u00e3o do Edeja\u00a0\u00a0"},"content":{"rendered":"\n<p>A Prefeitura de Manaus, por meio da Secretaria Municipal de Educa\u00e7\u00e3o (Semed), realizou, na noite de quinta-feira, 27\/11, a 28\u00aa edi\u00e7\u00e3o do Encontro dos Diretores da Educa\u00e7\u00e3o de Jovens e Adultos (Edeja). O evento apresentou a\u00e7\u00f5es e projetos desenvolvidos em 2025 que impactaram positivamente a aprendizagem de mais de 17 mil estudantes da Educa\u00e7\u00e3o de Jovens e Adultos (EJA) da rede municipal. A cerim\u00f4nia ocorreu no audit\u00f3rio da Semed, localizado na avenida Macei\u00f3, Parque 10 de Novembro, zona Centro-Sul.&nbsp;<\/p>\n\n\n\n<p>Com o tema \u201cEntre n\u00fameros e palavras: hist\u00f3rias que inspiram na EJA\u201d, a iniciativa buscou incentivar o aprendizado significativo e fortalecer a autoestima dos estudantes, destacando avan\u00e7os conquistados por meio da matem\u00e1tica e da leitura.&nbsp;<\/p>\n\n\n\n<p>Durante a noite, foram premiados estudantes, professores e gestores que se destacaram na 18\u00aa edi\u00e7\u00e3o da Olimp\u00edada de Matem\u00e1tica da Educa\u00e7\u00e3o de Jovens e Adultos (Olimeja), com entrega de notebooks e trof\u00e9us. A olimp\u00edada tem como foco estimular o racioc\u00ednio l\u00f3gico e a resolu\u00e7\u00e3o de problemas do cotidiano. Tamb\u00e9m houve premia\u00e7\u00e3o dos destaques da 13\u00aa edi\u00e7\u00e3o do C\u00edrculo de Leitura e Escrita na EJA, reconhecendo participantes com trof\u00e9us, medalhas de men\u00e7\u00e3o honrosa, certificados e brindes. A estrat\u00e9gia contribui para o fortalecimento da leitura como instrumento de transforma\u00e7\u00e3o social.&nbsp;<\/p>\n\n\n\n<p>\u201cEste \u00e9 um momento de reconhecermos todo o esfor\u00e7o da equipe gestora, dos pedagogos e dos professores para oferecer aos nossos estudantes metodologias de ensino que atendam \u00e0s necessidades da EJA. Essas estrat\u00e9gias qualificam ainda mais a modalidade, contribuindo para o exerc\u00edcio da cidadania\u201d, disse o diretor do Departamento de Gest\u00e3o Educacional (Dege), An\u00e9zio Mar.<\/p>\n\n\n\n<p><strong>Escolas Premiadas&nbsp;<\/strong><\/p>\n\n\n\n<p>Cinco escolas tamb\u00e9m foram reconhecidas por seu desempenho na 11\u00aa Municip\u00edadas Noturnas da Semed, competi\u00e7\u00e3o destinada aos estudantes do 1\u00ba e 2\u00ba segmentos da EJA, que contou com 943 alunos inscritos em 2025.&nbsp;<\/p>\n\n\n\n<p>A gerente da Educa\u00e7\u00e3o de Jovens e Adultos da Semed, Alina Bind\u00e1, ressaltou a import\u00e2ncia da celebra\u00e7\u00e3o. \u201cA integra\u00e7\u00e3o das premia\u00e7\u00f5es \u00e0 28\u00aa Edeja refor\u00e7a o valor do trabalho coletivo na gest\u00e3o da EJA, reconhecendo o compromisso das equipes escolares que constroem diariamente espa\u00e7os de aprendizagem e esperan\u00e7a. Mais que uma solenidade, esta noite foi de emo\u00e7\u00e3o, reflex\u00e3o e valoriza\u00e7\u00e3o das trajet\u00f3rias que comp\u00f5em a modalidade\u201d.<\/p>\n\n\n\n<p>Em 2025, participaram da Olimeja aproximadamente 3.750 estudantes das 4\u00aa e 8\u00aa etapas, e cerca de 14 mil estudantes integraram o C\u00edrculo de Leitura e Escrita na EJA.&nbsp;<\/p>\n\n\n\n<p>Entre as escolas premiadas, a escola municipal Deputado Arthur Virg\u00edlio do Carmo Ribeiro Bisneto, localizada no ramal do Pau-Rosa, BR-174, zona rural, conquistou o 1\u00ba lugar na 13\u00aa edi\u00e7\u00e3o do C\u00edrculo de Leitura e Escrita.&nbsp;<\/p>\n\n\n\n<p>O gestor da unidade, Edil Sebasti\u00e3o Gama, celebrou o resultado. \u201cPara a escola, essa conquista confirma o dever cumprido. Trabalhamos muito com nossos alunos e tivemos grandes ganhos pedag\u00f3gicos. Cerca de 80% dos livros produzidos na a\u00e7\u00e3o foram escritos por eles, o que desenvolveu significativamente a leitura e a escrita. Para n\u00f3s, isso \u00e9 muito compensador e motivo de grande alegria\u201d.<\/p>\n\n\n\n<p>\u2014- \u2014- \u2014&#8211;<br><strong>Texto &#8211; <\/strong>\u00a0Emerson Santos\/ Semed\u00a0<br><strong>Fotos &#8211;<\/strong>\u00a0 Divulga\u00e7\u00e3o \/ Semed<\/p>\n","protected":false},"excerpt":{"rendered":"","protected":false},"author":68,"featured_media":249042,"comment_status":"closed","ping_status":"closed","sticky":false,"template":"","format":"standard","meta":{"footnotes":""},"categories":[925],"tags":[18187,77,18188,62],"acf":[],"yoast_head":"<!-- This site is optimized with the Yoast SEO plugin v23.0 - https:\/\/yoast.com\/wordpress\/plugins\/seo\/ -->\n<title>Prefeitura realiza noite de premia\u00e7\u00f5es durante a 28\u00aa do Edeja\u00a0\u00a0<\/title>\n<meta name=\"description\" content=\"A Prefeitura de Manaus realizou, na noite de quinta-feira, a 28\u00aa edi\u00e7\u00e3o do Encontro dos Diretores da Educa\u00e7\u00e3o de Jovens e Adultos (Edeja).\" \/>\n<meta name=\"robots\" content=\"index, follow, max-snippet:-1, max-image-preview:large, max-video-preview:-1\" \/>\n<link rel=\"canonical\" href=\"https:\/\/www.manaus.am.gov.br\/semcom\/premiacoes-28a-do-edeja\/\" \/>\n<meta property=\"og:locale\" content=\"pt_BR\" \/>\n<meta property=\"og:type\" content=\"article\" \/>\n<meta property=\"og:title\" content=\"Prefeitura realiza noite de premia\u00e7\u00f5es durante a 28\u00aa do Edeja\u00a0\u00a0\" \/>\n<meta property=\"og:description\" content=\"A Prefeitura de Manaus realizou, na noite de quinta-feira, a 28\u00aa edi\u00e7\u00e3o do Encontro dos Diretores da Educa\u00e7\u00e3o de Jovens e Adultos (Edeja).\" \/>\n<meta property=\"og:url\" content=\"https:\/\/www.manaus.am.gov.br\/semcom\/premiacoes-28a-do-edeja\/\" \/>\n<meta property=\"og:site_name\" content=\"SEMCOM\" \/>\n<meta property=\"article:published_time\" content=\"2025-11-28T19:47:51+00:00\" \/>\n<meta property=\"article:modified_time\" content=\"2025-11-28T19:47:52+00:00\" \/>\n<meta property=\"og:image\" content=\"https:\/\/www.manaus.am.gov.br\/semcom\/wp-content\/uploads\/sites\/5\/2025\/11\/WhatsApp-Image-2025-11-28-at-15.03.37.jpeg\" \/>\n\t<meta property=\"og:image:width\" content=\"1232\" \/>\n\t<meta property=\"og:image:height\" content=\"841\" \/>\n\t<meta property=\"og:image:type\" content=\"image\/jpeg\" \/>\n<meta name=\"author\" content=\"bvalente\" \/>\n<meta name=\"twitter:card\" content=\"summary_large_image\" \/>\n<meta name=\"twitter:label1\" content=\"Written by\" \/>\n\t<meta name=\"twitter:data1\" content=\"bvalente\" \/>\n\t<meta name=\"twitter:label2\" content=\"Est. reading time\" \/>\n\t<meta name=\"twitter:data2\" content=\"3 minutos\" \/>\n<script type=\"application\/ld+json\" class=\"yoast-schema-graph\">{\"@context\":\"https:\/\/schema.org\",\"@graph\":[{\"@type\":\"WebPage\",\"@id\":\"https:\/\/www.manaus.am.gov.br\/semcom\/premiacoes-28a-do-edeja\/\",\"url\":\"https:\/\/www.manaus.am.gov.br\/semcom\/premiacoes-28a-do-edeja\/\",\"name\":\"Prefeitura realiza noite de premia\u00e7\u00f5es durante a 28\u00aa do Edeja\u00a0\u00a0\",\"isPartOf\":{\"@id\":\"https:\/\/www.manaus.am.gov.br\/semcom\/#website\"},\"primaryImageOfPage\":{\"@id\":\"https:\/\/www.manaus.am.gov.br\/semcom\/premiacoes-28a-do-edeja\/#primaryimage\"},\"image\":{\"@id\":\"https:\/\/www.manaus.am.gov.br\/semcom\/premiacoes-28a-do-edeja\/#primaryimage\"},\"thumbnailUrl\":\"https:\/\/www.manaus.am.gov.br\/semcom\/wp-content\/uploads\/sites\/5\/2025\/11\/WhatsApp-Image-2025-11-28-at-15.03.37.jpeg\",\"datePublished\":\"2025-11-28T19:47:51+00:00\",\"dateModified\":\"2025-11-28T19:47:52+00:00\",\"author\":{\"@id\":\"https:\/\/www.manaus.am.gov.br\/semcom\/#\/schema\/person\/466a0e03ae4b6062809046bd560ac955\"},\"description\":\"A Prefeitura de Manaus realizou, na noite de quinta-feira, a 28\u00aa edi\u00e7\u00e3o do Encontro dos Diretores da Educa\u00e7\u00e3o de Jovens e Adultos (Edeja).\",\"inLanguage\":\"pt-BR\",\"potentialAction\":[{\"@type\":\"ReadAction\",\"target\":[\"https:\/\/www.manaus.am.gov.br\/semcom\/premiacoes-28a-do-edeja\/\"]}]},{\"@type\":\"ImageObject\",\"inLanguage\":\"pt-BR\",\"@id\":\"https:\/\/www.manaus.am.gov.br\/semcom\/premiacoes-28a-do-edeja\/#primaryimage\",\"url\":\"https:\/\/www.manaus.am.gov.br\/semcom\/wp-content\/uploads\/sites\/5\/2025\/11\/WhatsApp-Image-2025-11-28-at-15.03.37.jpeg\",\"contentUrl\":\"https:\/\/www.manaus.am.gov.br\/semcom\/wp-content\/uploads\/sites\/5\/2025\/11\/WhatsApp-Image-2025-11-28-at-15.03.37.jpeg\",\"width\":1232,\"height\":841,\"caption\":\"#paratodosverem - Profissionais da Semed durante a premia\u00e7\u00e3o da 28\u00aa edi\u00e7\u00e3o do Encontro dos Diretores da Educa\u00e7\u00e3o de Jovens e Adultos (Edeja)\"},{\"@type\":\"WebSite\",\"@id\":\"https:\/\/www.manaus.am.gov.br\/semcom\/#website\",\"url\":\"https:\/\/www.manaus.am.gov.br\/semcom\/\",\"name\":\"SEMCOM\",\"description\":\"Secretaria Municipal de Comunica\u00e7\u00e3o\",\"potentialAction\":[{\"@type\":\"SearchAction\",\"target\":{\"@type\":\"EntryPoint\",\"urlTemplate\":\"https:\/\/www.manaus.am.gov.br\/semcom\/?s={search_term_string}\"},\"query-input\":\"required name=search_term_string\"}],\"inLanguage\":\"pt-BR\"},{\"@type\":\"Person\",\"@id\":\"https:\/\/www.manaus.am.gov.br\/semcom\/#\/schema\/person\/466a0e03ae4b6062809046bd560ac955\",\"name\":\"bvalente\",\"image\":{\"@type\":\"ImageObject\",\"inLanguage\":\"pt-BR\",\"@id\":\"https:\/\/www.manaus.am.gov.br\/semcom\/#\/schema\/person\/image\/\",\"url\":\"https:\/\/secure.gravatar.com\/avatar\/3e69bc2b014bdad41adfec3a39de07d2?s=96&d=mm&r=g\",\"contentUrl\":\"https:\/\/secure.gravatar.com\/avatar\/3e69bc2b014bdad41adfec3a39de07d2?s=96&d=mm&r=g\",\"caption\":\"bvalente\"}}]}<\/script>\n<!-- \/ Yoast SEO plugin. -->","yoast_head_json":{"title":"Prefeitura realiza noite de premia\u00e7\u00f5es durante a 28\u00aa do Edeja\u00a0\u00a0","description":"A Prefeitura de Manaus realizou, na noite de quinta-feira, a 28\u00aa edi\u00e7\u00e3o do Encontro dos Diretores da Educa\u00e7\u00e3o de Jovens e Adultos (Edeja).","robots":{"index":"index","follow":"follow","max-snippet":"max-snippet:-1","max-image-preview":"max-image-preview:large","max-video-preview":"max-video-preview:-1"},"canonical":"https:\/\/www.manaus.am.gov.br\/semcom\/premiacoes-28a-do-edeja\/","og_locale":"pt_BR","og_type":"article","og_title":"Prefeitura realiza noite de premia\u00e7\u00f5es durante a 28\u00aa do Edeja\u00a0\u00a0","og_description":"A Prefeitura de Manaus realizou, na noite de quinta-feira, a 28\u00aa edi\u00e7\u00e3o do Encontro dos Diretores da Educa\u00e7\u00e3o de Jovens e Adultos (Edeja).","og_url":"https:\/\/www.manaus.am.gov.br\/semcom\/premiacoes-28a-do-edeja\/","og_site_name":"SEMCOM","article_published_time":"2025-11-28T19:47:51+00:00","article_modified_time":"2025-11-28T19:47:52+00:00","og_image":[{"width":1232,"height":841,"url":"https:\/\/www.manaus.am.gov.br\/semcom\/wp-content\/uploads\/sites\/5\/2025\/11\/WhatsApp-Image-2025-11-28-at-15.03.37.jpeg","type":"image\/jpeg"}],"author":"bvalente","twitter_card":"summary_large_image","twitter_misc":{"Written by":"bvalente","Est. reading time":"3 minutos"},"schema":{"@context":"https:\/\/schema.org","@graph":[{"@type":"WebPage","@id":"https:\/\/www.manaus.am.gov.br\/semcom\/premiacoes-28a-do-edeja\/","url":"https:\/\/www.manaus.am.gov.br\/semcom\/premiacoes-28a-do-edeja\/","name":"Prefeitura realiza noite de premia\u00e7\u00f5es durante a 28\u00aa do Edeja\u00a0\u00a0","isPartOf":{"@id":"https:\/\/www.manaus.am.gov.br\/semcom\/#website"},"primaryImageOfPage":{"@id":"https:\/\/www.manaus.am.gov.br\/semcom\/premiacoes-28a-do-edeja\/#primaryimage"},"image":{"@id":"https:\/\/www.manaus.am.gov.br\/semcom\/premiacoes-28a-do-edeja\/#primaryimage"},"thumbnailUrl":"https:\/\/www.manaus.am.gov.br\/semcom\/wp-content\/uploads\/sites\/5\/2025\/11\/WhatsApp-Image-2025-11-28-at-15.03.37.jpeg","datePublished":"2025-11-28T19:47:51+00:00","dateModified":"2025-11-28T19:47:52+00:00","author":{"@id":"https:\/\/www.manaus.am.gov.br\/semcom\/#\/schema\/person\/466a0e03ae4b6062809046bd560ac955"},"description":"A Prefeitura de Manaus realizou, na noite de quinta-feira, a 28\u00aa edi\u00e7\u00e3o do Encontro dos Diretores da Educa\u00e7\u00e3o de Jovens e Adultos (Edeja).","inLanguage":"pt-BR","potentialAction":[{"@type":"ReadAction","target":["https:\/\/www.manaus.am.gov.br\/semcom\/premiacoes-28a-do-edeja\/"]}]},{"@type":"ImageObject","inLanguage":"pt-BR","@id":"https:\/\/www.manaus.am.gov.br\/semcom\/premiacoes-28a-do-edeja\/#primaryimage","url":"https:\/\/www.manaus.am.gov.br\/semcom\/wp-content\/uploads\/sites\/5\/2025\/11\/WhatsApp-Image-2025-11-28-at-15.03.37.jpeg","contentUrl":"https:\/\/www.manaus.am.gov.br\/semcom\/wp-content\/uploads\/sites\/5\/2025\/11\/WhatsApp-Image-2025-11-28-at-15.03.37.jpeg","width":1232,"height":841,"caption":"#paratodosverem - Profissionais da Semed durante a premia\u00e7\u00e3o da 28\u00aa edi\u00e7\u00e3o do Encontro dos Diretores da Educa\u00e7\u00e3o de Jovens e Adultos (Edeja)"},{"@type":"WebSite","@id":"https:\/\/www.manaus.am.gov.br\/semcom\/#website","url":"https:\/\/www.manaus.am.gov.br\/semcom\/","name":"SEMCOM","description":"Secretaria Municipal de Comunica\u00e7\u00e3o","potentialAction":[{"@type":"SearchAction","target":{"@type":"EntryPoint","urlTemplate":"https:\/\/www.manaus.am.gov.br\/semcom\/?s={search_term_string}"},"query-input":"required name=search_term_string"}],"inLanguage":"pt-BR"},{"@type":"Person","@id":"https:\/\/www.manaus.am.gov.br\/semcom\/#\/schema\/person\/466a0e03ae4b6062809046bd560ac955","name":"bvalente","image":{"@type":"ImageObject","inLanguage":"pt-BR","@id":"https:\/\/www.manaus.am.gov.br\/semcom\/#\/schema\/person\/image\/","url":"https:\/\/secure.gravatar.com\/avatar\/3e69bc2b014bdad41adfec3a39de07d2?s=96&d=mm&r=g","contentUrl":"https:\/\/secure.gravatar.com\/avatar\/3e69bc2b014bdad41adfec3a39de07d2?s=96&d=mm&r=g","caption":"bvalente"}}]}},"_links":{"self":[{"href":"https:\/\/www.manaus.am.gov.br\/semcom\/wp-json\/wp\/v2\/posts\/249041"}],"collection":[{"href":"https:\/\/www.manaus.am.gov.br\/semcom\/wp-json\/wp\/v2\/posts"}],"about":[{"href":"https:\/\/www.manaus.am.gov.br\/semcom\/wp-json\/wp\/v2\/types\/post"}],"author":[{"embeddable":true,"href":"https:\/\/www.manaus.am.gov.br\/semcom\/wp-json\/wp\/v2\/users\/68"}],"replies":[{"embeddable":true,"href":"https:\/\/www.manaus.am.gov.br\/semcom\/wp-json\/wp\/v2\/comments?post=249041"}],"version-history":[{"count":0,"href":"https:\/\/www.manaus.am.gov.br\/semcom\/wp-json\/wp\/v2\/posts\/249041\/revisions"}],"wp:featuredmedia":[{"embeddable":true,"href":"https:\/\/www.manaus.am.gov.br\/semcom\/wp-json\/wp\/v2\/media\/249042"}],"wp:attachment":[{"href":"https:\/\/www.manaus.am.gov.br\/semcom\/wp-json\/wp\/v2\/media?parent=249041"}],"wp:term":[{"taxonomy":"category","embeddable":true,"href":"https:\/\/www.manaus.am.gov.br\/semcom\/wp-json\/wp\/v2\/categories?post=249041"},{"taxonomy":"post_tag","embeddable":true,"href":"https:\/\/www.manaus.am.gov.br\/semcom\/wp-json\/wp\/v2\/tags?post=249041"}],"curies":[{"name":"wp","href":"https:\/\/api.w.org\/{rel}","templated":true}]}}