{"id":249035,"date":"2025-11-28T14:59:13","date_gmt":"2025-11-28T17:59:13","guid":{"rendered":"https:\/\/www.manaus.am.gov.br\/semcom\/prefeitura-implurb-licenciamento-4\/"},"modified":"2025-11-28T14:59:15","modified_gmt":"2025-11-28T17:59:15","slug":"prefeitura-implurb-licenciamento-4","status":"publish","type":"post","link":"https:\/\/www.manaus.am.gov.br\/semcom\/prefeitura-implurb-licenciamento-4\/","title":{"rendered":"Prefeitura chega a 5,5 milh\u00f5es de metros quadrados em alvar\u00e1s de constru\u00e7\u00e3o emitidos"},"content":{"rendered":"\n<p>Com mais 80,8 mil metros quadrados licenciados em novos alvar\u00e1s de constru\u00e7\u00e3o em outubro, a Prefeitura de Manaus, por meio do Instituto Municipal de Planejamento Urbano (Implurb), chega \u00e0 marca de 5,5 milh\u00f5es de metros quadrados emitidos em toda a gest\u00e3o do prefeito David Almeida, de janeiro de 2021 a outubro de 2025.<\/p>\n\n\n\n<p>Somente este ano, nos dez primeiros meses, a autarquia soma quase 759 mil metros quadrados licenciados, aquecendo o setor da constru\u00e7\u00e3o civil na capital. No ano, o Implurb tem alta de 2% no total de certid\u00f5es expedidas para alvar\u00e1s, com 623 documentos, contra 611 de 2024. Em toda a gest\u00e3o, s\u00e3o 4.200 certid\u00f5es emitidas.<\/p>\n\n\n\n<p>Os n\u00fameros t\u00eam reflexo direto na gera\u00e7\u00e3o de emprego e renda no setor da constru\u00e7\u00e3o civil. No acumulado de 2025, o setor da constru\u00e7\u00e3o gerou no Brasil um saldo de 214.717 postos (+7,5%), sendo que Manaus conta com um total de 1.625 admiss\u00f5es no per\u00edodo e um estoque de mais de 30 mil vagas, de acordo com os dados do Novo Cadastro Geral de Empregados e Desempregados (Caged), divulgados pelo Minist\u00e9rio do Trabalho.<\/p>\n\n\n\n<p>\u201cUltrapassar milh\u00f5es de metros quadrados licenciados significa impulsionar diretamente a economia da cidade. O resultado aparece na gera\u00e7\u00e3o de empregos e no fortalecimento do setor produtivo. \u00c9 a prova de que Manaus segue em ritmo acelerado de desenvolvimento\u201d, destacou o diretor-presidente do Implurb, Carlos Valente.<\/p>\n\n\n\n<p>&#8212; &#8212; &#8212;<\/p>\n\n\n\n<p><strong>Texto<\/strong>\u00a0\u2013 Claudia do Valle\/ Implurb<\/p>\n\n\n\n<p><strong>Fotos<\/strong>\u00a0&#8211; Divulga\u00e7\u00e3o<\/p>\n","protected":false},"excerpt":{"rendered":"","protected":false},"author":23,"featured_media":249036,"comment_status":"closed","ping_status":"closed","sticky":false,"template":"","format":"standard","meta":{"footnotes":""},"categories":[890],"tags":[18184,1053,364,65,1359,77],"acf":[],"yoast_head":"<!-- This site is optimized with the Yoast SEO plugin v23.0 - https:\/\/yoast.com\/wordpress\/plugins\/seo\/ -->\n<title>Prefeitura chega a 5,5 milh\u00f5es de metros quadrados em alvar\u00e1s de constru\u00e7\u00e3o emitidos<\/title>\n<meta name=\"description\" content=\"Com mais 80,8 mil metros quadrados licenciados em novos alvar\u00e1s de constru\u00e7\u00e3o em outubro, a Prefeitura de Manaus, por meio do Instituto Municipal de Planejamento Urbano (Implurb), chega \u00e0 marca de 5,5 milh\u00f5es de metros quadrados emitidos em toda a gest\u00e3o do prefeito David Almeida, de janeiro de 2021 a outubro de 2025.\" \/>\n<meta name=\"robots\" content=\"index, follow, max-snippet:-1, max-image-preview:large, max-video-preview:-1\" \/>\n<link rel=\"canonical\" href=\"https:\/\/www.manaus.am.gov.br\/semcom\/prefeitura-implurb-licenciamento-4\/\" \/>\n<meta property=\"og:locale\" content=\"pt_BR\" \/>\n<meta property=\"og:type\" content=\"article\" \/>\n<meta property=\"og:title\" content=\"Prefeitura chega a 5,5 milh\u00f5es de metros quadrados em alvar\u00e1s de constru\u00e7\u00e3o emitidos\" \/>\n<meta property=\"og:description\" content=\"Com mais 80,8 mil metros quadrados licenciados em novos alvar\u00e1s de constru\u00e7\u00e3o em outubro, a Prefeitura de Manaus, por meio do Instituto Municipal de Planejamento Urbano (Implurb), chega \u00e0 marca de 5,5 milh\u00f5es de metros quadrados emitidos em toda a gest\u00e3o do prefeito David Almeida, de janeiro de 2021 a outubro de 2025.\" \/>\n<meta property=\"og:url\" content=\"https:\/\/www.manaus.am.gov.br\/semcom\/prefeitura-implurb-licenciamento-4\/\" \/>\n<meta property=\"og:site_name\" content=\"SEMCOM\" \/>\n<meta property=\"article:published_time\" content=\"2025-11-28T17:59:13+00:00\" \/>\n<meta property=\"article:modified_time\" content=\"2025-11-28T17:59:15+00:00\" \/>\n<meta property=\"og:image\" content=\"https:\/\/www.manaus.am.gov.br\/semcom\/wp-content\/uploads\/sites\/5\/2025\/11\/diop2-1-1024x683.jpeg\" \/>\n\t<meta property=\"og:image:width\" content=\"1024\" \/>\n\t<meta property=\"og:image:height\" content=\"683\" \/>\n\t<meta property=\"og:image:type\" content=\"image\/jpeg\" \/>\n<meta name=\"author\" content=\"Adriana Costa\" \/>\n<meta name=\"twitter:card\" content=\"summary_large_image\" \/>\n<meta name=\"twitter:label1\" content=\"Written by\" \/>\n\t<meta name=\"twitter:data1\" content=\"Adriana Costa\" \/>\n\t<meta name=\"twitter:label2\" content=\"Est. reading time\" \/>\n\t<meta name=\"twitter:data2\" content=\"2 minutos\" \/>\n<script type=\"application\/ld+json\" class=\"yoast-schema-graph\">{\"@context\":\"https:\/\/schema.org\",\"@graph\":[{\"@type\":\"WebPage\",\"@id\":\"https:\/\/www.manaus.am.gov.br\/semcom\/prefeitura-implurb-licenciamento-4\/\",\"url\":\"https:\/\/www.manaus.am.gov.br\/semcom\/prefeitura-implurb-licenciamento-4\/\",\"name\":\"Prefeitura chega a 5,5 milh\u00f5es de metros quadrados em alvar\u00e1s de constru\u00e7\u00e3o emitidos\",\"isPartOf\":{\"@id\":\"https:\/\/www.manaus.am.gov.br\/semcom\/#website\"},\"primaryImageOfPage\":{\"@id\":\"https:\/\/www.manaus.am.gov.br\/semcom\/prefeitura-implurb-licenciamento-4\/#primaryimage\"},\"image\":{\"@id\":\"https:\/\/www.manaus.am.gov.br\/semcom\/prefeitura-implurb-licenciamento-4\/#primaryimage\"},\"thumbnailUrl\":\"https:\/\/www.manaus.am.gov.br\/semcom\/wp-content\/uploads\/sites\/5\/2025\/11\/diop2-1.jpeg\",\"datePublished\":\"2025-11-28T17:59:13+00:00\",\"dateModified\":\"2025-11-28T17:59:15+00:00\",\"author\":{\"@id\":\"https:\/\/www.manaus.am.gov.br\/semcom\/#\/schema\/person\/4e49f4e267757a06ca072ec61b2b9968\"},\"description\":\"Com mais 80,8 mil metros quadrados licenciados em novos alvar\u00e1s de constru\u00e7\u00e3o em outubro, a Prefeitura de Manaus, por meio do Instituto Municipal de Planejamento Urbano (Implurb), chega \u00e0 marca de 5,5 milh\u00f5es de metros quadrados emitidos em toda a gest\u00e3o do prefeito David Almeida, de janeiro de 2021 a outubro de 2025.\",\"inLanguage\":\"pt-BR\",\"potentialAction\":[{\"@type\":\"ReadAction\",\"target\":[\"https:\/\/www.manaus.am.gov.br\/semcom\/prefeitura-implurb-licenciamento-4\/\"]}]},{\"@type\":\"ImageObject\",\"inLanguage\":\"pt-BR\",\"@id\":\"https:\/\/www.manaus.am.gov.br\/semcom\/prefeitura-implurb-licenciamento-4\/#primaryimage\",\"url\":\"https:\/\/www.manaus.am.gov.br\/semcom\/wp-content\/uploads\/sites\/5\/2025\/11\/diop2-1.jpeg\",\"contentUrl\":\"https:\/\/www.manaus.am.gov.br\/semcom\/wp-content\/uploads\/sites\/5\/2025\/11\/diop2-1.jpeg\",\"width\":4464,\"height\":2976,\"caption\":\"#paratodosverem - Servidora do Implurb em esta\u00e7\u00e3o de trabalho\"},{\"@type\":\"WebSite\",\"@id\":\"https:\/\/www.manaus.am.gov.br\/semcom\/#website\",\"url\":\"https:\/\/www.manaus.am.gov.br\/semcom\/\",\"name\":\"SEMCOM\",\"description\":\"Secretaria Municipal de Comunica\u00e7\u00e3o\",\"potentialAction\":[{\"@type\":\"SearchAction\",\"target\":{\"@type\":\"EntryPoint\",\"urlTemplate\":\"https:\/\/www.manaus.am.gov.br\/semcom\/?s={search_term_string}\"},\"query-input\":\"required name=search_term_string\"}],\"inLanguage\":\"pt-BR\"},{\"@type\":\"Person\",\"@id\":\"https:\/\/www.manaus.am.gov.br\/semcom\/#\/schema\/person\/4e49f4e267757a06ca072ec61b2b9968\",\"name\":\"Adriana Costa\",\"image\":{\"@type\":\"ImageObject\",\"inLanguage\":\"pt-BR\",\"@id\":\"https:\/\/www.manaus.am.gov.br\/semcom\/#\/schema\/person\/image\/\",\"url\":\"https:\/\/secure.gravatar.com\/avatar\/576258617ef7194f718179e766d57bd4?s=96&d=mm&r=g\",\"contentUrl\":\"https:\/\/secure.gravatar.com\/avatar\/576258617ef7194f718179e766d57bd4?s=96&d=mm&r=g\",\"caption\":\"Adriana Costa\"}}]}<\/script>\n<!-- \/ Yoast SEO plugin. -->","yoast_head_json":{"title":"Prefeitura chega a 5,5 milh\u00f5es de metros quadrados em alvar\u00e1s de constru\u00e7\u00e3o emitidos","description":"Com mais 80,8 mil metros quadrados licenciados em novos alvar\u00e1s de constru\u00e7\u00e3o em outubro, a Prefeitura de Manaus, por meio do Instituto Municipal de Planejamento Urbano (Implurb), chega \u00e0 marca de 5,5 milh\u00f5es de metros quadrados emitidos em toda a gest\u00e3o do prefeito David Almeida, de janeiro de 2021 a outubro de 2025.","robots":{"index":"index","follow":"follow","max-snippet":"max-snippet:-1","max-image-preview":"max-image-preview:large","max-video-preview":"max-video-preview:-1"},"canonical":"https:\/\/www.manaus.am.gov.br\/semcom\/prefeitura-implurb-licenciamento-4\/","og_locale":"pt_BR","og_type":"article","og_title":"Prefeitura chega a 5,5 milh\u00f5es de metros quadrados em alvar\u00e1s de constru\u00e7\u00e3o emitidos","og_description":"Com mais 80,8 mil metros quadrados licenciados em novos alvar\u00e1s de constru\u00e7\u00e3o em outubro, a Prefeitura de Manaus, por meio do Instituto Municipal de Planejamento Urbano (Implurb), chega \u00e0 marca de 5,5 milh\u00f5es de metros quadrados emitidos em toda a gest\u00e3o do prefeito David Almeida, de janeiro de 2021 a outubro de 2025.","og_url":"https:\/\/www.manaus.am.gov.br\/semcom\/prefeitura-implurb-licenciamento-4\/","og_site_name":"SEMCOM","article_published_time":"2025-11-28T17:59:13+00:00","article_modified_time":"2025-11-28T17:59:15+00:00","og_image":[{"width":1024,"height":683,"url":"https:\/\/www.manaus.am.gov.br\/semcom\/wp-content\/uploads\/sites\/5\/2025\/11\/diop2-1-1024x683.jpeg","type":"image\/jpeg"}],"author":"Adriana Costa","twitter_card":"summary_large_image","twitter_misc":{"Written by":"Adriana Costa","Est. reading time":"2 minutos"},"schema":{"@context":"https:\/\/schema.org","@graph":[{"@type":"WebPage","@id":"https:\/\/www.manaus.am.gov.br\/semcom\/prefeitura-implurb-licenciamento-4\/","url":"https:\/\/www.manaus.am.gov.br\/semcom\/prefeitura-implurb-licenciamento-4\/","name":"Prefeitura chega a 5,5 milh\u00f5es de metros quadrados em alvar\u00e1s de constru\u00e7\u00e3o emitidos","isPartOf":{"@id":"https:\/\/www.manaus.am.gov.br\/semcom\/#website"},"primaryImageOfPage":{"@id":"https:\/\/www.manaus.am.gov.br\/semcom\/prefeitura-implurb-licenciamento-4\/#primaryimage"},"image":{"@id":"https:\/\/www.manaus.am.gov.br\/semcom\/prefeitura-implurb-licenciamento-4\/#primaryimage"},"thumbnailUrl":"https:\/\/www.manaus.am.gov.br\/semcom\/wp-content\/uploads\/sites\/5\/2025\/11\/diop2-1.jpeg","datePublished":"2025-11-28T17:59:13+00:00","dateModified":"2025-11-28T17:59:15+00:00","author":{"@id":"https:\/\/www.manaus.am.gov.br\/semcom\/#\/schema\/person\/4e49f4e267757a06ca072ec61b2b9968"},"description":"Com mais 80,8 mil metros quadrados licenciados em novos alvar\u00e1s de constru\u00e7\u00e3o em outubro, a Prefeitura de Manaus, por meio do Instituto Municipal de Planejamento Urbano (Implurb), chega \u00e0 marca de 5,5 milh\u00f5es de metros quadrados emitidos em toda a gest\u00e3o do prefeito David Almeida, de janeiro de 2021 a outubro de 2025.","inLanguage":"pt-BR","potentialAction":[{"@type":"ReadAction","target":["https:\/\/www.manaus.am.gov.br\/semcom\/prefeitura-implurb-licenciamento-4\/"]}]},{"@type":"ImageObject","inLanguage":"pt-BR","@id":"https:\/\/www.manaus.am.gov.br\/semcom\/prefeitura-implurb-licenciamento-4\/#primaryimage","url":"https:\/\/www.manaus.am.gov.br\/semcom\/wp-content\/uploads\/sites\/5\/2025\/11\/diop2-1.jpeg","contentUrl":"https:\/\/www.manaus.am.gov.br\/semcom\/wp-content\/uploads\/sites\/5\/2025\/11\/diop2-1.jpeg","width":4464,"height":2976,"caption":"#paratodosverem - Servidora do Implurb em esta\u00e7\u00e3o de trabalho"},{"@type":"WebSite","@id":"https:\/\/www.manaus.am.gov.br\/semcom\/#website","url":"https:\/\/www.manaus.am.gov.br\/semcom\/","name":"SEMCOM","description":"Secretaria Municipal de Comunica\u00e7\u00e3o","potentialAction":[{"@type":"SearchAction","target":{"@type":"EntryPoint","urlTemplate":"https:\/\/www.manaus.am.gov.br\/semcom\/?s={search_term_string}"},"query-input":"required name=search_term_string"}],"inLanguage":"pt-BR"},{"@type":"Person","@id":"https:\/\/www.manaus.am.gov.br\/semcom\/#\/schema\/person\/4e49f4e267757a06ca072ec61b2b9968","name":"Adriana Costa","image":{"@type":"ImageObject","inLanguage":"pt-BR","@id":"https:\/\/www.manaus.am.gov.br\/semcom\/#\/schema\/person\/image\/","url":"https:\/\/secure.gravatar.com\/avatar\/576258617ef7194f718179e766d57bd4?s=96&d=mm&r=g","contentUrl":"https:\/\/secure.gravatar.com\/avatar\/576258617ef7194f718179e766d57bd4?s=96&d=mm&r=g","caption":"Adriana Costa"}}]}},"_links":{"self":[{"href":"https:\/\/www.manaus.am.gov.br\/semcom\/wp-json\/wp\/v2\/posts\/249035"}],"collection":[{"href":"https:\/\/www.manaus.am.gov.br\/semcom\/wp-json\/wp\/v2\/posts"}],"about":[{"href":"https:\/\/www.manaus.am.gov.br\/semcom\/wp-json\/wp\/v2\/types\/post"}],"author":[{"embeddable":true,"href":"https:\/\/www.manaus.am.gov.br\/semcom\/wp-json\/wp\/v2\/users\/23"}],"replies":[{"embeddable":true,"href":"https:\/\/www.manaus.am.gov.br\/semcom\/wp-json\/wp\/v2\/comments?post=249035"}],"version-history":[{"count":0,"href":"https:\/\/www.manaus.am.gov.br\/semcom\/wp-json\/wp\/v2\/posts\/249035\/revisions"}],"wp:featuredmedia":[{"embeddable":true,"href":"https:\/\/www.manaus.am.gov.br\/semcom\/wp-json\/wp\/v2\/media\/249036"}],"wp:attachment":[{"href":"https:\/\/www.manaus.am.gov.br\/semcom\/wp-json\/wp\/v2\/media?parent=249035"}],"wp:term":[{"taxonomy":"category","embeddable":true,"href":"https:\/\/www.manaus.am.gov.br\/semcom\/wp-json\/wp\/v2\/categories?post=249035"},{"taxonomy":"post_tag","embeddable":true,"href":"https:\/\/www.manaus.am.gov.br\/semcom\/wp-json\/wp\/v2\/tags?post=249035"}],"curies":[{"name":"wp","href":"https:\/\/api.w.org\/{rel}","templated":true}]}}