{"id":249010,"date":"2025-11-28T12:14:38","date_gmt":"2025-11-28T15:14:38","guid":{"rendered":"https:\/\/www.manaus.am.gov.br\/semcom\/prefeitura-semef-prazo-credito-iptu\/"},"modified":"2025-11-28T12:14:40","modified_gmt":"2025-11-28T15:14:40","slug":"prefeitura-semef-prazo-credito-iptu","status":"publish","type":"post","link":"https:\/\/www.manaus.am.gov.br\/semcom\/prefeitura-semef-prazo-credito-iptu\/","title":{"rendered":"Contribuintes t\u00eam at\u00e9 30 de novembro para solicitar cr\u00e9ditos da NFS-e para abatimento no IPTU 2026"},"content":{"rendered":"\n<p>A Prefeitura de Manaus, por meio da Secretaria Municipal de Finan\u00e7as, Planejamento e Tecnologia da Informa\u00e7\u00e3o (Semef), alerta para o encerramento, no domingo, 30\/11, do prazo para a utiliza\u00e7\u00e3o dos cr\u00e9ditos acumulados da Nota Fiscal de Servi\u00e7o Eletr\u00f4nica (NFS-e) para abatimento no Imposto Predial e Territorial Urbano (IPTU) de 2026.<\/p>\n\n\n\n<p>A consulta dos cr\u00e9ditos e a indica\u00e7\u00e3o da inscri\u00e7\u00e3o imobili\u00e1ria devem ser feitas exclusivamente pelo site:&nbsp;<a href=\"http:\/\/creditodanota.manaus.am.gov.br\/\" target=\"_blank\" rel=\"noreferrer noopener\">creditodanota.manaus.am.gov.br<\/a>. No portal, o contribuinte pode verificar o saldo acumulado, conferir as notas fiscais registradas e selecionar o im\u00f3vel que receber\u00e1 o desconto no IPTU 2026.<\/p>\n\n\n\n<p>O programa de incentivo da Prefeitura de Manaus permite que cidad\u00e3os utilizem cr\u00e9ditos gerados ao solicitar a NFS-e com CPF para obter desconto no IPTU do ano seguinte. O abatimento pode chegar a 50% do valor do imposto, representando economia significativa para o contribuinte.<\/p>\n\n\n\n<p>\u201cEstamos nos \u00faltimos dias para que os contribuintes fa\u00e7am a indica\u00e7\u00e3o do im\u00f3vel que desejam beneficiar. Quem solicita nota fiscal de servi\u00e7o com CPF acumula cr\u00e9ditos que podem se transformar em desconto de at\u00e9 50% no IPTU. \u00c9 fundamental que todos realizem a op\u00e7\u00e3o at\u00e9 30 de novembro, para garantir o direito ao benef\u00edcio\u201d, refor\u00e7ou o subsecret\u00e1rio da Receita da Semef, Arm\u00ednio Pontes.<\/p>\n\n\n\n<p>&#8212; &#8212; &#8212;<\/p>\n\n\n\n<p><strong>Texto e foto<\/strong>&nbsp;\u2013 Divulga\u00e7\u00e3o\/Semef<\/p>\n","protected":false},"excerpt":{"rendered":"","protected":false},"author":23,"featured_media":249011,"comment_status":"closed","ping_status":"closed","sticky":false,"template":"","format":"standard","meta":{"footnotes":""},"categories":[2374],"tags":[12545,18176,2163,156,2907,77],"acf":[],"yoast_head":"<!-- This site is optimized with the Yoast SEO plugin v23.0 - https:\/\/yoast.com\/wordpress\/plugins\/seo\/ -->\n<title>Contribuintes t\u00eam at\u00e9 30 de novembro para solicitar cr\u00e9ditos da NFS-e para abatimento no IPTU 2026<\/title>\n<meta name=\"description\" content=\"A Prefeitura de Manaus, por meio da Secretaria Municipal de Finan\u00e7as, Planejamento e Tecnologia da Informa\u00e7\u00e3o (Semef), alerta para o encerramento, no domingo, 30\/11, do prazo para a utiliza\u00e7\u00e3o dos cr\u00e9ditos acumulados da Nota Fiscal de Servi\u00e7o Eletr\u00f4nica (NFS-e) para abatimento no Imposto Predial e Territorial Urbano (IPTU) de 2026.\" \/>\n<meta name=\"robots\" content=\"index, follow, max-snippet:-1, max-image-preview:large, max-video-preview:-1\" \/>\n<link rel=\"canonical\" href=\"https:\/\/www.manaus.am.gov.br\/semcom\/prefeitura-semef-prazo-credito-iptu\/\" \/>\n<meta property=\"og:locale\" content=\"pt_BR\" \/>\n<meta property=\"og:type\" content=\"article\" \/>\n<meta property=\"og:title\" content=\"Contribuintes t\u00eam at\u00e9 30 de novembro para solicitar cr\u00e9ditos da NFS-e para abatimento no IPTU 2026\" \/>\n<meta property=\"og:description\" content=\"A Prefeitura de Manaus, por meio da Secretaria Municipal de Finan\u00e7as, Planejamento e Tecnologia da Informa\u00e7\u00e3o (Semef), alerta para o encerramento, no domingo, 30\/11, do prazo para a utiliza\u00e7\u00e3o dos cr\u00e9ditos acumulados da Nota Fiscal de Servi\u00e7o Eletr\u00f4nica (NFS-e) para abatimento no Imposto Predial e Territorial Urbano (IPTU) de 2026.\" \/>\n<meta property=\"og:url\" content=\"https:\/\/www.manaus.am.gov.br\/semcom\/prefeitura-semef-prazo-credito-iptu\/\" \/>\n<meta property=\"og:site_name\" content=\"SEMCOM\" \/>\n<meta property=\"article:published_time\" content=\"2025-11-28T15:14:38+00:00\" \/>\n<meta property=\"article:modified_time\" content=\"2025-11-28T15:14:40+00:00\" \/>\n<meta property=\"og:image\" content=\"https:\/\/www.manaus.am.gov.br\/semcom\/wp-content\/uploads\/sites\/5\/2025\/11\/IMG_9952-1-1024x683.jpg\" \/>\n\t<meta property=\"og:image:width\" content=\"1024\" \/>\n\t<meta property=\"og:image:height\" content=\"683\" \/>\n\t<meta property=\"og:image:type\" content=\"image\/jpeg\" \/>\n<meta name=\"author\" content=\"Adriana Costa\" \/>\n<meta name=\"twitter:card\" content=\"summary_large_image\" \/>\n<meta name=\"twitter:label1\" content=\"Written by\" \/>\n\t<meta name=\"twitter:data1\" content=\"Adriana Costa\" \/>\n\t<meta name=\"twitter:label2\" content=\"Est. reading time\" \/>\n\t<meta name=\"twitter:data2\" content=\"2 minutos\" \/>\n<script type=\"application\/ld+json\" class=\"yoast-schema-graph\">{\"@context\":\"https:\/\/schema.org\",\"@graph\":[{\"@type\":\"WebPage\",\"@id\":\"https:\/\/www.manaus.am.gov.br\/semcom\/prefeitura-semef-prazo-credito-iptu\/\",\"url\":\"https:\/\/www.manaus.am.gov.br\/semcom\/prefeitura-semef-prazo-credito-iptu\/\",\"name\":\"Contribuintes t\u00eam at\u00e9 30 de novembro para solicitar cr\u00e9ditos da NFS-e para abatimento no IPTU 2026\",\"isPartOf\":{\"@id\":\"https:\/\/www.manaus.am.gov.br\/semcom\/#website\"},\"primaryImageOfPage\":{\"@id\":\"https:\/\/www.manaus.am.gov.br\/semcom\/prefeitura-semef-prazo-credito-iptu\/#primaryimage\"},\"image\":{\"@id\":\"https:\/\/www.manaus.am.gov.br\/semcom\/prefeitura-semef-prazo-credito-iptu\/#primaryimage\"},\"thumbnailUrl\":\"https:\/\/www.manaus.am.gov.br\/semcom\/wp-content\/uploads\/sites\/5\/2025\/11\/IMG_9952-1.jpg\",\"datePublished\":\"2025-11-28T15:14:38+00:00\",\"dateModified\":\"2025-11-28T15:14:40+00:00\",\"author\":{\"@id\":\"https:\/\/www.manaus.am.gov.br\/semcom\/#\/schema\/person\/4e49f4e267757a06ca072ec61b2b9968\"},\"description\":\"A Prefeitura de Manaus, por meio da Secretaria Municipal de Finan\u00e7as, Planejamento e Tecnologia da Informa\u00e7\u00e3o (Semef), alerta para o encerramento, no domingo, 30\/11, do prazo para a utiliza\u00e7\u00e3o dos cr\u00e9ditos acumulados da Nota Fiscal de Servi\u00e7o Eletr\u00f4nica (NFS-e) para abatimento no Imposto Predial e Territorial Urbano (IPTU) de 2026.\",\"inLanguage\":\"pt-BR\",\"potentialAction\":[{\"@type\":\"ReadAction\",\"target\":[\"https:\/\/www.manaus.am.gov.br\/semcom\/prefeitura-semef-prazo-credito-iptu\/\"]}]},{\"@type\":\"ImageObject\",\"inLanguage\":\"pt-BR\",\"@id\":\"https:\/\/www.manaus.am.gov.br\/semcom\/prefeitura-semef-prazo-credito-iptu\/#primaryimage\",\"url\":\"https:\/\/www.manaus.am.gov.br\/semcom\/wp-content\/uploads\/sites\/5\/2025\/11\/IMG_9952-1.jpg\",\"contentUrl\":\"https:\/\/www.manaus.am.gov.br\/semcom\/wp-content\/uploads\/sites\/5\/2025\/11\/IMG_9952-1.jpg\",\"width\":6000,\"height\":4000,\"caption\":\"#paratodosverem - M\u00e3os de contribuinte seguram celular em p\u00e1gina do cr\u00e9dito na nota, da Semef\"},{\"@type\":\"WebSite\",\"@id\":\"https:\/\/www.manaus.am.gov.br\/semcom\/#website\",\"url\":\"https:\/\/www.manaus.am.gov.br\/semcom\/\",\"name\":\"SEMCOM\",\"description\":\"Secretaria Municipal de Comunica\u00e7\u00e3o\",\"potentialAction\":[{\"@type\":\"SearchAction\",\"target\":{\"@type\":\"EntryPoint\",\"urlTemplate\":\"https:\/\/www.manaus.am.gov.br\/semcom\/?s={search_term_string}\"},\"query-input\":\"required name=search_term_string\"}],\"inLanguage\":\"pt-BR\"},{\"@type\":\"Person\",\"@id\":\"https:\/\/www.manaus.am.gov.br\/semcom\/#\/schema\/person\/4e49f4e267757a06ca072ec61b2b9968\",\"name\":\"Adriana Costa\",\"image\":{\"@type\":\"ImageObject\",\"inLanguage\":\"pt-BR\",\"@id\":\"https:\/\/www.manaus.am.gov.br\/semcom\/#\/schema\/person\/image\/\",\"url\":\"https:\/\/secure.gravatar.com\/avatar\/576258617ef7194f718179e766d57bd4?s=96&d=mm&r=g\",\"contentUrl\":\"https:\/\/secure.gravatar.com\/avatar\/576258617ef7194f718179e766d57bd4?s=96&d=mm&r=g\",\"caption\":\"Adriana Costa\"}}]}<\/script>\n<!-- \/ Yoast SEO plugin. -->","yoast_head_json":{"title":"Contribuintes t\u00eam at\u00e9 30 de novembro para solicitar cr\u00e9ditos da NFS-e para abatimento no IPTU 2026","description":"A Prefeitura de Manaus, por meio da Secretaria Municipal de Finan\u00e7as, Planejamento e Tecnologia da Informa\u00e7\u00e3o (Semef), alerta para o encerramento, no domingo, 30\/11, do prazo para a utiliza\u00e7\u00e3o dos cr\u00e9ditos acumulados da Nota Fiscal de Servi\u00e7o Eletr\u00f4nica (NFS-e) para abatimento no Imposto Predial e Territorial Urbano (IPTU) de 2026.","robots":{"index":"index","follow":"follow","max-snippet":"max-snippet:-1","max-image-preview":"max-image-preview:large","max-video-preview":"max-video-preview:-1"},"canonical":"https:\/\/www.manaus.am.gov.br\/semcom\/prefeitura-semef-prazo-credito-iptu\/","og_locale":"pt_BR","og_type":"article","og_title":"Contribuintes t\u00eam at\u00e9 30 de novembro para solicitar cr\u00e9ditos da NFS-e para abatimento no IPTU 2026","og_description":"A Prefeitura de Manaus, por meio da Secretaria Municipal de Finan\u00e7as, Planejamento e Tecnologia da Informa\u00e7\u00e3o (Semef), alerta para o encerramento, no domingo, 30\/11, do prazo para a utiliza\u00e7\u00e3o dos cr\u00e9ditos acumulados da Nota Fiscal de Servi\u00e7o Eletr\u00f4nica (NFS-e) para abatimento no Imposto Predial e Territorial Urbano (IPTU) de 2026.","og_url":"https:\/\/www.manaus.am.gov.br\/semcom\/prefeitura-semef-prazo-credito-iptu\/","og_site_name":"SEMCOM","article_published_time":"2025-11-28T15:14:38+00:00","article_modified_time":"2025-11-28T15:14:40+00:00","og_image":[{"width":1024,"height":683,"url":"https:\/\/www.manaus.am.gov.br\/semcom\/wp-content\/uploads\/sites\/5\/2025\/11\/IMG_9952-1-1024x683.jpg","type":"image\/jpeg"}],"author":"Adriana Costa","twitter_card":"summary_large_image","twitter_misc":{"Written by":"Adriana Costa","Est. reading time":"2 minutos"},"schema":{"@context":"https:\/\/schema.org","@graph":[{"@type":"WebPage","@id":"https:\/\/www.manaus.am.gov.br\/semcom\/prefeitura-semef-prazo-credito-iptu\/","url":"https:\/\/www.manaus.am.gov.br\/semcom\/prefeitura-semef-prazo-credito-iptu\/","name":"Contribuintes t\u00eam at\u00e9 30 de novembro para solicitar cr\u00e9ditos da NFS-e para abatimento no IPTU 2026","isPartOf":{"@id":"https:\/\/www.manaus.am.gov.br\/semcom\/#website"},"primaryImageOfPage":{"@id":"https:\/\/www.manaus.am.gov.br\/semcom\/prefeitura-semef-prazo-credito-iptu\/#primaryimage"},"image":{"@id":"https:\/\/www.manaus.am.gov.br\/semcom\/prefeitura-semef-prazo-credito-iptu\/#primaryimage"},"thumbnailUrl":"https:\/\/www.manaus.am.gov.br\/semcom\/wp-content\/uploads\/sites\/5\/2025\/11\/IMG_9952-1.jpg","datePublished":"2025-11-28T15:14:38+00:00","dateModified":"2025-11-28T15:14:40+00:00","author":{"@id":"https:\/\/www.manaus.am.gov.br\/semcom\/#\/schema\/person\/4e49f4e267757a06ca072ec61b2b9968"},"description":"A Prefeitura de Manaus, por meio da Secretaria Municipal de Finan\u00e7as, Planejamento e Tecnologia da Informa\u00e7\u00e3o (Semef), alerta para o encerramento, no domingo, 30\/11, do prazo para a utiliza\u00e7\u00e3o dos cr\u00e9ditos acumulados da Nota Fiscal de Servi\u00e7o Eletr\u00f4nica (NFS-e) para abatimento no Imposto Predial e Territorial Urbano (IPTU) de 2026.","inLanguage":"pt-BR","potentialAction":[{"@type":"ReadAction","target":["https:\/\/www.manaus.am.gov.br\/semcom\/prefeitura-semef-prazo-credito-iptu\/"]}]},{"@type":"ImageObject","inLanguage":"pt-BR","@id":"https:\/\/www.manaus.am.gov.br\/semcom\/prefeitura-semef-prazo-credito-iptu\/#primaryimage","url":"https:\/\/www.manaus.am.gov.br\/semcom\/wp-content\/uploads\/sites\/5\/2025\/11\/IMG_9952-1.jpg","contentUrl":"https:\/\/www.manaus.am.gov.br\/semcom\/wp-content\/uploads\/sites\/5\/2025\/11\/IMG_9952-1.jpg","width":6000,"height":4000,"caption":"#paratodosverem - M\u00e3os de contribuinte seguram celular em p\u00e1gina do cr\u00e9dito na nota, da Semef"},{"@type":"WebSite","@id":"https:\/\/www.manaus.am.gov.br\/semcom\/#website","url":"https:\/\/www.manaus.am.gov.br\/semcom\/","name":"SEMCOM","description":"Secretaria Municipal de Comunica\u00e7\u00e3o","potentialAction":[{"@type":"SearchAction","target":{"@type":"EntryPoint","urlTemplate":"https:\/\/www.manaus.am.gov.br\/semcom\/?s={search_term_string}"},"query-input":"required name=search_term_string"}],"inLanguage":"pt-BR"},{"@type":"Person","@id":"https:\/\/www.manaus.am.gov.br\/semcom\/#\/schema\/person\/4e49f4e267757a06ca072ec61b2b9968","name":"Adriana Costa","image":{"@type":"ImageObject","inLanguage":"pt-BR","@id":"https:\/\/www.manaus.am.gov.br\/semcom\/#\/schema\/person\/image\/","url":"https:\/\/secure.gravatar.com\/avatar\/576258617ef7194f718179e766d57bd4?s=96&d=mm&r=g","contentUrl":"https:\/\/secure.gravatar.com\/avatar\/576258617ef7194f718179e766d57bd4?s=96&d=mm&r=g","caption":"Adriana Costa"}}]}},"_links":{"self":[{"href":"https:\/\/www.manaus.am.gov.br\/semcom\/wp-json\/wp\/v2\/posts\/249010"}],"collection":[{"href":"https:\/\/www.manaus.am.gov.br\/semcom\/wp-json\/wp\/v2\/posts"}],"about":[{"href":"https:\/\/www.manaus.am.gov.br\/semcom\/wp-json\/wp\/v2\/types\/post"}],"author":[{"embeddable":true,"href":"https:\/\/www.manaus.am.gov.br\/semcom\/wp-json\/wp\/v2\/users\/23"}],"replies":[{"embeddable":true,"href":"https:\/\/www.manaus.am.gov.br\/semcom\/wp-json\/wp\/v2\/comments?post=249010"}],"version-history":[{"count":0,"href":"https:\/\/www.manaus.am.gov.br\/semcom\/wp-json\/wp\/v2\/posts\/249010\/revisions"}],"wp:featuredmedia":[{"embeddable":true,"href":"https:\/\/www.manaus.am.gov.br\/semcom\/wp-json\/wp\/v2\/media\/249011"}],"wp:attachment":[{"href":"https:\/\/www.manaus.am.gov.br\/semcom\/wp-json\/wp\/v2\/media?parent=249010"}],"wp:term":[{"taxonomy":"category","embeddable":true,"href":"https:\/\/www.manaus.am.gov.br\/semcom\/wp-json\/wp\/v2\/categories?post=249010"},{"taxonomy":"post_tag","embeddable":true,"href":"https:\/\/www.manaus.am.gov.br\/semcom\/wp-json\/wp\/v2\/tags?post=249010"}],"curies":[{"name":"wp","href":"https:\/\/api.w.org\/{rel}","templated":true}]}}