{"id":248967,"date":"2025-11-27T15:59:12","date_gmt":"2025-11-27T18:59:12","guid":{"rendered":"https:\/\/www.manaus.am.gov.br\/semcom\/prefeitura-semef-notapremiadamanaus\/"},"modified":"2025-11-27T15:59:13","modified_gmt":"2025-11-27T18:59:13","slug":"prefeitura-semef-notapremiadamanaus","status":"publish","type":"post","link":"https:\/\/www.manaus.am.gov.br\/semcom\/prefeitura-semef-notapremiadamanaus\/","title":{"rendered":"Prefeitura entrega mais R$ 200 mil em pr\u00eamios da \u2018Nota Premiada Manaus\u2019"},"content":{"rendered":"\n<p>A Prefeitura de Manaus, por meio da Secretaria Municipal de Finan\u00e7as, Planejamento e Tecnologia da Informa\u00e7\u00e3o (Semef), realizou, na manh\u00e3 desta quinta-feira, 27\/11, a cerim\u00f4nia de premia\u00e7\u00e3o dos contemplados do 9\u00ba sorteio de 2025, da campanha \u201cNota Premiada Manaus\u201d. Ao todo, R$ 200 mil foram distribu\u00eddos entre 27 participantes que solicitaram o CPF na Nota Fiscal de Servi\u00e7o Eletr\u00f4nica (NFS-e).<\/p>\n\n\n\n<p>O evento ocorreu no audit\u00f3rio da Subsecretaria da Receita da Semef, no Centro, e foi conduzido pelo coordenador do Grupo de Educa\u00e7\u00e3o Fiscal do Munic\u00edpio (GEFM), Edson Fernandes, respons\u00e1vel pela entrega dos cheques simb\u00f3licos. Ele destacou o papel essencial da campanha para conscientiza\u00e7\u00e3o social e fiscal dos contribuintes.<\/p>\n\n\n\n<p>\u201cA \u2018Nota Premiada\u2019 \u00e9 mais do que uma campanha de pr\u00eamios. Ela \u00e9 uma ferramenta de educa\u00e7\u00e3o fiscal que incentiva o cidad\u00e3o a participar ativamente no combate \u00e0 sonega\u00e7\u00e3o e na constru\u00e7\u00e3o de uma cidade mais justa\u201d, afirmou Edson.<\/p>\n\n\n\n<p>O coordenador lembrou que ainda h\u00e1 tempo para participar do \u00faltimo sorteio do ano e tamb\u00e9m concorrer ao sorteio especial de 2025, marcado para janeiro, que sortear\u00e1 R$ 100 mil no pr\u00eamio principal. \u201cBasta se inscrever no site, indicar uma institui\u00e7\u00e3o social e exigir sempre a sua Nota Fiscal de Servi\u00e7o com CPF\u201d, refor\u00e7ou.<\/p>\n\n\n\n<p>A grande premiada desta edi\u00e7\u00e3o, Bruna Cristina Dias, vencedora dos R$ 30 mil, n\u00e3o p\u00f4de comparecer e foi representada pelo esposo, Neryson Maciel, que recebeu o cheque simb\u00f3lico em seu nome. O casal indicou a institui\u00e7\u00e3o Casa Vhida para receber o pr\u00eamio de igual valor. \u201c\u00c9 uma grande satisfa\u00e7\u00e3o receber o maior pr\u00eamio do sorteio, e ainda mais gratificante saber que podemos ajudar uma institui\u00e7\u00e3o que faz um trabalho t\u00e3o importante. Ficamos muito felizes em contribuir\u201d, disse.<\/p>\n\n\n\n<p>A lista completa dos contemplados est\u00e1 dispon\u00edvel no site oficial da campanha:&nbsp;<a href=\"http:\/\/notapremiada.manaus.am.gov.br\/\" target=\"_blank\" rel=\"noreferrer noopener\">notapremiada.manaus.am.gov.br<\/a>. A \u201cNota Premiada Manaus\u201d segue estimulando a cidadania fiscal, beneficiando os participantes e ampliando o apoio \u00e0s institui\u00e7\u00f5es sociais da cidade.<\/p>\n\n\n\n<p>&#8212; &#8212; &#8212;<\/p>\n\n\n\n<p><strong>Texto <\/strong>e <strong>foto\u00a0<\/strong>\u2013 Divulga\u00e7\u00e3o\/Semef<\/p>\n","protected":false},"excerpt":{"rendered":"","protected":false},"author":23,"featured_media":248968,"comment_status":"closed","ping_status":"closed","sticky":false,"template":"","format":"standard","meta":{"footnotes":""},"categories":[272],"tags":[421,18156,18157,3258,77,157],"acf":[],"yoast_head":"<!-- This site is optimized with the Yoast SEO plugin v23.0 - https:\/\/yoast.com\/wordpress\/plugins\/seo\/ -->\n<title>Prefeitura entrega mais R$ 200 mil em pr\u00eamios da \u2018Nota Premiada Manaus\u2019<\/title>\n<meta name=\"description\" content=\"A Prefeitura de Manaus, por meio da Secretaria Municipal de Finan\u00e7as, Planejamento e Tecnologia da Informa\u00e7\u00e3o (Semef), realizou, na manh\u00e3 desta quinta-feira, 27\/11, a cerim\u00f4nia de premia\u00e7\u00e3o dos contemplados do 9\u00ba sorteio de 2025, da campanha \u201cNota Premiada Manaus\u201d. Ao todo, R$ 200 mil foram distribu\u00eddos entre 27 participantes que solicitaram o CPF na Nota Fiscal de Servi\u00e7o Eletr\u00f4nica (NFS-e).\" \/>\n<meta name=\"robots\" content=\"index, follow, max-snippet:-1, max-image-preview:large, max-video-preview:-1\" \/>\n<link rel=\"canonical\" href=\"https:\/\/www.manaus.am.gov.br\/semcom\/prefeitura-semef-notapremiadamanaus\/\" \/>\n<meta property=\"og:locale\" content=\"pt_BR\" \/>\n<meta property=\"og:type\" content=\"article\" \/>\n<meta property=\"og:title\" content=\"Prefeitura entrega mais R$ 200 mil em pr\u00eamios da \u2018Nota Premiada Manaus\u2019\" \/>\n<meta property=\"og:description\" content=\"A Prefeitura de Manaus, por meio da Secretaria Municipal de Finan\u00e7as, Planejamento e Tecnologia da Informa\u00e7\u00e3o (Semef), realizou, na manh\u00e3 desta quinta-feira, 27\/11, a cerim\u00f4nia de premia\u00e7\u00e3o dos contemplados do 9\u00ba sorteio de 2025, da campanha \u201cNota Premiada Manaus\u201d. Ao todo, R$ 200 mil foram distribu\u00eddos entre 27 participantes que solicitaram o CPF na Nota Fiscal de Servi\u00e7o Eletr\u00f4nica (NFS-e).\" \/>\n<meta property=\"og:url\" content=\"https:\/\/www.manaus.am.gov.br\/semcom\/prefeitura-semef-notapremiadamanaus\/\" \/>\n<meta property=\"og:site_name\" content=\"SEMCOM\" \/>\n<meta property=\"article:published_time\" content=\"2025-11-27T18:59:12+00:00\" \/>\n<meta property=\"article:modified_time\" content=\"2025-11-27T18:59:13+00:00\" \/>\n<meta property=\"og:image\" content=\"https:\/\/www.manaus.am.gov.br\/semcom\/wp-content\/uploads\/sites\/5\/2025\/11\/WhatsApp-Image-2025-11-27-at-14.53.44-2.jpeg\" \/>\n\t<meta property=\"og:image:width\" content=\"1600\" \/>\n\t<meta property=\"og:image:height\" content=\"1066\" \/>\n\t<meta property=\"og:image:type\" content=\"image\/jpeg\" \/>\n<meta name=\"author\" content=\"Adriana Costa\" \/>\n<meta name=\"twitter:card\" content=\"summary_large_image\" \/>\n<meta name=\"twitter:label1\" content=\"Written by\" \/>\n\t<meta name=\"twitter:data1\" content=\"Adriana Costa\" \/>\n\t<meta name=\"twitter:label2\" content=\"Est. reading time\" \/>\n\t<meta name=\"twitter:data2\" content=\"2 minutos\" \/>\n<script type=\"application\/ld+json\" class=\"yoast-schema-graph\">{\"@context\":\"https:\/\/schema.org\",\"@graph\":[{\"@type\":\"WebPage\",\"@id\":\"https:\/\/www.manaus.am.gov.br\/semcom\/prefeitura-semef-notapremiadamanaus\/\",\"url\":\"https:\/\/www.manaus.am.gov.br\/semcom\/prefeitura-semef-notapremiadamanaus\/\",\"name\":\"Prefeitura entrega mais R$ 200 mil em pr\u00eamios da \u2018Nota Premiada Manaus\u2019\",\"isPartOf\":{\"@id\":\"https:\/\/www.manaus.am.gov.br\/semcom\/#website\"},\"primaryImageOfPage\":{\"@id\":\"https:\/\/www.manaus.am.gov.br\/semcom\/prefeitura-semef-notapremiadamanaus\/#primaryimage\"},\"image\":{\"@id\":\"https:\/\/www.manaus.am.gov.br\/semcom\/prefeitura-semef-notapremiadamanaus\/#primaryimage\"},\"thumbnailUrl\":\"https:\/\/www.manaus.am.gov.br\/semcom\/wp-content\/uploads\/sites\/5\/2025\/11\/WhatsApp-Image-2025-11-27-at-14.53.44-2.jpeg\",\"datePublished\":\"2025-11-27T18:59:12+00:00\",\"dateModified\":\"2025-11-27T18:59:13+00:00\",\"author\":{\"@id\":\"https:\/\/www.manaus.am.gov.br\/semcom\/#\/schema\/person\/4e49f4e267757a06ca072ec61b2b9968\"},\"description\":\"A Prefeitura de Manaus, por meio da Secretaria Municipal de Finan\u00e7as, Planejamento e Tecnologia da Informa\u00e7\u00e3o (Semef), realizou, na manh\u00e3 desta quinta-feira, 27\/11, a cerim\u00f4nia de premia\u00e7\u00e3o dos contemplados do 9\u00ba sorteio de 2025, da campanha \u201cNota Premiada Manaus\u201d. Ao todo, R$ 200 mil foram distribu\u00eddos entre 27 participantes que solicitaram o CPF na Nota Fiscal de Servi\u00e7o Eletr\u00f4nica (NFS-e).\",\"inLanguage\":\"pt-BR\",\"potentialAction\":[{\"@type\":\"ReadAction\",\"target\":[\"https:\/\/www.manaus.am.gov.br\/semcom\/prefeitura-semef-notapremiadamanaus\/\"]}]},{\"@type\":\"ImageObject\",\"inLanguage\":\"pt-BR\",\"@id\":\"https:\/\/www.manaus.am.gov.br\/semcom\/prefeitura-semef-notapremiadamanaus\/#primaryimage\",\"url\":\"https:\/\/www.manaus.am.gov.br\/semcom\/wp-content\/uploads\/sites\/5\/2025\/11\/WhatsApp-Image-2025-11-27-at-14.53.44-2.jpeg\",\"contentUrl\":\"https:\/\/www.manaus.am.gov.br\/semcom\/wp-content\/uploads\/sites\/5\/2025\/11\/WhatsApp-Image-2025-11-27-at-14.53.44-2.jpeg\",\"width\":1600,\"height\":1066,\"caption\":\"#paratodosverem - Premiados seguram cheques simb\u00f3licos da Nota Premiada Manaus\"},{\"@type\":\"WebSite\",\"@id\":\"https:\/\/www.manaus.am.gov.br\/semcom\/#website\",\"url\":\"https:\/\/www.manaus.am.gov.br\/semcom\/\",\"name\":\"SEMCOM\",\"description\":\"Secretaria Municipal de Comunica\u00e7\u00e3o\",\"potentialAction\":[{\"@type\":\"SearchAction\",\"target\":{\"@type\":\"EntryPoint\",\"urlTemplate\":\"https:\/\/www.manaus.am.gov.br\/semcom\/?s={search_term_string}\"},\"query-input\":\"required name=search_term_string\"}],\"inLanguage\":\"pt-BR\"},{\"@type\":\"Person\",\"@id\":\"https:\/\/www.manaus.am.gov.br\/semcom\/#\/schema\/person\/4e49f4e267757a06ca072ec61b2b9968\",\"name\":\"Adriana Costa\",\"image\":{\"@type\":\"ImageObject\",\"inLanguage\":\"pt-BR\",\"@id\":\"https:\/\/www.manaus.am.gov.br\/semcom\/#\/schema\/person\/image\/\",\"url\":\"https:\/\/secure.gravatar.com\/avatar\/576258617ef7194f718179e766d57bd4?s=96&d=mm&r=g\",\"contentUrl\":\"https:\/\/secure.gravatar.com\/avatar\/576258617ef7194f718179e766d57bd4?s=96&d=mm&r=g\",\"caption\":\"Adriana Costa\"}}]}<\/script>\n<!-- \/ Yoast SEO plugin. -->","yoast_head_json":{"title":"Prefeitura entrega mais R$ 200 mil em pr\u00eamios da \u2018Nota Premiada Manaus\u2019","description":"A Prefeitura de Manaus, por meio da Secretaria Municipal de Finan\u00e7as, Planejamento e Tecnologia da Informa\u00e7\u00e3o (Semef), realizou, na manh\u00e3 desta quinta-feira, 27\/11, a cerim\u00f4nia de premia\u00e7\u00e3o dos contemplados do 9\u00ba sorteio de 2025, da campanha \u201cNota Premiada Manaus\u201d. Ao todo, R$ 200 mil foram distribu\u00eddos entre 27 participantes que solicitaram o CPF na Nota Fiscal de Servi\u00e7o Eletr\u00f4nica (NFS-e).","robots":{"index":"index","follow":"follow","max-snippet":"max-snippet:-1","max-image-preview":"max-image-preview:large","max-video-preview":"max-video-preview:-1"},"canonical":"https:\/\/www.manaus.am.gov.br\/semcom\/prefeitura-semef-notapremiadamanaus\/","og_locale":"pt_BR","og_type":"article","og_title":"Prefeitura entrega mais R$ 200 mil em pr\u00eamios da \u2018Nota Premiada Manaus\u2019","og_description":"A Prefeitura de Manaus, por meio da Secretaria Municipal de Finan\u00e7as, Planejamento e Tecnologia da Informa\u00e7\u00e3o (Semef), realizou, na manh\u00e3 desta quinta-feira, 27\/11, a cerim\u00f4nia de premia\u00e7\u00e3o dos contemplados do 9\u00ba sorteio de 2025, da campanha \u201cNota Premiada Manaus\u201d. Ao todo, R$ 200 mil foram distribu\u00eddos entre 27 participantes que solicitaram o CPF na Nota Fiscal de Servi\u00e7o Eletr\u00f4nica (NFS-e).","og_url":"https:\/\/www.manaus.am.gov.br\/semcom\/prefeitura-semef-notapremiadamanaus\/","og_site_name":"SEMCOM","article_published_time":"2025-11-27T18:59:12+00:00","article_modified_time":"2025-11-27T18:59:13+00:00","og_image":[{"width":1600,"height":1066,"url":"https:\/\/www.manaus.am.gov.br\/semcom\/wp-content\/uploads\/sites\/5\/2025\/11\/WhatsApp-Image-2025-11-27-at-14.53.44-2.jpeg","type":"image\/jpeg"}],"author":"Adriana Costa","twitter_card":"summary_large_image","twitter_misc":{"Written by":"Adriana Costa","Est. reading time":"2 minutos"},"schema":{"@context":"https:\/\/schema.org","@graph":[{"@type":"WebPage","@id":"https:\/\/www.manaus.am.gov.br\/semcom\/prefeitura-semef-notapremiadamanaus\/","url":"https:\/\/www.manaus.am.gov.br\/semcom\/prefeitura-semef-notapremiadamanaus\/","name":"Prefeitura entrega mais R$ 200 mil em pr\u00eamios da \u2018Nota Premiada Manaus\u2019","isPartOf":{"@id":"https:\/\/www.manaus.am.gov.br\/semcom\/#website"},"primaryImageOfPage":{"@id":"https:\/\/www.manaus.am.gov.br\/semcom\/prefeitura-semef-notapremiadamanaus\/#primaryimage"},"image":{"@id":"https:\/\/www.manaus.am.gov.br\/semcom\/prefeitura-semef-notapremiadamanaus\/#primaryimage"},"thumbnailUrl":"https:\/\/www.manaus.am.gov.br\/semcom\/wp-content\/uploads\/sites\/5\/2025\/11\/WhatsApp-Image-2025-11-27-at-14.53.44-2.jpeg","datePublished":"2025-11-27T18:59:12+00:00","dateModified":"2025-11-27T18:59:13+00:00","author":{"@id":"https:\/\/www.manaus.am.gov.br\/semcom\/#\/schema\/person\/4e49f4e267757a06ca072ec61b2b9968"},"description":"A Prefeitura de Manaus, por meio da Secretaria Municipal de Finan\u00e7as, Planejamento e Tecnologia da Informa\u00e7\u00e3o (Semef), realizou, na manh\u00e3 desta quinta-feira, 27\/11, a cerim\u00f4nia de premia\u00e7\u00e3o dos contemplados do 9\u00ba sorteio de 2025, da campanha \u201cNota Premiada Manaus\u201d. Ao todo, R$ 200 mil foram distribu\u00eddos entre 27 participantes que solicitaram o CPF na Nota Fiscal de Servi\u00e7o Eletr\u00f4nica (NFS-e).","inLanguage":"pt-BR","potentialAction":[{"@type":"ReadAction","target":["https:\/\/www.manaus.am.gov.br\/semcom\/prefeitura-semef-notapremiadamanaus\/"]}]},{"@type":"ImageObject","inLanguage":"pt-BR","@id":"https:\/\/www.manaus.am.gov.br\/semcom\/prefeitura-semef-notapremiadamanaus\/#primaryimage","url":"https:\/\/www.manaus.am.gov.br\/semcom\/wp-content\/uploads\/sites\/5\/2025\/11\/WhatsApp-Image-2025-11-27-at-14.53.44-2.jpeg","contentUrl":"https:\/\/www.manaus.am.gov.br\/semcom\/wp-content\/uploads\/sites\/5\/2025\/11\/WhatsApp-Image-2025-11-27-at-14.53.44-2.jpeg","width":1600,"height":1066,"caption":"#paratodosverem - Premiados seguram cheques simb\u00f3licos da Nota Premiada Manaus"},{"@type":"WebSite","@id":"https:\/\/www.manaus.am.gov.br\/semcom\/#website","url":"https:\/\/www.manaus.am.gov.br\/semcom\/","name":"SEMCOM","description":"Secretaria Municipal de Comunica\u00e7\u00e3o","potentialAction":[{"@type":"SearchAction","target":{"@type":"EntryPoint","urlTemplate":"https:\/\/www.manaus.am.gov.br\/semcom\/?s={search_term_string}"},"query-input":"required name=search_term_string"}],"inLanguage":"pt-BR"},{"@type":"Person","@id":"https:\/\/www.manaus.am.gov.br\/semcom\/#\/schema\/person\/4e49f4e267757a06ca072ec61b2b9968","name":"Adriana Costa","image":{"@type":"ImageObject","inLanguage":"pt-BR","@id":"https:\/\/www.manaus.am.gov.br\/semcom\/#\/schema\/person\/image\/","url":"https:\/\/secure.gravatar.com\/avatar\/576258617ef7194f718179e766d57bd4?s=96&d=mm&r=g","contentUrl":"https:\/\/secure.gravatar.com\/avatar\/576258617ef7194f718179e766d57bd4?s=96&d=mm&r=g","caption":"Adriana Costa"}}]}},"_links":{"self":[{"href":"https:\/\/www.manaus.am.gov.br\/semcom\/wp-json\/wp\/v2\/posts\/248967"}],"collection":[{"href":"https:\/\/www.manaus.am.gov.br\/semcom\/wp-json\/wp\/v2\/posts"}],"about":[{"href":"https:\/\/www.manaus.am.gov.br\/semcom\/wp-json\/wp\/v2\/types\/post"}],"author":[{"embeddable":true,"href":"https:\/\/www.manaus.am.gov.br\/semcom\/wp-json\/wp\/v2\/users\/23"}],"replies":[{"embeddable":true,"href":"https:\/\/www.manaus.am.gov.br\/semcom\/wp-json\/wp\/v2\/comments?post=248967"}],"version-history":[{"count":0,"href":"https:\/\/www.manaus.am.gov.br\/semcom\/wp-json\/wp\/v2\/posts\/248967\/revisions"}],"wp:featuredmedia":[{"embeddable":true,"href":"https:\/\/www.manaus.am.gov.br\/semcom\/wp-json\/wp\/v2\/media\/248968"}],"wp:attachment":[{"href":"https:\/\/www.manaus.am.gov.br\/semcom\/wp-json\/wp\/v2\/media?parent=248967"}],"wp:term":[{"taxonomy":"category","embeddable":true,"href":"https:\/\/www.manaus.am.gov.br\/semcom\/wp-json\/wp\/v2\/categories?post=248967"},{"taxonomy":"post_tag","embeddable":true,"href":"https:\/\/www.manaus.am.gov.br\/semcom\/wp-json\/wp\/v2\/tags?post=248967"}],"curies":[{"name":"wp","href":"https:\/\/api.w.org\/{rel}","templated":true}]}}