{"id":248961,"date":"2025-11-27T12:14:15","date_gmt":"2025-11-27T16:14:15","guid":{"rendered":"https:\/\/www.manaus.am.gov.br\/semcom\/cassarao-inovacao-cassina-top-3-premio-jaraqui-graudo\/"},"modified":"2025-11-27T12:14:15","modified_gmt":"2025-11-27T16:14:15","slug":"cassarao-inovacao-cassina-top-3-premio-jaraqui-graudo","status":"publish","type":"post","link":"https:\/\/www.manaus.am.gov.br\/semcom\/cassarao-inovacao-cassina-top-3-premio-jaraqui-graudo\/","title":{"rendered":"Casar\u00e3o da Inova\u00e7\u00e3o Cassina volta ao Top 3 do Pr\u00eamio Jaraqui Gra\u00fado na categoria Espa\u00e7o Colaborativo de Inova\u00e7\u00e3o"},"content":{"rendered":"\n<p>O Casar\u00e3o da Inova\u00e7\u00e3o Cassina, equipamento administrado pela Prefeitura de Manaus, por meio da Secretaria Municipal do Trabalho, Empreendedorismo e Inova\u00e7\u00e3o (Semtepi), voltou a figurar entre os destaques do ecossistema manauara ao alcan\u00e7ar novamente o Top 3 da segunda fase do Pr\u00eamio Jaraqui Gra\u00fado 2025, na categoria Espa\u00e7o Colaborativo de Inova\u00e7\u00e3o.<\/p>\n\n\n\n<p>Para o secret\u00e1rio da Semtepi, Alonso Oliveira, a indica\u00e7\u00e3o conquistada na etapa de vota\u00e7\u00e3o popular, refor\u00e7a o protagonismo do Cassina como um dos ambientes mais ativos e relevantes de tecnologia, criatividade e empreendedorismo da cidade. O espa\u00e7o consolidou, ao longo do \u00faltimo ano, uma agenda consistente de eventos, encontros e iniciativas voltadas ao fortalecimento das comunidades de inova\u00e7\u00e3o de Manaus.<\/p>\n\n\n\n<p>\u201cA presen\u00e7a do Casar\u00e3o da Inova\u00e7\u00e3o Cassina entre os tr\u00eas finalistas do Pr\u00eamio Jaraqui Gra\u00fado \u00e9 um reconhecimento da transforma\u00e7\u00e3o que temos promovido na pol\u00edtica de inova\u00e7\u00e3o da Prefeitura de Manaus. O Cassina voltou a ser um espa\u00e7o pulsante, onde ideias se encontram, neg\u00f3cios nascem e onde o empreendedor manauara encontra apoio real para crescer. Esse resultado mostra que estamos no caminho certo, fortalecendo o ecossistema, estimulando novas oportunidades e colocando Manaus em posi\u00e7\u00e3o de destaque no cen\u00e1rio da inova\u00e7\u00e3o\u201d, disse o secret\u00e1rio.<\/p>\n\n\n\n<p>A diretora do Cassina, Daniele Lobo, tamb\u00e9m celebrou a conquista e destacou o papel do espa\u00e7o como ambiente p\u00fablico de incentivo \u00e0 inova\u00e7\u00e3o.<\/p>\n\n\n\n<p>\u201c\u00c9 gratificante estarmos entre os tr\u00eas finalistas do Pr\u00eamio Jaraqui Gra\u00fado. Esse resultado reflete o trabalho desenvolvido no Casar\u00e3o da Inova\u00e7\u00e3o Cassina. A indica\u00e7\u00e3o representa o reconhecimento da popula\u00e7\u00e3o manauara e refor\u00e7a que estamos caminhando lado a lado com os atores do ecossistema de inova\u00e7\u00e3o em prol do desenvolvimento de Manaus. O Cassina \u00e9 um coworking p\u00fablico e est\u00e1 de portas abertas para receber empreendedores e sediar eventos voltados ao empreendedorismo, inova\u00e7\u00e3o e tecnologia\u201d, destacou.<\/p>\n\n\n\n<p>O Pr\u00eamio Jaraqui Gra\u00fado, considerado o \u201cOscar das Startups Amazonenses\u201d, celebra neste ano sua 10\u00aa edi\u00e7\u00e3o com uma metodologia dividida em tr\u00eas etapas, unindo participa\u00e7\u00e3o popular e avalia\u00e7\u00e3o t\u00e9cnica da Academia Jaraqui Gra\u00fado. Agora entre os tr\u00eas mais votados, o Cassina segue com destaque para as pr\u00f3ximas etapas da premia\u00e7\u00e3o.<\/p>\n\n\n\n<p>A cerim\u00f4nia final ocorrer\u00e1 no dia 9\/12, no Centro de Bioneg\u00f3cios da Amaz\u00f4nia (CBA). Indica\u00e7\u00f5es e votos seguem abertos no Linktree do Jaraqui Valley.<\/p>\n\n\n\n<figure class=\"wp-block-image size-full\"><img loading=\"lazy\" decoding=\"async\" width=\"799\" height=\"533\" src=\"https:\/\/www.manaus.am.gov.br\/semcom\/wp-content\/uploads\/sites\/5\/2025\/11\/casssina.jpg\" alt=\"\" class=\"wp-image-248963\" srcset=\"https:\/\/www.manaus.am.gov.br\/semcom\/wp-content\/uploads\/sites\/5\/2025\/11\/casssina.jpg 799w, https:\/\/www.manaus.am.gov.br\/semcom\/wp-content\/uploads\/sites\/5\/2025\/11\/casssina-300x200.jpg 300w, https:\/\/www.manaus.am.gov.br\/semcom\/wp-content\/uploads\/sites\/5\/2025\/11\/casssina-768x512.jpg 768w\" sizes=\"(max-width: 799px) 100vw, 799px\" \/><\/figure>\n\n\n\n<p>&#8212; &#8212; &#8212;<\/p>\n\n\n\n<p><strong>Texto<\/strong>&nbsp;&#8211; Asafe Augusto\/Semtepi<\/p>\n\n\n\n<p><strong>Fotos<\/strong> &#8211; Arquivo\/Semtepi<\/p>\n","protected":false},"excerpt":{"rendered":"","protected":false},"author":39,"featured_media":248962,"comment_status":"closed","ping_status":"closed","sticky":false,"template":"","format":"standard","meta":{"footnotes":""},"categories":[166],"tags":[3249,18153,77,18154,22,18155],"acf":[],"yoast_head":"<!-- This site is optimized with the Yoast SEO plugin v23.0 - https:\/\/yoast.com\/wordpress\/plugins\/seo\/ -->\n<title>Casar\u00e3o da Inova\u00e7\u00e3o Cassina volta ao Top 3 do Pr\u00eamio Jaraqui Gra\u00fado<\/title>\n<meta name=\"description\" content=\"Casar\u00e3o da Inova\u00e7\u00e3o Cassina volta ao Top 3 do Pr\u00eamio Jaraqui Gra\u00fado na categoria Espa\u00e7o Colaborativo de Inova\u00e7\u00e3o.\" \/>\n<meta name=\"robots\" content=\"index, follow, max-snippet:-1, max-image-preview:large, max-video-preview:-1\" \/>\n<link rel=\"canonical\" href=\"https:\/\/www.manaus.am.gov.br\/semcom\/cassarao-inovacao-cassina-top-3-premio-jaraqui-graudo\/\" \/>\n<meta property=\"og:locale\" content=\"pt_BR\" \/>\n<meta property=\"og:type\" content=\"article\" \/>\n<meta property=\"og:title\" content=\"Casar\u00e3o da Inova\u00e7\u00e3o Cassina volta ao Top 3 do Pr\u00eamio Jaraqui Gra\u00fado\" \/>\n<meta property=\"og:description\" content=\"Casar\u00e3o da Inova\u00e7\u00e3o Cassina volta ao Top 3 do Pr\u00eamio Jaraqui Gra\u00fado na categoria Espa\u00e7o Colaborativo de Inova\u00e7\u00e3o.\" \/>\n<meta property=\"og:url\" content=\"https:\/\/www.manaus.am.gov.br\/semcom\/cassarao-inovacao-cassina-top-3-premio-jaraqui-graudo\/\" \/>\n<meta property=\"og:site_name\" content=\"SEMCOM\" \/>\n<meta property=\"article:published_time\" content=\"2025-11-27T16:14:15+00:00\" \/>\n<meta property=\"og:image\" content=\"https:\/\/www.manaus.am.gov.br\/semcom\/wp-content\/uploads\/sites\/5\/2025\/11\/WhatsApp-Image-2025-11-27-at-12.08.43-1.jpeg\" \/>\n\t<meta property=\"og:image:width\" content=\"799\" \/>\n\t<meta property=\"og:image:height\" content=\"533\" \/>\n\t<meta property=\"og:image:type\" content=\"image\/jpeg\" \/>\n<meta name=\"author\" content=\"Bruna Greco\" \/>\n<meta name=\"twitter:card\" content=\"summary_large_image\" \/>\n<meta name=\"twitter:label1\" content=\"Written by\" \/>\n\t<meta name=\"twitter:data1\" content=\"Bruna Greco\" \/>\n\t<meta name=\"twitter:label2\" content=\"Est. reading time\" \/>\n\t<meta name=\"twitter:data2\" content=\"3 minutos\" \/>\n<script type=\"application\/ld+json\" class=\"yoast-schema-graph\">{\"@context\":\"https:\/\/schema.org\",\"@graph\":[{\"@type\":\"WebPage\",\"@id\":\"https:\/\/www.manaus.am.gov.br\/semcom\/cassarao-inovacao-cassina-top-3-premio-jaraqui-graudo\/\",\"url\":\"https:\/\/www.manaus.am.gov.br\/semcom\/cassarao-inovacao-cassina-top-3-premio-jaraqui-graudo\/\",\"name\":\"Casar\u00e3o da Inova\u00e7\u00e3o Cassina volta ao Top 3 do Pr\u00eamio Jaraqui Gra\u00fado\",\"isPartOf\":{\"@id\":\"https:\/\/www.manaus.am.gov.br\/semcom\/#website\"},\"primaryImageOfPage\":{\"@id\":\"https:\/\/www.manaus.am.gov.br\/semcom\/cassarao-inovacao-cassina-top-3-premio-jaraqui-graudo\/#primaryimage\"},\"image\":{\"@id\":\"https:\/\/www.manaus.am.gov.br\/semcom\/cassarao-inovacao-cassina-top-3-premio-jaraqui-graudo\/#primaryimage\"},\"thumbnailUrl\":\"https:\/\/www.manaus.am.gov.br\/semcom\/wp-content\/uploads\/sites\/5\/2025\/11\/WhatsApp-Image-2025-11-27-at-12.08.43-1.jpeg\",\"datePublished\":\"2025-11-27T16:14:15+00:00\",\"dateModified\":\"2025-11-27T16:14:15+00:00\",\"author\":{\"@id\":\"https:\/\/www.manaus.am.gov.br\/semcom\/#\/schema\/person\/05d223aea2bf115f9883a6ff3683d81b\"},\"description\":\"Casar\u00e3o da Inova\u00e7\u00e3o Cassina volta ao Top 3 do Pr\u00eamio Jaraqui Gra\u00fado na categoria Espa\u00e7o Colaborativo de Inova\u00e7\u00e3o.\",\"inLanguage\":\"pt-BR\",\"potentialAction\":[{\"@type\":\"ReadAction\",\"target\":[\"https:\/\/www.manaus.am.gov.br\/semcom\/cassarao-inovacao-cassina-top-3-premio-jaraqui-graudo\/\"]}]},{\"@type\":\"ImageObject\",\"inLanguage\":\"pt-BR\",\"@id\":\"https:\/\/www.manaus.am.gov.br\/semcom\/cassarao-inovacao-cassina-top-3-premio-jaraqui-graudo\/#primaryimage\",\"url\":\"https:\/\/www.manaus.am.gov.br\/semcom\/wp-content\/uploads\/sites\/5\/2025\/11\/WhatsApp-Image-2025-11-27-at-12.08.43-1.jpeg\",\"contentUrl\":\"https:\/\/www.manaus.am.gov.br\/semcom\/wp-content\/uploads\/sites\/5\/2025\/11\/WhatsApp-Image-2025-11-27-at-12.08.43-1.jpeg\",\"width\":799,\"height\":533,\"caption\":\"#paratodosverem - Fachada do Casar\u00e3o da Inova\u00e7\u00e3o Cassina\"},{\"@type\":\"WebSite\",\"@id\":\"https:\/\/www.manaus.am.gov.br\/semcom\/#website\",\"url\":\"https:\/\/www.manaus.am.gov.br\/semcom\/\",\"name\":\"SEMCOM\",\"description\":\"Secretaria Municipal de Comunica\u00e7\u00e3o\",\"potentialAction\":[{\"@type\":\"SearchAction\",\"target\":{\"@type\":\"EntryPoint\",\"urlTemplate\":\"https:\/\/www.manaus.am.gov.br\/semcom\/?s={search_term_string}\"},\"query-input\":\"required name=search_term_string\"}],\"inLanguage\":\"pt-BR\"},{\"@type\":\"Person\",\"@id\":\"https:\/\/www.manaus.am.gov.br\/semcom\/#\/schema\/person\/05d223aea2bf115f9883a6ff3683d81b\",\"name\":\"Bruna Greco\",\"image\":{\"@type\":\"ImageObject\",\"inLanguage\":\"pt-BR\",\"@id\":\"https:\/\/www.manaus.am.gov.br\/semcom\/#\/schema\/person\/image\/\",\"url\":\"https:\/\/secure.gravatar.com\/avatar\/9c877d1a6adc2a055330e5c09a8653ce?s=96&d=mm&r=g\",\"contentUrl\":\"https:\/\/secure.gravatar.com\/avatar\/9c877d1a6adc2a055330e5c09a8653ce?s=96&d=mm&r=g\",\"caption\":\"Bruna Greco\"}}]}<\/script>\n<!-- \/ Yoast SEO plugin. -->","yoast_head_json":{"title":"Casar\u00e3o da Inova\u00e7\u00e3o Cassina volta ao Top 3 do Pr\u00eamio Jaraqui Gra\u00fado","description":"Casar\u00e3o da Inova\u00e7\u00e3o Cassina volta ao Top 3 do Pr\u00eamio Jaraqui Gra\u00fado na categoria Espa\u00e7o Colaborativo de Inova\u00e7\u00e3o.","robots":{"index":"index","follow":"follow","max-snippet":"max-snippet:-1","max-image-preview":"max-image-preview:large","max-video-preview":"max-video-preview:-1"},"canonical":"https:\/\/www.manaus.am.gov.br\/semcom\/cassarao-inovacao-cassina-top-3-premio-jaraqui-graudo\/","og_locale":"pt_BR","og_type":"article","og_title":"Casar\u00e3o da Inova\u00e7\u00e3o Cassina volta ao Top 3 do Pr\u00eamio Jaraqui Gra\u00fado","og_description":"Casar\u00e3o da Inova\u00e7\u00e3o Cassina volta ao Top 3 do Pr\u00eamio Jaraqui Gra\u00fado na categoria Espa\u00e7o Colaborativo de Inova\u00e7\u00e3o.","og_url":"https:\/\/www.manaus.am.gov.br\/semcom\/cassarao-inovacao-cassina-top-3-premio-jaraqui-graudo\/","og_site_name":"SEMCOM","article_published_time":"2025-11-27T16:14:15+00:00","og_image":[{"width":799,"height":533,"url":"https:\/\/www.manaus.am.gov.br\/semcom\/wp-content\/uploads\/sites\/5\/2025\/11\/WhatsApp-Image-2025-11-27-at-12.08.43-1.jpeg","type":"image\/jpeg"}],"author":"Bruna Greco","twitter_card":"summary_large_image","twitter_misc":{"Written by":"Bruna Greco","Est. reading time":"3 minutos"},"schema":{"@context":"https:\/\/schema.org","@graph":[{"@type":"WebPage","@id":"https:\/\/www.manaus.am.gov.br\/semcom\/cassarao-inovacao-cassina-top-3-premio-jaraqui-graudo\/","url":"https:\/\/www.manaus.am.gov.br\/semcom\/cassarao-inovacao-cassina-top-3-premio-jaraqui-graudo\/","name":"Casar\u00e3o da Inova\u00e7\u00e3o Cassina volta ao Top 3 do Pr\u00eamio Jaraqui Gra\u00fado","isPartOf":{"@id":"https:\/\/www.manaus.am.gov.br\/semcom\/#website"},"primaryImageOfPage":{"@id":"https:\/\/www.manaus.am.gov.br\/semcom\/cassarao-inovacao-cassina-top-3-premio-jaraqui-graudo\/#primaryimage"},"image":{"@id":"https:\/\/www.manaus.am.gov.br\/semcom\/cassarao-inovacao-cassina-top-3-premio-jaraqui-graudo\/#primaryimage"},"thumbnailUrl":"https:\/\/www.manaus.am.gov.br\/semcom\/wp-content\/uploads\/sites\/5\/2025\/11\/WhatsApp-Image-2025-11-27-at-12.08.43-1.jpeg","datePublished":"2025-11-27T16:14:15+00:00","dateModified":"2025-11-27T16:14:15+00:00","author":{"@id":"https:\/\/www.manaus.am.gov.br\/semcom\/#\/schema\/person\/05d223aea2bf115f9883a6ff3683d81b"},"description":"Casar\u00e3o da Inova\u00e7\u00e3o Cassina volta ao Top 3 do Pr\u00eamio Jaraqui Gra\u00fado na categoria Espa\u00e7o Colaborativo de Inova\u00e7\u00e3o.","inLanguage":"pt-BR","potentialAction":[{"@type":"ReadAction","target":["https:\/\/www.manaus.am.gov.br\/semcom\/cassarao-inovacao-cassina-top-3-premio-jaraqui-graudo\/"]}]},{"@type":"ImageObject","inLanguage":"pt-BR","@id":"https:\/\/www.manaus.am.gov.br\/semcom\/cassarao-inovacao-cassina-top-3-premio-jaraqui-graudo\/#primaryimage","url":"https:\/\/www.manaus.am.gov.br\/semcom\/wp-content\/uploads\/sites\/5\/2025\/11\/WhatsApp-Image-2025-11-27-at-12.08.43-1.jpeg","contentUrl":"https:\/\/www.manaus.am.gov.br\/semcom\/wp-content\/uploads\/sites\/5\/2025\/11\/WhatsApp-Image-2025-11-27-at-12.08.43-1.jpeg","width":799,"height":533,"caption":"#paratodosverem - Fachada do Casar\u00e3o da Inova\u00e7\u00e3o Cassina"},{"@type":"WebSite","@id":"https:\/\/www.manaus.am.gov.br\/semcom\/#website","url":"https:\/\/www.manaus.am.gov.br\/semcom\/","name":"SEMCOM","description":"Secretaria Municipal de Comunica\u00e7\u00e3o","potentialAction":[{"@type":"SearchAction","target":{"@type":"EntryPoint","urlTemplate":"https:\/\/www.manaus.am.gov.br\/semcom\/?s={search_term_string}"},"query-input":"required name=search_term_string"}],"inLanguage":"pt-BR"},{"@type":"Person","@id":"https:\/\/www.manaus.am.gov.br\/semcom\/#\/schema\/person\/05d223aea2bf115f9883a6ff3683d81b","name":"Bruna Greco","image":{"@type":"ImageObject","inLanguage":"pt-BR","@id":"https:\/\/www.manaus.am.gov.br\/semcom\/#\/schema\/person\/image\/","url":"https:\/\/secure.gravatar.com\/avatar\/9c877d1a6adc2a055330e5c09a8653ce?s=96&d=mm&r=g","contentUrl":"https:\/\/secure.gravatar.com\/avatar\/9c877d1a6adc2a055330e5c09a8653ce?s=96&d=mm&r=g","caption":"Bruna Greco"}}]}},"_links":{"self":[{"href":"https:\/\/www.manaus.am.gov.br\/semcom\/wp-json\/wp\/v2\/posts\/248961"}],"collection":[{"href":"https:\/\/www.manaus.am.gov.br\/semcom\/wp-json\/wp\/v2\/posts"}],"about":[{"href":"https:\/\/www.manaus.am.gov.br\/semcom\/wp-json\/wp\/v2\/types\/post"}],"author":[{"embeddable":true,"href":"https:\/\/www.manaus.am.gov.br\/semcom\/wp-json\/wp\/v2\/users\/39"}],"replies":[{"embeddable":true,"href":"https:\/\/www.manaus.am.gov.br\/semcom\/wp-json\/wp\/v2\/comments?post=248961"}],"version-history":[{"count":1,"href":"https:\/\/www.manaus.am.gov.br\/semcom\/wp-json\/wp\/v2\/posts\/248961\/revisions"}],"predecessor-version":[{"id":248964,"href":"https:\/\/www.manaus.am.gov.br\/semcom\/wp-json\/wp\/v2\/posts\/248961\/revisions\/248964"}],"wp:featuredmedia":[{"embeddable":true,"href":"https:\/\/www.manaus.am.gov.br\/semcom\/wp-json\/wp\/v2\/media\/248962"}],"wp:attachment":[{"href":"https:\/\/www.manaus.am.gov.br\/semcom\/wp-json\/wp\/v2\/media?parent=248961"}],"wp:term":[{"taxonomy":"category","embeddable":true,"href":"https:\/\/www.manaus.am.gov.br\/semcom\/wp-json\/wp\/v2\/categories?post=248961"},{"taxonomy":"post_tag","embeddable":true,"href":"https:\/\/www.manaus.am.gov.br\/semcom\/wp-json\/wp\/v2\/tags?post=248961"}],"curies":[{"name":"wp","href":"https:\/\/api.w.org\/{rel}","templated":true}]}}