{"id":248933,"date":"2025-11-26T16:43:00","date_gmt":"2025-11-26T20:43:00","guid":{"rendered":"https:\/\/www.manaus.am.gov.br\/semcom\/conclusao-cursos-2025-manausprev\/"},"modified":"2025-11-26T16:43:00","modified_gmt":"2025-11-26T20:43:00","slug":"conclusao-cursos-2025-manausprev","status":"publish","type":"post","link":"https:\/\/www.manaus.am.gov.br\/semcom\/conclusao-cursos-2025-manausprev\/","title":{"rendered":"Manausprev promove integra\u00e7\u00e3o de aposentadas e celebra conclus\u00e3o de cursos em 2025"},"content":{"rendered":"\n<p>A Manaus Previd\u00eancia realizou, nesta quarta-feira, 26\/11, a cerim\u00f4nia de encerramento dos cursos de dan\u00e7a e artesanato em costura criativa, ofertados gratuitamente a aposentados e pensionistas da autarquia. O evento marcou a conclus\u00e3o das atividades com uma celebra\u00e7\u00e3o festiva e integra\u00e7\u00e3o entre os participantes.<\/p>\n\n\n\n<p>O curso de dan\u00e7a, iniciado em 18\/8, contou com 25 participantes; j\u00e1 o curso de artesanato em costura criativa, iniciado em 20\/8, reuniu 10 participantes. Ambas atividades, realizadas em parceria com Funda\u00e7\u00e3o Universidade Aberta da Terceira Idade (Funati), promoveram momentos de conviv\u00eancia, aprendizado e est\u00edmulo \u00e0 sa\u00fade f\u00edsica e mental ao longo dos meses de realiza\u00e7\u00e3o.<\/p>\n\n\n\n<p>Durante a solenidade, as alunas receberam seus certificados de participa\u00e7\u00e3o. O gerente de Previd\u00eancia, Caio Andrade, ressaltou a import\u00e2ncia das iniciativas para o p\u00fablico atendido.<\/p>\n\n\n\n<p>\u201cA Manausprev viu a import\u00e2ncia dessas atividades para os nossos aposentados e pensionistas, pois impactam diretamente na sa\u00fade f\u00edsica e mental, melhorando a cogni\u00e7\u00e3o, al\u00e9m de trazer aquela sensa\u00e7\u00e3o de pertencimento com a socializa\u00e7\u00e3o. \u00c9 claro que isso tamb\u00e9m aproxima a autarquia da sociedade\u201d, explicou Caio.<\/p>\n\n\n\n<p>A aposentada Marfisa Albuquerque, de 64 anos, concluiu o curso e ainda celebrou quatro anos de seu transplante de medula, exatamente nesta data, comemorando ao lado das colegas.<\/p>\n\n\n\n<p>\u201cHoje \u00e9 um dia muito importante, estar com essas meninas maravilhosas me anima demais, e foi a Manausprev que me proporcionou isso, porque participei de dois cursos, de dan\u00e7a e de musicoterapia. Eu amei. Ano que vem estarei aqui de novo\u201d, celebrou a aposentada.<\/p>\n\n\n\n<p>A Manausprev j\u00e1 planeja novas turmas dos dois cursos, com previs\u00e3o de in\u00edcio para mar\u00e7o de 2026, refor\u00e7ando o compromisso da autarquia em promover a\u00e7\u00f5es que ampliem o bem-estar, a conviv\u00eancia social e a qualidade de vida de aposentados e pensionistas.<\/p>\n\n\n\n<figure class=\"wp-block-image size-large\"><img loading=\"lazy\" decoding=\"async\" width=\"1024\" height=\"768\" src=\"https:\/\/www.manaus.am.gov.br\/semcom\/wp-content\/uploads\/sites\/5\/2025\/11\/Encerramento-de-cursos-1-1024x768.jpeg\" alt=\"\" class=\"wp-image-248935\" srcset=\"https:\/\/www.manaus.am.gov.br\/semcom\/wp-content\/uploads\/sites\/5\/2025\/11\/Encerramento-de-cursos-1-1024x768.jpeg 1024w, https:\/\/www.manaus.am.gov.br\/semcom\/wp-content\/uploads\/sites\/5\/2025\/11\/Encerramento-de-cursos-1-300x225.jpeg 300w, https:\/\/www.manaus.am.gov.br\/semcom\/wp-content\/uploads\/sites\/5\/2025\/11\/Encerramento-de-cursos-1-768x576.jpeg 768w, https:\/\/www.manaus.am.gov.br\/semcom\/wp-content\/uploads\/sites\/5\/2025\/11\/Encerramento-de-cursos-1-1536x1152.jpeg 1536w, https:\/\/www.manaus.am.gov.br\/semcom\/wp-content\/uploads\/sites\/5\/2025\/11\/Encerramento-de-cursos-1.jpeg 1600w\" sizes=\"(max-width: 1024px) 100vw, 1024px\" \/><\/figure>\n\n\n\n<p>&#8212; &#8212; &#8212;<\/p>\n\n\n\n<p><strong>Texto<\/strong>&nbsp;\u2013 Renata Felix\/Manaus Previd\u00eancia<\/p>\n\n\n\n<p><strong>Fotos<\/strong>&nbsp;\u2013 Raquel Dedier\/Manaus Previd\u00eancia<\/p>\n","protected":false},"excerpt":{"rendered":"","protected":false},"author":39,"featured_media":248934,"comment_status":"closed","ping_status":"closed","sticky":false,"template":"","format":"standard","meta":{"footnotes":""},"categories":[1584],"tags":[228,77],"acf":[],"yoast_head":"<!-- This site is optimized with the Yoast SEO plugin v23.0 - https:\/\/yoast.com\/wordpress\/plugins\/seo\/ -->\n<title>Manausprev promove integra\u00e7\u00e3o de aposentadas e celebra conclus\u00e3o de cursos em 2025<\/title>\n<meta name=\"description\" content=\"Manaus Previd\u00eancia promove integra\u00e7\u00e3o de aposentadas e celebra conclus\u00e3o de cursos em 2025 nesta quarta-feira, 26\/11.\" \/>\n<meta name=\"robots\" content=\"index, follow, max-snippet:-1, max-image-preview:large, max-video-preview:-1\" \/>\n<link rel=\"canonical\" href=\"https:\/\/www.manaus.am.gov.br\/semcom\/conclusao-cursos-2025-manausprev\/\" \/>\n<meta property=\"og:locale\" content=\"pt_BR\" \/>\n<meta property=\"og:type\" content=\"article\" \/>\n<meta property=\"og:title\" content=\"Manausprev promove integra\u00e7\u00e3o de aposentadas e celebra conclus\u00e3o de cursos em 2025\" \/>\n<meta property=\"og:description\" content=\"Manaus Previd\u00eancia promove integra\u00e7\u00e3o de aposentadas e celebra conclus\u00e3o de cursos em 2025 nesta quarta-feira, 26\/11.\" \/>\n<meta property=\"og:url\" content=\"https:\/\/www.manaus.am.gov.br\/semcom\/conclusao-cursos-2025-manausprev\/\" \/>\n<meta property=\"og:site_name\" content=\"SEMCOM\" \/>\n<meta property=\"article:published_time\" content=\"2025-11-26T20:43:00+00:00\" \/>\n<meta property=\"og:image\" content=\"https:\/\/www.manaus.am.gov.br\/semcom\/wp-content\/uploads\/sites\/5\/2025\/11\/Encerramento-de-cursos-2.jpeg\" \/>\n\t<meta property=\"og:image:width\" content=\"1600\" \/>\n\t<meta property=\"og:image:height\" content=\"1200\" \/>\n\t<meta property=\"og:image:type\" content=\"image\/jpeg\" \/>\n<meta name=\"author\" content=\"Bruna Greco\" \/>\n<meta name=\"twitter:card\" content=\"summary_large_image\" \/>\n<meta name=\"twitter:label1\" content=\"Written by\" \/>\n\t<meta name=\"twitter:data1\" content=\"Bruna Greco\" \/>\n\t<meta name=\"twitter:label2\" content=\"Est. reading time\" \/>\n\t<meta name=\"twitter:data2\" content=\"3 minutos\" \/>\n<script type=\"application\/ld+json\" class=\"yoast-schema-graph\">{\"@context\":\"https:\/\/schema.org\",\"@graph\":[{\"@type\":\"WebPage\",\"@id\":\"https:\/\/www.manaus.am.gov.br\/semcom\/conclusao-cursos-2025-manausprev\/\",\"url\":\"https:\/\/www.manaus.am.gov.br\/semcom\/conclusao-cursos-2025-manausprev\/\",\"name\":\"Manausprev promove integra\u00e7\u00e3o de aposentadas e celebra conclus\u00e3o de cursos em 2025\",\"isPartOf\":{\"@id\":\"https:\/\/www.manaus.am.gov.br\/semcom\/#website\"},\"primaryImageOfPage\":{\"@id\":\"https:\/\/www.manaus.am.gov.br\/semcom\/conclusao-cursos-2025-manausprev\/#primaryimage\"},\"image\":{\"@id\":\"https:\/\/www.manaus.am.gov.br\/semcom\/conclusao-cursos-2025-manausprev\/#primaryimage\"},\"thumbnailUrl\":\"https:\/\/www.manaus.am.gov.br\/semcom\/wp-content\/uploads\/sites\/5\/2025\/11\/Encerramento-de-cursos-2.jpeg\",\"datePublished\":\"2025-11-26T20:43:00+00:00\",\"dateModified\":\"2025-11-26T20:43:00+00:00\",\"author\":{\"@id\":\"https:\/\/www.manaus.am.gov.br\/semcom\/#\/schema\/person\/05d223aea2bf115f9883a6ff3683d81b\"},\"description\":\"Manaus Previd\u00eancia promove integra\u00e7\u00e3o de aposentadas e celebra conclus\u00e3o de cursos em 2025 nesta quarta-feira, 26\/11.\",\"inLanguage\":\"pt-BR\",\"potentialAction\":[{\"@type\":\"ReadAction\",\"target\":[\"https:\/\/www.manaus.am.gov.br\/semcom\/conclusao-cursos-2025-manausprev\/\"]}]},{\"@type\":\"ImageObject\",\"inLanguage\":\"pt-BR\",\"@id\":\"https:\/\/www.manaus.am.gov.br\/semcom\/conclusao-cursos-2025-manausprev\/#primaryimage\",\"url\":\"https:\/\/www.manaus.am.gov.br\/semcom\/wp-content\/uploads\/sites\/5\/2025\/11\/Encerramento-de-cursos-2.jpeg\",\"contentUrl\":\"https:\/\/www.manaus.am.gov.br\/semcom\/wp-content\/uploads\/sites\/5\/2025\/11\/Encerramento-de-cursos-2.jpeg\",\"width\":1600,\"height\":1200,\"caption\":\"#paratodosverem - Aposentadas e pensionistas da Manaus Previd\u00eancia com certificados nas m\u00e3os durante encerramento dos cursos deste ano\"},{\"@type\":\"WebSite\",\"@id\":\"https:\/\/www.manaus.am.gov.br\/semcom\/#website\",\"url\":\"https:\/\/www.manaus.am.gov.br\/semcom\/\",\"name\":\"SEMCOM\",\"description\":\"Secretaria Municipal de Comunica\u00e7\u00e3o\",\"potentialAction\":[{\"@type\":\"SearchAction\",\"target\":{\"@type\":\"EntryPoint\",\"urlTemplate\":\"https:\/\/www.manaus.am.gov.br\/semcom\/?s={search_term_string}\"},\"query-input\":\"required name=search_term_string\"}],\"inLanguage\":\"pt-BR\"},{\"@type\":\"Person\",\"@id\":\"https:\/\/www.manaus.am.gov.br\/semcom\/#\/schema\/person\/05d223aea2bf115f9883a6ff3683d81b\",\"name\":\"Bruna Greco\",\"image\":{\"@type\":\"ImageObject\",\"inLanguage\":\"pt-BR\",\"@id\":\"https:\/\/www.manaus.am.gov.br\/semcom\/#\/schema\/person\/image\/\",\"url\":\"https:\/\/secure.gravatar.com\/avatar\/9c877d1a6adc2a055330e5c09a8653ce?s=96&d=mm&r=g\",\"contentUrl\":\"https:\/\/secure.gravatar.com\/avatar\/9c877d1a6adc2a055330e5c09a8653ce?s=96&d=mm&r=g\",\"caption\":\"Bruna Greco\"}}]}<\/script>\n<!-- \/ Yoast SEO plugin. -->","yoast_head_json":{"title":"Manausprev promove integra\u00e7\u00e3o de aposentadas e celebra conclus\u00e3o de cursos em 2025","description":"Manaus Previd\u00eancia promove integra\u00e7\u00e3o de aposentadas e celebra conclus\u00e3o de cursos em 2025 nesta quarta-feira, 26\/11.","robots":{"index":"index","follow":"follow","max-snippet":"max-snippet:-1","max-image-preview":"max-image-preview:large","max-video-preview":"max-video-preview:-1"},"canonical":"https:\/\/www.manaus.am.gov.br\/semcom\/conclusao-cursos-2025-manausprev\/","og_locale":"pt_BR","og_type":"article","og_title":"Manausprev promove integra\u00e7\u00e3o de aposentadas e celebra conclus\u00e3o de cursos em 2025","og_description":"Manaus Previd\u00eancia promove integra\u00e7\u00e3o de aposentadas e celebra conclus\u00e3o de cursos em 2025 nesta quarta-feira, 26\/11.","og_url":"https:\/\/www.manaus.am.gov.br\/semcom\/conclusao-cursos-2025-manausprev\/","og_site_name":"SEMCOM","article_published_time":"2025-11-26T20:43:00+00:00","og_image":[{"width":1600,"height":1200,"url":"https:\/\/www.manaus.am.gov.br\/semcom\/wp-content\/uploads\/sites\/5\/2025\/11\/Encerramento-de-cursos-2.jpeg","type":"image\/jpeg"}],"author":"Bruna Greco","twitter_card":"summary_large_image","twitter_misc":{"Written by":"Bruna Greco","Est. reading time":"3 minutos"},"schema":{"@context":"https:\/\/schema.org","@graph":[{"@type":"WebPage","@id":"https:\/\/www.manaus.am.gov.br\/semcom\/conclusao-cursos-2025-manausprev\/","url":"https:\/\/www.manaus.am.gov.br\/semcom\/conclusao-cursos-2025-manausprev\/","name":"Manausprev promove integra\u00e7\u00e3o de aposentadas e celebra conclus\u00e3o de cursos em 2025","isPartOf":{"@id":"https:\/\/www.manaus.am.gov.br\/semcom\/#website"},"primaryImageOfPage":{"@id":"https:\/\/www.manaus.am.gov.br\/semcom\/conclusao-cursos-2025-manausprev\/#primaryimage"},"image":{"@id":"https:\/\/www.manaus.am.gov.br\/semcom\/conclusao-cursos-2025-manausprev\/#primaryimage"},"thumbnailUrl":"https:\/\/www.manaus.am.gov.br\/semcom\/wp-content\/uploads\/sites\/5\/2025\/11\/Encerramento-de-cursos-2.jpeg","datePublished":"2025-11-26T20:43:00+00:00","dateModified":"2025-11-26T20:43:00+00:00","author":{"@id":"https:\/\/www.manaus.am.gov.br\/semcom\/#\/schema\/person\/05d223aea2bf115f9883a6ff3683d81b"},"description":"Manaus Previd\u00eancia promove integra\u00e7\u00e3o de aposentadas e celebra conclus\u00e3o de cursos em 2025 nesta quarta-feira, 26\/11.","inLanguage":"pt-BR","potentialAction":[{"@type":"ReadAction","target":["https:\/\/www.manaus.am.gov.br\/semcom\/conclusao-cursos-2025-manausprev\/"]}]},{"@type":"ImageObject","inLanguage":"pt-BR","@id":"https:\/\/www.manaus.am.gov.br\/semcom\/conclusao-cursos-2025-manausprev\/#primaryimage","url":"https:\/\/www.manaus.am.gov.br\/semcom\/wp-content\/uploads\/sites\/5\/2025\/11\/Encerramento-de-cursos-2.jpeg","contentUrl":"https:\/\/www.manaus.am.gov.br\/semcom\/wp-content\/uploads\/sites\/5\/2025\/11\/Encerramento-de-cursos-2.jpeg","width":1600,"height":1200,"caption":"#paratodosverem - Aposentadas e pensionistas da Manaus Previd\u00eancia com certificados nas m\u00e3os durante encerramento dos cursos deste ano"},{"@type":"WebSite","@id":"https:\/\/www.manaus.am.gov.br\/semcom\/#website","url":"https:\/\/www.manaus.am.gov.br\/semcom\/","name":"SEMCOM","description":"Secretaria Municipal de Comunica\u00e7\u00e3o","potentialAction":[{"@type":"SearchAction","target":{"@type":"EntryPoint","urlTemplate":"https:\/\/www.manaus.am.gov.br\/semcom\/?s={search_term_string}"},"query-input":"required name=search_term_string"}],"inLanguage":"pt-BR"},{"@type":"Person","@id":"https:\/\/www.manaus.am.gov.br\/semcom\/#\/schema\/person\/05d223aea2bf115f9883a6ff3683d81b","name":"Bruna Greco","image":{"@type":"ImageObject","inLanguage":"pt-BR","@id":"https:\/\/www.manaus.am.gov.br\/semcom\/#\/schema\/person\/image\/","url":"https:\/\/secure.gravatar.com\/avatar\/9c877d1a6adc2a055330e5c09a8653ce?s=96&d=mm&r=g","contentUrl":"https:\/\/secure.gravatar.com\/avatar\/9c877d1a6adc2a055330e5c09a8653ce?s=96&d=mm&r=g","caption":"Bruna Greco"}}]}},"_links":{"self":[{"href":"https:\/\/www.manaus.am.gov.br\/semcom\/wp-json\/wp\/v2\/posts\/248933"}],"collection":[{"href":"https:\/\/www.manaus.am.gov.br\/semcom\/wp-json\/wp\/v2\/posts"}],"about":[{"href":"https:\/\/www.manaus.am.gov.br\/semcom\/wp-json\/wp\/v2\/types\/post"}],"author":[{"embeddable":true,"href":"https:\/\/www.manaus.am.gov.br\/semcom\/wp-json\/wp\/v2\/users\/39"}],"replies":[{"embeddable":true,"href":"https:\/\/www.manaus.am.gov.br\/semcom\/wp-json\/wp\/v2\/comments?post=248933"}],"version-history":[{"count":1,"href":"https:\/\/www.manaus.am.gov.br\/semcom\/wp-json\/wp\/v2\/posts\/248933\/revisions"}],"predecessor-version":[{"id":248936,"href":"https:\/\/www.manaus.am.gov.br\/semcom\/wp-json\/wp\/v2\/posts\/248933\/revisions\/248936"}],"wp:featuredmedia":[{"embeddable":true,"href":"https:\/\/www.manaus.am.gov.br\/semcom\/wp-json\/wp\/v2\/media\/248934"}],"wp:attachment":[{"href":"https:\/\/www.manaus.am.gov.br\/semcom\/wp-json\/wp\/v2\/media?parent=248933"}],"wp:term":[{"taxonomy":"category","embeddable":true,"href":"https:\/\/www.manaus.am.gov.br\/semcom\/wp-json\/wp\/v2\/categories?post=248933"},{"taxonomy":"post_tag","embeddable":true,"href":"https:\/\/www.manaus.am.gov.br\/semcom\/wp-json\/wp\/v2\/tags?post=248933"}],"curies":[{"name":"wp","href":"https:\/\/api.w.org\/{rel}","templated":true}]}}