{"id":248914,"date":"2025-11-26T14:52:43","date_gmt":"2025-11-26T18:52:43","guid":{"rendered":"https:\/\/www.manaus.am.gov.br\/semcom\/9o-encontro-da-rede-brasileira-de-cidades-criativas-da-unesco\/"},"modified":"2025-11-26T14:52:43","modified_gmt":"2025-11-26T18:52:43","slug":"9o-encontro-da-rede-brasileira-de-cidades-criativas-da-unesco","status":"publish","type":"post","link":"https:\/\/www.manaus.am.gov.br\/semcom\/9o-encontro-da-rede-brasileira-de-cidades-criativas-da-unesco\/","title":{"rendered":"Prefeitura de Manaus participa do 9\u00ba Encontro da Rede Brasileira de Cidades Criativas da Unesco sediado no Minist\u00e9rio do Turismo em Bras\u00edlia"},"content":{"rendered":"\n<p>A Prefeitura de Manaus, por meio da Funda\u00e7\u00e3o Municipal de Cultura, Turismo e Eventos (ManausCult), participa oficialmente, entre os dias 25 e 28\/11, o 9\u00ba Encontro da Rede Brasileira de Cidades Criativas da Unesco, refor\u00e7ando o compromisso da capital amazonense com o fortalecimento do setor cultural e com o avan\u00e7o das pol\u00edticas integradas de turismo e economia criativa.<\/p>\n\n\n\n<p>O evento, sediado pelo Minist\u00e9rio do Turismo e pela Associa\u00e7\u00e3o Comercial do Distrito Federal (ACDF), em Bras\u00edlia (DF), re\u00fane representantes das 14 cidades criativas brasileiras, pesquisadores, gestores p\u00fablicos, empreendedores e especialistas em inova\u00e7\u00e3o e economia criativa. A programa\u00e7\u00e3o reafirma Bras\u00edlia-Cidade Criativa do Design pela Unesco e Patrim\u00f4nio Cultural da Humanidade, como centro estrat\u00e9gico de debates sobre desenvolvimento sustent\u00e1vel, pol\u00edticas culturais, turismo e inova\u00e7\u00e3o.<\/p>\n\n\n\n<p><br>Para o diretor-presidente da ManausCult, Jender Lobato, o encontro destaca o papel de Manaus no cen\u00e1rio criativo nacional.<br>\u201cA Rede Brasileira de Cidades Criativas \u00e9 um espa\u00e7o fundamental de di\u00e1logo e constru\u00e7\u00e3o coletiva. Manaus tem se destacado pela for\u00e7a da sua produ\u00e7\u00e3o cultural e pela capacidade de inovar, e participar desse encontro significa fortalecer ainda mais nossa presen\u00e7a no cen\u00e1rio nacional da criatividade\u201d, afirmou.<\/p>\n\n\n\n<p><br>A Diretoria de Turismo da ManausCult est\u00e1 presente na programa\u00e7\u00e3o, representada por Luciana Batista, que participa das agendas t\u00e9cnicas e das mesas de coopera\u00e7\u00e3o institucional. \u201cA participa\u00e7\u00e3o de Manaus neste encontro amplia nossas conex\u00f5es, fortalece pol\u00edticas integradas de turismo e cultura e abre novos caminhos para projetos que valorizam nossa identidade e impulsionam a economia criativa da cidade\u201d, destacou Luciana.<\/p>\n\n\n\n<p><br>Ao longo dos quatro dias, autoridades nacionais, representantes da Unesco e gestores das cidades criativas discutem governan\u00e7a, inova\u00e7\u00e3o social, preserva\u00e7\u00e3o do patrim\u00f4nio, desenvolvimento sustent\u00e1vel e o impacto econ\u00f4mico do setor criativo, que j\u00e1 corresponde a 3,59% do PIB brasileiro, conforme dados apresentados na abertura.<\/p>\n\n\n\n<p><br>A presen\u00e7a de Manaus contribui para posicionar a capital como refer\u00eancia em pol\u00edticas culturais contempor\u00e2neas, fortalecendo seu papel no circuito nacional da economia criativa. Com essa participa\u00e7\u00e3o, Manaus amplia conex\u00f5es, refor\u00e7a seu compromisso com o desenvolvimento urbano sustent\u00e1vel e avan\u00e7a na constru\u00e7\u00e3o de pol\u00edticas que integram cultura, inova\u00e7\u00e3o e turismo.<\/p>\n\n\n\n<p><br>A atua\u00e7\u00e3o da ManausCult no encontro fortalece a vis\u00e3o estrat\u00e9gica da gest\u00e3o municipal, que tem investido em iniciativas capazes de valorizar a cultura amaz\u00f4nica, promover o turismo cultural e consolidar Manaus como um territ\u00f3rio criativo em expans\u00e3o.<\/p>\n\n\n\n<figure class=\"wp-block-image size-full\"><img loading=\"lazy\" decoding=\"async\" width=\"900\" height=\"858\" src=\"https:\/\/www.manaus.am.gov.br\/semcom\/wp-content\/uploads\/sites\/5\/2025\/11\/WhatsApp-Image-2025-11-26-at-14.51.28.jpeg\" alt=\"\" class=\"wp-image-248916\" srcset=\"https:\/\/www.manaus.am.gov.br\/semcom\/wp-content\/uploads\/sites\/5\/2025\/11\/WhatsApp-Image-2025-11-26-at-14.51.28.jpeg 900w, https:\/\/www.manaus.am.gov.br\/semcom\/wp-content\/uploads\/sites\/5\/2025\/11\/WhatsApp-Image-2025-11-26-at-14.51.28-300x286.jpeg 300w, https:\/\/www.manaus.am.gov.br\/semcom\/wp-content\/uploads\/sites\/5\/2025\/11\/WhatsApp-Image-2025-11-26-at-14.51.28-768x732.jpeg 768w\" sizes=\"(max-width: 900px) 100vw, 900px\" \/><\/figure>\n\n\n\n<p>&#8212; &#8212; &#8212;<\/p>\n\n\n\n<p><strong>Texto &#8211;<\/strong>&nbsp;J\u00e9ssica Trajano\/ManausCult&nbsp;<\/p>\n\n\n\n<p><strong>Fotos &#8211;<\/strong> Divulga\u00e7\u00e3o\/ManausCult&nbsp;<\/p>\n","protected":false},"excerpt":{"rendered":"","protected":false},"author":39,"featured_media":248915,"comment_status":"closed","ping_status":"closed","sticky":false,"template":"","format":"standard","meta":{"footnotes":""},"categories":[5],"tags":[18139,1544,307,889,77],"acf":[],"yoast_head":"<!-- This site is optimized with the Yoast SEO plugin v23.0 - https:\/\/yoast.com\/wordpress\/plugins\/seo\/ -->\n<title>Prefeitura participa do 9\u00ba Encontro da Rede Brasileira de Cidades Criativas da Unesco<\/title>\n<meta name=\"description\" content=\"Prefeitura de Manaus participa do 9\u00ba Encontro da Rede Brasileira de Cidades Criativas da Unesco sediado no Minist\u00e9rio do Turismo em Bras\u00edlia.\" \/>\n<meta name=\"robots\" content=\"index, follow, max-snippet:-1, max-image-preview:large, max-video-preview:-1\" \/>\n<link rel=\"canonical\" href=\"https:\/\/www.manaus.am.gov.br\/semcom\/9o-encontro-da-rede-brasileira-de-cidades-criativas-da-unesco\/\" \/>\n<meta property=\"og:locale\" content=\"pt_BR\" \/>\n<meta property=\"og:type\" content=\"article\" \/>\n<meta property=\"og:title\" content=\"Prefeitura participa do 9\u00ba Encontro da Rede Brasileira de Cidades Criativas da Unesco\" \/>\n<meta property=\"og:description\" content=\"Prefeitura de Manaus participa do 9\u00ba Encontro da Rede Brasileira de Cidades Criativas da Unesco sediado no Minist\u00e9rio do Turismo em Bras\u00edlia.\" \/>\n<meta property=\"og:url\" content=\"https:\/\/www.manaus.am.gov.br\/semcom\/9o-encontro-da-rede-brasileira-de-cidades-criativas-da-unesco\/\" \/>\n<meta property=\"og:site_name\" content=\"SEMCOM\" \/>\n<meta property=\"article:published_time\" content=\"2025-11-26T18:52:43+00:00\" \/>\n<meta property=\"og:image\" content=\"https:\/\/www.manaus.am.gov.br\/semcom\/wp-content\/uploads\/sites\/5\/2025\/11\/Encontro-1.jpeg\" \/>\n\t<meta property=\"og:image:width\" content=\"1600\" \/>\n\t<meta property=\"og:image:height\" content=\"900\" \/>\n\t<meta property=\"og:image:type\" content=\"image\/jpeg\" \/>\n<meta name=\"author\" content=\"Bruna Greco\" \/>\n<meta name=\"twitter:card\" content=\"summary_large_image\" \/>\n<meta name=\"twitter:label1\" content=\"Written by\" \/>\n\t<meta name=\"twitter:data1\" content=\"Bruna Greco\" \/>\n\t<meta name=\"twitter:label2\" content=\"Est. reading time\" \/>\n\t<meta name=\"twitter:data2\" content=\"3 minutos\" \/>\n<script type=\"application\/ld+json\" class=\"yoast-schema-graph\">{\"@context\":\"https:\/\/schema.org\",\"@graph\":[{\"@type\":\"WebPage\",\"@id\":\"https:\/\/www.manaus.am.gov.br\/semcom\/9o-encontro-da-rede-brasileira-de-cidades-criativas-da-unesco\/\",\"url\":\"https:\/\/www.manaus.am.gov.br\/semcom\/9o-encontro-da-rede-brasileira-de-cidades-criativas-da-unesco\/\",\"name\":\"Prefeitura participa do 9\u00ba Encontro da Rede Brasileira de Cidades Criativas da Unesco\",\"isPartOf\":{\"@id\":\"https:\/\/www.manaus.am.gov.br\/semcom\/#website\"},\"primaryImageOfPage\":{\"@id\":\"https:\/\/www.manaus.am.gov.br\/semcom\/9o-encontro-da-rede-brasileira-de-cidades-criativas-da-unesco\/#primaryimage\"},\"image\":{\"@id\":\"https:\/\/www.manaus.am.gov.br\/semcom\/9o-encontro-da-rede-brasileira-de-cidades-criativas-da-unesco\/#primaryimage\"},\"thumbnailUrl\":\"https:\/\/www.manaus.am.gov.br\/semcom\/wp-content\/uploads\/sites\/5\/2025\/11\/Encontro-1.jpeg\",\"datePublished\":\"2025-11-26T18:52:43+00:00\",\"dateModified\":\"2025-11-26T18:52:43+00:00\",\"author\":{\"@id\":\"https:\/\/www.manaus.am.gov.br\/semcom\/#\/schema\/person\/05d223aea2bf115f9883a6ff3683d81b\"},\"description\":\"Prefeitura de Manaus participa do 9\u00ba Encontro da Rede Brasileira de Cidades Criativas da Unesco sediado no Minist\u00e9rio do Turismo em Bras\u00edlia.\",\"inLanguage\":\"pt-BR\",\"potentialAction\":[{\"@type\":\"ReadAction\",\"target\":[\"https:\/\/www.manaus.am.gov.br\/semcom\/9o-encontro-da-rede-brasileira-de-cidades-criativas-da-unesco\/\"]}]},{\"@type\":\"ImageObject\",\"inLanguage\":\"pt-BR\",\"@id\":\"https:\/\/www.manaus.am.gov.br\/semcom\/9o-encontro-da-rede-brasileira-de-cidades-criativas-da-unesco\/#primaryimage\",\"url\":\"https:\/\/www.manaus.am.gov.br\/semcom\/wp-content\/uploads\/sites\/5\/2025\/11\/Encontro-1.jpeg\",\"contentUrl\":\"https:\/\/www.manaus.am.gov.br\/semcom\/wp-content\/uploads\/sites\/5\/2025\/11\/Encontro-1.jpeg\",\"width\":1600,\"height\":900,\"caption\":\"#paratodosverem - 9\u00ba Encontro da Rede Brasileira de Cidades Criativas da Unesco em Bras\u00edlia\"},{\"@type\":\"WebSite\",\"@id\":\"https:\/\/www.manaus.am.gov.br\/semcom\/#website\",\"url\":\"https:\/\/www.manaus.am.gov.br\/semcom\/\",\"name\":\"SEMCOM\",\"description\":\"Secretaria Municipal de Comunica\u00e7\u00e3o\",\"potentialAction\":[{\"@type\":\"SearchAction\",\"target\":{\"@type\":\"EntryPoint\",\"urlTemplate\":\"https:\/\/www.manaus.am.gov.br\/semcom\/?s={search_term_string}\"},\"query-input\":\"required name=search_term_string\"}],\"inLanguage\":\"pt-BR\"},{\"@type\":\"Person\",\"@id\":\"https:\/\/www.manaus.am.gov.br\/semcom\/#\/schema\/person\/05d223aea2bf115f9883a6ff3683d81b\",\"name\":\"Bruna Greco\",\"image\":{\"@type\":\"ImageObject\",\"inLanguage\":\"pt-BR\",\"@id\":\"https:\/\/www.manaus.am.gov.br\/semcom\/#\/schema\/person\/image\/\",\"url\":\"https:\/\/secure.gravatar.com\/avatar\/9c877d1a6adc2a055330e5c09a8653ce?s=96&d=mm&r=g\",\"contentUrl\":\"https:\/\/secure.gravatar.com\/avatar\/9c877d1a6adc2a055330e5c09a8653ce?s=96&d=mm&r=g\",\"caption\":\"Bruna Greco\"}}]}<\/script>\n<!-- \/ Yoast SEO plugin. -->","yoast_head_json":{"title":"Prefeitura participa do 9\u00ba Encontro da Rede Brasileira de Cidades Criativas da Unesco","description":"Prefeitura de Manaus participa do 9\u00ba Encontro da Rede Brasileira de Cidades Criativas da Unesco sediado no Minist\u00e9rio do Turismo em Bras\u00edlia.","robots":{"index":"index","follow":"follow","max-snippet":"max-snippet:-1","max-image-preview":"max-image-preview:large","max-video-preview":"max-video-preview:-1"},"canonical":"https:\/\/www.manaus.am.gov.br\/semcom\/9o-encontro-da-rede-brasileira-de-cidades-criativas-da-unesco\/","og_locale":"pt_BR","og_type":"article","og_title":"Prefeitura participa do 9\u00ba Encontro da Rede Brasileira de Cidades Criativas da Unesco","og_description":"Prefeitura de Manaus participa do 9\u00ba Encontro da Rede Brasileira de Cidades Criativas da Unesco sediado no Minist\u00e9rio do Turismo em Bras\u00edlia.","og_url":"https:\/\/www.manaus.am.gov.br\/semcom\/9o-encontro-da-rede-brasileira-de-cidades-criativas-da-unesco\/","og_site_name":"SEMCOM","article_published_time":"2025-11-26T18:52:43+00:00","og_image":[{"width":1600,"height":900,"url":"https:\/\/www.manaus.am.gov.br\/semcom\/wp-content\/uploads\/sites\/5\/2025\/11\/Encontro-1.jpeg","type":"image\/jpeg"}],"author":"Bruna Greco","twitter_card":"summary_large_image","twitter_misc":{"Written by":"Bruna Greco","Est. reading time":"3 minutos"},"schema":{"@context":"https:\/\/schema.org","@graph":[{"@type":"WebPage","@id":"https:\/\/www.manaus.am.gov.br\/semcom\/9o-encontro-da-rede-brasileira-de-cidades-criativas-da-unesco\/","url":"https:\/\/www.manaus.am.gov.br\/semcom\/9o-encontro-da-rede-brasileira-de-cidades-criativas-da-unesco\/","name":"Prefeitura participa do 9\u00ba Encontro da Rede Brasileira de Cidades Criativas da Unesco","isPartOf":{"@id":"https:\/\/www.manaus.am.gov.br\/semcom\/#website"},"primaryImageOfPage":{"@id":"https:\/\/www.manaus.am.gov.br\/semcom\/9o-encontro-da-rede-brasileira-de-cidades-criativas-da-unesco\/#primaryimage"},"image":{"@id":"https:\/\/www.manaus.am.gov.br\/semcom\/9o-encontro-da-rede-brasileira-de-cidades-criativas-da-unesco\/#primaryimage"},"thumbnailUrl":"https:\/\/www.manaus.am.gov.br\/semcom\/wp-content\/uploads\/sites\/5\/2025\/11\/Encontro-1.jpeg","datePublished":"2025-11-26T18:52:43+00:00","dateModified":"2025-11-26T18:52:43+00:00","author":{"@id":"https:\/\/www.manaus.am.gov.br\/semcom\/#\/schema\/person\/05d223aea2bf115f9883a6ff3683d81b"},"description":"Prefeitura de Manaus participa do 9\u00ba Encontro da Rede Brasileira de Cidades Criativas da Unesco sediado no Minist\u00e9rio do Turismo em Bras\u00edlia.","inLanguage":"pt-BR","potentialAction":[{"@type":"ReadAction","target":["https:\/\/www.manaus.am.gov.br\/semcom\/9o-encontro-da-rede-brasileira-de-cidades-criativas-da-unesco\/"]}]},{"@type":"ImageObject","inLanguage":"pt-BR","@id":"https:\/\/www.manaus.am.gov.br\/semcom\/9o-encontro-da-rede-brasileira-de-cidades-criativas-da-unesco\/#primaryimage","url":"https:\/\/www.manaus.am.gov.br\/semcom\/wp-content\/uploads\/sites\/5\/2025\/11\/Encontro-1.jpeg","contentUrl":"https:\/\/www.manaus.am.gov.br\/semcom\/wp-content\/uploads\/sites\/5\/2025\/11\/Encontro-1.jpeg","width":1600,"height":900,"caption":"#paratodosverem - 9\u00ba Encontro da Rede Brasileira de Cidades Criativas da Unesco em Bras\u00edlia"},{"@type":"WebSite","@id":"https:\/\/www.manaus.am.gov.br\/semcom\/#website","url":"https:\/\/www.manaus.am.gov.br\/semcom\/","name":"SEMCOM","description":"Secretaria Municipal de Comunica\u00e7\u00e3o","potentialAction":[{"@type":"SearchAction","target":{"@type":"EntryPoint","urlTemplate":"https:\/\/www.manaus.am.gov.br\/semcom\/?s={search_term_string}"},"query-input":"required name=search_term_string"}],"inLanguage":"pt-BR"},{"@type":"Person","@id":"https:\/\/www.manaus.am.gov.br\/semcom\/#\/schema\/person\/05d223aea2bf115f9883a6ff3683d81b","name":"Bruna Greco","image":{"@type":"ImageObject","inLanguage":"pt-BR","@id":"https:\/\/www.manaus.am.gov.br\/semcom\/#\/schema\/person\/image\/","url":"https:\/\/secure.gravatar.com\/avatar\/9c877d1a6adc2a055330e5c09a8653ce?s=96&d=mm&r=g","contentUrl":"https:\/\/secure.gravatar.com\/avatar\/9c877d1a6adc2a055330e5c09a8653ce?s=96&d=mm&r=g","caption":"Bruna Greco"}}]}},"_links":{"self":[{"href":"https:\/\/www.manaus.am.gov.br\/semcom\/wp-json\/wp\/v2\/posts\/248914"}],"collection":[{"href":"https:\/\/www.manaus.am.gov.br\/semcom\/wp-json\/wp\/v2\/posts"}],"about":[{"href":"https:\/\/www.manaus.am.gov.br\/semcom\/wp-json\/wp\/v2\/types\/post"}],"author":[{"embeddable":true,"href":"https:\/\/www.manaus.am.gov.br\/semcom\/wp-json\/wp\/v2\/users\/39"}],"replies":[{"embeddable":true,"href":"https:\/\/www.manaus.am.gov.br\/semcom\/wp-json\/wp\/v2\/comments?post=248914"}],"version-history":[{"count":1,"href":"https:\/\/www.manaus.am.gov.br\/semcom\/wp-json\/wp\/v2\/posts\/248914\/revisions"}],"predecessor-version":[{"id":248917,"href":"https:\/\/www.manaus.am.gov.br\/semcom\/wp-json\/wp\/v2\/posts\/248914\/revisions\/248917"}],"wp:featuredmedia":[{"embeddable":true,"href":"https:\/\/www.manaus.am.gov.br\/semcom\/wp-json\/wp\/v2\/media\/248915"}],"wp:attachment":[{"href":"https:\/\/www.manaus.am.gov.br\/semcom\/wp-json\/wp\/v2\/media?parent=248914"}],"wp:term":[{"taxonomy":"category","embeddable":true,"href":"https:\/\/www.manaus.am.gov.br\/semcom\/wp-json\/wp\/v2\/categories?post=248914"},{"taxonomy":"post_tag","embeddable":true,"href":"https:\/\/www.manaus.am.gov.br\/semcom\/wp-json\/wp\/v2\/tags?post=248914"}],"curies":[{"name":"wp","href":"https:\/\/api.w.org\/{rel}","templated":true}]}}