{"id":248866,"date":"2025-11-25T17:42:25","date_gmt":"2025-11-25T20:42:25","guid":{"rendered":"https:\/\/www.manaus.am.gov.br\/semcom\/feirinha-do-aposentado-empreendedor\/"},"modified":"2025-11-25T17:42:26","modified_gmt":"2025-11-25T20:42:26","slug":"feirinha-do-aposentado-empreendedor","status":"publish","type":"post","link":"https:\/\/www.manaus.am.gov.br\/semcom\/feirinha-do-aposentado-empreendedor\/","title":{"rendered":"Manausprev realiza \u2018Feirinha do Aposentado Empreendedor\u2019 para incentivar gera\u00e7\u00e3o de renda"},"content":{"rendered":"\n<p>A Prefeitura de Manaus, por meio da Manaus Previd\u00eancia (Manausprev), realiza a primeira \u201cFeirinha do Aposentado Empreendedor\u201d, na pr\u00f3xima quinta-feira, 27\/11, das 8h \u00e0s 13h, na sede da autarquia, na avenida Constantino Nery, bairro Chapada, zona Centro-Sul. A a\u00e7\u00e3o reunir\u00e1 um grupo de aposentadas municipais que encontraram no artesanato e na produ\u00e7\u00e3o manual uma forma de gera\u00e7\u00e3o de renda, express\u00e3o criativa e fortalecimento da autoestima.<\/p>\n\n\n\n<p>A iniciativa integra o programa Vitalidade, coordenado pelo setor Psicossocial da Manausprev, que incentiva o bem-estar, o protagonismo e a autonomia de aposentados e pensionistas.<\/p>\n\n\n\n<p>A feirinha \u00e9 uma demanda dos pr\u00f3prios aposentados \u00e0 Manausprev e refor\u00e7a a import\u00e2ncia de apoiar pequenos empreendedores, valorizando o trabalho artesanal e movimentando a economia criativa local.<\/p>\n\n\n\n<p>De acordo com a diretora-presidente da Manaus Previd\u00eancia, Daniela Benayon, a\u00e7\u00f5es como esta fortalecem o v\u00ednculo com os benefici\u00e1rios e estimulam novas possibilidades de vida na aposentadoria.<\/p>\n\n\n\n<p>\u201cA \u2018Feirinha do Aposentado Empreendedor\u2019 \u00e9 uma celebra\u00e7\u00e3o do talento e da vitalidade das nossas benefici\u00e1rias. Ao abrir espa\u00e7o para que elas mostrem seus produtos, tamb\u00e9m valorizamos sua autonomia e incentivamos a economia criativa. \u00c9 um orgulho ver tantas hist\u00f3rias de reinven\u00e7\u00e3o e iniciativa\u201d, destaca a gestora.<\/p>\n\n\n\n<p>Os produtos apresentados est\u00e3o divididos em quatro categorias: Artesanato (acess\u00f3rios natalinos em tecido para decora\u00e7\u00e3o, cadernos artesanais com capas bordadas \u00e0 m\u00e3o, pe\u00e7as em macram\u00ea, entre outros); Casa (panos de copa, toalhas de mesa, tapetes, capas de almofadas e de garraf\u00e3o de \u00e1gua, descanso de panela e outros); Acess\u00f3rios (bolsas em diversos estilos, biojoias, cintos) e Comidinhas (doces e salgados).<\/p>\n\n\n\n<p>Tamb\u00e9m estar\u00e3o dispon\u00edveis itens de bem-estar, como velas para massagem, difusores e \u00e1gua para len\u00e7ol, ampliando ainda mais as op\u00e7\u00f5es para o p\u00fablico. Uma das expositoras, a aposentada Ana Maria Serr\u00e3o, que ir\u00e1 vender pe\u00e7as em macram\u00ea, celebra a oportunidade.<\/p>\n\n\n\n<p>\u201cA realiza\u00e7\u00e3o dessa feira \u00e9 um sonho antigo e acho que vai ajudar muitas pessoas que fazem seus trabalhos e que n\u00e3o t\u00eam como expor, e nem como divulgar, e assim eu acredito que vai melhorar muito a nossa autoestima. Vamos nos sentir \u00fateis e as vendas v\u00e3o ajudar nas despesas. Estou na torcida para que tudo d\u00ea certo\u201d, declarou.<\/p>\n\n\n\n<p>A Manaus Previd\u00eancia convida servidores, aposentados, familiares e toda a comunidade a prestigiar a feirinha, fortalecer essas empreendedoras e valorizar o talento dos benefici\u00e1rios que transformam suas habilidades em oportunidades.<\/p>\n\n\n\n<p>&#8212; &#8212; &#8212;<br><strong>Texto<\/strong> \u2013 Renata Felix\/ Manaus Previd\u00eancia<br><strong>Fotos &#8211; <\/strong>Divulga\u00e7\u00e3o \/<strong> <\/strong>Manaus Previd\u00eancia<\/p>\n","protected":false},"excerpt":{"rendered":"","protected":false},"author":68,"featured_media":248867,"comment_status":"closed","ping_status":"closed","sticky":false,"template":"","format":"standard","meta":{"footnotes":""},"categories":[647],"tags":[18122,9617,77],"acf":[],"yoast_head":"<!-- This site is optimized with the Yoast SEO plugin v23.0 - https:\/\/yoast.com\/wordpress\/plugins\/seo\/ -->\n<title>Manausprev realiza \u2018Feirinha do Aposentado Empreendedor\u2019<\/title>\n<meta name=\"description\" content=\"A Prefeitura de Manaus, por meio Manausprev, realiza a primeira \u201cFeirinha do Aposentado Empreendedor\u201d, na pr\u00f3xima quinta-feira, 27\/11.\" \/>\n<meta name=\"robots\" content=\"index, follow, max-snippet:-1, max-image-preview:large, max-video-preview:-1\" \/>\n<link rel=\"canonical\" href=\"https:\/\/www.manaus.am.gov.br\/semcom\/feirinha-do-aposentado-empreendedor\/\" \/>\n<meta property=\"og:locale\" content=\"pt_BR\" \/>\n<meta property=\"og:type\" content=\"article\" \/>\n<meta property=\"og:title\" content=\"Manausprev realiza \u2018Feirinha do Aposentado Empreendedor\u2019\" \/>\n<meta property=\"og:description\" content=\"A Prefeitura de Manaus, por meio Manausprev, realiza a primeira \u201cFeirinha do Aposentado Empreendedor\u201d, na pr\u00f3xima quinta-feira, 27\/11.\" \/>\n<meta property=\"og:url\" content=\"https:\/\/www.manaus.am.gov.br\/semcom\/feirinha-do-aposentado-empreendedor\/\" \/>\n<meta property=\"og:site_name\" content=\"SEMCOM\" \/>\n<meta property=\"article:published_time\" content=\"2025-11-25T20:42:25+00:00\" \/>\n<meta property=\"article:modified_time\" content=\"2025-11-25T20:42:26+00:00\" \/>\n<meta property=\"og:image\" content=\"https:\/\/www.manaus.am.gov.br\/semcom\/wp-content\/uploads\/sites\/5\/2025\/11\/feirinha-2-1024x575.jpg\" \/>\n\t<meta property=\"og:image:width\" content=\"1024\" \/>\n\t<meta property=\"og:image:height\" content=\"575\" \/>\n\t<meta property=\"og:image:type\" content=\"image\/jpeg\" \/>\n<meta name=\"author\" content=\"bvalente\" \/>\n<meta name=\"twitter:card\" content=\"summary_large_image\" \/>\n<meta name=\"twitter:label1\" content=\"Written by\" \/>\n\t<meta name=\"twitter:data1\" content=\"bvalente\" \/>\n\t<meta name=\"twitter:label2\" content=\"Est. reading time\" \/>\n\t<meta name=\"twitter:data2\" content=\"3 minutos\" \/>\n<script type=\"application\/ld+json\" class=\"yoast-schema-graph\">{\"@context\":\"https:\/\/schema.org\",\"@graph\":[{\"@type\":\"WebPage\",\"@id\":\"https:\/\/www.manaus.am.gov.br\/semcom\/feirinha-do-aposentado-empreendedor\/\",\"url\":\"https:\/\/www.manaus.am.gov.br\/semcom\/feirinha-do-aposentado-empreendedor\/\",\"name\":\"Manausprev realiza \u2018Feirinha do Aposentado Empreendedor\u2019\",\"isPartOf\":{\"@id\":\"https:\/\/www.manaus.am.gov.br\/semcom\/#website\"},\"primaryImageOfPage\":{\"@id\":\"https:\/\/www.manaus.am.gov.br\/semcom\/feirinha-do-aposentado-empreendedor\/#primaryimage\"},\"image\":{\"@id\":\"https:\/\/www.manaus.am.gov.br\/semcom\/feirinha-do-aposentado-empreendedor\/#primaryimage\"},\"thumbnailUrl\":\"https:\/\/www.manaus.am.gov.br\/semcom\/wp-content\/uploads\/sites\/5\/2025\/11\/feirinha-2.jpg\",\"datePublished\":\"2025-11-25T20:42:25+00:00\",\"dateModified\":\"2025-11-25T20:42:26+00:00\",\"author\":{\"@id\":\"https:\/\/www.manaus.am.gov.br\/semcom\/#\/schema\/person\/466a0e03ae4b6062809046bd560ac955\"},\"description\":\"A Prefeitura de Manaus, por meio Manausprev, realiza a primeira \u201cFeirinha do Aposentado Empreendedor\u201d, na pr\u00f3xima quinta-feira, 27\/11.\",\"inLanguage\":\"pt-BR\",\"potentialAction\":[{\"@type\":\"ReadAction\",\"target\":[\"https:\/\/www.manaus.am.gov.br\/semcom\/feirinha-do-aposentado-empreendedor\/\"]}]},{\"@type\":\"ImageObject\",\"inLanguage\":\"pt-BR\",\"@id\":\"https:\/\/www.manaus.am.gov.br\/semcom\/feirinha-do-aposentado-empreendedor\/#primaryimage\",\"url\":\"https:\/\/www.manaus.am.gov.br\/semcom\/wp-content\/uploads\/sites\/5\/2025\/11\/feirinha-2.jpg\",\"contentUrl\":\"https:\/\/www.manaus.am.gov.br\/semcom\/wp-content\/uploads\/sites\/5\/2025\/11\/feirinha-2.jpg\",\"width\":6000,\"height\":3368,\"caption\":\"#paratodosverem \u2013 Artesanatos expostos durante feira\"},{\"@type\":\"WebSite\",\"@id\":\"https:\/\/www.manaus.am.gov.br\/semcom\/#website\",\"url\":\"https:\/\/www.manaus.am.gov.br\/semcom\/\",\"name\":\"SEMCOM\",\"description\":\"Secretaria Municipal de Comunica\u00e7\u00e3o\",\"potentialAction\":[{\"@type\":\"SearchAction\",\"target\":{\"@type\":\"EntryPoint\",\"urlTemplate\":\"https:\/\/www.manaus.am.gov.br\/semcom\/?s={search_term_string}\"},\"query-input\":\"required name=search_term_string\"}],\"inLanguage\":\"pt-BR\"},{\"@type\":\"Person\",\"@id\":\"https:\/\/www.manaus.am.gov.br\/semcom\/#\/schema\/person\/466a0e03ae4b6062809046bd560ac955\",\"name\":\"bvalente\",\"image\":{\"@type\":\"ImageObject\",\"inLanguage\":\"pt-BR\",\"@id\":\"https:\/\/www.manaus.am.gov.br\/semcom\/#\/schema\/person\/image\/\",\"url\":\"https:\/\/secure.gravatar.com\/avatar\/3e69bc2b014bdad41adfec3a39de07d2?s=96&d=mm&r=g\",\"contentUrl\":\"https:\/\/secure.gravatar.com\/avatar\/3e69bc2b014bdad41adfec3a39de07d2?s=96&d=mm&r=g\",\"caption\":\"bvalente\"}}]}<\/script>\n<!-- \/ Yoast SEO plugin. -->","yoast_head_json":{"title":"Manausprev realiza \u2018Feirinha do Aposentado Empreendedor\u2019","description":"A Prefeitura de Manaus, por meio Manausprev, realiza a primeira \u201cFeirinha do Aposentado Empreendedor\u201d, na pr\u00f3xima quinta-feira, 27\/11.","robots":{"index":"index","follow":"follow","max-snippet":"max-snippet:-1","max-image-preview":"max-image-preview:large","max-video-preview":"max-video-preview:-1"},"canonical":"https:\/\/www.manaus.am.gov.br\/semcom\/feirinha-do-aposentado-empreendedor\/","og_locale":"pt_BR","og_type":"article","og_title":"Manausprev realiza \u2018Feirinha do Aposentado Empreendedor\u2019","og_description":"A Prefeitura de Manaus, por meio Manausprev, realiza a primeira \u201cFeirinha do Aposentado Empreendedor\u201d, na pr\u00f3xima quinta-feira, 27\/11.","og_url":"https:\/\/www.manaus.am.gov.br\/semcom\/feirinha-do-aposentado-empreendedor\/","og_site_name":"SEMCOM","article_published_time":"2025-11-25T20:42:25+00:00","article_modified_time":"2025-11-25T20:42:26+00:00","og_image":[{"width":1024,"height":575,"url":"https:\/\/www.manaus.am.gov.br\/semcom\/wp-content\/uploads\/sites\/5\/2025\/11\/feirinha-2-1024x575.jpg","type":"image\/jpeg"}],"author":"bvalente","twitter_card":"summary_large_image","twitter_misc":{"Written by":"bvalente","Est. reading time":"3 minutos"},"schema":{"@context":"https:\/\/schema.org","@graph":[{"@type":"WebPage","@id":"https:\/\/www.manaus.am.gov.br\/semcom\/feirinha-do-aposentado-empreendedor\/","url":"https:\/\/www.manaus.am.gov.br\/semcom\/feirinha-do-aposentado-empreendedor\/","name":"Manausprev realiza \u2018Feirinha do Aposentado Empreendedor\u2019","isPartOf":{"@id":"https:\/\/www.manaus.am.gov.br\/semcom\/#website"},"primaryImageOfPage":{"@id":"https:\/\/www.manaus.am.gov.br\/semcom\/feirinha-do-aposentado-empreendedor\/#primaryimage"},"image":{"@id":"https:\/\/www.manaus.am.gov.br\/semcom\/feirinha-do-aposentado-empreendedor\/#primaryimage"},"thumbnailUrl":"https:\/\/www.manaus.am.gov.br\/semcom\/wp-content\/uploads\/sites\/5\/2025\/11\/feirinha-2.jpg","datePublished":"2025-11-25T20:42:25+00:00","dateModified":"2025-11-25T20:42:26+00:00","author":{"@id":"https:\/\/www.manaus.am.gov.br\/semcom\/#\/schema\/person\/466a0e03ae4b6062809046bd560ac955"},"description":"A Prefeitura de Manaus, por meio Manausprev, realiza a primeira \u201cFeirinha do Aposentado Empreendedor\u201d, na pr\u00f3xima quinta-feira, 27\/11.","inLanguage":"pt-BR","potentialAction":[{"@type":"ReadAction","target":["https:\/\/www.manaus.am.gov.br\/semcom\/feirinha-do-aposentado-empreendedor\/"]}]},{"@type":"ImageObject","inLanguage":"pt-BR","@id":"https:\/\/www.manaus.am.gov.br\/semcom\/feirinha-do-aposentado-empreendedor\/#primaryimage","url":"https:\/\/www.manaus.am.gov.br\/semcom\/wp-content\/uploads\/sites\/5\/2025\/11\/feirinha-2.jpg","contentUrl":"https:\/\/www.manaus.am.gov.br\/semcom\/wp-content\/uploads\/sites\/5\/2025\/11\/feirinha-2.jpg","width":6000,"height":3368,"caption":"#paratodosverem \u2013 Artesanatos expostos durante feira"},{"@type":"WebSite","@id":"https:\/\/www.manaus.am.gov.br\/semcom\/#website","url":"https:\/\/www.manaus.am.gov.br\/semcom\/","name":"SEMCOM","description":"Secretaria Municipal de Comunica\u00e7\u00e3o","potentialAction":[{"@type":"SearchAction","target":{"@type":"EntryPoint","urlTemplate":"https:\/\/www.manaus.am.gov.br\/semcom\/?s={search_term_string}"},"query-input":"required name=search_term_string"}],"inLanguage":"pt-BR"},{"@type":"Person","@id":"https:\/\/www.manaus.am.gov.br\/semcom\/#\/schema\/person\/466a0e03ae4b6062809046bd560ac955","name":"bvalente","image":{"@type":"ImageObject","inLanguage":"pt-BR","@id":"https:\/\/www.manaus.am.gov.br\/semcom\/#\/schema\/person\/image\/","url":"https:\/\/secure.gravatar.com\/avatar\/3e69bc2b014bdad41adfec3a39de07d2?s=96&d=mm&r=g","contentUrl":"https:\/\/secure.gravatar.com\/avatar\/3e69bc2b014bdad41adfec3a39de07d2?s=96&d=mm&r=g","caption":"bvalente"}}]}},"_links":{"self":[{"href":"https:\/\/www.manaus.am.gov.br\/semcom\/wp-json\/wp\/v2\/posts\/248866"}],"collection":[{"href":"https:\/\/www.manaus.am.gov.br\/semcom\/wp-json\/wp\/v2\/posts"}],"about":[{"href":"https:\/\/www.manaus.am.gov.br\/semcom\/wp-json\/wp\/v2\/types\/post"}],"author":[{"embeddable":true,"href":"https:\/\/www.manaus.am.gov.br\/semcom\/wp-json\/wp\/v2\/users\/68"}],"replies":[{"embeddable":true,"href":"https:\/\/www.manaus.am.gov.br\/semcom\/wp-json\/wp\/v2\/comments?post=248866"}],"version-history":[{"count":0,"href":"https:\/\/www.manaus.am.gov.br\/semcom\/wp-json\/wp\/v2\/posts\/248866\/revisions"}],"wp:featuredmedia":[{"embeddable":true,"href":"https:\/\/www.manaus.am.gov.br\/semcom\/wp-json\/wp\/v2\/media\/248867"}],"wp:attachment":[{"href":"https:\/\/www.manaus.am.gov.br\/semcom\/wp-json\/wp\/v2\/media?parent=248866"}],"wp:term":[{"taxonomy":"category","embeddable":true,"href":"https:\/\/www.manaus.am.gov.br\/semcom\/wp-json\/wp\/v2\/categories?post=248866"},{"taxonomy":"post_tag","embeddable":true,"href":"https:\/\/www.manaus.am.gov.br\/semcom\/wp-json\/wp\/v2\/tags?post=248866"}],"curies":[{"name":"wp","href":"https:\/\/api.w.org\/{rel}","templated":true}]}}