{"id":248860,"date":"2025-11-25T16:20:36","date_gmt":"2025-11-25T20:20:36","guid":{"rendered":"https:\/\/www.manaus.am.gov.br\/semcom\/leilao-66-lotes-bens-inserviveis\/"},"modified":"2025-11-26T12:09:08","modified_gmt":"2025-11-26T15:09:08","slug":"leilao-66-lotes-bens-inserviveis","status":"publish","type":"post","link":"https:\/\/www.manaus.am.gov.br\/semcom\/leilao-66-lotes-bens-inserviveis\/","title":{"rendered":"Prefeitura de Manaus anuncia leil\u00e3o de 66 lotes de bens inserv\u00edveis, incluindo ve\u00edculos"},"content":{"rendered":"\n<p>A Prefeitura de Manaus vai realizar, no dia 16\/12, \u00e0s 9h, hor\u00e1rio local, um leil\u00e3o para a venda de 66 lotes de bens m\u00f3veis inserv\u00edveis. A participa\u00e7\u00e3o poder\u00e1 ser presencial, no hotel Mercury, localizado na&nbsp;avenida M\u00e1rio Ypiranga Monteiro, n\u00ba 1.000, bairro Adrian\u00f3polis, zona Centro-Sul, ou por meio do endere\u00e7o eletr\u00f4nico:&nbsp;<a href=\"http:\/\/www.mgl.com.br\/\" target=\"_blank\" rel=\"noreferrer noopener\">www.mgl.com.br<\/a>.<\/p>\n\n\n\n<p>Todo o processo de organiza\u00e7\u00e3o do leil\u00e3o \u00e9 da Divis\u00e3o de Patrim\u00f4nio (Dpat), da Secretaria Municipal de Administra\u00e7\u00e3o e Gest\u00e3o (Semad). Com a venda, a previs\u00e3o inicial de arrecada\u00e7\u00e3o \u00e9 de R$ 359 mil. O edital pode ser consultado no Di\u00e1rio Oficial do Munic\u00edpio (DOM) do dia 19\/11.<\/p>\n\n\n\n<p>\u201cSeguindo os direcionamentos do prefeito David Almeida, temos trabalhado para consolidar uma gest\u00e3o patrimonial estrat\u00e9gica. O nosso objetivo \u00e9 otimizar recursos, reduzir custos e gerar receitas. Neste ano, intensificamos a identifica\u00e7\u00e3o, avalia\u00e7\u00e3o e destina\u00e7\u00e3o adequada desses bens, sempre com total transpar\u00eancia e buscando o melhor retorno para os cofres p\u00fablicos\u201d, destaca o titular da Semad, C\u00e9lio Guedes.<\/p>\n\n\n\n<p>Todo o material a ser leiloado est\u00e1 dividido em 32 lotes de bens como equipamentos e m\u00f3veis escolares, de escrit\u00f3rio, hospitalares, bebedouros, aparelhos de ar-condicionado, impressoras, monitores e microcomputadores; e 34 lotes de ve\u00edculos entre motocicletas, furg\u00f5es, pick-ups, caminhonetes e carros de passeio.<\/p>\n\n\n\n<p>O leiloeiro p\u00fablico oficial que coordenar\u00e1 a disputa pelos lotes \u00e9 Fernando Caetano Moreira Filho, definido por sorteio entre os oito leiloeiros credenciados pela Semad. Os bens ser\u00e3o leiloados por lotes, conforme a descri\u00e7\u00e3o constante no Resumo da Avalia\u00e7\u00e3o e Valor Inicial por Lote dos Bens M\u00f3veis Inserv\u00edveis, especificado no edital. A disputa ser\u00e1 iniciada pelo valor m\u00ednimo de avalia\u00e7\u00e3o e os lances dever\u00e3o ser crescentes, podendo ser ofertados presencialmente ou pela plataforma eletr\u00f4nica, prevalecendo sempre o maior lance v\u00e1lido registrado.<\/p>\n\n\n\n<p><strong>Visita\u00e7\u00e3o<\/strong><\/p>\n\n\n\n<p>Os bens ser\u00e3o vendidos no estado f\u00edsico de conserva\u00e7\u00e3o e condi\u00e7\u00e3o em que se encontram. A visita\u00e7\u00e3o dos lotes poder\u00e1 ser feita no per\u00edodo de 9 a 12\/12, no hor\u00e1rio das 9h \u00e0s 14h, hor\u00e1rio oficial de Manaus. Os endere\u00e7os s\u00e3o: CBI \u2013 Aleixo\u00a0(lote 1 a\u00a019): avenida Cosme Ferreira, n\u00ba 1.945, bairro Aleixo; Dep\u00f3sito Semsa\u00a0(lote 20 a 32): rua D. Benedita Castelo Branco, s\/n\u00ba, bairro Flores, condom\u00ednio Empresarial (acesso pela rua Anhandu\u00ed), Galp\u00e3o 6; Ve\u00edculos: CBI \u2013 Aleixo\u00a0(lote 33 a\u00a049): avenida Cosme Ferreira, n\u00ba 1.945, bairro Aleixo; e Ve\u00edculos: Via Verde Transportes Coletivos Ltda.\u00a0(lote 50 a 66):\u00a0avenida Laguna, n\u00ba 1.380, bairro Planalto.<\/p>\n\n\n\n<figure class=\"wp-block-image size-full\"><img loading=\"lazy\" decoding=\"async\" width=\"836\" height=\"471\" src=\"https:\/\/www.manaus.am.gov.br\/semcom\/wp-content\/uploads\/sites\/5\/2025\/11\/Lotes-4.jpeg\" alt=\"\" class=\"wp-image-248862\" srcset=\"https:\/\/www.manaus.am.gov.br\/semcom\/wp-content\/uploads\/sites\/5\/2025\/11\/Lotes-4.jpeg 836w, https:\/\/www.manaus.am.gov.br\/semcom\/wp-content\/uploads\/sites\/5\/2025\/11\/Lotes-4-300x169.jpeg 300w, https:\/\/www.manaus.am.gov.br\/semcom\/wp-content\/uploads\/sites\/5\/2025\/11\/Lotes-4-768x433.jpeg 768w\" sizes=\"(max-width: 836px) 100vw, 836px\" \/><\/figure>\n\n\n\n<p>&#8212; &#8212; &#8212;<\/p>\n\n\n\n<p><strong>Texto<\/strong>&nbsp;\u2013 Sandra Monteiro\/Semad<\/p>\n\n\n\n<p><strong>Fotos<\/strong>&nbsp;\u2013 Divulga\u00e7\u00e3o\/Semad<\/p>\n","protected":false},"excerpt":{"rendered":"","protected":false},"author":39,"featured_media":248861,"comment_status":"closed","ping_status":"closed","sticky":false,"template":"","format":"standard","meta":{"footnotes":""},"categories":[3411],"tags":[18119,11862,8203,77,838],"acf":[],"yoast_head":"<!-- This site is optimized with the Yoast SEO plugin v23.0 - https:\/\/yoast.com\/wordpress\/plugins\/seo\/ -->\n<title>Prefeitura de Manaus anuncia leil\u00e3o de 66 lotes de bens inserv\u00edveis<\/title>\n<meta name=\"description\" content=\"Prefeitura de Manaus, por meio da Semad, anuncia leil\u00e3o de 66 lotes de bens inserv\u00edveis incluindo ve\u00edculos.\" \/>\n<meta name=\"robots\" content=\"index, follow, max-snippet:-1, max-image-preview:large, max-video-preview:-1\" \/>\n<link rel=\"canonical\" href=\"https:\/\/www.manaus.am.gov.br\/semcom\/leilao-66-lotes-bens-inserviveis\/\" \/>\n<meta property=\"og:locale\" content=\"pt_BR\" \/>\n<meta property=\"og:type\" content=\"article\" \/>\n<meta property=\"og:title\" content=\"Prefeitura de Manaus anuncia leil\u00e3o de 66 lotes de bens inserv\u00edveis\" \/>\n<meta property=\"og:description\" content=\"Prefeitura de Manaus, por meio da Semad, anuncia leil\u00e3o de 66 lotes de bens inserv\u00edveis incluindo ve\u00edculos.\" \/>\n<meta property=\"og:url\" content=\"https:\/\/www.manaus.am.gov.br\/semcom\/leilao-66-lotes-bens-inserviveis\/\" \/>\n<meta property=\"og:site_name\" content=\"SEMCOM\" \/>\n<meta property=\"article:published_time\" content=\"2025-11-25T20:20:36+00:00\" \/>\n<meta property=\"article:modified_time\" content=\"2025-11-26T15:09:08+00:00\" \/>\n<meta property=\"og:image\" content=\"https:\/\/www.manaus.am.gov.br\/semcom\/wp-content\/uploads\/sites\/5\/2025\/11\/Lotes-3.jpeg\" \/>\n\t<meta property=\"og:image:width\" content=\"632\" \/>\n\t<meta property=\"og:image:height\" content=\"355\" \/>\n\t<meta property=\"og:image:type\" content=\"image\/jpeg\" \/>\n<meta name=\"author\" content=\"Bruna Greco\" \/>\n<meta name=\"twitter:card\" content=\"summary_large_image\" \/>\n<meta name=\"twitter:label1\" content=\"Written by\" \/>\n\t<meta name=\"twitter:data1\" content=\"Bruna Greco\" \/>\n\t<meta name=\"twitter:label2\" content=\"Est. reading time\" \/>\n\t<meta name=\"twitter:data2\" content=\"3 minutos\" \/>\n<script type=\"application\/ld+json\" class=\"yoast-schema-graph\">{\"@context\":\"https:\/\/schema.org\",\"@graph\":[{\"@type\":\"WebPage\",\"@id\":\"https:\/\/www.manaus.am.gov.br\/semcom\/leilao-66-lotes-bens-inserviveis\/\",\"url\":\"https:\/\/www.manaus.am.gov.br\/semcom\/leilao-66-lotes-bens-inserviveis\/\",\"name\":\"Prefeitura de Manaus anuncia leil\u00e3o de 66 lotes de bens inserv\u00edveis\",\"isPartOf\":{\"@id\":\"https:\/\/www.manaus.am.gov.br\/semcom\/#website\"},\"primaryImageOfPage\":{\"@id\":\"https:\/\/www.manaus.am.gov.br\/semcom\/leilao-66-lotes-bens-inserviveis\/#primaryimage\"},\"image\":{\"@id\":\"https:\/\/www.manaus.am.gov.br\/semcom\/leilao-66-lotes-bens-inserviveis\/#primaryimage\"},\"thumbnailUrl\":\"https:\/\/www.manaus.am.gov.br\/semcom\/wp-content\/uploads\/sites\/5\/2025\/11\/Lotes-3.jpeg\",\"datePublished\":\"2025-11-25T20:20:36+00:00\",\"dateModified\":\"2025-11-26T15:09:08+00:00\",\"author\":{\"@id\":\"https:\/\/www.manaus.am.gov.br\/semcom\/#\/schema\/person\/05d223aea2bf115f9883a6ff3683d81b\"},\"description\":\"Prefeitura de Manaus, por meio da Semad, anuncia leil\u00e3o de 66 lotes de bens inserv\u00edveis incluindo ve\u00edculos.\",\"inLanguage\":\"pt-BR\",\"potentialAction\":[{\"@type\":\"ReadAction\",\"target\":[\"https:\/\/www.manaus.am.gov.br\/semcom\/leilao-66-lotes-bens-inserviveis\/\"]}]},{\"@type\":\"ImageObject\",\"inLanguage\":\"pt-BR\",\"@id\":\"https:\/\/www.manaus.am.gov.br\/semcom\/leilao-66-lotes-bens-inserviveis\/#primaryimage\",\"url\":\"https:\/\/www.manaus.am.gov.br\/semcom\/wp-content\/uploads\/sites\/5\/2025\/11\/Lotes-3.jpeg\",\"contentUrl\":\"https:\/\/www.manaus.am.gov.br\/semcom\/wp-content\/uploads\/sites\/5\/2025\/11\/Lotes-3.jpeg\",\"width\":632,\"height\":355,\"caption\":\"#paratodosverem - Lote de bens inserv\u00edveis que ser\u00e3o vendidos durante leil\u00e3o da Prefeitura de Manaus\"},{\"@type\":\"WebSite\",\"@id\":\"https:\/\/www.manaus.am.gov.br\/semcom\/#website\",\"url\":\"https:\/\/www.manaus.am.gov.br\/semcom\/\",\"name\":\"SEMCOM\",\"description\":\"Secretaria Municipal de Comunica\u00e7\u00e3o\",\"potentialAction\":[{\"@type\":\"SearchAction\",\"target\":{\"@type\":\"EntryPoint\",\"urlTemplate\":\"https:\/\/www.manaus.am.gov.br\/semcom\/?s={search_term_string}\"},\"query-input\":\"required name=search_term_string\"}],\"inLanguage\":\"pt-BR\"},{\"@type\":\"Person\",\"@id\":\"https:\/\/www.manaus.am.gov.br\/semcom\/#\/schema\/person\/05d223aea2bf115f9883a6ff3683d81b\",\"name\":\"Bruna Greco\",\"image\":{\"@type\":\"ImageObject\",\"inLanguage\":\"pt-BR\",\"@id\":\"https:\/\/www.manaus.am.gov.br\/semcom\/#\/schema\/person\/image\/\",\"url\":\"https:\/\/secure.gravatar.com\/avatar\/9c877d1a6adc2a055330e5c09a8653ce?s=96&d=mm&r=g\",\"contentUrl\":\"https:\/\/secure.gravatar.com\/avatar\/9c877d1a6adc2a055330e5c09a8653ce?s=96&d=mm&r=g\",\"caption\":\"Bruna Greco\"}}]}<\/script>\n<!-- \/ Yoast SEO plugin. -->","yoast_head_json":{"title":"Prefeitura de Manaus anuncia leil\u00e3o de 66 lotes de bens inserv\u00edveis","description":"Prefeitura de Manaus, por meio da Semad, anuncia leil\u00e3o de 66 lotes de bens inserv\u00edveis incluindo ve\u00edculos.","robots":{"index":"index","follow":"follow","max-snippet":"max-snippet:-1","max-image-preview":"max-image-preview:large","max-video-preview":"max-video-preview:-1"},"canonical":"https:\/\/www.manaus.am.gov.br\/semcom\/leilao-66-lotes-bens-inserviveis\/","og_locale":"pt_BR","og_type":"article","og_title":"Prefeitura de Manaus anuncia leil\u00e3o de 66 lotes de bens inserv\u00edveis","og_description":"Prefeitura de Manaus, por meio da Semad, anuncia leil\u00e3o de 66 lotes de bens inserv\u00edveis incluindo ve\u00edculos.","og_url":"https:\/\/www.manaus.am.gov.br\/semcom\/leilao-66-lotes-bens-inserviveis\/","og_site_name":"SEMCOM","article_published_time":"2025-11-25T20:20:36+00:00","article_modified_time":"2025-11-26T15:09:08+00:00","og_image":[{"width":632,"height":355,"url":"https:\/\/www.manaus.am.gov.br\/semcom\/wp-content\/uploads\/sites\/5\/2025\/11\/Lotes-3.jpeg","type":"image\/jpeg"}],"author":"Bruna Greco","twitter_card":"summary_large_image","twitter_misc":{"Written by":"Bruna Greco","Est. reading time":"3 minutos"},"schema":{"@context":"https:\/\/schema.org","@graph":[{"@type":"WebPage","@id":"https:\/\/www.manaus.am.gov.br\/semcom\/leilao-66-lotes-bens-inserviveis\/","url":"https:\/\/www.manaus.am.gov.br\/semcom\/leilao-66-lotes-bens-inserviveis\/","name":"Prefeitura de Manaus anuncia leil\u00e3o de 66 lotes de bens inserv\u00edveis","isPartOf":{"@id":"https:\/\/www.manaus.am.gov.br\/semcom\/#website"},"primaryImageOfPage":{"@id":"https:\/\/www.manaus.am.gov.br\/semcom\/leilao-66-lotes-bens-inserviveis\/#primaryimage"},"image":{"@id":"https:\/\/www.manaus.am.gov.br\/semcom\/leilao-66-lotes-bens-inserviveis\/#primaryimage"},"thumbnailUrl":"https:\/\/www.manaus.am.gov.br\/semcom\/wp-content\/uploads\/sites\/5\/2025\/11\/Lotes-3.jpeg","datePublished":"2025-11-25T20:20:36+00:00","dateModified":"2025-11-26T15:09:08+00:00","author":{"@id":"https:\/\/www.manaus.am.gov.br\/semcom\/#\/schema\/person\/05d223aea2bf115f9883a6ff3683d81b"},"description":"Prefeitura de Manaus, por meio da Semad, anuncia leil\u00e3o de 66 lotes de bens inserv\u00edveis incluindo ve\u00edculos.","inLanguage":"pt-BR","potentialAction":[{"@type":"ReadAction","target":["https:\/\/www.manaus.am.gov.br\/semcom\/leilao-66-lotes-bens-inserviveis\/"]}]},{"@type":"ImageObject","inLanguage":"pt-BR","@id":"https:\/\/www.manaus.am.gov.br\/semcom\/leilao-66-lotes-bens-inserviveis\/#primaryimage","url":"https:\/\/www.manaus.am.gov.br\/semcom\/wp-content\/uploads\/sites\/5\/2025\/11\/Lotes-3.jpeg","contentUrl":"https:\/\/www.manaus.am.gov.br\/semcom\/wp-content\/uploads\/sites\/5\/2025\/11\/Lotes-3.jpeg","width":632,"height":355,"caption":"#paratodosverem - Lote de bens inserv\u00edveis que ser\u00e3o vendidos durante leil\u00e3o da Prefeitura de Manaus"},{"@type":"WebSite","@id":"https:\/\/www.manaus.am.gov.br\/semcom\/#website","url":"https:\/\/www.manaus.am.gov.br\/semcom\/","name":"SEMCOM","description":"Secretaria Municipal de Comunica\u00e7\u00e3o","potentialAction":[{"@type":"SearchAction","target":{"@type":"EntryPoint","urlTemplate":"https:\/\/www.manaus.am.gov.br\/semcom\/?s={search_term_string}"},"query-input":"required name=search_term_string"}],"inLanguage":"pt-BR"},{"@type":"Person","@id":"https:\/\/www.manaus.am.gov.br\/semcom\/#\/schema\/person\/05d223aea2bf115f9883a6ff3683d81b","name":"Bruna Greco","image":{"@type":"ImageObject","inLanguage":"pt-BR","@id":"https:\/\/www.manaus.am.gov.br\/semcom\/#\/schema\/person\/image\/","url":"https:\/\/secure.gravatar.com\/avatar\/9c877d1a6adc2a055330e5c09a8653ce?s=96&d=mm&r=g","contentUrl":"https:\/\/secure.gravatar.com\/avatar\/9c877d1a6adc2a055330e5c09a8653ce?s=96&d=mm&r=g","caption":"Bruna Greco"}}]}},"_links":{"self":[{"href":"https:\/\/www.manaus.am.gov.br\/semcom\/wp-json\/wp\/v2\/posts\/248860"}],"collection":[{"href":"https:\/\/www.manaus.am.gov.br\/semcom\/wp-json\/wp\/v2\/posts"}],"about":[{"href":"https:\/\/www.manaus.am.gov.br\/semcom\/wp-json\/wp\/v2\/types\/post"}],"author":[{"embeddable":true,"href":"https:\/\/www.manaus.am.gov.br\/semcom\/wp-json\/wp\/v2\/users\/39"}],"replies":[{"embeddable":true,"href":"https:\/\/www.manaus.am.gov.br\/semcom\/wp-json\/wp\/v2\/comments?post=248860"}],"version-history":[{"count":3,"href":"https:\/\/www.manaus.am.gov.br\/semcom\/wp-json\/wp\/v2\/posts\/248860\/revisions"}],"predecessor-version":[{"id":248894,"href":"https:\/\/www.manaus.am.gov.br\/semcom\/wp-json\/wp\/v2\/posts\/248860\/revisions\/248894"}],"wp:featuredmedia":[{"embeddable":true,"href":"https:\/\/www.manaus.am.gov.br\/semcom\/wp-json\/wp\/v2\/media\/248861"}],"wp:attachment":[{"href":"https:\/\/www.manaus.am.gov.br\/semcom\/wp-json\/wp\/v2\/media?parent=248860"}],"wp:term":[{"taxonomy":"category","embeddable":true,"href":"https:\/\/www.manaus.am.gov.br\/semcom\/wp-json\/wp\/v2\/categories?post=248860"},{"taxonomy":"post_tag","embeddable":true,"href":"https:\/\/www.manaus.am.gov.br\/semcom\/wp-json\/wp\/v2\/tags?post=248860"}],"curies":[{"name":"wp","href":"https:\/\/api.w.org\/{rel}","templated":true}]}}