{"id":248855,"date":"2025-11-25T15:46:34","date_gmt":"2025-11-25T18:46:34","guid":{"rendered":"https:\/\/www.manaus.am.gov.br\/semcom\/registros-de-imoveis-no-santa-luzia\/"},"modified":"2025-11-25T15:46:35","modified_gmt":"2025-11-25T18:46:35","slug":"registros-de-imoveis-no-santa-luzia","status":"publish","type":"post","link":"https:\/\/www.manaus.am.gov.br\/semcom\/registros-de-imoveis-no-santa-luzia\/","title":{"rendered":"Prefeito David Almeida entrega 400 registros de im\u00f3veis e realiza maior avan\u00e7o hist\u00f3rico na regulariza\u00e7\u00e3o fundi\u00e1ria do Santa Luzia"},"content":{"rendered":"\n<p>O prefeito de Manaus, David Almeida, entregou, nesta ter\u00e7a-feira, 25\/11, 400 registros de im\u00f3veis aos moradores do bairro Santa Luzia, em cerim\u00f4nia realizada na quadra da escola de samba Reino Unido da Liberdade, no Morro da Liberdade, zona Sul. A a\u00e7\u00e3o integra o programa \u201cManaus Legal\u201d, conduzido pela Secretaria Municipal de Habita\u00e7\u00e3o e Assuntos Fundi\u00e1rios (Semhaf), que j\u00e1 ultrapassou a marca de 12 mil im\u00f3veis regularizados em toda a cidade.<\/p>\n\n\n\n<p>\u201cHoje, n\u00f3s estamos realizando um sonho que atravessa gera\u00e7\u00f5es. S\u00e3o fam\u00edlias que esperam h\u00e1 mais de 100 anos pelo direito de serem propriet\u00e1rias do lugar onde constru\u00edram suas vidas. A partir de agora, voc\u00eas s\u00e3o donos de fato e de direito dos seus im\u00f3veis, com registro em cart\u00f3rio, seguran\u00e7a jur\u00eddica e dignidade. Isso \u00e9 justi\u00e7a social\u201d, destacou o prefeito David Almeida.<\/p>\n\n\n\n<p>O evento reuniu lideran\u00e7as comunit\u00e1rias, moradores do Santa Luzia e autoridades civis e judiciais. A entrega, realizada em parceria com a Corregedoria do Tribunal de Justi\u00e7a do Amazonas (TJ-AM), marca um avan\u00e7o hist\u00f3rico na regulariza\u00e7\u00e3o fundi\u00e1ria da capital e representa a consolida\u00e7\u00e3o de uma pol\u00edtica p\u00fablica que alcan\u00e7a \u00e1reas ocupadas h\u00e1 d\u00e9cadas e que nunca haviam recebido aten\u00e7\u00e3o efetiva do poder p\u00fablico.<\/p>\n\n\n\n<p>Durante o ato, o prefeito destacou que o Santa Luzia \u00e9 um dos bairros mais tradicionais da zona Sul, com registros de ocupa\u00e7\u00e3o que remontam a 1920, e que a cidade ainda carrega um desafio estrutural: mais de 50% do territ\u00f3rio de Manaus \u00e9 formado por \u00e1reas ocupadas que aguardam regulariza\u00e7\u00e3o.<\/p>\n\n\n\n<p>Ele relembrou que, no mesmo local, h\u00e1 pouco mais de um m\u00eas, foram entregues 900 registros aos moradores do Morro da Liberdade, consolidando o eixo Sul como refer\u00eancia no avan\u00e7o da pol\u00edtica habitacional.<\/p>\n\n\n\n<p>David refor\u00e7ou que muitos moradores n\u00e3o receberam o documento por n\u00e3o terem recebido a equipe t\u00e9cnica da Semhaf no per\u00edodo de vistoria e pediu apoio da comunidade. \u201cQuem recebeu o registro hoje, mostre para o vizinho. Pe\u00e7a para que ele entregue a documenta\u00e7\u00e3o, porque n\u00f3s queremos voltar aqui para finalizar os 900 t\u00edtulos que o Santa Luzia tem direito. \u00c9 assim que se faz cidadania\u201d.<\/p>\n\n\n\n<p>O secret\u00e1rio de Habita\u00e7\u00e3o, Jesus Alves, refor\u00e7ou que a cidade passou mais de uma d\u00e9cada sem uma estrutura dedicada \u00e0 regulariza\u00e7\u00e3o fundi\u00e1ria, e que a cria\u00e7\u00e3o da Semhaf, em 2023, permitiu a constru\u00e7\u00e3o do maior programa de titula\u00e7\u00e3o do Norte do pa\u00eds.<\/p>\n\n\n\n<p>\u201cManaus ficou 12 anos sem Secretaria de Habita\u00e7\u00e3o, at\u00e9 que o prefeito David Almeida teve a coragem de criar e estruturar a Semhaf. Hoje, colhemos os resultados: o maior programa de regulariza\u00e7\u00e3o fundi\u00e1ria da hist\u00f3ria da cidade e do Amazonas. A Prefeitura de Manaus n\u00e3o entrega t\u00edtulo provis\u00f3rio. Entrega registro de im\u00f3vel, o documento definitivo que garante propriedade de verdade\u201d, afirmou.<\/p>\n\n\n\n<p>Ele destacou ainda o apoio da Corregedoria de Justi\u00e7a, da Defensoria P\u00fablica e do senador Eduardo Braga, que destinou recursos para fortalecer o programa.<\/p>\n\n\n\n<p>Representando os moradores, o subsecret\u00e1rio da Semjel e morador do Santa Luzia, Roberto Dinamite, emocionou o p\u00fablico ao ressaltar o impacto da entrega.<\/p>\n\n\n\n<p>\u201cEu falo aqui como morador do Santa Luzia, como algu\u00e9m que reencontra amigos da minha inf\u00e2ncia, dos meus pais e dos meus av\u00f3s. O que o prefeito David Almeida faz por Manaus \u00e9 olhar com humanidade. Por isso eu escolhi caminhar ao lado de quem mais trabalha e mais entrega. A zona Sul inteira est\u00e1 asfaltada, nenhuma gest\u00e3o entregou tantas escolas, tantas UBSs ou tantas obras quanto esta\u201d, afirmou.<\/p>\n\n\n\n<p><strong>Meta ousada at\u00e9 2028<\/strong><\/p>\n\n\n\n<p>Durante o evento, o prefeito anunciou novas metas e avan\u00e7os: o Cidade de Deus ser\u00e1 a pr\u00f3xima grande frente de regulariza\u00e7\u00e3o, com previs\u00e3o de 6 mil registros de im\u00f3veis a serem entregues, ap\u00f3s processo de desapropria\u00e7\u00e3o em andamento.<\/p>\n\n\n\n<p>O chefe do Executivo municipal destacou que a Semhaf j\u00e1 est\u00e1 construindo 4.700 apartamentos populares, com tr\u00eas conjuntos habitacionais sendo entregues ainda este ano. Est\u00e3o em implanta\u00e7\u00e3o 3.600 lotes urbanizados no bairro planejado da zona Norte, ampliando o acesso \u00e0 moradia digna. Al\u00e9m disso, a meta da gest\u00e3o \u00e9 chegar a 40 mil registros de im\u00f3veis at\u00e9 2028, consolidando o maior esfor\u00e7o de regulariza\u00e7\u00e3o fundi\u00e1ria da hist\u00f3ria da capital.<\/p>\n\n\n\n<p>\u201cRegularizar a terra \u00e9 garantir dignidade, seguran\u00e7a jur\u00eddica, acesso \u00e0 cidadania e oportunidade para crescer. Isso \u00e9 transformar vidas, e isso \u00e9 justi\u00e7a social\u201d, afirmou o prefeito.<\/p>\n\n\n\n<p><strong>Manaus Legal<\/strong><\/p>\n\n\n\n<p>Com a entrega de hoje, o programa \u201cManaus Legal\u201d avan\u00e7a sobre uma das regi\u00f5es mais antigas e populosas da cidade, garantindo que fam\u00edlias que vivem h\u00e1 d\u00e9cadas no mesmo local, algumas delas h\u00e1 mais de 100 anos, finalmente recebam o documento que confirma a sua propriedade.<\/p>\n\n\n\n<p>Al\u00e9m da titula\u00e7\u00e3o, a Prefeitura de Manaus segue ampliando pol\u00edticas habitacionais com novos empreendimentos, urbaniza\u00e7\u00e3o de \u00e1reas vulner\u00e1veis e solu\u00e7\u00f5es que atacam o d\u00e9ficit habitacional de forma estrutural.<\/p>\n\n\n\n<p>&#8212; &#8212; &#8212;<\/p>\n\n\n\n<p><strong>Texto <\/strong>&#8211; Emanuelle Baires \/ Semcom-Prefeito e Leo Fierro \/ Semhaf<\/p>\n\n\n\n<p><strong>Fotos &#8211;<\/strong> Jo\u00e3o Viana \/ Semcom<\/p>\n\n\n\n<p><strong>Dispon\u00edveis em \u2013 <\/strong><a href=\"https:\/\/flic.kr\/s\/aHBqjCBRRM\">https:\/\/flic.kr\/s\/aHBqjCBRRM<\/a><\/p>\n","protected":false},"excerpt":{"rendered":"","protected":false},"author":57,"featured_media":248856,"comment_status":"closed","ping_status":"closed","sticky":false,"template":"","format":"standard","meta":{"footnotes":""},"categories":[400],"tags":[35,4192,77,11391,5352],"acf":[],"yoast_head":"<!-- This site is optimized with the Yoast SEO plugin v23.0 - https:\/\/yoast.com\/wordpress\/plugins\/seo\/ -->\n<title>David Almeida entrega 400 registros de im\u00f3veis no Santa Luzia<\/title>\n<meta name=\"description\" content=\"O prefeito David Almeida entregou, nesta ter\u00e7a-feira, 25\/11, 400 registros de im\u00f3veis aos moradores do bairro Santa Luzia.\" \/>\n<meta name=\"robots\" content=\"index, follow, max-snippet:-1, max-image-preview:large, max-video-preview:-1\" \/>\n<link rel=\"canonical\" href=\"https:\/\/www.manaus.am.gov.br\/semcom\/registros-de-imoveis-no-santa-luzia\/\" \/>\n<meta property=\"og:locale\" content=\"pt_BR\" \/>\n<meta property=\"og:type\" content=\"article\" \/>\n<meta property=\"og:title\" content=\"David Almeida entrega 400 registros de im\u00f3veis no Santa Luzia\" \/>\n<meta property=\"og:description\" content=\"O prefeito David Almeida entregou, nesta ter\u00e7a-feira, 25\/11, 400 registros de im\u00f3veis aos moradores do bairro Santa Luzia.\" \/>\n<meta property=\"og:url\" content=\"https:\/\/www.manaus.am.gov.br\/semcom\/registros-de-imoveis-no-santa-luzia\/\" \/>\n<meta property=\"og:site_name\" content=\"SEMCOM\" \/>\n<meta property=\"article:published_time\" content=\"2025-11-25T18:46:34+00:00\" \/>\n<meta property=\"article:modified_time\" content=\"2025-11-25T18:46:35+00:00\" \/>\n<meta property=\"og:image\" content=\"https:\/\/www.manaus.am.gov.br\/semcom\/wp-content\/uploads\/sites\/5\/2025\/11\/registros-de-imoveis-no-Santa-Luzia_SEMCOM-2.jpg\" \/>\n\t<meta property=\"og:image:width\" content=\"799\" \/>\n\t<meta property=\"og:image:height\" content=\"533\" \/>\n\t<meta property=\"og:image:type\" content=\"image\/jpeg\" \/>\n<meta name=\"author\" content=\"Thiago Fernando\" \/>\n<meta name=\"twitter:card\" content=\"summary_large_image\" \/>\n<meta name=\"twitter:label1\" content=\"Written by\" \/>\n\t<meta name=\"twitter:data1\" content=\"Thiago Fernando\" \/>\n\t<meta name=\"twitter:label2\" content=\"Est. reading time\" \/>\n\t<meta name=\"twitter:data2\" content=\"5 minutos\" \/>\n<script type=\"application\/ld+json\" class=\"yoast-schema-graph\">{\"@context\":\"https:\/\/schema.org\",\"@graph\":[{\"@type\":\"WebPage\",\"@id\":\"https:\/\/www.manaus.am.gov.br\/semcom\/registros-de-imoveis-no-santa-luzia\/\",\"url\":\"https:\/\/www.manaus.am.gov.br\/semcom\/registros-de-imoveis-no-santa-luzia\/\",\"name\":\"David Almeida entrega 400 registros de im\u00f3veis no Santa Luzia\",\"isPartOf\":{\"@id\":\"https:\/\/www.manaus.am.gov.br\/semcom\/#website\"},\"primaryImageOfPage\":{\"@id\":\"https:\/\/www.manaus.am.gov.br\/semcom\/registros-de-imoveis-no-santa-luzia\/#primaryimage\"},\"image\":{\"@id\":\"https:\/\/www.manaus.am.gov.br\/semcom\/registros-de-imoveis-no-santa-luzia\/#primaryimage\"},\"thumbnailUrl\":\"https:\/\/www.manaus.am.gov.br\/semcom\/wp-content\/uploads\/sites\/5\/2025\/11\/registros-de-imoveis-no-Santa-Luzia_SEMCOM-2.jpg\",\"datePublished\":\"2025-11-25T18:46:34+00:00\",\"dateModified\":\"2025-11-25T18:46:35+00:00\",\"author\":{\"@id\":\"https:\/\/www.manaus.am.gov.br\/semcom\/#\/schema\/person\/a5ee5376db6e21af026374b369f30882\"},\"description\":\"O prefeito David Almeida entregou, nesta ter\u00e7a-feira, 25\/11, 400 registros de im\u00f3veis aos moradores do bairro Santa Luzia.\",\"inLanguage\":\"pt-BR\",\"potentialAction\":[{\"@type\":\"ReadAction\",\"target\":[\"https:\/\/www.manaus.am.gov.br\/semcom\/registros-de-imoveis-no-santa-luzia\/\"]}]},{\"@type\":\"ImageObject\",\"inLanguage\":\"pt-BR\",\"@id\":\"https:\/\/www.manaus.am.gov.br\/semcom\/registros-de-imoveis-no-santa-luzia\/#primaryimage\",\"url\":\"https:\/\/www.manaus.am.gov.br\/semcom\/wp-content\/uploads\/sites\/5\/2025\/11\/registros-de-imoveis-no-Santa-Luzia_SEMCOM-2.jpg\",\"contentUrl\":\"https:\/\/www.manaus.am.gov.br\/semcom\/wp-content\/uploads\/sites\/5\/2025\/11\/registros-de-imoveis-no-Santa-Luzia_SEMCOM-2.jpg\",\"width\":799,\"height\":533,\"caption\":\"#paratodosverem - Prefeito David Almeida entregando registro para idosa\"},{\"@type\":\"WebSite\",\"@id\":\"https:\/\/www.manaus.am.gov.br\/semcom\/#website\",\"url\":\"https:\/\/www.manaus.am.gov.br\/semcom\/\",\"name\":\"SEMCOM\",\"description\":\"Secretaria Municipal de Comunica\u00e7\u00e3o\",\"potentialAction\":[{\"@type\":\"SearchAction\",\"target\":{\"@type\":\"EntryPoint\",\"urlTemplate\":\"https:\/\/www.manaus.am.gov.br\/semcom\/?s={search_term_string}\"},\"query-input\":\"required name=search_term_string\"}],\"inLanguage\":\"pt-BR\"},{\"@type\":\"Person\",\"@id\":\"https:\/\/www.manaus.am.gov.br\/semcom\/#\/schema\/person\/a5ee5376db6e21af026374b369f30882\",\"name\":\"Thiago Fernando\",\"image\":{\"@type\":\"ImageObject\",\"inLanguage\":\"pt-BR\",\"@id\":\"https:\/\/www.manaus.am.gov.br\/semcom\/#\/schema\/person\/image\/\",\"url\":\"https:\/\/secure.gravatar.com\/avatar\/f5aab8722444041451501c077052ac07?s=96&d=mm&r=g\",\"contentUrl\":\"https:\/\/secure.gravatar.com\/avatar\/f5aab8722444041451501c077052ac07?s=96&d=mm&r=g\",\"caption\":\"Thiago Fernando\"}}]}<\/script>\n<!-- \/ Yoast SEO plugin. -->","yoast_head_json":{"title":"David Almeida entrega 400 registros de im\u00f3veis no Santa Luzia","description":"O prefeito David Almeida entregou, nesta ter\u00e7a-feira, 25\/11, 400 registros de im\u00f3veis aos moradores do bairro Santa Luzia.","robots":{"index":"index","follow":"follow","max-snippet":"max-snippet:-1","max-image-preview":"max-image-preview:large","max-video-preview":"max-video-preview:-1"},"canonical":"https:\/\/www.manaus.am.gov.br\/semcom\/registros-de-imoveis-no-santa-luzia\/","og_locale":"pt_BR","og_type":"article","og_title":"David Almeida entrega 400 registros de im\u00f3veis no Santa Luzia","og_description":"O prefeito David Almeida entregou, nesta ter\u00e7a-feira, 25\/11, 400 registros de im\u00f3veis aos moradores do bairro Santa Luzia.","og_url":"https:\/\/www.manaus.am.gov.br\/semcom\/registros-de-imoveis-no-santa-luzia\/","og_site_name":"SEMCOM","article_published_time":"2025-11-25T18:46:34+00:00","article_modified_time":"2025-11-25T18:46:35+00:00","og_image":[{"width":799,"height":533,"url":"https:\/\/www.manaus.am.gov.br\/semcom\/wp-content\/uploads\/sites\/5\/2025\/11\/registros-de-imoveis-no-Santa-Luzia_SEMCOM-2.jpg","type":"image\/jpeg"}],"author":"Thiago Fernando","twitter_card":"summary_large_image","twitter_misc":{"Written by":"Thiago Fernando","Est. reading time":"5 minutos"},"schema":{"@context":"https:\/\/schema.org","@graph":[{"@type":"WebPage","@id":"https:\/\/www.manaus.am.gov.br\/semcom\/registros-de-imoveis-no-santa-luzia\/","url":"https:\/\/www.manaus.am.gov.br\/semcom\/registros-de-imoveis-no-santa-luzia\/","name":"David Almeida entrega 400 registros de im\u00f3veis no Santa Luzia","isPartOf":{"@id":"https:\/\/www.manaus.am.gov.br\/semcom\/#website"},"primaryImageOfPage":{"@id":"https:\/\/www.manaus.am.gov.br\/semcom\/registros-de-imoveis-no-santa-luzia\/#primaryimage"},"image":{"@id":"https:\/\/www.manaus.am.gov.br\/semcom\/registros-de-imoveis-no-santa-luzia\/#primaryimage"},"thumbnailUrl":"https:\/\/www.manaus.am.gov.br\/semcom\/wp-content\/uploads\/sites\/5\/2025\/11\/registros-de-imoveis-no-Santa-Luzia_SEMCOM-2.jpg","datePublished":"2025-11-25T18:46:34+00:00","dateModified":"2025-11-25T18:46:35+00:00","author":{"@id":"https:\/\/www.manaus.am.gov.br\/semcom\/#\/schema\/person\/a5ee5376db6e21af026374b369f30882"},"description":"O prefeito David Almeida entregou, nesta ter\u00e7a-feira, 25\/11, 400 registros de im\u00f3veis aos moradores do bairro Santa Luzia.","inLanguage":"pt-BR","potentialAction":[{"@type":"ReadAction","target":["https:\/\/www.manaus.am.gov.br\/semcom\/registros-de-imoveis-no-santa-luzia\/"]}]},{"@type":"ImageObject","inLanguage":"pt-BR","@id":"https:\/\/www.manaus.am.gov.br\/semcom\/registros-de-imoveis-no-santa-luzia\/#primaryimage","url":"https:\/\/www.manaus.am.gov.br\/semcom\/wp-content\/uploads\/sites\/5\/2025\/11\/registros-de-imoveis-no-Santa-Luzia_SEMCOM-2.jpg","contentUrl":"https:\/\/www.manaus.am.gov.br\/semcom\/wp-content\/uploads\/sites\/5\/2025\/11\/registros-de-imoveis-no-Santa-Luzia_SEMCOM-2.jpg","width":799,"height":533,"caption":"#paratodosverem - Prefeito David Almeida entregando registro para idosa"},{"@type":"WebSite","@id":"https:\/\/www.manaus.am.gov.br\/semcom\/#website","url":"https:\/\/www.manaus.am.gov.br\/semcom\/","name":"SEMCOM","description":"Secretaria Municipal de Comunica\u00e7\u00e3o","potentialAction":[{"@type":"SearchAction","target":{"@type":"EntryPoint","urlTemplate":"https:\/\/www.manaus.am.gov.br\/semcom\/?s={search_term_string}"},"query-input":"required name=search_term_string"}],"inLanguage":"pt-BR"},{"@type":"Person","@id":"https:\/\/www.manaus.am.gov.br\/semcom\/#\/schema\/person\/a5ee5376db6e21af026374b369f30882","name":"Thiago Fernando","image":{"@type":"ImageObject","inLanguage":"pt-BR","@id":"https:\/\/www.manaus.am.gov.br\/semcom\/#\/schema\/person\/image\/","url":"https:\/\/secure.gravatar.com\/avatar\/f5aab8722444041451501c077052ac07?s=96&d=mm&r=g","contentUrl":"https:\/\/secure.gravatar.com\/avatar\/f5aab8722444041451501c077052ac07?s=96&d=mm&r=g","caption":"Thiago Fernando"}}]}},"_links":{"self":[{"href":"https:\/\/www.manaus.am.gov.br\/semcom\/wp-json\/wp\/v2\/posts\/248855"}],"collection":[{"href":"https:\/\/www.manaus.am.gov.br\/semcom\/wp-json\/wp\/v2\/posts"}],"about":[{"href":"https:\/\/www.manaus.am.gov.br\/semcom\/wp-json\/wp\/v2\/types\/post"}],"author":[{"embeddable":true,"href":"https:\/\/www.manaus.am.gov.br\/semcom\/wp-json\/wp\/v2\/users\/57"}],"replies":[{"embeddable":true,"href":"https:\/\/www.manaus.am.gov.br\/semcom\/wp-json\/wp\/v2\/comments?post=248855"}],"version-history":[{"count":0,"href":"https:\/\/www.manaus.am.gov.br\/semcom\/wp-json\/wp\/v2\/posts\/248855\/revisions"}],"wp:featuredmedia":[{"embeddable":true,"href":"https:\/\/www.manaus.am.gov.br\/semcom\/wp-json\/wp\/v2\/media\/248856"}],"wp:attachment":[{"href":"https:\/\/www.manaus.am.gov.br\/semcom\/wp-json\/wp\/v2\/media?parent=248855"}],"wp:term":[{"taxonomy":"category","embeddable":true,"href":"https:\/\/www.manaus.am.gov.br\/semcom\/wp-json\/wp\/v2\/categories?post=248855"},{"taxonomy":"post_tag","embeddable":true,"href":"https:\/\/www.manaus.am.gov.br\/semcom\/wp-json\/wp\/v2\/tags?post=248855"}],"curies":[{"name":"wp","href":"https:\/\/api.w.org\/{rel}","templated":true}]}}