{"id":248821,"date":"2025-11-24T19:18:14","date_gmt":"2025-11-24T22:18:14","guid":{"rendered":"https:\/\/www.manaus.am.gov.br\/semcom\/fiscalizacao-durante-a-black-friday\/"},"modified":"2025-11-24T19:18:15","modified_gmt":"2025-11-24T22:18:15","slug":"fiscalizacao-durante-a-black-friday","status":"publish","type":"post","link":"https:\/\/www.manaus.am.gov.br\/semcom\/fiscalizacao-durante-a-black-friday\/","title":{"rendered":"Procon Manaus realiza opera\u00e7\u00e3o especial de fiscaliza\u00e7\u00e3o durante a Black Friday nos shoppings da capital"},"content":{"rendered":"\n<p>A Prefeitura de Manaus, por meio do Servi\u00e7o de Atendimento e Prote\u00e7\u00e3o ao Consumidor (Procon Manaus), iniciou, nesta segunda-feira, 24\/11, uma opera\u00e7\u00e3o especial de fiscaliza\u00e7\u00e3o voltada \u00e0s lojas dos shoppings da cidade durante o per\u00edodo da Black Friday. A a\u00e7\u00e3o segue at\u00e9 sexta-feira, 28\/11, e tem como objetivo combater pr\u00e1ticas abusivas e garantir que as ofertas anunciadas sejam cumpridas corretamente.<\/p>\n\n\n\n<p>A presidente do Procon Manaus, Onilda Abreu, refor\u00e7ou o compromisso do \u00f3rg\u00e3o. \u201cEstamos acompanhando de perto cada etapa das ofertas para impedir irregularidades. Queremos que as pessoas comprem tranquilas, sabendo que aquilo que est\u00e1 anunciado ser\u00e1, de fato, cumprido. A Black Friday precisa ser positiva para todos, e n\u00e3o motivo de preju\u00edzo. Em caso de qualquer problema, a popula\u00e7\u00e3o pode procurar o Procon Manaus\u201d, afirmou.&nbsp;<\/p>\n\n\n\n<p>A opera\u00e7\u00e3o concentra-se em setores que costumam ter maior procura nesta \u00e9poca do ano, como eletrodom\u00e9sticos, telefonia, perfumaria, artigos esportivos, constru\u00e7\u00e3o e vestu\u00e1rio. As equipes est\u00e3o verificando itens como transpar\u00eancia de pre\u00e7os e descontos, clareza nas informa\u00e7\u00f5es ao consumidor, validade e condi\u00e7\u00f5es dos produtos expostos, disponibilidade do C\u00f3digo de Defesa do Consumidor e regularidade das placas obrigat\u00f3rias do Procon Manaus.<\/p>\n\n\n\n<p>A a\u00e7\u00e3o tamb\u00e9m inclui a an\u00e1lise de poss\u00edveis casos de publicidade enganosa, confer\u00eancia de pol\u00edtica de trocas e garantias, al\u00e9m da emiss\u00e3o de documento fiscal. O intuito \u00e9 assegurar que o consumidor tenha acesso a informa\u00e7\u00f5es claras, ofertas reais e respeito \u00e0s regras de consumo, refor\u00e7ando o compromisso do \u00f3rg\u00e3o com a prote\u00e7\u00e3o e defesa dos direitos dos consumidores durante uma das datas mais movimentadas do com\u00e9rcio.<\/p>\n\n\n\n<p>O Procon Manaus refor\u00e7a que a popula\u00e7\u00e3o pode contribuir com o trabalho do \u00f3rg\u00e3o denunciando irregularidades pelo n\u00famero 151.<\/p>\n\n\n\n<p>\u2014- \u2014- \u2014-\u00a0<br><strong>Texto &#8211; <\/strong>Lara Bernardes\/Procon\u00a0<br><strong>Fotos &#8211;<\/strong> Divulga\u00e7\u00e3o\/Procon<\/p>\n","protected":false},"excerpt":{"rendered":"","protected":false},"author":68,"featured_media":248822,"comment_status":"closed","ping_status":"closed","sticky":false,"template":"","format":"standard","meta":{"footnotes":""},"categories":[9823],"tags":[10983,18099,77,9825],"acf":[],"yoast_head":"<!-- This site is optimized with the Yoast SEO plugin v23.0 - https:\/\/yoast.com\/wordpress\/plugins\/seo\/ -->\n<title>Procon realiza opera\u00e7\u00e3o de fiscaliza\u00e7\u00e3o durante a Black Friday<\/title>\n<meta name=\"description\" content=\"A Prefeitura iniciou, nesta segunda-feira, uma opera\u00e7\u00e3o de fiscaliza\u00e7\u00e3o voltada \u00e0s lojas dos shoppings da cidade durante a Black Friday.\" \/>\n<meta name=\"robots\" content=\"index, follow, max-snippet:-1, max-image-preview:large, max-video-preview:-1\" \/>\n<link rel=\"canonical\" href=\"https:\/\/www.manaus.am.gov.br\/semcom\/fiscalizacao-durante-a-black-friday\/\" \/>\n<meta property=\"og:locale\" content=\"pt_BR\" \/>\n<meta property=\"og:type\" content=\"article\" \/>\n<meta property=\"og:title\" content=\"Procon realiza opera\u00e7\u00e3o de fiscaliza\u00e7\u00e3o durante a Black Friday\" \/>\n<meta property=\"og:description\" content=\"A Prefeitura iniciou, nesta segunda-feira, uma opera\u00e7\u00e3o de fiscaliza\u00e7\u00e3o voltada \u00e0s lojas dos shoppings da cidade durante a Black Friday.\" \/>\n<meta property=\"og:url\" content=\"https:\/\/www.manaus.am.gov.br\/semcom\/fiscalizacao-durante-a-black-friday\/\" \/>\n<meta property=\"og:site_name\" content=\"SEMCOM\" \/>\n<meta property=\"article:published_time\" content=\"2025-11-24T22:18:14+00:00\" \/>\n<meta property=\"article:modified_time\" content=\"2025-11-24T22:18:15+00:00\" \/>\n<meta property=\"og:image\" content=\"https:\/\/www.manaus.am.gov.br\/semcom\/wp-content\/uploads\/sites\/5\/2025\/11\/WhatsApp-Image-2025-11-24-at-17.38.42.jpeg\" \/>\n\t<meta property=\"og:image:width\" content=\"1280\" \/>\n\t<meta property=\"og:image:height\" content=\"960\" \/>\n\t<meta property=\"og:image:type\" content=\"image\/jpeg\" \/>\n<meta name=\"author\" content=\"bvalente\" \/>\n<meta name=\"twitter:card\" content=\"summary_large_image\" \/>\n<meta name=\"twitter:label1\" content=\"Written by\" \/>\n\t<meta name=\"twitter:data1\" content=\"bvalente\" \/>\n\t<meta name=\"twitter:label2\" content=\"Est. reading time\" \/>\n\t<meta name=\"twitter:data2\" content=\"2 minutos\" \/>\n<script type=\"application\/ld+json\" class=\"yoast-schema-graph\">{\"@context\":\"https:\/\/schema.org\",\"@graph\":[{\"@type\":\"WebPage\",\"@id\":\"https:\/\/www.manaus.am.gov.br\/semcom\/fiscalizacao-durante-a-black-friday\/\",\"url\":\"https:\/\/www.manaus.am.gov.br\/semcom\/fiscalizacao-durante-a-black-friday\/\",\"name\":\"Procon realiza opera\u00e7\u00e3o de fiscaliza\u00e7\u00e3o durante a Black Friday\",\"isPartOf\":{\"@id\":\"https:\/\/www.manaus.am.gov.br\/semcom\/#website\"},\"primaryImageOfPage\":{\"@id\":\"https:\/\/www.manaus.am.gov.br\/semcom\/fiscalizacao-durante-a-black-friday\/#primaryimage\"},\"image\":{\"@id\":\"https:\/\/www.manaus.am.gov.br\/semcom\/fiscalizacao-durante-a-black-friday\/#primaryimage\"},\"thumbnailUrl\":\"https:\/\/www.manaus.am.gov.br\/semcom\/wp-content\/uploads\/sites\/5\/2025\/11\/WhatsApp-Image-2025-11-24-at-17.38.42.jpeg\",\"datePublished\":\"2025-11-24T22:18:14+00:00\",\"dateModified\":\"2025-11-24T22:18:15+00:00\",\"author\":{\"@id\":\"https:\/\/www.manaus.am.gov.br\/semcom\/#\/schema\/person\/466a0e03ae4b6062809046bd560ac955\"},\"description\":\"A Prefeitura iniciou, nesta segunda-feira, uma opera\u00e7\u00e3o de fiscaliza\u00e7\u00e3o voltada \u00e0s lojas dos shoppings da cidade durante a Black Friday.\",\"inLanguage\":\"pt-BR\",\"potentialAction\":[{\"@type\":\"ReadAction\",\"target\":[\"https:\/\/www.manaus.am.gov.br\/semcom\/fiscalizacao-durante-a-black-friday\/\"]}]},{\"@type\":\"ImageObject\",\"inLanguage\":\"pt-BR\",\"@id\":\"https:\/\/www.manaus.am.gov.br\/semcom\/fiscalizacao-durante-a-black-friday\/#primaryimage\",\"url\":\"https:\/\/www.manaus.am.gov.br\/semcom\/wp-content\/uploads\/sites\/5\/2025\/11\/WhatsApp-Image-2025-11-24-at-17.38.42.jpeg\",\"contentUrl\":\"https:\/\/www.manaus.am.gov.br\/semcom\/wp-content\/uploads\/sites\/5\/2025\/11\/WhatsApp-Image-2025-11-24-at-17.38.42.jpeg\",\"width\":1280,\"height\":960,\"caption\":\"#paratodosverem \u2013 Agente do Procon fiscalizando produto durante opera\u00e7\u00e3o\"},{\"@type\":\"WebSite\",\"@id\":\"https:\/\/www.manaus.am.gov.br\/semcom\/#website\",\"url\":\"https:\/\/www.manaus.am.gov.br\/semcom\/\",\"name\":\"SEMCOM\",\"description\":\"Secretaria Municipal de Comunica\u00e7\u00e3o\",\"potentialAction\":[{\"@type\":\"SearchAction\",\"target\":{\"@type\":\"EntryPoint\",\"urlTemplate\":\"https:\/\/www.manaus.am.gov.br\/semcom\/?s={search_term_string}\"},\"query-input\":\"required name=search_term_string\"}],\"inLanguage\":\"pt-BR\"},{\"@type\":\"Person\",\"@id\":\"https:\/\/www.manaus.am.gov.br\/semcom\/#\/schema\/person\/466a0e03ae4b6062809046bd560ac955\",\"name\":\"bvalente\",\"image\":{\"@type\":\"ImageObject\",\"inLanguage\":\"pt-BR\",\"@id\":\"https:\/\/www.manaus.am.gov.br\/semcom\/#\/schema\/person\/image\/\",\"url\":\"https:\/\/secure.gravatar.com\/avatar\/3e69bc2b014bdad41adfec3a39de07d2?s=96&d=mm&r=g\",\"contentUrl\":\"https:\/\/secure.gravatar.com\/avatar\/3e69bc2b014bdad41adfec3a39de07d2?s=96&d=mm&r=g\",\"caption\":\"bvalente\"}}]}<\/script>\n<!-- \/ Yoast SEO plugin. -->","yoast_head_json":{"title":"Procon realiza opera\u00e7\u00e3o de fiscaliza\u00e7\u00e3o durante a Black Friday","description":"A Prefeitura iniciou, nesta segunda-feira, uma opera\u00e7\u00e3o de fiscaliza\u00e7\u00e3o voltada \u00e0s lojas dos shoppings da cidade durante a Black Friday.","robots":{"index":"index","follow":"follow","max-snippet":"max-snippet:-1","max-image-preview":"max-image-preview:large","max-video-preview":"max-video-preview:-1"},"canonical":"https:\/\/www.manaus.am.gov.br\/semcom\/fiscalizacao-durante-a-black-friday\/","og_locale":"pt_BR","og_type":"article","og_title":"Procon realiza opera\u00e7\u00e3o de fiscaliza\u00e7\u00e3o durante a Black Friday","og_description":"A Prefeitura iniciou, nesta segunda-feira, uma opera\u00e7\u00e3o de fiscaliza\u00e7\u00e3o voltada \u00e0s lojas dos shoppings da cidade durante a Black Friday.","og_url":"https:\/\/www.manaus.am.gov.br\/semcom\/fiscalizacao-durante-a-black-friday\/","og_site_name":"SEMCOM","article_published_time":"2025-11-24T22:18:14+00:00","article_modified_time":"2025-11-24T22:18:15+00:00","og_image":[{"width":1280,"height":960,"url":"https:\/\/www.manaus.am.gov.br\/semcom\/wp-content\/uploads\/sites\/5\/2025\/11\/WhatsApp-Image-2025-11-24-at-17.38.42.jpeg","type":"image\/jpeg"}],"author":"bvalente","twitter_card":"summary_large_image","twitter_misc":{"Written by":"bvalente","Est. reading time":"2 minutos"},"schema":{"@context":"https:\/\/schema.org","@graph":[{"@type":"WebPage","@id":"https:\/\/www.manaus.am.gov.br\/semcom\/fiscalizacao-durante-a-black-friday\/","url":"https:\/\/www.manaus.am.gov.br\/semcom\/fiscalizacao-durante-a-black-friday\/","name":"Procon realiza opera\u00e7\u00e3o de fiscaliza\u00e7\u00e3o durante a Black Friday","isPartOf":{"@id":"https:\/\/www.manaus.am.gov.br\/semcom\/#website"},"primaryImageOfPage":{"@id":"https:\/\/www.manaus.am.gov.br\/semcom\/fiscalizacao-durante-a-black-friday\/#primaryimage"},"image":{"@id":"https:\/\/www.manaus.am.gov.br\/semcom\/fiscalizacao-durante-a-black-friday\/#primaryimage"},"thumbnailUrl":"https:\/\/www.manaus.am.gov.br\/semcom\/wp-content\/uploads\/sites\/5\/2025\/11\/WhatsApp-Image-2025-11-24-at-17.38.42.jpeg","datePublished":"2025-11-24T22:18:14+00:00","dateModified":"2025-11-24T22:18:15+00:00","author":{"@id":"https:\/\/www.manaus.am.gov.br\/semcom\/#\/schema\/person\/466a0e03ae4b6062809046bd560ac955"},"description":"A Prefeitura iniciou, nesta segunda-feira, uma opera\u00e7\u00e3o de fiscaliza\u00e7\u00e3o voltada \u00e0s lojas dos shoppings da cidade durante a Black Friday.","inLanguage":"pt-BR","potentialAction":[{"@type":"ReadAction","target":["https:\/\/www.manaus.am.gov.br\/semcom\/fiscalizacao-durante-a-black-friday\/"]}]},{"@type":"ImageObject","inLanguage":"pt-BR","@id":"https:\/\/www.manaus.am.gov.br\/semcom\/fiscalizacao-durante-a-black-friday\/#primaryimage","url":"https:\/\/www.manaus.am.gov.br\/semcom\/wp-content\/uploads\/sites\/5\/2025\/11\/WhatsApp-Image-2025-11-24-at-17.38.42.jpeg","contentUrl":"https:\/\/www.manaus.am.gov.br\/semcom\/wp-content\/uploads\/sites\/5\/2025\/11\/WhatsApp-Image-2025-11-24-at-17.38.42.jpeg","width":1280,"height":960,"caption":"#paratodosverem \u2013 Agente do Procon fiscalizando produto durante opera\u00e7\u00e3o"},{"@type":"WebSite","@id":"https:\/\/www.manaus.am.gov.br\/semcom\/#website","url":"https:\/\/www.manaus.am.gov.br\/semcom\/","name":"SEMCOM","description":"Secretaria Municipal de Comunica\u00e7\u00e3o","potentialAction":[{"@type":"SearchAction","target":{"@type":"EntryPoint","urlTemplate":"https:\/\/www.manaus.am.gov.br\/semcom\/?s={search_term_string}"},"query-input":"required name=search_term_string"}],"inLanguage":"pt-BR"},{"@type":"Person","@id":"https:\/\/www.manaus.am.gov.br\/semcom\/#\/schema\/person\/466a0e03ae4b6062809046bd560ac955","name":"bvalente","image":{"@type":"ImageObject","inLanguage":"pt-BR","@id":"https:\/\/www.manaus.am.gov.br\/semcom\/#\/schema\/person\/image\/","url":"https:\/\/secure.gravatar.com\/avatar\/3e69bc2b014bdad41adfec3a39de07d2?s=96&d=mm&r=g","contentUrl":"https:\/\/secure.gravatar.com\/avatar\/3e69bc2b014bdad41adfec3a39de07d2?s=96&d=mm&r=g","caption":"bvalente"}}]}},"_links":{"self":[{"href":"https:\/\/www.manaus.am.gov.br\/semcom\/wp-json\/wp\/v2\/posts\/248821"}],"collection":[{"href":"https:\/\/www.manaus.am.gov.br\/semcom\/wp-json\/wp\/v2\/posts"}],"about":[{"href":"https:\/\/www.manaus.am.gov.br\/semcom\/wp-json\/wp\/v2\/types\/post"}],"author":[{"embeddable":true,"href":"https:\/\/www.manaus.am.gov.br\/semcom\/wp-json\/wp\/v2\/users\/68"}],"replies":[{"embeddable":true,"href":"https:\/\/www.manaus.am.gov.br\/semcom\/wp-json\/wp\/v2\/comments?post=248821"}],"version-history":[{"count":0,"href":"https:\/\/www.manaus.am.gov.br\/semcom\/wp-json\/wp\/v2\/posts\/248821\/revisions"}],"wp:featuredmedia":[{"embeddable":true,"href":"https:\/\/www.manaus.am.gov.br\/semcom\/wp-json\/wp\/v2\/media\/248822"}],"wp:attachment":[{"href":"https:\/\/www.manaus.am.gov.br\/semcom\/wp-json\/wp\/v2\/media?parent=248821"}],"wp:term":[{"taxonomy":"category","embeddable":true,"href":"https:\/\/www.manaus.am.gov.br\/semcom\/wp-json\/wp\/v2\/categories?post=248821"},{"taxonomy":"post_tag","embeddable":true,"href":"https:\/\/www.manaus.am.gov.br\/semcom\/wp-json\/wp\/v2\/tags?post=248821"}],"curies":[{"name":"wp","href":"https:\/\/api.w.org\/{rel}","templated":true}]}}