{"id":248814,"date":"2025-11-24T17:55:52","date_gmt":"2025-11-24T20:55:52","guid":{"rendered":"https:\/\/www.manaus.am.gov.br\/semcom\/habilitacao-edital-arranjos-regionais\/"},"modified":"2025-11-24T17:55:52","modified_gmt":"2025-11-24T20:55:52","slug":"habilitacao-edital-arranjos-regionais","status":"publish","type":"post","link":"https:\/\/www.manaus.am.gov.br\/semcom\/habilitacao-edital-arranjos-regionais\/","title":{"rendered":"Concultura tem recurso deferido e est\u00e1 apto no edital dos Arranjos Regionais, do Minist\u00e9rio da Cultura"},"content":{"rendered":"\n<p>A Prefeitura de Manaus, por meio do Conselho Municipal de Cultura (Concultura), \u00f3rg\u00e3o da administra\u00e7\u00e3o direta, respons\u00e1vel pela pol\u00edtica de fomento, execu\u00e7\u00e3o e difus\u00e3o cultural na capital amazonense, informa que o recurso apresentado ao Minist\u00e9rio da Cultura (MinC) foi deferido com \u00eaxito, garantindo a habilita\u00e7\u00e3o da institui\u00e7\u00e3o no Edital de Chamamento P\u00fablico n\u00ba 4\/2025 \u2013 Arranjos Regionais.<br><br>Com a decis\u00e3o, o Concultura passa a integrar oficialmente o processo seletivo, fortalecendo a atua\u00e7\u00e3o na promo\u00e7\u00e3o da diversidade cultural e na valoriza\u00e7\u00e3o das express\u00f5es art\u00edsticas locais. A habilita\u00e7\u00e3o representa um passo importante para ampliar o acesso a pol\u00edticas p\u00fablicas de cultura e consolidar parcerias estrat\u00e9gicas que beneficiar\u00e3o artistas, coletivos e comunidades culturais.<br><br>\u201cEste resultado refor\u00e7a o compromisso do Concultura em defender os interesses da classe art\u00edstica e assegurar que Manaus esteja representada em iniciativas nacionais de fomento cultural\u201d, destacou o presidente do Concultura, Tony Medeiros.<br><br>A participa\u00e7\u00e3o no edital dos Arranjos Regionais abre novas perspectivas para o desenvolvimento de projetos que dialoguem com a identidade cultural da cidade e ampliem a integra\u00e7\u00e3o com outras regi\u00f5es do pa\u00eds. Com resultados expressivos e alcance nacional, a iniciativa se destaca por sua relev\u00e2ncia estrat\u00e9gica para o setor.<br><br><strong>O que s\u00e3o os Arranjos Regionais<br><br><\/strong>Os Arranjos Regionais s\u00e3o uma parceria entre o Governo Federal e os governos estaduais e municipais. Juntos, eles unem recursos para estimular o audiovisual nas diferentes regi\u00f5es do Brasil, levando em conta as caracter\u00edsticas e necessidades de cada territ\u00f3rio.<br><br>A proposta busca descentralizar os investimentos, fortalecendo a produ\u00e7\u00e3o local, a economia criativa e a valoriza\u00e7\u00e3o de talentos e culturas regionais.<br><br><strong>Hist\u00f3rico de parceria<\/strong><br><br>O Concultura \u00e9 o \u00f3rg\u00e3o que desenvolve e executa v\u00e1rios projetos culturais em parcerias, principalmente, com o Minist\u00e9rio da Cultura. S\u00e3o eles:<br><br>Lei Complementar n\u00ba 195, conhecida por Lei Paulo Gustavo: a capital amazonense recebeu R$ 17.634.820,05 para fomentar projetos culturais em Manaus.<br><br>Edital de chamamento p\u00fablico \u2013 Manaus Identidade Cultural \u2013 Audiovisual, com aporte no valor de R$ 11.710.000, contemplando 102 projetos no setor de audiovisual, no Edital de Chamamento P\u00fablico n\u00ba 004\/2023.<br><br>Manaus Identidade Cultural \u2013 Demais Linguagens, com aporte de R$ 4.319.000, contemplando 242 projetos em diversas categorias: artes visuais, teatro e circo, dan\u00e7a, m\u00fasica, literatura, cultura \u00e9tnica e cultura popular.<br><br>O hist\u00f3rico dessa parceria entre o Minist\u00e9rio da Cultura e o \u00f3rg\u00e3o municipal de Cultura exp\u00f5e uma rela\u00e7\u00e3o prof\u00edcua e exitosa.<\/p>\n\n\n\n<p>&#8212; &#8212; &#8212;<\/p>\n\n\n\n<p><strong>Texto \u2013<\/strong> Divulga\u00e7\u00e3o\/Concultura<br><strong>Foto \u2013<\/strong> Arquivo\/Concultura<\/p>\n","protected":false},"excerpt":{"rendered":"","protected":false},"author":68,"featured_media":248815,"comment_status":"closed","ping_status":"closed","sticky":false,"template":"","format":"standard","meta":{"footnotes":""},"categories":[5],"tags":[18097,695,18098,77],"acf":[],"yoast_head":"<!-- This site is optimized with the Yoast SEO plugin v23.0 - https:\/\/yoast.com\/wordpress\/plugins\/seo\/ -->\n<title>Concultura tem recurso deferido e est\u00e1 apto em edital do Minc<\/title>\n<meta name=\"description\" content=\"A Prefeitura de Manaus, por meio do Conselho Municipal de Cultura (Concultura), informa que o recurso apresentado ao MinC foi deferido.\" \/>\n<meta name=\"robots\" content=\"index, follow, max-snippet:-1, max-image-preview:large, max-video-preview:-1\" \/>\n<link rel=\"canonical\" href=\"https:\/\/www.manaus.am.gov.br\/semcom\/habilitacao-edital-arranjos-regionais\/\" \/>\n<meta property=\"og:locale\" content=\"pt_BR\" \/>\n<meta property=\"og:type\" content=\"article\" \/>\n<meta property=\"og:title\" content=\"Concultura tem recurso deferido e est\u00e1 apto em edital do Minc\" \/>\n<meta property=\"og:description\" content=\"A Prefeitura de Manaus, por meio do Conselho Municipal de Cultura (Concultura), informa que o recurso apresentado ao MinC foi deferido.\" \/>\n<meta property=\"og:url\" content=\"https:\/\/www.manaus.am.gov.br\/semcom\/habilitacao-edital-arranjos-regionais\/\" \/>\n<meta property=\"og:site_name\" content=\"SEMCOM\" \/>\n<meta property=\"article:published_time\" content=\"2025-11-24T20:55:52+00:00\" \/>\n<meta property=\"og:image\" content=\"https:\/\/www.manaus.am.gov.br\/semcom\/wp-content\/uploads\/sites\/5\/2025\/11\/IMG_2809.png\" \/>\n\t<meta property=\"og:image:width\" content=\"393\" \/>\n\t<meta property=\"og:image:height\" content=\"373\" \/>\n\t<meta property=\"og:image:type\" content=\"image\/png\" \/>\n<meta name=\"author\" content=\"bvalente\" \/>\n<meta name=\"twitter:card\" content=\"summary_large_image\" \/>\n<meta name=\"twitter:label1\" content=\"Written by\" \/>\n\t<meta name=\"twitter:data1\" content=\"bvalente\" \/>\n\t<meta name=\"twitter:label2\" content=\"Est. reading time\" \/>\n\t<meta name=\"twitter:data2\" content=\"3 minutos\" \/>\n<script type=\"application\/ld+json\" class=\"yoast-schema-graph\">{\"@context\":\"https:\/\/schema.org\",\"@graph\":[{\"@type\":\"WebPage\",\"@id\":\"https:\/\/www.manaus.am.gov.br\/semcom\/habilitacao-edital-arranjos-regionais\/\",\"url\":\"https:\/\/www.manaus.am.gov.br\/semcom\/habilitacao-edital-arranjos-regionais\/\",\"name\":\"Concultura tem recurso deferido e est\u00e1 apto em edital do Minc\",\"isPartOf\":{\"@id\":\"https:\/\/www.manaus.am.gov.br\/semcom\/#website\"},\"primaryImageOfPage\":{\"@id\":\"https:\/\/www.manaus.am.gov.br\/semcom\/habilitacao-edital-arranjos-regionais\/#primaryimage\"},\"image\":{\"@id\":\"https:\/\/www.manaus.am.gov.br\/semcom\/habilitacao-edital-arranjos-regionais\/#primaryimage\"},\"thumbnailUrl\":\"https:\/\/www.manaus.am.gov.br\/semcom\/wp-content\/uploads\/sites\/5\/2025\/11\/IMG_2809.png\",\"datePublished\":\"2025-11-24T20:55:52+00:00\",\"dateModified\":\"2025-11-24T20:55:52+00:00\",\"author\":{\"@id\":\"https:\/\/www.manaus.am.gov.br\/semcom\/#\/schema\/person\/466a0e03ae4b6062809046bd560ac955\"},\"description\":\"A Prefeitura de Manaus, por meio do Conselho Municipal de Cultura (Concultura), informa que o recurso apresentado ao MinC foi deferido.\",\"inLanguage\":\"pt-BR\",\"potentialAction\":[{\"@type\":\"ReadAction\",\"target\":[\"https:\/\/www.manaus.am.gov.br\/semcom\/habilitacao-edital-arranjos-regionais\/\"]}]},{\"@type\":\"ImageObject\",\"inLanguage\":\"pt-BR\",\"@id\":\"https:\/\/www.manaus.am.gov.br\/semcom\/habilitacao-edital-arranjos-regionais\/#primaryimage\",\"url\":\"https:\/\/www.manaus.am.gov.br\/semcom\/wp-content\/uploads\/sites\/5\/2025\/11\/IMG_2809.png\",\"contentUrl\":\"https:\/\/www.manaus.am.gov.br\/semcom\/wp-content\/uploads\/sites\/5\/2025\/11\/IMG_2809.png\",\"width\":393,\"height\":373,\"caption\":\"#paratodosverem \u2013 Foto da sede do Conselho Municipal de Cultura (Concultura)\"},{\"@type\":\"WebSite\",\"@id\":\"https:\/\/www.manaus.am.gov.br\/semcom\/#website\",\"url\":\"https:\/\/www.manaus.am.gov.br\/semcom\/\",\"name\":\"SEMCOM\",\"description\":\"Secretaria Municipal de Comunica\u00e7\u00e3o\",\"potentialAction\":[{\"@type\":\"SearchAction\",\"target\":{\"@type\":\"EntryPoint\",\"urlTemplate\":\"https:\/\/www.manaus.am.gov.br\/semcom\/?s={search_term_string}\"},\"query-input\":\"required name=search_term_string\"}],\"inLanguage\":\"pt-BR\"},{\"@type\":\"Person\",\"@id\":\"https:\/\/www.manaus.am.gov.br\/semcom\/#\/schema\/person\/466a0e03ae4b6062809046bd560ac955\",\"name\":\"bvalente\",\"image\":{\"@type\":\"ImageObject\",\"inLanguage\":\"pt-BR\",\"@id\":\"https:\/\/www.manaus.am.gov.br\/semcom\/#\/schema\/person\/image\/\",\"url\":\"https:\/\/secure.gravatar.com\/avatar\/3e69bc2b014bdad41adfec3a39de07d2?s=96&d=mm&r=g\",\"contentUrl\":\"https:\/\/secure.gravatar.com\/avatar\/3e69bc2b014bdad41adfec3a39de07d2?s=96&d=mm&r=g\",\"caption\":\"bvalente\"}}]}<\/script>\n<!-- \/ Yoast SEO plugin. -->","yoast_head_json":{"title":"Concultura tem recurso deferido e est\u00e1 apto em edital do Minc","description":"A Prefeitura de Manaus, por meio do Conselho Municipal de Cultura (Concultura), informa que o recurso apresentado ao MinC foi deferido.","robots":{"index":"index","follow":"follow","max-snippet":"max-snippet:-1","max-image-preview":"max-image-preview:large","max-video-preview":"max-video-preview:-1"},"canonical":"https:\/\/www.manaus.am.gov.br\/semcom\/habilitacao-edital-arranjos-regionais\/","og_locale":"pt_BR","og_type":"article","og_title":"Concultura tem recurso deferido e est\u00e1 apto em edital do Minc","og_description":"A Prefeitura de Manaus, por meio do Conselho Municipal de Cultura (Concultura), informa que o recurso apresentado ao MinC foi deferido.","og_url":"https:\/\/www.manaus.am.gov.br\/semcom\/habilitacao-edital-arranjos-regionais\/","og_site_name":"SEMCOM","article_published_time":"2025-11-24T20:55:52+00:00","og_image":[{"width":393,"height":373,"url":"https:\/\/www.manaus.am.gov.br\/semcom\/wp-content\/uploads\/sites\/5\/2025\/11\/IMG_2809.png","type":"image\/png"}],"author":"bvalente","twitter_card":"summary_large_image","twitter_misc":{"Written by":"bvalente","Est. reading time":"3 minutos"},"schema":{"@context":"https:\/\/schema.org","@graph":[{"@type":"WebPage","@id":"https:\/\/www.manaus.am.gov.br\/semcom\/habilitacao-edital-arranjos-regionais\/","url":"https:\/\/www.manaus.am.gov.br\/semcom\/habilitacao-edital-arranjos-regionais\/","name":"Concultura tem recurso deferido e est\u00e1 apto em edital do Minc","isPartOf":{"@id":"https:\/\/www.manaus.am.gov.br\/semcom\/#website"},"primaryImageOfPage":{"@id":"https:\/\/www.manaus.am.gov.br\/semcom\/habilitacao-edital-arranjos-regionais\/#primaryimage"},"image":{"@id":"https:\/\/www.manaus.am.gov.br\/semcom\/habilitacao-edital-arranjos-regionais\/#primaryimage"},"thumbnailUrl":"https:\/\/www.manaus.am.gov.br\/semcom\/wp-content\/uploads\/sites\/5\/2025\/11\/IMG_2809.png","datePublished":"2025-11-24T20:55:52+00:00","dateModified":"2025-11-24T20:55:52+00:00","author":{"@id":"https:\/\/www.manaus.am.gov.br\/semcom\/#\/schema\/person\/466a0e03ae4b6062809046bd560ac955"},"description":"A Prefeitura de Manaus, por meio do Conselho Municipal de Cultura (Concultura), informa que o recurso apresentado ao MinC foi deferido.","inLanguage":"pt-BR","potentialAction":[{"@type":"ReadAction","target":["https:\/\/www.manaus.am.gov.br\/semcom\/habilitacao-edital-arranjos-regionais\/"]}]},{"@type":"ImageObject","inLanguage":"pt-BR","@id":"https:\/\/www.manaus.am.gov.br\/semcom\/habilitacao-edital-arranjos-regionais\/#primaryimage","url":"https:\/\/www.manaus.am.gov.br\/semcom\/wp-content\/uploads\/sites\/5\/2025\/11\/IMG_2809.png","contentUrl":"https:\/\/www.manaus.am.gov.br\/semcom\/wp-content\/uploads\/sites\/5\/2025\/11\/IMG_2809.png","width":393,"height":373,"caption":"#paratodosverem \u2013 Foto da sede do Conselho Municipal de Cultura (Concultura)"},{"@type":"WebSite","@id":"https:\/\/www.manaus.am.gov.br\/semcom\/#website","url":"https:\/\/www.manaus.am.gov.br\/semcom\/","name":"SEMCOM","description":"Secretaria Municipal de Comunica\u00e7\u00e3o","potentialAction":[{"@type":"SearchAction","target":{"@type":"EntryPoint","urlTemplate":"https:\/\/www.manaus.am.gov.br\/semcom\/?s={search_term_string}"},"query-input":"required name=search_term_string"}],"inLanguage":"pt-BR"},{"@type":"Person","@id":"https:\/\/www.manaus.am.gov.br\/semcom\/#\/schema\/person\/466a0e03ae4b6062809046bd560ac955","name":"bvalente","image":{"@type":"ImageObject","inLanguage":"pt-BR","@id":"https:\/\/www.manaus.am.gov.br\/semcom\/#\/schema\/person\/image\/","url":"https:\/\/secure.gravatar.com\/avatar\/3e69bc2b014bdad41adfec3a39de07d2?s=96&d=mm&r=g","contentUrl":"https:\/\/secure.gravatar.com\/avatar\/3e69bc2b014bdad41adfec3a39de07d2?s=96&d=mm&r=g","caption":"bvalente"}}]}},"_links":{"self":[{"href":"https:\/\/www.manaus.am.gov.br\/semcom\/wp-json\/wp\/v2\/posts\/248814"}],"collection":[{"href":"https:\/\/www.manaus.am.gov.br\/semcom\/wp-json\/wp\/v2\/posts"}],"about":[{"href":"https:\/\/www.manaus.am.gov.br\/semcom\/wp-json\/wp\/v2\/types\/post"}],"author":[{"embeddable":true,"href":"https:\/\/www.manaus.am.gov.br\/semcom\/wp-json\/wp\/v2\/users\/68"}],"replies":[{"embeddable":true,"href":"https:\/\/www.manaus.am.gov.br\/semcom\/wp-json\/wp\/v2\/comments?post=248814"}],"version-history":[{"count":0,"href":"https:\/\/www.manaus.am.gov.br\/semcom\/wp-json\/wp\/v2\/posts\/248814\/revisions"}],"wp:featuredmedia":[{"embeddable":true,"href":"https:\/\/www.manaus.am.gov.br\/semcom\/wp-json\/wp\/v2\/media\/248815"}],"wp:attachment":[{"href":"https:\/\/www.manaus.am.gov.br\/semcom\/wp-json\/wp\/v2\/media?parent=248814"}],"wp:term":[{"taxonomy":"category","embeddable":true,"href":"https:\/\/www.manaus.am.gov.br\/semcom\/wp-json\/wp\/v2\/categories?post=248814"},{"taxonomy":"post_tag","embeddable":true,"href":"https:\/\/www.manaus.am.gov.br\/semcom\/wp-json\/wp\/v2\/tags?post=248814"}],"curies":[{"name":"wp","href":"https:\/\/api.w.org\/{rel}","templated":true}]}}