{"id":248769,"date":"2025-11-21T16:20:15","date_gmt":"2025-11-21T20:20:15","guid":{"rendered":"https:\/\/www.manaus.am.gov.br\/semcom\/alta-25-processos-analisados-implurb\/"},"modified":"2025-11-21T16:20:15","modified_gmt":"2025-11-21T20:20:15","slug":"alta-25-processos-analisados-implurb","status":"publish","type":"post","link":"https:\/\/www.manaus.am.gov.br\/semcom\/alta-25-processos-analisados-implurb\/","title":{"rendered":"Prefeitura de Manaus tem alta de 25% em processos analisados pelo Implurb"},"content":{"rendered":"\n<p>No acumulado do ano, de janeiro a outubro, a Divis\u00e3o de Aprova\u00e7\u00e3o de Projetos (Diap), do Instituto Municipal de Planejamento Urbano (Implurb), apresenta 25% de crescimento no volume de processos analisados. Em outubro, o sistema de licenciamento urbano da Prefeitura de Manaus fez a an\u00e1lise de mais 742 processos, alta de 15% comparando com 2024 (648 processos).<\/p>\n\n\n\n<p>Neste ano, j\u00e1 foram analisados 7.143 processos, contra 5.717 do ano anterior. Ao longo da gest\u00e3o do prefeito David Almeida, de janeiro de 2021 a outubro deste ano, a marca atingida \u00e9 de 33,2 mil an\u00e1lises realizadas no sistema.<\/p>\n\n\n\n<p>\u201cCada processo que passa pela an\u00e1lise representa mais do que um documento, \u00e9 uma ideia ganhando forma e virando cidade. Manaus vive um novo ciclo de transforma\u00e7\u00e3o, guiado por planejamento, tecnologia e agilidade. Estamos construindo uma capital preparada para o futuro, com desenvolvimento que respeita as pessoas e promove um urbanismo mais sustent\u00e1vel e inteligente\u201d, destacou o diretor-presidente do Implurb, Carlos Valente.<\/p>\n\n\n\n<p><strong>Diretoria<\/strong><\/p>\n\n\n\n<p>A diretoria mant\u00e9m um canal em funcionamento pelo WhatsApp para sanar d\u00favidas t\u00e9cnicas, verificar status, pareceres e quest\u00f5es referentes \u00e0 legisla\u00e7\u00e3o urbana em vigor. Quem tem&nbsp;processos&nbsp;no setor pode buscar atendimento no n\u00famero (92) 98855-1630 (apenas WhatsApp), por ordem de demanda.<\/p>\n\n\n\n<p>A equipe oferece suporte ao p\u00fablico e requerentes, para que tenham as respostas de forma mais r\u00e1pida, de segunda a sexta-feira (exceto feriados e pontos facultativos), das 13h \u00e0s 16h, no modo virtual (WhatsApp). O atendimento presencial no setor \u00e9 realizado diariamente, das 8h \u00e0s 11h30. Para agilizar o servi\u00e7o, o usu\u00e1rio deve ter o n\u00famero do processo em m\u00e3os e enviar sua d\u00favida ou solicita\u00e7\u00e3o.<\/p>\n\n\n\n<figure class=\"wp-block-image size-large\"><img loading=\"lazy\" decoding=\"async\" width=\"1024\" height=\"768\" src=\"https:\/\/www.manaus.am.gov.br\/semcom\/wp-content\/uploads\/sites\/5\/2025\/11\/Diap-3-1024x768.jpeg\" alt=\"\" class=\"wp-image-248771\" srcset=\"https:\/\/www.manaus.am.gov.br\/semcom\/wp-content\/uploads\/sites\/5\/2025\/11\/Diap-3-1024x768.jpeg 1024w, https:\/\/www.manaus.am.gov.br\/semcom\/wp-content\/uploads\/sites\/5\/2025\/11\/Diap-3-300x225.jpeg 300w, https:\/\/www.manaus.am.gov.br\/semcom\/wp-content\/uploads\/sites\/5\/2025\/11\/Diap-3-768x576.jpeg 768w, https:\/\/www.manaus.am.gov.br\/semcom\/wp-content\/uploads\/sites\/5\/2025\/11\/Diap-3-1536x1152.jpeg 1536w, https:\/\/www.manaus.am.gov.br\/semcom\/wp-content\/uploads\/sites\/5\/2025\/11\/Diap-3.jpeg 1600w\" sizes=\"(max-width: 1024px) 100vw, 1024px\" \/><\/figure>\n\n\n\n<p>&#8212; &#8212; &#8212;<\/p>\n\n\n\n<p><strong>Texto&nbsp;<\/strong>\u2013 Claudia do Valle\/Implurb<\/p>\n\n\n\n<p><strong>Fotos&nbsp;<\/strong>&#8211; Maxwell Oliveira\/Implurb<\/p>\n","protected":false},"excerpt":{"rendered":"","protected":false},"author":39,"featured_media":248770,"comment_status":"closed","ping_status":"closed","sticky":false,"template":"","format":"standard","meta":{"footnotes":""},"categories":[890],"tags":[18079,65,892,77,7151],"acf":[],"yoast_head":"<!-- This site is optimized with the Yoast SEO plugin v23.0 - https:\/\/yoast.com\/wordpress\/plugins\/seo\/ -->\n<title>Prefeitura tem alta de 25% em processos analisados pelo Implurb<\/title>\n<meta name=\"description\" content=\"Prefeitura de Manaus tem alta de 25% em processos analisados pelo Implurb, de janeiro a outubro deste ano.\" \/>\n<meta name=\"robots\" content=\"index, follow, max-snippet:-1, max-image-preview:large, max-video-preview:-1\" \/>\n<link rel=\"canonical\" href=\"https:\/\/www.manaus.am.gov.br\/semcom\/alta-25-processos-analisados-implurb\/\" \/>\n<meta property=\"og:locale\" content=\"pt_BR\" \/>\n<meta property=\"og:type\" content=\"article\" \/>\n<meta property=\"og:title\" content=\"Prefeitura tem alta de 25% em processos analisados pelo Implurb\" \/>\n<meta property=\"og:description\" content=\"Prefeitura de Manaus tem alta de 25% em processos analisados pelo Implurb, de janeiro a outubro deste ano.\" \/>\n<meta property=\"og:url\" content=\"https:\/\/www.manaus.am.gov.br\/semcom\/alta-25-processos-analisados-implurb\/\" \/>\n<meta property=\"og:site_name\" content=\"SEMCOM\" \/>\n<meta property=\"article:published_time\" content=\"2025-11-21T20:20:15+00:00\" \/>\n<meta property=\"og:image\" content=\"https:\/\/www.manaus.am.gov.br\/semcom\/wp-content\/uploads\/sites\/5\/2025\/11\/Diap-1.jpeg\" \/>\n\t<meta property=\"og:image:width\" content=\"1600\" \/>\n\t<meta property=\"og:image:height\" content=\"1066\" \/>\n\t<meta property=\"og:image:type\" content=\"image\/jpeg\" \/>\n<meta name=\"author\" content=\"Bruna Greco\" \/>\n<meta name=\"twitter:card\" content=\"summary_large_image\" \/>\n<meta name=\"twitter:label1\" content=\"Written by\" \/>\n\t<meta name=\"twitter:data1\" content=\"Bruna Greco\" \/>\n\t<meta name=\"twitter:label2\" content=\"Est. reading time\" \/>\n\t<meta name=\"twitter:data2\" content=\"2 minutos\" \/>\n<script type=\"application\/ld+json\" class=\"yoast-schema-graph\">{\"@context\":\"https:\/\/schema.org\",\"@graph\":[{\"@type\":\"WebPage\",\"@id\":\"https:\/\/www.manaus.am.gov.br\/semcom\/alta-25-processos-analisados-implurb\/\",\"url\":\"https:\/\/www.manaus.am.gov.br\/semcom\/alta-25-processos-analisados-implurb\/\",\"name\":\"Prefeitura tem alta de 25% em processos analisados pelo Implurb\",\"isPartOf\":{\"@id\":\"https:\/\/www.manaus.am.gov.br\/semcom\/#website\"},\"primaryImageOfPage\":{\"@id\":\"https:\/\/www.manaus.am.gov.br\/semcom\/alta-25-processos-analisados-implurb\/#primaryimage\"},\"image\":{\"@id\":\"https:\/\/www.manaus.am.gov.br\/semcom\/alta-25-processos-analisados-implurb\/#primaryimage\"},\"thumbnailUrl\":\"https:\/\/www.manaus.am.gov.br\/semcom\/wp-content\/uploads\/sites\/5\/2025\/11\/Diap-1.jpeg\",\"datePublished\":\"2025-11-21T20:20:15+00:00\",\"dateModified\":\"2025-11-21T20:20:15+00:00\",\"author\":{\"@id\":\"https:\/\/www.manaus.am.gov.br\/semcom\/#\/schema\/person\/05d223aea2bf115f9883a6ff3683d81b\"},\"description\":\"Prefeitura de Manaus tem alta de 25% em processos analisados pelo Implurb, de janeiro a outubro deste ano.\",\"inLanguage\":\"pt-BR\",\"potentialAction\":[{\"@type\":\"ReadAction\",\"target\":[\"https:\/\/www.manaus.am.gov.br\/semcom\/alta-25-processos-analisados-implurb\/\"]}]},{\"@type\":\"ImageObject\",\"inLanguage\":\"pt-BR\",\"@id\":\"https:\/\/www.manaus.am.gov.br\/semcom\/alta-25-processos-analisados-implurb\/#primaryimage\",\"url\":\"https:\/\/www.manaus.am.gov.br\/semcom\/wp-content\/uploads\/sites\/5\/2025\/11\/Diap-1.jpeg\",\"contentUrl\":\"https:\/\/www.manaus.am.gov.br\/semcom\/wp-content\/uploads\/sites\/5\/2025\/11\/Diap-1.jpeg\",\"width\":1600,\"height\":1066,\"caption\":\"#paratodosverem - Servidora do Implurb em posto de trabalho na Divis\u00e3o de Aprova\u00e7\u00e3o de Projetos (Diap)\"},{\"@type\":\"WebSite\",\"@id\":\"https:\/\/www.manaus.am.gov.br\/semcom\/#website\",\"url\":\"https:\/\/www.manaus.am.gov.br\/semcom\/\",\"name\":\"SEMCOM\",\"description\":\"Secretaria Municipal de Comunica\u00e7\u00e3o\",\"potentialAction\":[{\"@type\":\"SearchAction\",\"target\":{\"@type\":\"EntryPoint\",\"urlTemplate\":\"https:\/\/www.manaus.am.gov.br\/semcom\/?s={search_term_string}\"},\"query-input\":\"required name=search_term_string\"}],\"inLanguage\":\"pt-BR\"},{\"@type\":\"Person\",\"@id\":\"https:\/\/www.manaus.am.gov.br\/semcom\/#\/schema\/person\/05d223aea2bf115f9883a6ff3683d81b\",\"name\":\"Bruna Greco\",\"image\":{\"@type\":\"ImageObject\",\"inLanguage\":\"pt-BR\",\"@id\":\"https:\/\/www.manaus.am.gov.br\/semcom\/#\/schema\/person\/image\/\",\"url\":\"https:\/\/secure.gravatar.com\/avatar\/9c877d1a6adc2a055330e5c09a8653ce?s=96&d=mm&r=g\",\"contentUrl\":\"https:\/\/secure.gravatar.com\/avatar\/9c877d1a6adc2a055330e5c09a8653ce?s=96&d=mm&r=g\",\"caption\":\"Bruna Greco\"}}]}<\/script>\n<!-- \/ Yoast SEO plugin. -->","yoast_head_json":{"title":"Prefeitura tem alta de 25% em processos analisados pelo Implurb","description":"Prefeitura de Manaus tem alta de 25% em processos analisados pelo Implurb, de janeiro a outubro deste ano.","robots":{"index":"index","follow":"follow","max-snippet":"max-snippet:-1","max-image-preview":"max-image-preview:large","max-video-preview":"max-video-preview:-1"},"canonical":"https:\/\/www.manaus.am.gov.br\/semcom\/alta-25-processos-analisados-implurb\/","og_locale":"pt_BR","og_type":"article","og_title":"Prefeitura tem alta de 25% em processos analisados pelo Implurb","og_description":"Prefeitura de Manaus tem alta de 25% em processos analisados pelo Implurb, de janeiro a outubro deste ano.","og_url":"https:\/\/www.manaus.am.gov.br\/semcom\/alta-25-processos-analisados-implurb\/","og_site_name":"SEMCOM","article_published_time":"2025-11-21T20:20:15+00:00","og_image":[{"width":1600,"height":1066,"url":"https:\/\/www.manaus.am.gov.br\/semcom\/wp-content\/uploads\/sites\/5\/2025\/11\/Diap-1.jpeg","type":"image\/jpeg"}],"author":"Bruna Greco","twitter_card":"summary_large_image","twitter_misc":{"Written by":"Bruna Greco","Est. reading time":"2 minutos"},"schema":{"@context":"https:\/\/schema.org","@graph":[{"@type":"WebPage","@id":"https:\/\/www.manaus.am.gov.br\/semcom\/alta-25-processos-analisados-implurb\/","url":"https:\/\/www.manaus.am.gov.br\/semcom\/alta-25-processos-analisados-implurb\/","name":"Prefeitura tem alta de 25% em processos analisados pelo Implurb","isPartOf":{"@id":"https:\/\/www.manaus.am.gov.br\/semcom\/#website"},"primaryImageOfPage":{"@id":"https:\/\/www.manaus.am.gov.br\/semcom\/alta-25-processos-analisados-implurb\/#primaryimage"},"image":{"@id":"https:\/\/www.manaus.am.gov.br\/semcom\/alta-25-processos-analisados-implurb\/#primaryimage"},"thumbnailUrl":"https:\/\/www.manaus.am.gov.br\/semcom\/wp-content\/uploads\/sites\/5\/2025\/11\/Diap-1.jpeg","datePublished":"2025-11-21T20:20:15+00:00","dateModified":"2025-11-21T20:20:15+00:00","author":{"@id":"https:\/\/www.manaus.am.gov.br\/semcom\/#\/schema\/person\/05d223aea2bf115f9883a6ff3683d81b"},"description":"Prefeitura de Manaus tem alta de 25% em processos analisados pelo Implurb, de janeiro a outubro deste ano.","inLanguage":"pt-BR","potentialAction":[{"@type":"ReadAction","target":["https:\/\/www.manaus.am.gov.br\/semcom\/alta-25-processos-analisados-implurb\/"]}]},{"@type":"ImageObject","inLanguage":"pt-BR","@id":"https:\/\/www.manaus.am.gov.br\/semcom\/alta-25-processos-analisados-implurb\/#primaryimage","url":"https:\/\/www.manaus.am.gov.br\/semcom\/wp-content\/uploads\/sites\/5\/2025\/11\/Diap-1.jpeg","contentUrl":"https:\/\/www.manaus.am.gov.br\/semcom\/wp-content\/uploads\/sites\/5\/2025\/11\/Diap-1.jpeg","width":1600,"height":1066,"caption":"#paratodosverem - Servidora do Implurb em posto de trabalho na Divis\u00e3o de Aprova\u00e7\u00e3o de Projetos (Diap)"},{"@type":"WebSite","@id":"https:\/\/www.manaus.am.gov.br\/semcom\/#website","url":"https:\/\/www.manaus.am.gov.br\/semcom\/","name":"SEMCOM","description":"Secretaria Municipal de Comunica\u00e7\u00e3o","potentialAction":[{"@type":"SearchAction","target":{"@type":"EntryPoint","urlTemplate":"https:\/\/www.manaus.am.gov.br\/semcom\/?s={search_term_string}"},"query-input":"required name=search_term_string"}],"inLanguage":"pt-BR"},{"@type":"Person","@id":"https:\/\/www.manaus.am.gov.br\/semcom\/#\/schema\/person\/05d223aea2bf115f9883a6ff3683d81b","name":"Bruna Greco","image":{"@type":"ImageObject","inLanguage":"pt-BR","@id":"https:\/\/www.manaus.am.gov.br\/semcom\/#\/schema\/person\/image\/","url":"https:\/\/secure.gravatar.com\/avatar\/9c877d1a6adc2a055330e5c09a8653ce?s=96&d=mm&r=g","contentUrl":"https:\/\/secure.gravatar.com\/avatar\/9c877d1a6adc2a055330e5c09a8653ce?s=96&d=mm&r=g","caption":"Bruna Greco"}}]}},"_links":{"self":[{"href":"https:\/\/www.manaus.am.gov.br\/semcom\/wp-json\/wp\/v2\/posts\/248769"}],"collection":[{"href":"https:\/\/www.manaus.am.gov.br\/semcom\/wp-json\/wp\/v2\/posts"}],"about":[{"href":"https:\/\/www.manaus.am.gov.br\/semcom\/wp-json\/wp\/v2\/types\/post"}],"author":[{"embeddable":true,"href":"https:\/\/www.manaus.am.gov.br\/semcom\/wp-json\/wp\/v2\/users\/39"}],"replies":[{"embeddable":true,"href":"https:\/\/www.manaus.am.gov.br\/semcom\/wp-json\/wp\/v2\/comments?post=248769"}],"version-history":[{"count":1,"href":"https:\/\/www.manaus.am.gov.br\/semcom\/wp-json\/wp\/v2\/posts\/248769\/revisions"}],"predecessor-version":[{"id":248772,"href":"https:\/\/www.manaus.am.gov.br\/semcom\/wp-json\/wp\/v2\/posts\/248769\/revisions\/248772"}],"wp:featuredmedia":[{"embeddable":true,"href":"https:\/\/www.manaus.am.gov.br\/semcom\/wp-json\/wp\/v2\/media\/248770"}],"wp:attachment":[{"href":"https:\/\/www.manaus.am.gov.br\/semcom\/wp-json\/wp\/v2\/media?parent=248769"}],"wp:term":[{"taxonomy":"category","embeddable":true,"href":"https:\/\/www.manaus.am.gov.br\/semcom\/wp-json\/wp\/v2\/categories?post=248769"},{"taxonomy":"post_tag","embeddable":true,"href":"https:\/\/www.manaus.am.gov.br\/semcom\/wp-json\/wp\/v2\/tags?post=248769"}],"curies":[{"name":"wp","href":"https:\/\/api.w.org\/{rel}","templated":true}]}}