{"id":248741,"date":"2025-11-20T14:22:35","date_gmt":"2025-11-20T18:22:35","guid":{"rendered":"https:\/\/www.manaus.am.gov.br\/semcom\/inscricoes-feira-gastronomica-de-natal\/"},"modified":"2025-11-20T14:22:35","modified_gmt":"2025-11-20T18:22:35","slug":"inscricoes-feira-gastronomica-de-natal","status":"publish","type":"post","link":"https:\/\/www.manaus.am.gov.br\/semcom\/inscricoes-feira-gastronomica-de-natal\/","title":{"rendered":"Prefeitura de Manaus abre inscri\u00e7\u00f5es para a \u2018Feira Gastron\u00f4mica de Natal\u2019 no Espa\u00e7o do Empreendedor Ponta Negra"},"content":{"rendered":"\n<p>A Prefeitura de Manaus, por meio da Secretaria Municipal do Trabalho, Empreendedorismo e Inova\u00e7\u00e3o (Semtepi), abre as inscri\u00e7\u00f5es para empreendedores interessados em participar da \u201cFeira Gastron\u00f4mica de Natal\u201d, que integra a programa\u00e7\u00e3o oficial do per\u00edodo natalino na capital. O credenciamento segue aberto at\u00e9&nbsp; 23\/11, por meio do link<a href=\"https:\/\/forms.gle\/ieVS8pd72oPFrpBr7\" target=\"_blank\" rel=\"noreferrer noopener\"> https:\/\/forms.gle\/ieVS8pd72oPFrpBr7 <\/a>,&nbsp;e \u00e9 destinado a neg\u00f3cios do setor gastron\u00f4mico que desejam expor e comercializar seus produtos no evento.<\/p>\n\n\n\n<p>A feira ser\u00e1 realizada no Espa\u00e7o do Empreendedor Ponta Negra, no complexo tur\u00edstico Ponta Negra, zona Oeste, a partir do dia 27\/11, reunindo culin\u00e1ria regional, produtos tem\u00e1ticos, atra\u00e7\u00f5es interativas e iniciativas que fortalecem a economia criativa. A a\u00e7\u00e3o busca ampliar a gera\u00e7\u00e3o de emprego e renda no per\u00edodo de maior movimenta\u00e7\u00e3o econ\u00f4mica no ano, oferecendo uma vitrine estrat\u00e9gica para pequenos neg\u00f3cios e empreendedores locais.<\/p>\n\n\n\n<p>Segundo o secret\u00e1rio da Semtepi, Alonso Oliveira, a gastronomia desempenha papel essencial na economia criativa por unir cultura, inova\u00e7\u00e3o e identidade regional. A feira refor\u00e7a essa import\u00e2ncia ao valorizar tradi\u00e7\u00f5es culin\u00e1rias de Manaus, incentivar o desenvolvimento de novos produtos e ampliar oportunidades de neg\u00f3cios, especialmente para MEIs, produtores artesanais de alimentos e empreendedores de itens natalinos.<\/p>\n\n\n\n<p>\u201cCom a \u2018Feira Gastron\u00f4mica de Natal\u2019, refor\u00e7amos o compromisso da Prefeitura de Manaus em apoiar quem empreende e movimenta a economia criativa da cidade. Nosso objetivo \u00e9 oferecer oportunidades reais de gera\u00e7\u00e3o de renda, valorizando a culin\u00e1ria local e fortalecendo pequenos neg\u00f3cios. Cada edi\u00e7\u00e3o amplia a participa\u00e7\u00e3o dos empreendedores e mostra como a gastronomia \u00e9 um ativo poderoso para o desenvolvimento econ\u00f4mico e cultural de Manaus\u201d, disse Alonso.<\/p>\n\n\n\n<p>Al\u00e9m de fortalecer o empreendedorismo, o evento contribui para o turismo e integra o calend\u00e1rio natalino da Prefeitura de Manaus, criando um ambiente de experi\u00eancias culturais e gastron\u00f4micas para moradores e visitantes.<\/p>\n\n\n\n<p>A Semtepi destaca que a participa\u00e7\u00e3o oferece benef\u00edcios como maior visibilidade, incremento de vendas, novos contatos comerciais e integra\u00e7\u00e3o \u00e0 rede de economia criativa da cidade. A \u201cFeira Gastron\u00f4mica de Natal\u201d refor\u00e7a, assim, o compromisso da gest\u00e3o municipal em fomentar iniciativas que gerem trabalho, renda e novas oportunidades para o setor gastron\u00f4mico.<\/p>\n\n\n\n<figure class=\"wp-block-image size-large\"><img loading=\"lazy\" decoding=\"async\" width=\"1024\" height=\"683\" src=\"https:\/\/www.manaus.am.gov.br\/semcom\/wp-content\/uploads\/sites\/5\/2025\/11\/Espaco-do-Empreendedor-Ponta-Negra-2-1024x683.jpeg\" alt=\"\" class=\"wp-image-248743\" srcset=\"https:\/\/www.manaus.am.gov.br\/semcom\/wp-content\/uploads\/sites\/5\/2025\/11\/Espaco-do-Empreendedor-Ponta-Negra-2-1024x683.jpeg 1024w, https:\/\/www.manaus.am.gov.br\/semcom\/wp-content\/uploads\/sites\/5\/2025\/11\/Espaco-do-Empreendedor-Ponta-Negra-2-300x200.jpeg 300w, https:\/\/www.manaus.am.gov.br\/semcom\/wp-content\/uploads\/sites\/5\/2025\/11\/Espaco-do-Empreendedor-Ponta-Negra-2-768x512.jpeg 768w, https:\/\/www.manaus.am.gov.br\/semcom\/wp-content\/uploads\/sites\/5\/2025\/11\/Espaco-do-Empreendedor-Ponta-Negra-2.jpeg 1536w\" sizes=\"(max-width: 1024px) 100vw, 1024px\" \/><\/figure>\n\n\n\n<p>&#8212; &#8212; &#8212;<\/p>\n\n\n\n<p><strong>Texto &#8211;<\/strong> Asafe Augusto\/Semtepi<\/p>\n\n\n\n<p><strong>Fotos<\/strong> &#8211; Divulga\u00e7\u00e3o\/Semtepi&nbsp;<\/p>\n","protected":false},"excerpt":{"rendered":"","protected":false},"author":39,"featured_media":248742,"comment_status":"closed","ping_status":"closed","sticky":false,"template":"","format":"standard","meta":{"footnotes":""},"categories":[585],"tags":[18069,18070,757,77,22],"acf":[],"yoast_head":"<!-- This site is optimized with the Yoast SEO plugin v23.0 - https:\/\/yoast.com\/wordpress\/plugins\/seo\/ -->\n<title>Prefeitura abre inscri\u00e7\u00f5es para a \u2018Feira Gastron\u00f4mica de Natal\u2019<\/title>\n<meta name=\"description\" content=\"Prefeitura de Manaus abre inscri\u00e7\u00f5es para a \u2018Feira Gastron\u00f4mica de Natal\u2019 no Espa\u00e7o do Empreendedor Ponta Negra.\" \/>\n<meta name=\"robots\" content=\"index, follow, max-snippet:-1, max-image-preview:large, max-video-preview:-1\" \/>\n<link rel=\"canonical\" href=\"https:\/\/www.manaus.am.gov.br\/semcom\/inscricoes-feira-gastronomica-de-natal\/\" \/>\n<meta property=\"og:locale\" content=\"pt_BR\" \/>\n<meta property=\"og:type\" content=\"article\" \/>\n<meta property=\"og:title\" content=\"Prefeitura abre inscri\u00e7\u00f5es para a \u2018Feira Gastron\u00f4mica de Natal\u2019\" \/>\n<meta property=\"og:description\" content=\"Prefeitura de Manaus abre inscri\u00e7\u00f5es para a \u2018Feira Gastron\u00f4mica de Natal\u2019 no Espa\u00e7o do Empreendedor Ponta Negra.\" \/>\n<meta property=\"og:url\" content=\"https:\/\/www.manaus.am.gov.br\/semcom\/inscricoes-feira-gastronomica-de-natal\/\" \/>\n<meta property=\"og:site_name\" content=\"SEMCOM\" \/>\n<meta property=\"article:published_time\" content=\"2025-11-20T18:22:35+00:00\" \/>\n<meta property=\"og:image\" content=\"https:\/\/www.manaus.am.gov.br\/semcom\/wp-content\/uploads\/sites\/5\/2025\/11\/Espaco-do-Empreendedor-Ponta-Negra-1.jpeg\" \/>\n\t<meta property=\"og:image:width\" content=\"1536\" \/>\n\t<meta property=\"og:image:height\" content=\"1024\" \/>\n\t<meta property=\"og:image:type\" content=\"image\/jpeg\" \/>\n<meta name=\"author\" content=\"Bruna Greco\" \/>\n<meta name=\"twitter:card\" content=\"summary_large_image\" \/>\n<meta name=\"twitter:label1\" content=\"Written by\" \/>\n\t<meta name=\"twitter:data1\" content=\"Bruna Greco\" \/>\n\t<meta name=\"twitter:label2\" content=\"Est. reading time\" \/>\n\t<meta name=\"twitter:data2\" content=\"3 minutos\" \/>\n<script type=\"application\/ld+json\" class=\"yoast-schema-graph\">{\"@context\":\"https:\/\/schema.org\",\"@graph\":[{\"@type\":\"WebPage\",\"@id\":\"https:\/\/www.manaus.am.gov.br\/semcom\/inscricoes-feira-gastronomica-de-natal\/\",\"url\":\"https:\/\/www.manaus.am.gov.br\/semcom\/inscricoes-feira-gastronomica-de-natal\/\",\"name\":\"Prefeitura abre inscri\u00e7\u00f5es para a \u2018Feira Gastron\u00f4mica de Natal\u2019\",\"isPartOf\":{\"@id\":\"https:\/\/www.manaus.am.gov.br\/semcom\/#website\"},\"primaryImageOfPage\":{\"@id\":\"https:\/\/www.manaus.am.gov.br\/semcom\/inscricoes-feira-gastronomica-de-natal\/#primaryimage\"},\"image\":{\"@id\":\"https:\/\/www.manaus.am.gov.br\/semcom\/inscricoes-feira-gastronomica-de-natal\/#primaryimage\"},\"thumbnailUrl\":\"https:\/\/www.manaus.am.gov.br\/semcom\/wp-content\/uploads\/sites\/5\/2025\/11\/Espaco-do-Empreendedor-Ponta-Negra-1.jpeg\",\"datePublished\":\"2025-11-20T18:22:35+00:00\",\"dateModified\":\"2025-11-20T18:22:35+00:00\",\"author\":{\"@id\":\"https:\/\/www.manaus.am.gov.br\/semcom\/#\/schema\/person\/05d223aea2bf115f9883a6ff3683d81b\"},\"description\":\"Prefeitura de Manaus abre inscri\u00e7\u00f5es para a \u2018Feira Gastron\u00f4mica de Natal\u2019 no Espa\u00e7o do Empreendedor Ponta Negra.\",\"inLanguage\":\"pt-BR\",\"potentialAction\":[{\"@type\":\"ReadAction\",\"target\":[\"https:\/\/www.manaus.am.gov.br\/semcom\/inscricoes-feira-gastronomica-de-natal\/\"]}]},{\"@type\":\"ImageObject\",\"inLanguage\":\"pt-BR\",\"@id\":\"https:\/\/www.manaus.am.gov.br\/semcom\/inscricoes-feira-gastronomica-de-natal\/#primaryimage\",\"url\":\"https:\/\/www.manaus.am.gov.br\/semcom\/wp-content\/uploads\/sites\/5\/2025\/11\/Espaco-do-Empreendedor-Ponta-Negra-1.jpeg\",\"contentUrl\":\"https:\/\/www.manaus.am.gov.br\/semcom\/wp-content\/uploads\/sites\/5\/2025\/11\/Espaco-do-Empreendedor-Ponta-Negra-1.jpeg\",\"width\":1536,\"height\":1024,\"caption\":\"#paratodosverem - Espa\u00e7o do Empreendedor na Ponta Negra\"},{\"@type\":\"WebSite\",\"@id\":\"https:\/\/www.manaus.am.gov.br\/semcom\/#website\",\"url\":\"https:\/\/www.manaus.am.gov.br\/semcom\/\",\"name\":\"SEMCOM\",\"description\":\"Secretaria Municipal de Comunica\u00e7\u00e3o\",\"potentialAction\":[{\"@type\":\"SearchAction\",\"target\":{\"@type\":\"EntryPoint\",\"urlTemplate\":\"https:\/\/www.manaus.am.gov.br\/semcom\/?s={search_term_string}\"},\"query-input\":\"required name=search_term_string\"}],\"inLanguage\":\"pt-BR\"},{\"@type\":\"Person\",\"@id\":\"https:\/\/www.manaus.am.gov.br\/semcom\/#\/schema\/person\/05d223aea2bf115f9883a6ff3683d81b\",\"name\":\"Bruna Greco\",\"image\":{\"@type\":\"ImageObject\",\"inLanguage\":\"pt-BR\",\"@id\":\"https:\/\/www.manaus.am.gov.br\/semcom\/#\/schema\/person\/image\/\",\"url\":\"https:\/\/secure.gravatar.com\/avatar\/9c877d1a6adc2a055330e5c09a8653ce?s=96&d=mm&r=g\",\"contentUrl\":\"https:\/\/secure.gravatar.com\/avatar\/9c877d1a6adc2a055330e5c09a8653ce?s=96&d=mm&r=g\",\"caption\":\"Bruna Greco\"}}]}<\/script>\n<!-- \/ Yoast SEO plugin. -->","yoast_head_json":{"title":"Prefeitura abre inscri\u00e7\u00f5es para a \u2018Feira Gastron\u00f4mica de Natal\u2019","description":"Prefeitura de Manaus abre inscri\u00e7\u00f5es para a \u2018Feira Gastron\u00f4mica de Natal\u2019 no Espa\u00e7o do Empreendedor Ponta Negra.","robots":{"index":"index","follow":"follow","max-snippet":"max-snippet:-1","max-image-preview":"max-image-preview:large","max-video-preview":"max-video-preview:-1"},"canonical":"https:\/\/www.manaus.am.gov.br\/semcom\/inscricoes-feira-gastronomica-de-natal\/","og_locale":"pt_BR","og_type":"article","og_title":"Prefeitura abre inscri\u00e7\u00f5es para a \u2018Feira Gastron\u00f4mica de Natal\u2019","og_description":"Prefeitura de Manaus abre inscri\u00e7\u00f5es para a \u2018Feira Gastron\u00f4mica de Natal\u2019 no Espa\u00e7o do Empreendedor Ponta Negra.","og_url":"https:\/\/www.manaus.am.gov.br\/semcom\/inscricoes-feira-gastronomica-de-natal\/","og_site_name":"SEMCOM","article_published_time":"2025-11-20T18:22:35+00:00","og_image":[{"width":1536,"height":1024,"url":"https:\/\/www.manaus.am.gov.br\/semcom\/wp-content\/uploads\/sites\/5\/2025\/11\/Espaco-do-Empreendedor-Ponta-Negra-1.jpeg","type":"image\/jpeg"}],"author":"Bruna Greco","twitter_card":"summary_large_image","twitter_misc":{"Written by":"Bruna Greco","Est. reading time":"3 minutos"},"schema":{"@context":"https:\/\/schema.org","@graph":[{"@type":"WebPage","@id":"https:\/\/www.manaus.am.gov.br\/semcom\/inscricoes-feira-gastronomica-de-natal\/","url":"https:\/\/www.manaus.am.gov.br\/semcom\/inscricoes-feira-gastronomica-de-natal\/","name":"Prefeitura abre inscri\u00e7\u00f5es para a \u2018Feira Gastron\u00f4mica de Natal\u2019","isPartOf":{"@id":"https:\/\/www.manaus.am.gov.br\/semcom\/#website"},"primaryImageOfPage":{"@id":"https:\/\/www.manaus.am.gov.br\/semcom\/inscricoes-feira-gastronomica-de-natal\/#primaryimage"},"image":{"@id":"https:\/\/www.manaus.am.gov.br\/semcom\/inscricoes-feira-gastronomica-de-natal\/#primaryimage"},"thumbnailUrl":"https:\/\/www.manaus.am.gov.br\/semcom\/wp-content\/uploads\/sites\/5\/2025\/11\/Espaco-do-Empreendedor-Ponta-Negra-1.jpeg","datePublished":"2025-11-20T18:22:35+00:00","dateModified":"2025-11-20T18:22:35+00:00","author":{"@id":"https:\/\/www.manaus.am.gov.br\/semcom\/#\/schema\/person\/05d223aea2bf115f9883a6ff3683d81b"},"description":"Prefeitura de Manaus abre inscri\u00e7\u00f5es para a \u2018Feira Gastron\u00f4mica de Natal\u2019 no Espa\u00e7o do Empreendedor Ponta Negra.","inLanguage":"pt-BR","potentialAction":[{"@type":"ReadAction","target":["https:\/\/www.manaus.am.gov.br\/semcom\/inscricoes-feira-gastronomica-de-natal\/"]}]},{"@type":"ImageObject","inLanguage":"pt-BR","@id":"https:\/\/www.manaus.am.gov.br\/semcom\/inscricoes-feira-gastronomica-de-natal\/#primaryimage","url":"https:\/\/www.manaus.am.gov.br\/semcom\/wp-content\/uploads\/sites\/5\/2025\/11\/Espaco-do-Empreendedor-Ponta-Negra-1.jpeg","contentUrl":"https:\/\/www.manaus.am.gov.br\/semcom\/wp-content\/uploads\/sites\/5\/2025\/11\/Espaco-do-Empreendedor-Ponta-Negra-1.jpeg","width":1536,"height":1024,"caption":"#paratodosverem - Espa\u00e7o do Empreendedor na Ponta Negra"},{"@type":"WebSite","@id":"https:\/\/www.manaus.am.gov.br\/semcom\/#website","url":"https:\/\/www.manaus.am.gov.br\/semcom\/","name":"SEMCOM","description":"Secretaria Municipal de Comunica\u00e7\u00e3o","potentialAction":[{"@type":"SearchAction","target":{"@type":"EntryPoint","urlTemplate":"https:\/\/www.manaus.am.gov.br\/semcom\/?s={search_term_string}"},"query-input":"required name=search_term_string"}],"inLanguage":"pt-BR"},{"@type":"Person","@id":"https:\/\/www.manaus.am.gov.br\/semcom\/#\/schema\/person\/05d223aea2bf115f9883a6ff3683d81b","name":"Bruna Greco","image":{"@type":"ImageObject","inLanguage":"pt-BR","@id":"https:\/\/www.manaus.am.gov.br\/semcom\/#\/schema\/person\/image\/","url":"https:\/\/secure.gravatar.com\/avatar\/9c877d1a6adc2a055330e5c09a8653ce?s=96&d=mm&r=g","contentUrl":"https:\/\/secure.gravatar.com\/avatar\/9c877d1a6adc2a055330e5c09a8653ce?s=96&d=mm&r=g","caption":"Bruna Greco"}}]}},"_links":{"self":[{"href":"https:\/\/www.manaus.am.gov.br\/semcom\/wp-json\/wp\/v2\/posts\/248741"}],"collection":[{"href":"https:\/\/www.manaus.am.gov.br\/semcom\/wp-json\/wp\/v2\/posts"}],"about":[{"href":"https:\/\/www.manaus.am.gov.br\/semcom\/wp-json\/wp\/v2\/types\/post"}],"author":[{"embeddable":true,"href":"https:\/\/www.manaus.am.gov.br\/semcom\/wp-json\/wp\/v2\/users\/39"}],"replies":[{"embeddable":true,"href":"https:\/\/www.manaus.am.gov.br\/semcom\/wp-json\/wp\/v2\/comments?post=248741"}],"version-history":[{"count":1,"href":"https:\/\/www.manaus.am.gov.br\/semcom\/wp-json\/wp\/v2\/posts\/248741\/revisions"}],"predecessor-version":[{"id":248744,"href":"https:\/\/www.manaus.am.gov.br\/semcom\/wp-json\/wp\/v2\/posts\/248741\/revisions\/248744"}],"wp:featuredmedia":[{"embeddable":true,"href":"https:\/\/www.manaus.am.gov.br\/semcom\/wp-json\/wp\/v2\/media\/248742"}],"wp:attachment":[{"href":"https:\/\/www.manaus.am.gov.br\/semcom\/wp-json\/wp\/v2\/media?parent=248741"}],"wp:term":[{"taxonomy":"category","embeddable":true,"href":"https:\/\/www.manaus.am.gov.br\/semcom\/wp-json\/wp\/v2\/categories?post=248741"},{"taxonomy":"post_tag","embeddable":true,"href":"https:\/\/www.manaus.am.gov.br\/semcom\/wp-json\/wp\/v2\/tags?post=248741"}],"curies":[{"name":"wp","href":"https:\/\/api.w.org\/{rel}","templated":true}]}}