{"id":248730,"date":"2025-11-19T22:27:01","date_gmt":"2025-11-20T02:27:01","guid":{"rendered":"https:\/\/www.manaus.am.gov.br\/semcom\/arena-magica-de-patinacao\/"},"modified":"2025-11-19T22:27:01","modified_gmt":"2025-11-20T02:27:01","slug":"arena-magica-de-patinacao","status":"publish","type":"post","link":"https:\/\/www.manaus.am.gov.br\/semcom\/arena-magica-de-patinacao\/","title":{"rendered":"Arena M\u00e1gica de Patina\u00e7\u00e3o encanta p\u00fablico na Ponta Negra e arrecada doa\u00e7\u00f5es para a\u00e7\u00f5es solid\u00e1rias"},"content":{"rendered":"\n<p>A magia do Natal tomou conta da Ponta Negra com a abertura da Arena M\u00e1gica de Patina\u00e7\u00e3o, uma das atra\u00e7\u00f5es da programa\u00e7\u00e3o \u201cUm Sonho M\u00e1gico de Natal\u201d, promovida pela Prefeitura de Manaus, dispon\u00edvel ao p\u00fablico at\u00e9 o dia 15 de janeiro de 2026. Instalada ao lado da pista de skate, no complexo tur\u00edstico, a estrutura funciona diariamente, das 17h \u00e0s 22h, oferecendo sess\u00f5es de 30 minutos.<\/p>\n\n\n\n<p>Para participar, os visitantes precisam realizar um cadastro pr\u00e9vio no site oficial da programa\u00e7\u00e3o. O acesso \u00e0 pista \u00e9 garantido mediante a doa\u00e7\u00e3o de uma lata ou pacote de leite em p\u00f3 integral acima de 400 gramas. A organiza\u00e7\u00e3o recomenda que o item seja entregue com, ao menos, 40 minutos de anteced\u00eancia para agilizar o check-in.<\/p>\n\n\n\n<p>A ades\u00e3o do p\u00fablico tem sido expressiva. At\u00e9 18 de novembro, mais de 3 mil unidades de leite j\u00e1 haviam sido arrecadadas. Todo o material ser\u00e1 destinado a institui\u00e7\u00f5es que atendem crian\u00e7as em situa\u00e7\u00e3o de vulnerabilidade social. A presidente do Fundo Manaus Solid\u00e1ria (FMS), Viviana Lira, destaca que o processo ser\u00e1 transparente.<br><br>\u201cN\u00f3s j\u00e1 temos quase todos os itens organizados para iniciar as entregas, e tudo ser\u00e1 divulgado publicamente para garantir que essas fam\u00edlias recebam o apoio da melhor forma poss\u00edvel\u201d, disse.<\/p>\n\n\n\n<p>Viviana refor\u00e7a ainda o car\u00e1ter social da iniciativa. \u201cPara participar \u00e9 muito simples. Basta fazer o cadastro e trazer a doa\u00e7\u00e3o. O mais bonito \u00e9 ver como a popula\u00e7\u00e3o tem abra\u00e7ado essa a\u00e7\u00e3o\u201d, completou.<\/p>\n\n\n\n<p>A Arena M\u00e1gica de Patina\u00e7\u00e3o \u00e9 pensada para todas as idades. Crian\u00e7as a partir de cinco anos podem usar os patins normalmente. J\u00e1 os pequenos, de 2 a 4 anos, participam com minitren\u00f3s e realizam um circuito de 20 voltas pela pista, acompanhados por monitores treinados.<\/p>\n\n\n\n<figure class=\"wp-block-image size-full\"><img loading=\"lazy\" decoding=\"async\" width=\"799\" height=\"533\" src=\"https:\/\/www.manaus.am.gov.br\/semcom\/wp-content\/uploads\/sites\/5\/2025\/11\/54934267532_4134d20fab_c.jpg\" alt=\"\" class=\"wp-image-248731\" srcset=\"https:\/\/www.manaus.am.gov.br\/semcom\/wp-content\/uploads\/sites\/5\/2025\/11\/54934267532_4134d20fab_c.jpg 799w, https:\/\/www.manaus.am.gov.br\/semcom\/wp-content\/uploads\/sites\/5\/2025\/11\/54934267532_4134d20fab_c-300x200.jpg 300w, https:\/\/www.manaus.am.gov.br\/semcom\/wp-content\/uploads\/sites\/5\/2025\/11\/54934267532_4134d20fab_c-768x512.jpg 768w\" sizes=\"(max-width: 799px) 100vw, 799px\" \/><\/figure>\n\n\n\n<p>Visitantes de outras cidades tamb\u00e9m se encantam com a estrutura. A pequena Helo\u00edsa Natividade, de Bel\u00e9m (PA), conheceu a atra\u00e7\u00e3o durante uma viagem a Manaus e aprovou a experi\u00eancia. \u201cEu amei porque nunca tinha patinado na minha vida e aqui foi muito divertido\u201d, comemorou.&nbsp;<\/p>\n\n\n\n<p>Para maior conforto, a organiza\u00e7\u00e3o recomenda que cada participante leve uma meia de cano alto, utilizada junto aos patins fornecidos no local.<\/p>\n\n\n\n<p>Os amigos Gustavo Ton\u00edsio, de 17 anos, e Samuel Abecassis, aproveitaram a pista pela primeira vez e elogiaram a iniciativa.<\/p>\n\n\n\n<p>Gustavo afirma: \u201cEu vim, trouxe meus amigos e est\u00e1 sendo incr\u00edvel aproveitar esse momento com todo mundo\u201d. Samuel refor\u00e7a o sentimento. \u201cEu acho que a estrutura est\u00e1 muito boa. A prefeitura est\u00e1 de parab\u00e9ns pela organiza\u00e7\u00e3o\u201d.\u00a0<\/p>\n\n\n\n<p>A Arena M\u00e1gica de Patina\u00e7\u00e3o segue aberta at\u00e9 o dia 15 de janeiro, prometendo encantar visitantes de todas as idades durante o per\u00edodo natalino e fortalecer ainda mais o esp\u00edrito de solidariedade na capital.<\/p>\n\n\n\n<p>\u2014- \u2014- \u2014-\u00a0<br><strong>Texto &#8211; <\/strong>Deborah Azevedo \/ Semcom<br><strong>Fotos &#8211; <\/strong>Cl\u00f3vis Miranda \/ Semcom<br><strong>Dispon\u00edveis em &#8211;<\/strong> <a href=\"https:\/\/flic.kr\/s\/aHBqjCBsLA\">https:\/\/flic.kr\/s\/aHBqjCBsLA<\/a>\u00a0<\/p>\n","protected":false},"excerpt":{"rendered":"","protected":false},"author":68,"featured_media":248732,"comment_status":"closed","ping_status":"closed","sticky":false,"template":"","format":"standard","meta":{"footnotes":""},"categories":[12730],"tags":[18061,18062,7784,77],"acf":[],"yoast_head":"<!-- This site is optimized with the Yoast SEO plugin v23.0 - https:\/\/yoast.com\/wordpress\/plugins\/seo\/ -->\n<title>Arena M\u00e1gica de Patina\u00e7\u00e3o encanta p\u00fablico na Ponta Negra<\/title>\n<meta name=\"description\" content=\"A magia do Natal tomou conta da Ponta Negra com a abertura da Arena M\u00e1gica de Patina\u00e7\u00e3o, uma das atra\u00e7\u00f5es do \u201cUm Sonho M\u00e1gico de Natal\u201d.\" \/>\n<meta name=\"robots\" content=\"index, follow, max-snippet:-1, max-image-preview:large, max-video-preview:-1\" \/>\n<link rel=\"canonical\" href=\"https:\/\/www.manaus.am.gov.br\/semcom\/arena-magica-de-patinacao\/\" \/>\n<meta property=\"og:locale\" content=\"pt_BR\" \/>\n<meta property=\"og:type\" content=\"article\" \/>\n<meta property=\"og:title\" content=\"Arena M\u00e1gica de Patina\u00e7\u00e3o encanta p\u00fablico na Ponta Negra\" \/>\n<meta property=\"og:description\" content=\"A magia do Natal tomou conta da Ponta Negra com a abertura da Arena M\u00e1gica de Patina\u00e7\u00e3o, uma das atra\u00e7\u00f5es do \u201cUm Sonho M\u00e1gico de Natal\u201d.\" \/>\n<meta property=\"og:url\" content=\"https:\/\/www.manaus.am.gov.br\/semcom\/arena-magica-de-patinacao\/\" \/>\n<meta property=\"og:site_name\" content=\"SEMCOM\" \/>\n<meta property=\"article:published_time\" content=\"2025-11-20T02:27:01+00:00\" \/>\n<meta property=\"og:image\" content=\"https:\/\/www.manaus.am.gov.br\/semcom\/wp-content\/uploads\/sites\/5\/2025\/11\/54935386169_e2a4e370f1_c.jpg\" \/>\n\t<meta property=\"og:image:width\" content=\"799\" \/>\n\t<meta property=\"og:image:height\" content=\"533\" \/>\n\t<meta property=\"og:image:type\" content=\"image\/jpeg\" \/>\n<meta name=\"author\" content=\"bvalente\" \/>\n<meta name=\"twitter:card\" content=\"summary_large_image\" \/>\n<meta name=\"twitter:label1\" content=\"Written by\" \/>\n\t<meta name=\"twitter:data1\" content=\"bvalente\" \/>\n\t<meta name=\"twitter:label2\" content=\"Est. reading time\" \/>\n\t<meta name=\"twitter:data2\" content=\"3 minutos\" \/>\n<script type=\"application\/ld+json\" class=\"yoast-schema-graph\">{\"@context\":\"https:\/\/schema.org\",\"@graph\":[{\"@type\":\"WebPage\",\"@id\":\"https:\/\/www.manaus.am.gov.br\/semcom\/arena-magica-de-patinacao\/\",\"url\":\"https:\/\/www.manaus.am.gov.br\/semcom\/arena-magica-de-patinacao\/\",\"name\":\"Arena M\u00e1gica de Patina\u00e7\u00e3o encanta p\u00fablico na Ponta Negra\",\"isPartOf\":{\"@id\":\"https:\/\/www.manaus.am.gov.br\/semcom\/#website\"},\"primaryImageOfPage\":{\"@id\":\"https:\/\/www.manaus.am.gov.br\/semcom\/arena-magica-de-patinacao\/#primaryimage\"},\"image\":{\"@id\":\"https:\/\/www.manaus.am.gov.br\/semcom\/arena-magica-de-patinacao\/#primaryimage\"},\"thumbnailUrl\":\"https:\/\/www.manaus.am.gov.br\/semcom\/wp-content\/uploads\/sites\/5\/2025\/11\/54935386169_e2a4e370f1_c.jpg\",\"datePublished\":\"2025-11-20T02:27:01+00:00\",\"dateModified\":\"2025-11-20T02:27:01+00:00\",\"author\":{\"@id\":\"https:\/\/www.manaus.am.gov.br\/semcom\/#\/schema\/person\/466a0e03ae4b6062809046bd560ac955\"},\"description\":\"A magia do Natal tomou conta da Ponta Negra com a abertura da Arena M\u00e1gica de Patina\u00e7\u00e3o, uma das atra\u00e7\u00f5es do \u201cUm Sonho M\u00e1gico de Natal\u201d.\",\"inLanguage\":\"pt-BR\",\"potentialAction\":[{\"@type\":\"ReadAction\",\"target\":[\"https:\/\/www.manaus.am.gov.br\/semcom\/arena-magica-de-patinacao\/\"]}]},{\"@type\":\"ImageObject\",\"inLanguage\":\"pt-BR\",\"@id\":\"https:\/\/www.manaus.am.gov.br\/semcom\/arena-magica-de-patinacao\/#primaryimage\",\"url\":\"https:\/\/www.manaus.am.gov.br\/semcom\/wp-content\/uploads\/sites\/5\/2025\/11\/54935386169_e2a4e370f1_c.jpg\",\"contentUrl\":\"https:\/\/www.manaus.am.gov.br\/semcom\/wp-content\/uploads\/sites\/5\/2025\/11\/54935386169_e2a4e370f1_c.jpg\",\"width\":799,\"height\":533,\"caption\":\"#paratodosverem - Estudantes na Arena M\u00e1gica de Patina\u00e7\u00e3o, na Ponta Negra\"},{\"@type\":\"WebSite\",\"@id\":\"https:\/\/www.manaus.am.gov.br\/semcom\/#website\",\"url\":\"https:\/\/www.manaus.am.gov.br\/semcom\/\",\"name\":\"SEMCOM\",\"description\":\"Secretaria Municipal de Comunica\u00e7\u00e3o\",\"potentialAction\":[{\"@type\":\"SearchAction\",\"target\":{\"@type\":\"EntryPoint\",\"urlTemplate\":\"https:\/\/www.manaus.am.gov.br\/semcom\/?s={search_term_string}\"},\"query-input\":\"required name=search_term_string\"}],\"inLanguage\":\"pt-BR\"},{\"@type\":\"Person\",\"@id\":\"https:\/\/www.manaus.am.gov.br\/semcom\/#\/schema\/person\/466a0e03ae4b6062809046bd560ac955\",\"name\":\"bvalente\",\"image\":{\"@type\":\"ImageObject\",\"inLanguage\":\"pt-BR\",\"@id\":\"https:\/\/www.manaus.am.gov.br\/semcom\/#\/schema\/person\/image\/\",\"url\":\"https:\/\/secure.gravatar.com\/avatar\/3e69bc2b014bdad41adfec3a39de07d2?s=96&d=mm&r=g\",\"contentUrl\":\"https:\/\/secure.gravatar.com\/avatar\/3e69bc2b014bdad41adfec3a39de07d2?s=96&d=mm&r=g\",\"caption\":\"bvalente\"}}]}<\/script>\n<!-- \/ Yoast SEO plugin. -->","yoast_head_json":{"title":"Arena M\u00e1gica de Patina\u00e7\u00e3o encanta p\u00fablico na Ponta Negra","description":"A magia do Natal tomou conta da Ponta Negra com a abertura da Arena M\u00e1gica de Patina\u00e7\u00e3o, uma das atra\u00e7\u00f5es do \u201cUm Sonho M\u00e1gico de Natal\u201d.","robots":{"index":"index","follow":"follow","max-snippet":"max-snippet:-1","max-image-preview":"max-image-preview:large","max-video-preview":"max-video-preview:-1"},"canonical":"https:\/\/www.manaus.am.gov.br\/semcom\/arena-magica-de-patinacao\/","og_locale":"pt_BR","og_type":"article","og_title":"Arena M\u00e1gica de Patina\u00e7\u00e3o encanta p\u00fablico na Ponta Negra","og_description":"A magia do Natal tomou conta da Ponta Negra com a abertura da Arena M\u00e1gica de Patina\u00e7\u00e3o, uma das atra\u00e7\u00f5es do \u201cUm Sonho M\u00e1gico de Natal\u201d.","og_url":"https:\/\/www.manaus.am.gov.br\/semcom\/arena-magica-de-patinacao\/","og_site_name":"SEMCOM","article_published_time":"2025-11-20T02:27:01+00:00","og_image":[{"width":799,"height":533,"url":"https:\/\/www.manaus.am.gov.br\/semcom\/wp-content\/uploads\/sites\/5\/2025\/11\/54935386169_e2a4e370f1_c.jpg","type":"image\/jpeg"}],"author":"bvalente","twitter_card":"summary_large_image","twitter_misc":{"Written by":"bvalente","Est. reading time":"3 minutos"},"schema":{"@context":"https:\/\/schema.org","@graph":[{"@type":"WebPage","@id":"https:\/\/www.manaus.am.gov.br\/semcom\/arena-magica-de-patinacao\/","url":"https:\/\/www.manaus.am.gov.br\/semcom\/arena-magica-de-patinacao\/","name":"Arena M\u00e1gica de Patina\u00e7\u00e3o encanta p\u00fablico na Ponta Negra","isPartOf":{"@id":"https:\/\/www.manaus.am.gov.br\/semcom\/#website"},"primaryImageOfPage":{"@id":"https:\/\/www.manaus.am.gov.br\/semcom\/arena-magica-de-patinacao\/#primaryimage"},"image":{"@id":"https:\/\/www.manaus.am.gov.br\/semcom\/arena-magica-de-patinacao\/#primaryimage"},"thumbnailUrl":"https:\/\/www.manaus.am.gov.br\/semcom\/wp-content\/uploads\/sites\/5\/2025\/11\/54935386169_e2a4e370f1_c.jpg","datePublished":"2025-11-20T02:27:01+00:00","dateModified":"2025-11-20T02:27:01+00:00","author":{"@id":"https:\/\/www.manaus.am.gov.br\/semcom\/#\/schema\/person\/466a0e03ae4b6062809046bd560ac955"},"description":"A magia do Natal tomou conta da Ponta Negra com a abertura da Arena M\u00e1gica de Patina\u00e7\u00e3o, uma das atra\u00e7\u00f5es do \u201cUm Sonho M\u00e1gico de Natal\u201d.","inLanguage":"pt-BR","potentialAction":[{"@type":"ReadAction","target":["https:\/\/www.manaus.am.gov.br\/semcom\/arena-magica-de-patinacao\/"]}]},{"@type":"ImageObject","inLanguage":"pt-BR","@id":"https:\/\/www.manaus.am.gov.br\/semcom\/arena-magica-de-patinacao\/#primaryimage","url":"https:\/\/www.manaus.am.gov.br\/semcom\/wp-content\/uploads\/sites\/5\/2025\/11\/54935386169_e2a4e370f1_c.jpg","contentUrl":"https:\/\/www.manaus.am.gov.br\/semcom\/wp-content\/uploads\/sites\/5\/2025\/11\/54935386169_e2a4e370f1_c.jpg","width":799,"height":533,"caption":"#paratodosverem - Estudantes na Arena M\u00e1gica de Patina\u00e7\u00e3o, na Ponta Negra"},{"@type":"WebSite","@id":"https:\/\/www.manaus.am.gov.br\/semcom\/#website","url":"https:\/\/www.manaus.am.gov.br\/semcom\/","name":"SEMCOM","description":"Secretaria Municipal de Comunica\u00e7\u00e3o","potentialAction":[{"@type":"SearchAction","target":{"@type":"EntryPoint","urlTemplate":"https:\/\/www.manaus.am.gov.br\/semcom\/?s={search_term_string}"},"query-input":"required name=search_term_string"}],"inLanguage":"pt-BR"},{"@type":"Person","@id":"https:\/\/www.manaus.am.gov.br\/semcom\/#\/schema\/person\/466a0e03ae4b6062809046bd560ac955","name":"bvalente","image":{"@type":"ImageObject","inLanguage":"pt-BR","@id":"https:\/\/www.manaus.am.gov.br\/semcom\/#\/schema\/person\/image\/","url":"https:\/\/secure.gravatar.com\/avatar\/3e69bc2b014bdad41adfec3a39de07d2?s=96&d=mm&r=g","contentUrl":"https:\/\/secure.gravatar.com\/avatar\/3e69bc2b014bdad41adfec3a39de07d2?s=96&d=mm&r=g","caption":"bvalente"}}]}},"_links":{"self":[{"href":"https:\/\/www.manaus.am.gov.br\/semcom\/wp-json\/wp\/v2\/posts\/248730"}],"collection":[{"href":"https:\/\/www.manaus.am.gov.br\/semcom\/wp-json\/wp\/v2\/posts"}],"about":[{"href":"https:\/\/www.manaus.am.gov.br\/semcom\/wp-json\/wp\/v2\/types\/post"}],"author":[{"embeddable":true,"href":"https:\/\/www.manaus.am.gov.br\/semcom\/wp-json\/wp\/v2\/users\/68"}],"replies":[{"embeddable":true,"href":"https:\/\/www.manaus.am.gov.br\/semcom\/wp-json\/wp\/v2\/comments?post=248730"}],"version-history":[{"count":1,"href":"https:\/\/www.manaus.am.gov.br\/semcom\/wp-json\/wp\/v2\/posts\/248730\/revisions"}],"predecessor-version":[{"id":248733,"href":"https:\/\/www.manaus.am.gov.br\/semcom\/wp-json\/wp\/v2\/posts\/248730\/revisions\/248733"}],"wp:featuredmedia":[{"embeddable":true,"href":"https:\/\/www.manaus.am.gov.br\/semcom\/wp-json\/wp\/v2\/media\/248732"}],"wp:attachment":[{"href":"https:\/\/www.manaus.am.gov.br\/semcom\/wp-json\/wp\/v2\/media?parent=248730"}],"wp:term":[{"taxonomy":"category","embeddable":true,"href":"https:\/\/www.manaus.am.gov.br\/semcom\/wp-json\/wp\/v2\/categories?post=248730"},{"taxonomy":"post_tag","embeddable":true,"href":"https:\/\/www.manaus.am.gov.br\/semcom\/wp-json\/wp\/v2\/tags?post=248730"}],"curies":[{"name":"wp","href":"https:\/\/api.w.org\/{rel}","templated":true}]}}