{"id":248718,"date":"2025-11-19T21:17:42","date_gmt":"2025-11-20T00:17:42","guid":{"rendered":"https:\/\/www.manaus.am.gov.br\/semcom\/obras-minha-casa-minha-vida\/"},"modified":"2025-11-19T21:23:19","modified_gmt":"2025-11-20T00:23:19","slug":"obras-minha-casa-minha-vida","status":"publish","type":"post","link":"https:\/\/www.manaus.am.gov.br\/semcom\/obras-minha-casa-minha-vida\/","title":{"rendered":"Prefeito David Almeida anuncia entrega das primeiras unidades do \u2018Minha Casa, Minha Vida\u2019 para o m\u00eas de dezembro"},"content":{"rendered":"\n<p>A Prefeitura de Manaus avan\u00e7a em mais uma frente habitacional com a previs\u00e3o de entrega das primeiras unidades do conjunto do \u2018Minha Casa, Minha Vida\u2019 a partir do dia 14 de dezembro deste ano. O an\u00fancio foi feito pelo prefeito David Almeida, durante vistoria realizada nesta quarta-feira, 19\/11, ao lado do titular da Secretaria Municipal de Habita\u00e7\u00e3o e Assuntos Fundi\u00e1rios (Semhaf), Jesus Alves.<\/p>\n\n\n\n<p>Apesar do per\u00edodo de chuvas at\u00edpicas registrado em 2025, que impactou o cronograma inicial, o prefeito destacou que a obra segue em ritmo acelerado e deve ser conclu\u00edda muito antes do prazo contratado.<\/p>\n\n\n\n<p>Com apenas 10 meses de execu\u00e7\u00e3o, o empreendimento j\u00e1 se consolida como um dos projetos de habita\u00e7\u00e3o de maior velocidade de constru\u00e7\u00e3o dos \u00faltimos anos em Manaus. Inicialmente contratada para 18 meses, a obra ser\u00e1 conclu\u00edda em 11 meses, resultado da coordena\u00e7\u00e3o entre a prefeitura, por interm\u00e9dio da Semhaf, e o governo federal.<\/p>\n\n\n\n<p>\u201cO mais importante \u00e9 que n\u00e3o estamos apenas construindo apartamentos. Estamos trazendo dignidade, oportunidade de sonhar e de transformar a vida das fam\u00edlias\u201d, afirmou o prefeito.<\/p>\n\n\n\n<p>Durante a vistoria, David Almeida refor\u00e7ou que cada unidade ser\u00e1 entregue completa e mobiliada, garantindo estrutura m\u00ednima para que as fam\u00edlias iniciem uma nova etapa com seguran\u00e7a e conforto. Os apartamentos vir\u00e3o equipados com: geladeira, televis\u00e3o, fog\u00e3o, roupeiro, ventilador, cama e colch\u00e3o.<\/p>\n\n\n\n<p>Segundo o prefeito, essa \u00e9 uma forma de assegurar dignidade especialmente \u00e0s fam\u00edlias que viviam em situa\u00e7\u00e3o de vulnerabilidade e que, em muitos casos, enfrentaram perdas irrepar\u00e1veis. \u201cHabita\u00e7\u00e3o \u00e9 resgatar dignidade, \u00e9 oferecer condi\u00e7\u00f5es reais de moradia para quem mais precisa. Essa \u00e9 a premissa da nossa gest\u00e3o\u201d, destacou.<\/p>\n\n\n\n<p>No total, ser\u00e3o constru\u00eddos 4.756 apartamentos em parceria com o &#8216;Minha Casa, Minha Vida&#8217;, resultado de um investimento conjunto entre a Prefeitura de Manaus e o governo federal. O prefeito detalhou os aportes destinados ao projeto: R$ 800 milh\u00f5es do governo federal via Minha Casa, Minha Vida; R$ 167 milh\u00f5es da prefeitura, incluindo aquisi\u00e7\u00e3o do terreno e contrapartidas, totalizando quase R$ 180 milh\u00f5es de aporte municipal.<\/p>\n\n\n\n<p>\u201cEstamos investindo de forma respons\u00e1vel para transformar sonhos em realidade. A prefeitura est\u00e1 fazendo sua parte com quase R$ 180 milh\u00f5es para que este projeto esteja de p\u00e9 e avance com qualidade\u201d, afirmou o secret\u00e1rio da Semhaf, Jesus Alves.<\/p>\n\n\n\n<p>\u2014- \u2014- \u2014&#8211;<br><strong>Texto &#8211;<\/strong> Emanuelle Baires \/ Semcom-Prefeito<br><strong>Fotos &#8211; <\/strong>Juan Sullivan \/ Semcom-Prefeito<\/p>\n","protected":false},"excerpt":{"rendered":"","protected":false},"author":68,"featured_media":248719,"comment_status":"closed","ping_status":"closed","sticky":false,"template":"","format":"standard","meta":{"footnotes":""},"categories":[400],"tags":[35,18056,14481,18057,77],"acf":[],"yoast_head":"<!-- This site is optimized with the Yoast SEO plugin v23.0 - https:\/\/yoast.com\/wordpress\/plugins\/seo\/ -->\n<title>Prefeito anuncia entrega de unidades do \u2018Minha Casa, Minha Vida\u2019<\/title>\n<meta name=\"description\" content=\"A Prefeitura avan\u00e7a em mais uma frente habitacional com a previs\u00e3o de entrega das primeiras unidades do conjunto do \u2018Minha Casa, Minha Vida\u2019.\" \/>\n<meta name=\"robots\" content=\"index, follow, max-snippet:-1, max-image-preview:large, max-video-preview:-1\" \/>\n<link rel=\"canonical\" href=\"https:\/\/www.manaus.am.gov.br\/semcom\/obras-minha-casa-minha-vida\/\" \/>\n<meta property=\"og:locale\" content=\"pt_BR\" \/>\n<meta property=\"og:type\" content=\"article\" \/>\n<meta property=\"og:title\" content=\"Prefeito anuncia entrega de unidades do \u2018Minha Casa, Minha Vida\u2019\" \/>\n<meta property=\"og:description\" content=\"A Prefeitura avan\u00e7a em mais uma frente habitacional com a previs\u00e3o de entrega das primeiras unidades do conjunto do \u2018Minha Casa, Minha Vida\u2019.\" \/>\n<meta property=\"og:url\" content=\"https:\/\/www.manaus.am.gov.br\/semcom\/obras-minha-casa-minha-vida\/\" \/>\n<meta property=\"og:site_name\" content=\"SEMCOM\" \/>\n<meta property=\"article:published_time\" content=\"2025-11-20T00:17:42+00:00\" \/>\n<meta property=\"article:modified_time\" content=\"2025-11-20T00:23:19+00:00\" \/>\n<meta property=\"og:image\" content=\"https:\/\/www.manaus.am.gov.br\/semcom\/wp-content\/uploads\/sites\/5\/2025\/11\/WhatsApp-Image-2025-11-19-at-16.49.23.jpeg\" \/>\n\t<meta property=\"og:image:width\" content=\"4160\" \/>\n\t<meta property=\"og:image:height\" content=\"2773\" \/>\n\t<meta property=\"og:image:type\" content=\"image\/jpeg\" \/>\n<meta name=\"author\" content=\"bvalente\" \/>\n<meta name=\"twitter:card\" content=\"summary_large_image\" \/>\n<meta name=\"twitter:label1\" content=\"Written by\" \/>\n\t<meta name=\"twitter:data1\" content=\"bvalente\" \/>\n\t<meta name=\"twitter:label2\" content=\"Est. reading time\" \/>\n\t<meta name=\"twitter:data2\" content=\"3 minutos\" \/>\n<script type=\"application\/ld+json\" class=\"yoast-schema-graph\">{\"@context\":\"https:\/\/schema.org\",\"@graph\":[{\"@type\":\"WebPage\",\"@id\":\"https:\/\/www.manaus.am.gov.br\/semcom\/obras-minha-casa-minha-vida\/\",\"url\":\"https:\/\/www.manaus.am.gov.br\/semcom\/obras-minha-casa-minha-vida\/\",\"name\":\"Prefeito anuncia entrega de unidades do \u2018Minha Casa, Minha Vida\u2019\",\"isPartOf\":{\"@id\":\"https:\/\/www.manaus.am.gov.br\/semcom\/#website\"},\"primaryImageOfPage\":{\"@id\":\"https:\/\/www.manaus.am.gov.br\/semcom\/obras-minha-casa-minha-vida\/#primaryimage\"},\"image\":{\"@id\":\"https:\/\/www.manaus.am.gov.br\/semcom\/obras-minha-casa-minha-vida\/#primaryimage\"},\"thumbnailUrl\":\"https:\/\/www.manaus.am.gov.br\/semcom\/wp-content\/uploads\/sites\/5\/2025\/11\/WhatsApp-Image-2025-11-19-at-16.49.23.jpeg\",\"datePublished\":\"2025-11-20T00:17:42+00:00\",\"dateModified\":\"2025-11-20T00:23:19+00:00\",\"author\":{\"@id\":\"https:\/\/www.manaus.am.gov.br\/semcom\/#\/schema\/person\/466a0e03ae4b6062809046bd560ac955\"},\"description\":\"A Prefeitura avan\u00e7a em mais uma frente habitacional com a previs\u00e3o de entrega das primeiras unidades do conjunto do \u2018Minha Casa, Minha Vida\u2019.\",\"inLanguage\":\"pt-BR\",\"potentialAction\":[{\"@type\":\"ReadAction\",\"target\":[\"https:\/\/www.manaus.am.gov.br\/semcom\/obras-minha-casa-minha-vida\/\"]}]},{\"@type\":\"ImageObject\",\"inLanguage\":\"pt-BR\",\"@id\":\"https:\/\/www.manaus.am.gov.br\/semcom\/obras-minha-casa-minha-vida\/#primaryimage\",\"url\":\"https:\/\/www.manaus.am.gov.br\/semcom\/wp-content\/uploads\/sites\/5\/2025\/11\/WhatsApp-Image-2025-11-19-at-16.49.23.jpeg\",\"contentUrl\":\"https:\/\/www.manaus.am.gov.br\/semcom\/wp-content\/uploads\/sites\/5\/2025\/11\/WhatsApp-Image-2025-11-19-at-16.49.23.jpeg\",\"width\":4160,\"height\":2773,\"caption\":\"#paratodosverem - Prefeito David Almeida em visita a obras das primeiras unidades do conjunto do \u2018Minha Casa, Minha Vida\u2019\"},{\"@type\":\"WebSite\",\"@id\":\"https:\/\/www.manaus.am.gov.br\/semcom\/#website\",\"url\":\"https:\/\/www.manaus.am.gov.br\/semcom\/\",\"name\":\"SEMCOM\",\"description\":\"Secretaria Municipal de Comunica\u00e7\u00e3o\",\"potentialAction\":[{\"@type\":\"SearchAction\",\"target\":{\"@type\":\"EntryPoint\",\"urlTemplate\":\"https:\/\/www.manaus.am.gov.br\/semcom\/?s={search_term_string}\"},\"query-input\":\"required name=search_term_string\"}],\"inLanguage\":\"pt-BR\"},{\"@type\":\"Person\",\"@id\":\"https:\/\/www.manaus.am.gov.br\/semcom\/#\/schema\/person\/466a0e03ae4b6062809046bd560ac955\",\"name\":\"bvalente\",\"image\":{\"@type\":\"ImageObject\",\"inLanguage\":\"pt-BR\",\"@id\":\"https:\/\/www.manaus.am.gov.br\/semcom\/#\/schema\/person\/image\/\",\"url\":\"https:\/\/secure.gravatar.com\/avatar\/3e69bc2b014bdad41adfec3a39de07d2?s=96&d=mm&r=g\",\"contentUrl\":\"https:\/\/secure.gravatar.com\/avatar\/3e69bc2b014bdad41adfec3a39de07d2?s=96&d=mm&r=g\",\"caption\":\"bvalente\"}}]}<\/script>\n<!-- \/ Yoast SEO plugin. -->","yoast_head_json":{"title":"Prefeito anuncia entrega de unidades do \u2018Minha Casa, Minha Vida\u2019","description":"A Prefeitura avan\u00e7a em mais uma frente habitacional com a previs\u00e3o de entrega das primeiras unidades do conjunto do \u2018Minha Casa, Minha Vida\u2019.","robots":{"index":"index","follow":"follow","max-snippet":"max-snippet:-1","max-image-preview":"max-image-preview:large","max-video-preview":"max-video-preview:-1"},"canonical":"https:\/\/www.manaus.am.gov.br\/semcom\/obras-minha-casa-minha-vida\/","og_locale":"pt_BR","og_type":"article","og_title":"Prefeito anuncia entrega de unidades do \u2018Minha Casa, Minha Vida\u2019","og_description":"A Prefeitura avan\u00e7a em mais uma frente habitacional com a previs\u00e3o de entrega das primeiras unidades do conjunto do \u2018Minha Casa, Minha Vida\u2019.","og_url":"https:\/\/www.manaus.am.gov.br\/semcom\/obras-minha-casa-minha-vida\/","og_site_name":"SEMCOM","article_published_time":"2025-11-20T00:17:42+00:00","article_modified_time":"2025-11-20T00:23:19+00:00","og_image":[{"width":4160,"height":2773,"url":"https:\/\/www.manaus.am.gov.br\/semcom\/wp-content\/uploads\/sites\/5\/2025\/11\/WhatsApp-Image-2025-11-19-at-16.49.23.jpeg","type":"image\/jpeg"}],"author":"bvalente","twitter_card":"summary_large_image","twitter_misc":{"Written by":"bvalente","Est. reading time":"3 minutos"},"schema":{"@context":"https:\/\/schema.org","@graph":[{"@type":"WebPage","@id":"https:\/\/www.manaus.am.gov.br\/semcom\/obras-minha-casa-minha-vida\/","url":"https:\/\/www.manaus.am.gov.br\/semcom\/obras-minha-casa-minha-vida\/","name":"Prefeito anuncia entrega de unidades do \u2018Minha Casa, Minha Vida\u2019","isPartOf":{"@id":"https:\/\/www.manaus.am.gov.br\/semcom\/#website"},"primaryImageOfPage":{"@id":"https:\/\/www.manaus.am.gov.br\/semcom\/obras-minha-casa-minha-vida\/#primaryimage"},"image":{"@id":"https:\/\/www.manaus.am.gov.br\/semcom\/obras-minha-casa-minha-vida\/#primaryimage"},"thumbnailUrl":"https:\/\/www.manaus.am.gov.br\/semcom\/wp-content\/uploads\/sites\/5\/2025\/11\/WhatsApp-Image-2025-11-19-at-16.49.23.jpeg","datePublished":"2025-11-20T00:17:42+00:00","dateModified":"2025-11-20T00:23:19+00:00","author":{"@id":"https:\/\/www.manaus.am.gov.br\/semcom\/#\/schema\/person\/466a0e03ae4b6062809046bd560ac955"},"description":"A Prefeitura avan\u00e7a em mais uma frente habitacional com a previs\u00e3o de entrega das primeiras unidades do conjunto do \u2018Minha Casa, Minha Vida\u2019.","inLanguage":"pt-BR","potentialAction":[{"@type":"ReadAction","target":["https:\/\/www.manaus.am.gov.br\/semcom\/obras-minha-casa-minha-vida\/"]}]},{"@type":"ImageObject","inLanguage":"pt-BR","@id":"https:\/\/www.manaus.am.gov.br\/semcom\/obras-minha-casa-minha-vida\/#primaryimage","url":"https:\/\/www.manaus.am.gov.br\/semcom\/wp-content\/uploads\/sites\/5\/2025\/11\/WhatsApp-Image-2025-11-19-at-16.49.23.jpeg","contentUrl":"https:\/\/www.manaus.am.gov.br\/semcom\/wp-content\/uploads\/sites\/5\/2025\/11\/WhatsApp-Image-2025-11-19-at-16.49.23.jpeg","width":4160,"height":2773,"caption":"#paratodosverem - Prefeito David Almeida em visita a obras das primeiras unidades do conjunto do \u2018Minha Casa, Minha Vida\u2019"},{"@type":"WebSite","@id":"https:\/\/www.manaus.am.gov.br\/semcom\/#website","url":"https:\/\/www.manaus.am.gov.br\/semcom\/","name":"SEMCOM","description":"Secretaria Municipal de Comunica\u00e7\u00e3o","potentialAction":[{"@type":"SearchAction","target":{"@type":"EntryPoint","urlTemplate":"https:\/\/www.manaus.am.gov.br\/semcom\/?s={search_term_string}"},"query-input":"required name=search_term_string"}],"inLanguage":"pt-BR"},{"@type":"Person","@id":"https:\/\/www.manaus.am.gov.br\/semcom\/#\/schema\/person\/466a0e03ae4b6062809046bd560ac955","name":"bvalente","image":{"@type":"ImageObject","inLanguage":"pt-BR","@id":"https:\/\/www.manaus.am.gov.br\/semcom\/#\/schema\/person\/image\/","url":"https:\/\/secure.gravatar.com\/avatar\/3e69bc2b014bdad41adfec3a39de07d2?s=96&d=mm&r=g","contentUrl":"https:\/\/secure.gravatar.com\/avatar\/3e69bc2b014bdad41adfec3a39de07d2?s=96&d=mm&r=g","caption":"bvalente"}}]}},"_links":{"self":[{"href":"https:\/\/www.manaus.am.gov.br\/semcom\/wp-json\/wp\/v2\/posts\/248718"}],"collection":[{"href":"https:\/\/www.manaus.am.gov.br\/semcom\/wp-json\/wp\/v2\/posts"}],"about":[{"href":"https:\/\/www.manaus.am.gov.br\/semcom\/wp-json\/wp\/v2\/types\/post"}],"author":[{"embeddable":true,"href":"https:\/\/www.manaus.am.gov.br\/semcom\/wp-json\/wp\/v2\/users\/68"}],"replies":[{"embeddable":true,"href":"https:\/\/www.manaus.am.gov.br\/semcom\/wp-json\/wp\/v2\/comments?post=248718"}],"version-history":[{"count":1,"href":"https:\/\/www.manaus.am.gov.br\/semcom\/wp-json\/wp\/v2\/posts\/248718\/revisions"}],"predecessor-version":[{"id":248720,"href":"https:\/\/www.manaus.am.gov.br\/semcom\/wp-json\/wp\/v2\/posts\/248718\/revisions\/248720"}],"wp:featuredmedia":[{"embeddable":true,"href":"https:\/\/www.manaus.am.gov.br\/semcom\/wp-json\/wp\/v2\/media\/248719"}],"wp:attachment":[{"href":"https:\/\/www.manaus.am.gov.br\/semcom\/wp-json\/wp\/v2\/media?parent=248718"}],"wp:term":[{"taxonomy":"category","embeddable":true,"href":"https:\/\/www.manaus.am.gov.br\/semcom\/wp-json\/wp\/v2\/categories?post=248718"},{"taxonomy":"post_tag","embeddable":true,"href":"https:\/\/www.manaus.am.gov.br\/semcom\/wp-json\/wp\/v2\/tags?post=248718"}],"curies":[{"name":"wp","href":"https:\/\/api.w.org\/{rel}","templated":true}]}}