{"id":248635,"date":"2025-11-19T11:26:12","date_gmt":"2025-11-19T14:26:12","guid":{"rendered":"https:\/\/www.manaus.am.gov.br\/semcom\/ageman-reuniaodoconselhomunicipalderegulacao\/"},"modified":"2025-11-19T11:26:14","modified_gmt":"2025-11-19T14:26:14","slug":"ageman-reuniaodoconselhomunicipalderegulacao","status":"publish","type":"post","link":"https:\/\/www.manaus.am.gov.br\/semcom\/ageman-reuniaodoconselhomunicipalderegulacao\/","title":{"rendered":"Conselho Municipal de Regula\u00e7\u00e3o recebe representantes do Instituto de Avalia\u00e7\u00f5es e Per\u00edcias de Engenharia em reuni\u00e3o"},"content":{"rendered":"\n<p>O Instituto Amazonense de Avalia\u00e7\u00f5es e Per\u00edcias de Engenharia (Iamape) participou, nesta semana, da 22\u00aa Reuni\u00e3o Ordin\u00e1ria do Conselho Municipal de Regula\u00e7\u00e3o dos Servi\u00e7os P\u00fablicos Delegados (CMR), ocasi\u00e3o em que os conselheiros puderam conhecer mais sobre a atua\u00e7\u00e3o da entidade e sua contribui\u00e7\u00e3o para a seguran\u00e7a t\u00e9cnica, jur\u00eddica e patrimonial em processos que envolvem infraestrutura, edifica\u00e7\u00f5es e servi\u00e7os essenciais.<\/p>\n\n\n\n<p>A apresenta\u00e7\u00e3o foi conduzida pela presidente do Iamape, Romina Santos, e pela engenheira e diretora administrativa da entidade, Kelly Ambr\u00f3sio, que detalharam o papel do instituto na forma\u00e7\u00e3o, qualifica\u00e7\u00e3o e organiza\u00e7\u00e3o de peritos e avaliadores experientes em diversas \u00e1reas da engenharia.<\/p>\n\n\n\n<p>Criado em 2024, o instituto re\u00fane profissionais especializados para apoiar a sociedade em diagn\u00f3sticos t\u00e9cnicos, elabora\u00e7\u00e3o de laudos, identifica\u00e7\u00e3o de patologias em obras e suporte a decis\u00f5es judiciais e extrajudiciais.<\/p>\n\n\n\n<p>As representantes destacaram que as avalia\u00e7\u00f5es e per\u00edcias de engenharia s\u00e3o ferramentas essenciais para ampliar a precis\u00e3o t\u00e9cnica de processos que envolvem riscos estruturais, conflitos patrimoniais, disputas envolvendo im\u00f3veis e bens p\u00fablicos, al\u00e9m de subsidiar gestores e \u00f3rg\u00e3os reguladores em an\u00e1lises que exigem conhecimento especializado.<\/p>\n\n\n\n<p>\u201cO trabalho do Iamape refor\u00e7a a import\u00e2ncia da engenharia diagn\u00f3stica como base para decis\u00f5es mais seguras e eficazes na gest\u00e3o p\u00fablica. Ter entidades t\u00e9cnicas qualificadas dialogando com o conselho amplia a precis\u00e3o das an\u00e1lises e fortalece a regula\u00e7\u00e3o, garantindo mais seguran\u00e7a \u00e0 popula\u00e7\u00e3o e mais transpar\u00eancia aos processos. A aproxima\u00e7\u00e3o com o instituto \u00e9 extremamente positiva e contribui diretamente para o aprimoramento da atividade regulat\u00f3ria no munic\u00edpio\u201d, declarou o presidente do Conselho Municipal de Regula\u00e7\u00e3o e diretor-presidente da Ageman, Elson Andrade.<\/p>\n\n\n\n<p>A presidente do Iamape, Romina Santos, ressaltou que o instituto tem muito para contribuir com o trabalho da Ageman. \u201cO Iamape nasceu com a miss\u00e3o de fortalecer a per\u00edcia e a engenharia de avalia\u00e7\u00f5es no Amazonas, reunindo profissionais preparados para oferecer diagn\u00f3sticos t\u00e9cnicos confi\u00e1veis. \u00c9 uma satisfa\u00e7\u00e3o apresentar nosso trabalho ao CMR e contribuir para que decis\u00f5es p\u00fablicas e privadas sejam tomadas com base em evid\u00eancias, em seguran\u00e7a jur\u00eddica e no compromisso com a sociedade\u201d, afirmou a presidente da entidade, Romina Santos.<\/p>\n\n\n\n<p><strong>Sobre o CMR<\/strong><\/p>\n\n\n\n<p>O Conselho Municipal de Regula\u00e7\u00e3o e Fiscaliza\u00e7\u00e3o dos Servi\u00e7os P\u00fablicos Delegados do munic\u00edpio de Manaus \u00e9 um \u00f3rg\u00e3o colegiado da estrutura da Ag\u00eancia Reguladora dos Servi\u00e7os P\u00fablicos Delegados do Munic\u00edpio de Manaus (Ageman), composto por representantes do poder p\u00fablico e da sociedade civil, de car\u00e1ter consultivo e deliberativo, institu\u00eddo pela Lei Municipal n\u00ba 2.265, de 11 de dezembro de 2017. O CMR atua como \u00f3rg\u00e3o de controle social nas atividades de planejamento, regula\u00e7\u00e3o e fiscaliza\u00e7\u00e3o dos servi\u00e7os p\u00fablicos delegados a terceiros, na esfera de atua\u00e7\u00e3o, compet\u00eancias e atribui\u00e7\u00f5es da Ageman.<\/p>\n\n\n\n<p>O conselho \u00e9 composto por oito membros: dois representantes da sociedade civil, dois representantes do Poder Executivo, um representante dos operadores dos servi\u00e7os delegados, um representante de usu\u00e1rios dos servi\u00e7os delegados, um representante do Poder Legislativo e o presidente da ag\u00eancia reguladora que tamb\u00e9m \u00e9 o presidente do conselho.<\/p>\n\n\n\n<p>&#8212; &#8212; &#8212;<\/p>\n\n\n\n<p><strong>Texto<\/strong> &#8211; Tereza Te\u00f3filo\/Ageman<\/p>\n\n\n\n<p><strong>Fotos<\/strong> &#8211; Divulga\u00e7\u00e3o&nbsp;<\/p>\n","protected":false},"excerpt":{"rendered":"","protected":false},"author":23,"featured_media":248636,"comment_status":"closed","ping_status":"closed","sticky":false,"template":"","format":"standard","meta":{"footnotes":""},"categories":[2807],"tags":[215,7270,10762,18019,13470],"acf":[],"yoast_head":"<!-- This site is optimized with the Yoast SEO plugin v23.0 - https:\/\/yoast.com\/wordpress\/plugins\/seo\/ -->\n<title>Conselho Municipal de Regula\u00e7\u00e3o recebe representantes do Instituto de Avalia\u00e7\u00f5es e Per\u00edcias de Engenharia em reuni\u00e3o<\/title>\n<meta name=\"description\" content=\"O Instituto Amazonense de Avalia\u00e7\u00f5es e Per\u00edcias de Engenharia (Iamape) participou, nesta semana, da 22\u00aa Reuni\u00e3o Ordin\u00e1ria do Conselho Municipal de Regula\u00e7\u00e3o dos Servi\u00e7os P\u00fablicos Delegados (CMR), ocasi\u00e3o em que os conselheiros puderam conhecer mais sobre a atua\u00e7\u00e3o da entidade e sua contribui\u00e7\u00e3o para a seguran\u00e7a t\u00e9cnica, jur\u00eddica e patrimonial em processos que envolvem infraestrutura, edifica\u00e7\u00f5es e servi\u00e7os essenciais.\" \/>\n<meta name=\"robots\" content=\"index, follow, max-snippet:-1, max-image-preview:large, max-video-preview:-1\" \/>\n<link rel=\"canonical\" href=\"https:\/\/www.manaus.am.gov.br\/semcom\/ageman-reuniaodoconselhomunicipalderegulacao\/\" \/>\n<meta property=\"og:locale\" content=\"pt_BR\" \/>\n<meta property=\"og:type\" content=\"article\" \/>\n<meta property=\"og:title\" content=\"Conselho Municipal de Regula\u00e7\u00e3o recebe representantes do Instituto de Avalia\u00e7\u00f5es e Per\u00edcias de Engenharia em reuni\u00e3o\" \/>\n<meta property=\"og:description\" content=\"O Instituto Amazonense de Avalia\u00e7\u00f5es e Per\u00edcias de Engenharia (Iamape) participou, nesta semana, da 22\u00aa Reuni\u00e3o Ordin\u00e1ria do Conselho Municipal de Regula\u00e7\u00e3o dos Servi\u00e7os P\u00fablicos Delegados (CMR), ocasi\u00e3o em que os conselheiros puderam conhecer mais sobre a atua\u00e7\u00e3o da entidade e sua contribui\u00e7\u00e3o para a seguran\u00e7a t\u00e9cnica, jur\u00eddica e patrimonial em processos que envolvem infraestrutura, edifica\u00e7\u00f5es e servi\u00e7os essenciais.\" \/>\n<meta property=\"og:url\" content=\"https:\/\/www.manaus.am.gov.br\/semcom\/ageman-reuniaodoconselhomunicipalderegulacao\/\" \/>\n<meta property=\"og:site_name\" content=\"SEMCOM\" \/>\n<meta property=\"article:published_time\" content=\"2025-11-19T14:26:12+00:00\" \/>\n<meta property=\"article:modified_time\" content=\"2025-11-19T14:26:14+00:00\" \/>\n<meta property=\"og:image\" content=\"https:\/\/www.manaus.am.gov.br\/semcom\/wp-content\/uploads\/sites\/5\/2025\/11\/WhatsApp-Image-2025-11-19-at-08.50.35.jpeg\" \/>\n\t<meta property=\"og:image:width\" content=\"1600\" \/>\n\t<meta property=\"og:image:height\" content=\"720\" \/>\n\t<meta property=\"og:image:type\" content=\"image\/jpeg\" \/>\n<meta name=\"author\" content=\"Adriana Costa\" \/>\n<meta name=\"twitter:card\" content=\"summary_large_image\" \/>\n<meta name=\"twitter:label1\" content=\"Written by\" \/>\n\t<meta name=\"twitter:data1\" content=\"Adriana Costa\" \/>\n\t<meta name=\"twitter:label2\" content=\"Est. reading time\" \/>\n\t<meta name=\"twitter:data2\" content=\"3 minutos\" \/>\n<script type=\"application\/ld+json\" class=\"yoast-schema-graph\">{\"@context\":\"https:\/\/schema.org\",\"@graph\":[{\"@type\":\"WebPage\",\"@id\":\"https:\/\/www.manaus.am.gov.br\/semcom\/ageman-reuniaodoconselhomunicipalderegulacao\/\",\"url\":\"https:\/\/www.manaus.am.gov.br\/semcom\/ageman-reuniaodoconselhomunicipalderegulacao\/\",\"name\":\"Conselho Municipal de Regula\u00e7\u00e3o recebe representantes do Instituto de Avalia\u00e7\u00f5es e Per\u00edcias de Engenharia em reuni\u00e3o\",\"isPartOf\":{\"@id\":\"https:\/\/www.manaus.am.gov.br\/semcom\/#website\"},\"primaryImageOfPage\":{\"@id\":\"https:\/\/www.manaus.am.gov.br\/semcom\/ageman-reuniaodoconselhomunicipalderegulacao\/#primaryimage\"},\"image\":{\"@id\":\"https:\/\/www.manaus.am.gov.br\/semcom\/ageman-reuniaodoconselhomunicipalderegulacao\/#primaryimage\"},\"thumbnailUrl\":\"https:\/\/www.manaus.am.gov.br\/semcom\/wp-content\/uploads\/sites\/5\/2025\/11\/WhatsApp-Image-2025-11-19-at-08.50.35.jpeg\",\"datePublished\":\"2025-11-19T14:26:12+00:00\",\"dateModified\":\"2025-11-19T14:26:14+00:00\",\"author\":{\"@id\":\"https:\/\/www.manaus.am.gov.br\/semcom\/#\/schema\/person\/4e49f4e267757a06ca072ec61b2b9968\"},\"description\":\"O Instituto Amazonense de Avalia\u00e7\u00f5es e Per\u00edcias de Engenharia (Iamape) participou, nesta semana, da 22\u00aa Reuni\u00e3o Ordin\u00e1ria do Conselho Municipal de Regula\u00e7\u00e3o dos Servi\u00e7os P\u00fablicos Delegados (CMR), ocasi\u00e3o em que os conselheiros puderam conhecer mais sobre a atua\u00e7\u00e3o da entidade e sua contribui\u00e7\u00e3o para a seguran\u00e7a t\u00e9cnica, jur\u00eddica e patrimonial em processos que envolvem infraestrutura, edifica\u00e7\u00f5es e servi\u00e7os essenciais.\",\"inLanguage\":\"pt-BR\",\"potentialAction\":[{\"@type\":\"ReadAction\",\"target\":[\"https:\/\/www.manaus.am.gov.br\/semcom\/ageman-reuniaodoconselhomunicipalderegulacao\/\"]}]},{\"@type\":\"ImageObject\",\"inLanguage\":\"pt-BR\",\"@id\":\"https:\/\/www.manaus.am.gov.br\/semcom\/ageman-reuniaodoconselhomunicipalderegulacao\/#primaryimage\",\"url\":\"https:\/\/www.manaus.am.gov.br\/semcom\/wp-content\/uploads\/sites\/5\/2025\/11\/WhatsApp-Image-2025-11-19-at-08.50.35.jpeg\",\"contentUrl\":\"https:\/\/www.manaus.am.gov.br\/semcom\/wp-content\/uploads\/sites\/5\/2025\/11\/WhatsApp-Image-2025-11-19-at-08.50.35.jpeg\",\"width\":1600,\"height\":720,\"caption\":\"#paratodosverem - Reuni\u00e3o do Conselho Municipal de Regula\u00e7\u00e3o\"},{\"@type\":\"WebSite\",\"@id\":\"https:\/\/www.manaus.am.gov.br\/semcom\/#website\",\"url\":\"https:\/\/www.manaus.am.gov.br\/semcom\/\",\"name\":\"SEMCOM\",\"description\":\"Secretaria Municipal de Comunica\u00e7\u00e3o\",\"potentialAction\":[{\"@type\":\"SearchAction\",\"target\":{\"@type\":\"EntryPoint\",\"urlTemplate\":\"https:\/\/www.manaus.am.gov.br\/semcom\/?s={search_term_string}\"},\"query-input\":\"required name=search_term_string\"}],\"inLanguage\":\"pt-BR\"},{\"@type\":\"Person\",\"@id\":\"https:\/\/www.manaus.am.gov.br\/semcom\/#\/schema\/person\/4e49f4e267757a06ca072ec61b2b9968\",\"name\":\"Adriana Costa\",\"image\":{\"@type\":\"ImageObject\",\"inLanguage\":\"pt-BR\",\"@id\":\"https:\/\/www.manaus.am.gov.br\/semcom\/#\/schema\/person\/image\/\",\"url\":\"https:\/\/secure.gravatar.com\/avatar\/576258617ef7194f718179e766d57bd4?s=96&d=mm&r=g\",\"contentUrl\":\"https:\/\/secure.gravatar.com\/avatar\/576258617ef7194f718179e766d57bd4?s=96&d=mm&r=g\",\"caption\":\"Adriana Costa\"}}]}<\/script>\n<!-- \/ Yoast SEO plugin. -->","yoast_head_json":{"title":"Conselho Municipal de Regula\u00e7\u00e3o recebe representantes do Instituto de Avalia\u00e7\u00f5es e Per\u00edcias de Engenharia em reuni\u00e3o","description":"O Instituto Amazonense de Avalia\u00e7\u00f5es e Per\u00edcias de Engenharia (Iamape) participou, nesta semana, da 22\u00aa Reuni\u00e3o Ordin\u00e1ria do Conselho Municipal de Regula\u00e7\u00e3o dos Servi\u00e7os P\u00fablicos Delegados (CMR), ocasi\u00e3o em que os conselheiros puderam conhecer mais sobre a atua\u00e7\u00e3o da entidade e sua contribui\u00e7\u00e3o para a seguran\u00e7a t\u00e9cnica, jur\u00eddica e patrimonial em processos que envolvem infraestrutura, edifica\u00e7\u00f5es e servi\u00e7os essenciais.","robots":{"index":"index","follow":"follow","max-snippet":"max-snippet:-1","max-image-preview":"max-image-preview:large","max-video-preview":"max-video-preview:-1"},"canonical":"https:\/\/www.manaus.am.gov.br\/semcom\/ageman-reuniaodoconselhomunicipalderegulacao\/","og_locale":"pt_BR","og_type":"article","og_title":"Conselho Municipal de Regula\u00e7\u00e3o recebe representantes do Instituto de Avalia\u00e7\u00f5es e Per\u00edcias de Engenharia em reuni\u00e3o","og_description":"O Instituto Amazonense de Avalia\u00e7\u00f5es e Per\u00edcias de Engenharia (Iamape) participou, nesta semana, da 22\u00aa Reuni\u00e3o Ordin\u00e1ria do Conselho Municipal de Regula\u00e7\u00e3o dos Servi\u00e7os P\u00fablicos Delegados (CMR), ocasi\u00e3o em que os conselheiros puderam conhecer mais sobre a atua\u00e7\u00e3o da entidade e sua contribui\u00e7\u00e3o para a seguran\u00e7a t\u00e9cnica, jur\u00eddica e patrimonial em processos que envolvem infraestrutura, edifica\u00e7\u00f5es e servi\u00e7os essenciais.","og_url":"https:\/\/www.manaus.am.gov.br\/semcom\/ageman-reuniaodoconselhomunicipalderegulacao\/","og_site_name":"SEMCOM","article_published_time":"2025-11-19T14:26:12+00:00","article_modified_time":"2025-11-19T14:26:14+00:00","og_image":[{"width":1600,"height":720,"url":"https:\/\/www.manaus.am.gov.br\/semcom\/wp-content\/uploads\/sites\/5\/2025\/11\/WhatsApp-Image-2025-11-19-at-08.50.35.jpeg","type":"image\/jpeg"}],"author":"Adriana Costa","twitter_card":"summary_large_image","twitter_misc":{"Written by":"Adriana Costa","Est. reading time":"3 minutos"},"schema":{"@context":"https:\/\/schema.org","@graph":[{"@type":"WebPage","@id":"https:\/\/www.manaus.am.gov.br\/semcom\/ageman-reuniaodoconselhomunicipalderegulacao\/","url":"https:\/\/www.manaus.am.gov.br\/semcom\/ageman-reuniaodoconselhomunicipalderegulacao\/","name":"Conselho Municipal de Regula\u00e7\u00e3o recebe representantes do Instituto de Avalia\u00e7\u00f5es e Per\u00edcias de Engenharia em reuni\u00e3o","isPartOf":{"@id":"https:\/\/www.manaus.am.gov.br\/semcom\/#website"},"primaryImageOfPage":{"@id":"https:\/\/www.manaus.am.gov.br\/semcom\/ageman-reuniaodoconselhomunicipalderegulacao\/#primaryimage"},"image":{"@id":"https:\/\/www.manaus.am.gov.br\/semcom\/ageman-reuniaodoconselhomunicipalderegulacao\/#primaryimage"},"thumbnailUrl":"https:\/\/www.manaus.am.gov.br\/semcom\/wp-content\/uploads\/sites\/5\/2025\/11\/WhatsApp-Image-2025-11-19-at-08.50.35.jpeg","datePublished":"2025-11-19T14:26:12+00:00","dateModified":"2025-11-19T14:26:14+00:00","author":{"@id":"https:\/\/www.manaus.am.gov.br\/semcom\/#\/schema\/person\/4e49f4e267757a06ca072ec61b2b9968"},"description":"O Instituto Amazonense de Avalia\u00e7\u00f5es e Per\u00edcias de Engenharia (Iamape) participou, nesta semana, da 22\u00aa Reuni\u00e3o Ordin\u00e1ria do Conselho Municipal de Regula\u00e7\u00e3o dos Servi\u00e7os P\u00fablicos Delegados (CMR), ocasi\u00e3o em que os conselheiros puderam conhecer mais sobre a atua\u00e7\u00e3o da entidade e sua contribui\u00e7\u00e3o para a seguran\u00e7a t\u00e9cnica, jur\u00eddica e patrimonial em processos que envolvem infraestrutura, edifica\u00e7\u00f5es e servi\u00e7os essenciais.","inLanguage":"pt-BR","potentialAction":[{"@type":"ReadAction","target":["https:\/\/www.manaus.am.gov.br\/semcom\/ageman-reuniaodoconselhomunicipalderegulacao\/"]}]},{"@type":"ImageObject","inLanguage":"pt-BR","@id":"https:\/\/www.manaus.am.gov.br\/semcom\/ageman-reuniaodoconselhomunicipalderegulacao\/#primaryimage","url":"https:\/\/www.manaus.am.gov.br\/semcom\/wp-content\/uploads\/sites\/5\/2025\/11\/WhatsApp-Image-2025-11-19-at-08.50.35.jpeg","contentUrl":"https:\/\/www.manaus.am.gov.br\/semcom\/wp-content\/uploads\/sites\/5\/2025\/11\/WhatsApp-Image-2025-11-19-at-08.50.35.jpeg","width":1600,"height":720,"caption":"#paratodosverem - Reuni\u00e3o do Conselho Municipal de Regula\u00e7\u00e3o"},{"@type":"WebSite","@id":"https:\/\/www.manaus.am.gov.br\/semcom\/#website","url":"https:\/\/www.manaus.am.gov.br\/semcom\/","name":"SEMCOM","description":"Secretaria Municipal de Comunica\u00e7\u00e3o","potentialAction":[{"@type":"SearchAction","target":{"@type":"EntryPoint","urlTemplate":"https:\/\/www.manaus.am.gov.br\/semcom\/?s={search_term_string}"},"query-input":"required name=search_term_string"}],"inLanguage":"pt-BR"},{"@type":"Person","@id":"https:\/\/www.manaus.am.gov.br\/semcom\/#\/schema\/person\/4e49f4e267757a06ca072ec61b2b9968","name":"Adriana Costa","image":{"@type":"ImageObject","inLanguage":"pt-BR","@id":"https:\/\/www.manaus.am.gov.br\/semcom\/#\/schema\/person\/image\/","url":"https:\/\/secure.gravatar.com\/avatar\/576258617ef7194f718179e766d57bd4?s=96&d=mm&r=g","contentUrl":"https:\/\/secure.gravatar.com\/avatar\/576258617ef7194f718179e766d57bd4?s=96&d=mm&r=g","caption":"Adriana Costa"}}]}},"_links":{"self":[{"href":"https:\/\/www.manaus.am.gov.br\/semcom\/wp-json\/wp\/v2\/posts\/248635"}],"collection":[{"href":"https:\/\/www.manaus.am.gov.br\/semcom\/wp-json\/wp\/v2\/posts"}],"about":[{"href":"https:\/\/www.manaus.am.gov.br\/semcom\/wp-json\/wp\/v2\/types\/post"}],"author":[{"embeddable":true,"href":"https:\/\/www.manaus.am.gov.br\/semcom\/wp-json\/wp\/v2\/users\/23"}],"replies":[{"embeddable":true,"href":"https:\/\/www.manaus.am.gov.br\/semcom\/wp-json\/wp\/v2\/comments?post=248635"}],"version-history":[{"count":0,"href":"https:\/\/www.manaus.am.gov.br\/semcom\/wp-json\/wp\/v2\/posts\/248635\/revisions"}],"wp:featuredmedia":[{"embeddable":true,"href":"https:\/\/www.manaus.am.gov.br\/semcom\/wp-json\/wp\/v2\/media\/248636"}],"wp:attachment":[{"href":"https:\/\/www.manaus.am.gov.br\/semcom\/wp-json\/wp\/v2\/media?parent=248635"}],"wp:term":[{"taxonomy":"category","embeddable":true,"href":"https:\/\/www.manaus.am.gov.br\/semcom\/wp-json\/wp\/v2\/categories?post=248635"},{"taxonomy":"post_tag","embeddable":true,"href":"https:\/\/www.manaus.am.gov.br\/semcom\/wp-json\/wp\/v2\/tags?post=248635"}],"curies":[{"name":"wp","href":"https:\/\/api.w.org\/{rel}","templated":true}]}}