{"id":248632,"date":"2025-11-19T10:34:58","date_gmt":"2025-11-19T13:34:58","guid":{"rendered":"https:\/\/www.manaus.am.gov.br\/semcom\/prefeitura-fdt-formatura-cuidadoso\/"},"modified":"2025-11-19T11:23:10","modified_gmt":"2025-11-19T14:23:10","slug":"prefeitura-fdt-formatura-cuidadoso","status":"publish","type":"post","link":"https:\/\/www.manaus.am.gov.br\/semcom\/prefeitura-fdt-formatura-cuidadoso\/","title":{"rendered":"Prefeitura de Manaus forma mais de 60 novos profissionais do curso \u2018Cuidadoso\u2019 e refor\u00e7a pol\u00edtica municipal de aten\u00e7\u00e3o \u00e0 pessoa idosa"},"content":{"rendered":"\n<p>A Prefeitura de Manaus, por meio da Funda\u00e7\u00e3o de Apoio ao Idoso Dr. Thomas (FDT), realizou, nesta ter\u00e7a-feira, 18\/11, a formatura de mais de 60 profissionais que conclu\u00edram o curso de cuidador de idosos \u201cCuidadoso\u201d. A solenidade ocorreu na sede da FDT, no bairro Nossa Senhora das Gra\u00e7as, zona Centro-Sul, reunindo os formandos e seus familiares.<\/p>\n\n\n\n<p>Com 320 horas de forma\u00e7\u00e3o, sendo 220 horas de aulas te\u00f3ricas e 100 horas de aulas pr\u00e1ticas supervisionadas, o curso \u00e9 realizado em parceria com a Escola de Servi\u00e7o P\u00fablico Municipal e Inclus\u00e3o Socioeducacional (Espi), vinculada \u00e0 Secretaria Municipal de Administra\u00e7\u00e3o, Planejamento e Gest\u00e3o (Semad). A capacita\u00e7\u00e3o prepara profissionais para atuar com responsabilidade, t\u00e9cnica e humaniza\u00e7\u00e3o no atendimento \u00e0s pessoas idosas.<\/p>\n\n\n\n<p><br>Durante o evento, o diretor-presidente da FDT, Eduardo Lucas, destacou o papel da gest\u00e3o municipal na amplia\u00e7\u00e3o da aten\u00e7\u00e3o \u00e0 pessoa idosa. \u201cHoje, entregamos \u00e0 sociedade profissionais preparados para cuidar, acolher e promover dignidade. A gest\u00e3o do prefeito David Almeida tem fortalecido as a\u00e7\u00f5es voltadas aos idosos, e iniciativas como o \u2018Cuidadoso\u2019 refletem esse compromisso. Temos orgulho de cada formando que, agora, segue para transformar vidas com \u00e9tica, respeito e sensibilidade\u201d, afirmou o presidente.\u00a0<\/p>\n\n\n\n<p><br>O diretor-geral da Espi, Aurilex Moreira, refor\u00e7ou a import\u00e2ncia da qualifica\u00e7\u00e3o profissional. \u201cA Espi tem orgulho de apoiar iniciativas como esta, que ampliam oportunidades e preparam cuidadores para exercer um trabalho essencial. Investir em forma\u00e7\u00e3o \u00e9 elevar a qualidade dos servi\u00e7os oferecidos \u00e0 popula\u00e7\u00e3o idosa\u201d, destacou.<\/p>\n\n\n\n<p>&nbsp;<br>Representando a turma, a formanda Viviane Coutinho falou sobre sua experi\u00eancia no curso.&nbsp;<\/p>\n\n\n\n<p>\u201cAprendi que cuidar de um idoso vai muito al\u00e9m da t\u00e9cnica. Aprendemos sobre respeito, empatia e humanidade. Hoje, estou muito feliz por estar apta ao mercado de trabalho e pronta para fazer a diferen\u00e7a na vida de quem precisa\u201d, declarou.<\/p>\n\n\n\n<p><br><br>A formatura reafirma o compromisso da Prefeitura de Manaus com a qualifica\u00e7\u00e3o cont\u00ednua e o fortalecimento das a\u00e7\u00f5es voltadas \u00e0 promo\u00e7\u00e3o de um envelhecimento digno na capital.<\/p>\n\n\n\n<p>&#8212; &#8212; &#8212;<\/p>\n\n\n\n<p><strong>Texto <\/strong>&#8211;\u00a0F\u00e1bio Sim\u00f5es\/FDT<\/p>\n\n\n\n<p><strong>Fotos <\/strong>&#8211;\u00a0Jo\u00e3o Viana\/Semcom<\/p>\n\n\n\n<p><a href=\"https:\/\/www.flickr.com\/photos\/prefeiturademanaus\/albums\/72177720330397760\/\" target=\"_blank\" rel=\"noreferrer noopener\">Dispon\u00edveis<\/a> em &#8211; <a href=\"https:\/\/flic.kr\/s\/aHBqjCB8nb\">https:\/\/flic.kr\/s\/aHBqjCB8nb<\/a><\/p>\n","protected":false},"excerpt":{"rendered":"","protected":false},"author":23,"featured_media":248633,"comment_status":"closed","ping_status":"closed","sticky":false,"template":"","format":"standard","meta":{"footnotes":""},"categories":[7843],"tags":[12160,932,935,7282,155],"acf":[],"yoast_head":"<!-- This site is optimized with the Yoast SEO plugin v23.0 - https:\/\/yoast.com\/wordpress\/plugins\/seo\/ -->\n<title>Prefeitura de Manaus forma mais de 60 novos profissionais do curso \u2018Cuidadoso\u2019 e refor\u00e7a pol\u00edtica municipal de aten\u00e7\u00e3o \u00e0 pessoa idosa<\/title>\n<meta name=\"description\" content=\"A Prefeitura de Manaus, por meio da Funda\u00e7\u00e3o de Apoio ao Idoso Dr. Thomas (FDT), realizou, nesta ter\u00e7a-feira, 18\/11, a formatura de mais de 60 profissionais que conclu\u00edram o curso de cuidador de idosos \u201cCuidadoso\u201d. A solenidade ocorreu na sede da FDT, no bairro Nossa Senhora das Gra\u00e7as, zona Centro-Sul, reunindo os formandos e seus familiares.\" \/>\n<meta name=\"robots\" content=\"index, follow, max-snippet:-1, max-image-preview:large, max-video-preview:-1\" \/>\n<link rel=\"canonical\" href=\"https:\/\/www.manaus.am.gov.br\/semcom\/prefeitura-fdt-formatura-cuidadoso\/\" \/>\n<meta property=\"og:locale\" content=\"pt_BR\" \/>\n<meta property=\"og:type\" content=\"article\" \/>\n<meta property=\"og:title\" content=\"Prefeitura de Manaus forma mais de 60 novos profissionais do curso \u2018Cuidadoso\u2019 e refor\u00e7a pol\u00edtica municipal de aten\u00e7\u00e3o \u00e0 pessoa idosa\" \/>\n<meta property=\"og:description\" content=\"A Prefeitura de Manaus, por meio da Funda\u00e7\u00e3o de Apoio ao Idoso Dr. Thomas (FDT), realizou, nesta ter\u00e7a-feira, 18\/11, a formatura de mais de 60 profissionais que conclu\u00edram o curso de cuidador de idosos \u201cCuidadoso\u201d. A solenidade ocorreu na sede da FDT, no bairro Nossa Senhora das Gra\u00e7as, zona Centro-Sul, reunindo os formandos e seus familiares.\" \/>\n<meta property=\"og:url\" content=\"https:\/\/www.manaus.am.gov.br\/semcom\/prefeitura-fdt-formatura-cuidadoso\/\" \/>\n<meta property=\"og:site_name\" content=\"SEMCOM\" \/>\n<meta property=\"article:published_time\" content=\"2025-11-19T13:34:58+00:00\" \/>\n<meta property=\"article:modified_time\" content=\"2025-11-19T14:23:10+00:00\" \/>\n<meta property=\"og:image\" content=\"https:\/\/www.manaus.am.gov.br\/semcom\/wp-content\/uploads\/sites\/5\/2025\/11\/54932560245_acf404709c_c.jpg\" \/>\n\t<meta property=\"og:image:width\" content=\"799\" \/>\n\t<meta property=\"og:image:height\" content=\"533\" \/>\n\t<meta property=\"og:image:type\" content=\"image\/jpeg\" \/>\n<meta name=\"author\" content=\"Adriana Costa\" \/>\n<meta name=\"twitter:card\" content=\"summary_large_image\" \/>\n<meta name=\"twitter:label1\" content=\"Written by\" \/>\n\t<meta name=\"twitter:data1\" content=\"Adriana Costa\" \/>\n\t<meta name=\"twitter:label2\" content=\"Est. reading time\" \/>\n\t<meta name=\"twitter:data2\" content=\"3 minutos\" \/>\n<script type=\"application\/ld+json\" class=\"yoast-schema-graph\">{\"@context\":\"https:\/\/schema.org\",\"@graph\":[{\"@type\":\"WebPage\",\"@id\":\"https:\/\/www.manaus.am.gov.br\/semcom\/prefeitura-fdt-formatura-cuidadoso\/\",\"url\":\"https:\/\/www.manaus.am.gov.br\/semcom\/prefeitura-fdt-formatura-cuidadoso\/\",\"name\":\"Prefeitura de Manaus forma mais de 60 novos profissionais do curso \u2018Cuidadoso\u2019 e refor\u00e7a pol\u00edtica municipal de aten\u00e7\u00e3o \u00e0 pessoa idosa\",\"isPartOf\":{\"@id\":\"https:\/\/www.manaus.am.gov.br\/semcom\/#website\"},\"primaryImageOfPage\":{\"@id\":\"https:\/\/www.manaus.am.gov.br\/semcom\/prefeitura-fdt-formatura-cuidadoso\/#primaryimage\"},\"image\":{\"@id\":\"https:\/\/www.manaus.am.gov.br\/semcom\/prefeitura-fdt-formatura-cuidadoso\/#primaryimage\"},\"thumbnailUrl\":\"https:\/\/www.manaus.am.gov.br\/semcom\/wp-content\/uploads\/sites\/5\/2025\/11\/54932560245_acf404709c_c.jpg\",\"datePublished\":\"2025-11-19T13:34:58+00:00\",\"dateModified\":\"2025-11-19T14:23:10+00:00\",\"author\":{\"@id\":\"https:\/\/www.manaus.am.gov.br\/semcom\/#\/schema\/person\/4e49f4e267757a06ca072ec61b2b9968\"},\"description\":\"A Prefeitura de Manaus, por meio da Funda\u00e7\u00e3o de Apoio ao Idoso Dr. Thomas (FDT), realizou, nesta ter\u00e7a-feira, 18\/11, a formatura de mais de 60 profissionais que conclu\u00edram o curso de cuidador de idosos \u201cCuidadoso\u201d. A solenidade ocorreu na sede da FDT, no bairro Nossa Senhora das Gra\u00e7as, zona Centro-Sul, reunindo os formandos e seus familiares.\",\"inLanguage\":\"pt-BR\",\"potentialAction\":[{\"@type\":\"ReadAction\",\"target\":[\"https:\/\/www.manaus.am.gov.br\/semcom\/prefeitura-fdt-formatura-cuidadoso\/\"]}]},{\"@type\":\"ImageObject\",\"inLanguage\":\"pt-BR\",\"@id\":\"https:\/\/www.manaus.am.gov.br\/semcom\/prefeitura-fdt-formatura-cuidadoso\/#primaryimage\",\"url\":\"https:\/\/www.manaus.am.gov.br\/semcom\/wp-content\/uploads\/sites\/5\/2025\/11\/54932560245_acf404709c_c.jpg\",\"contentUrl\":\"https:\/\/www.manaus.am.gov.br\/semcom\/wp-content\/uploads\/sites\/5\/2025\/11\/54932560245_acf404709c_c.jpg\",\"width\":799,\"height\":533,\"caption\":\"#paratodosverem - Cerim\u00f4nia de formatura dos profissionais do Cuidadoso\"},{\"@type\":\"WebSite\",\"@id\":\"https:\/\/www.manaus.am.gov.br\/semcom\/#website\",\"url\":\"https:\/\/www.manaus.am.gov.br\/semcom\/\",\"name\":\"SEMCOM\",\"description\":\"Secretaria Municipal de Comunica\u00e7\u00e3o\",\"potentialAction\":[{\"@type\":\"SearchAction\",\"target\":{\"@type\":\"EntryPoint\",\"urlTemplate\":\"https:\/\/www.manaus.am.gov.br\/semcom\/?s={search_term_string}\"},\"query-input\":\"required name=search_term_string\"}],\"inLanguage\":\"pt-BR\"},{\"@type\":\"Person\",\"@id\":\"https:\/\/www.manaus.am.gov.br\/semcom\/#\/schema\/person\/4e49f4e267757a06ca072ec61b2b9968\",\"name\":\"Adriana Costa\",\"image\":{\"@type\":\"ImageObject\",\"inLanguage\":\"pt-BR\",\"@id\":\"https:\/\/www.manaus.am.gov.br\/semcom\/#\/schema\/person\/image\/\",\"url\":\"https:\/\/secure.gravatar.com\/avatar\/576258617ef7194f718179e766d57bd4?s=96&d=mm&r=g\",\"contentUrl\":\"https:\/\/secure.gravatar.com\/avatar\/576258617ef7194f718179e766d57bd4?s=96&d=mm&r=g\",\"caption\":\"Adriana Costa\"}}]}<\/script>\n<!-- \/ Yoast SEO plugin. -->","yoast_head_json":{"title":"Prefeitura de Manaus forma mais de 60 novos profissionais do curso \u2018Cuidadoso\u2019 e refor\u00e7a pol\u00edtica municipal de aten\u00e7\u00e3o \u00e0 pessoa idosa","description":"A Prefeitura de Manaus, por meio da Funda\u00e7\u00e3o de Apoio ao Idoso Dr. Thomas (FDT), realizou, nesta ter\u00e7a-feira, 18\/11, a formatura de mais de 60 profissionais que conclu\u00edram o curso de cuidador de idosos \u201cCuidadoso\u201d. A solenidade ocorreu na sede da FDT, no bairro Nossa Senhora das Gra\u00e7as, zona Centro-Sul, reunindo os formandos e seus familiares.","robots":{"index":"index","follow":"follow","max-snippet":"max-snippet:-1","max-image-preview":"max-image-preview:large","max-video-preview":"max-video-preview:-1"},"canonical":"https:\/\/www.manaus.am.gov.br\/semcom\/prefeitura-fdt-formatura-cuidadoso\/","og_locale":"pt_BR","og_type":"article","og_title":"Prefeitura de Manaus forma mais de 60 novos profissionais do curso \u2018Cuidadoso\u2019 e refor\u00e7a pol\u00edtica municipal de aten\u00e7\u00e3o \u00e0 pessoa idosa","og_description":"A Prefeitura de Manaus, por meio da Funda\u00e7\u00e3o de Apoio ao Idoso Dr. Thomas (FDT), realizou, nesta ter\u00e7a-feira, 18\/11, a formatura de mais de 60 profissionais que conclu\u00edram o curso de cuidador de idosos \u201cCuidadoso\u201d. A solenidade ocorreu na sede da FDT, no bairro Nossa Senhora das Gra\u00e7as, zona Centro-Sul, reunindo os formandos e seus familiares.","og_url":"https:\/\/www.manaus.am.gov.br\/semcom\/prefeitura-fdt-formatura-cuidadoso\/","og_site_name":"SEMCOM","article_published_time":"2025-11-19T13:34:58+00:00","article_modified_time":"2025-11-19T14:23:10+00:00","og_image":[{"width":799,"height":533,"url":"https:\/\/www.manaus.am.gov.br\/semcom\/wp-content\/uploads\/sites\/5\/2025\/11\/54932560245_acf404709c_c.jpg","type":"image\/jpeg"}],"author":"Adriana Costa","twitter_card":"summary_large_image","twitter_misc":{"Written by":"Adriana Costa","Est. reading time":"3 minutos"},"schema":{"@context":"https:\/\/schema.org","@graph":[{"@type":"WebPage","@id":"https:\/\/www.manaus.am.gov.br\/semcom\/prefeitura-fdt-formatura-cuidadoso\/","url":"https:\/\/www.manaus.am.gov.br\/semcom\/prefeitura-fdt-formatura-cuidadoso\/","name":"Prefeitura de Manaus forma mais de 60 novos profissionais do curso \u2018Cuidadoso\u2019 e refor\u00e7a pol\u00edtica municipal de aten\u00e7\u00e3o \u00e0 pessoa idosa","isPartOf":{"@id":"https:\/\/www.manaus.am.gov.br\/semcom\/#website"},"primaryImageOfPage":{"@id":"https:\/\/www.manaus.am.gov.br\/semcom\/prefeitura-fdt-formatura-cuidadoso\/#primaryimage"},"image":{"@id":"https:\/\/www.manaus.am.gov.br\/semcom\/prefeitura-fdt-formatura-cuidadoso\/#primaryimage"},"thumbnailUrl":"https:\/\/www.manaus.am.gov.br\/semcom\/wp-content\/uploads\/sites\/5\/2025\/11\/54932560245_acf404709c_c.jpg","datePublished":"2025-11-19T13:34:58+00:00","dateModified":"2025-11-19T14:23:10+00:00","author":{"@id":"https:\/\/www.manaus.am.gov.br\/semcom\/#\/schema\/person\/4e49f4e267757a06ca072ec61b2b9968"},"description":"A Prefeitura de Manaus, por meio da Funda\u00e7\u00e3o de Apoio ao Idoso Dr. Thomas (FDT), realizou, nesta ter\u00e7a-feira, 18\/11, a formatura de mais de 60 profissionais que conclu\u00edram o curso de cuidador de idosos \u201cCuidadoso\u201d. A solenidade ocorreu na sede da FDT, no bairro Nossa Senhora das Gra\u00e7as, zona Centro-Sul, reunindo os formandos e seus familiares.","inLanguage":"pt-BR","potentialAction":[{"@type":"ReadAction","target":["https:\/\/www.manaus.am.gov.br\/semcom\/prefeitura-fdt-formatura-cuidadoso\/"]}]},{"@type":"ImageObject","inLanguage":"pt-BR","@id":"https:\/\/www.manaus.am.gov.br\/semcom\/prefeitura-fdt-formatura-cuidadoso\/#primaryimage","url":"https:\/\/www.manaus.am.gov.br\/semcom\/wp-content\/uploads\/sites\/5\/2025\/11\/54932560245_acf404709c_c.jpg","contentUrl":"https:\/\/www.manaus.am.gov.br\/semcom\/wp-content\/uploads\/sites\/5\/2025\/11\/54932560245_acf404709c_c.jpg","width":799,"height":533,"caption":"#paratodosverem - Cerim\u00f4nia de formatura dos profissionais do Cuidadoso"},{"@type":"WebSite","@id":"https:\/\/www.manaus.am.gov.br\/semcom\/#website","url":"https:\/\/www.manaus.am.gov.br\/semcom\/","name":"SEMCOM","description":"Secretaria Municipal de Comunica\u00e7\u00e3o","potentialAction":[{"@type":"SearchAction","target":{"@type":"EntryPoint","urlTemplate":"https:\/\/www.manaus.am.gov.br\/semcom\/?s={search_term_string}"},"query-input":"required name=search_term_string"}],"inLanguage":"pt-BR"},{"@type":"Person","@id":"https:\/\/www.manaus.am.gov.br\/semcom\/#\/schema\/person\/4e49f4e267757a06ca072ec61b2b9968","name":"Adriana Costa","image":{"@type":"ImageObject","inLanguage":"pt-BR","@id":"https:\/\/www.manaus.am.gov.br\/semcom\/#\/schema\/person\/image\/","url":"https:\/\/secure.gravatar.com\/avatar\/576258617ef7194f718179e766d57bd4?s=96&d=mm&r=g","contentUrl":"https:\/\/secure.gravatar.com\/avatar\/576258617ef7194f718179e766d57bd4?s=96&d=mm&r=g","caption":"Adriana Costa"}}]}},"_links":{"self":[{"href":"https:\/\/www.manaus.am.gov.br\/semcom\/wp-json\/wp\/v2\/posts\/248632"}],"collection":[{"href":"https:\/\/www.manaus.am.gov.br\/semcom\/wp-json\/wp\/v2\/posts"}],"about":[{"href":"https:\/\/www.manaus.am.gov.br\/semcom\/wp-json\/wp\/v2\/types\/post"}],"author":[{"embeddable":true,"href":"https:\/\/www.manaus.am.gov.br\/semcom\/wp-json\/wp\/v2\/users\/23"}],"replies":[{"embeddable":true,"href":"https:\/\/www.manaus.am.gov.br\/semcom\/wp-json\/wp\/v2\/comments?post=248632"}],"version-history":[{"count":1,"href":"https:\/\/www.manaus.am.gov.br\/semcom\/wp-json\/wp\/v2\/posts\/248632\/revisions"}],"predecessor-version":[{"id":248634,"href":"https:\/\/www.manaus.am.gov.br\/semcom\/wp-json\/wp\/v2\/posts\/248632\/revisions\/248634"}],"wp:featuredmedia":[{"embeddable":true,"href":"https:\/\/www.manaus.am.gov.br\/semcom\/wp-json\/wp\/v2\/media\/248633"}],"wp:attachment":[{"href":"https:\/\/www.manaus.am.gov.br\/semcom\/wp-json\/wp\/v2\/media?parent=248632"}],"wp:term":[{"taxonomy":"category","embeddable":true,"href":"https:\/\/www.manaus.am.gov.br\/semcom\/wp-json\/wp\/v2\/categories?post=248632"},{"taxonomy":"post_tag","embeddable":true,"href":"https:\/\/www.manaus.am.gov.br\/semcom\/wp-json\/wp\/v2\/tags?post=248632"}],"curies":[{"name":"wp","href":"https:\/\/api.w.org\/{rel}","templated":true}]}}