{"id":248630,"date":"2025-11-18T19:00:14","date_gmt":"2025-11-18T22:00:14","guid":{"rendered":"https:\/\/www.manaus.am.gov.br\/semcom\/prefeito-obra-parqueencontrodasaguasrosaalmeida\/"},"modified":"2025-11-18T19:00:15","modified_gmt":"2025-11-18T22:00:15","slug":"prefeito-obra-parqueencontrodasaguasrosaalmeida","status":"publish","type":"post","link":"https:\/\/www.manaus.am.gov.br\/semcom\/prefeito-obra-parqueencontrodasaguasrosaalmeida\/","title":{"rendered":"Prefeito David Almeida destaca avan\u00e7o das obras do parque Encontro das \u00c1guas Rosa Almeida, consolidando-se como um dos maiores cart\u00f5es-postais da cidade"},"content":{"rendered":"\n<p>A constru\u00e7\u00e3o do parque Encontro das \u00c1guas Rosa Almeida, um dos mais emblem\u00e1ticos projetos urban\u00edsticos da Prefeitura de Manaus, avan\u00e7a em ritmo acelerado e j\u00e1 entra em etapas estruturais decisivas. Em vistoria realizada nesta ter\u00e7a-feira, 18\/11, o prefeito David Almeida destacou o andamento das frentes de trabalho e refor\u00e7ou que o novo complexo tur\u00edstico ser\u00e1 entregue em junho de 2026, consolidando o espa\u00e7o como um dos maiores cart\u00f5es-postais da cidade.<\/p>\n\n\n\n<p>\u201cO nosso maior cart\u00e3o-postal natural est\u00e1 ali atr\u00e1s, o Encontro das \u00c1guas. \u00c0 direita, come\u00e7amos, hoje, a concretagem das funda\u00e7\u00f5es do restaurante; \u00e0 esquerda, estamos na fase final da concretagem da Oca, a grande c\u00fapula do Encontro das \u00c1guas, obra de Oscar Niemeyer, que vamos deixar como legado da nossa gest\u00e3o. As obras avan\u00e7am e o m\u00eas de junho \u00e9 o prazo que n\u00f3s temos para entregar essa obra\u201d, afirmou o prefeito.<\/p>\n\n\n\n<p>Durante a vistoria, David Almeida tamb\u00e9m detalhou o robusto trabalho de engenharia que est\u00e1 garantindo a estabilidade da encosta, uma das etapas mais importantes da obra por se tratar de \u00e1rea de alta declividade \u00e0s margens do fen\u00f4meno do Encontro das \u00c1guas.<\/p>\n\n\n\n<p>\u201cS\u00e3o 73 estacas com aplica\u00e7\u00e3o de concreto&nbsp;<em>jet grout<\/em>, de forma inclinada, com 44 metros de profundidade cada. Assim mantemos a estabilidade do talude. E l\u00e1 embaixo, j\u00e1 no rio, vamos entrar com balsas para aplicar estaca-prancha, estacas de a\u00e7o que v\u00e3o dar sustenta\u00e7\u00e3o total ao talude\u201d, explicou.<\/p>\n\n\n\n<p>O engenheiro residente da obra, Leandro Ladeira, refor\u00e7ou o andamento simult\u00e2neo das estruturas que comp\u00f5em o parque.<\/p>\n\n\n\n<p>Segundo ele, no setor do museu, a ic\u00f4nica \u201cOca\u201d concebida por Oscar Niemeyer, as equipes trabalham nas vigas baldrames, formas e arma\u00e7\u00f5es que antecedem a concretagem principal.<\/p>\n\n\n\n<p>Do lado direito da \u00e1rea, avan\u00e7a a constru\u00e7\u00e3o do restaurante panor\u00e2mico, que ter\u00e1 vista privilegiada para o encontro dos rios. \u201cA etapa de hoje \u00e9 a concretagem dos blocos de coroamento, parte essencial das funda\u00e7\u00f5es do restaurante\u201d, destacou o engenheiro.<\/p>\n\n\n\n<p>Na regi\u00e3o inferior do terreno, pr\u00f3xima ao rio, segue a execu\u00e7\u00e3o das estacas de&nbsp;<em>jet grout<\/em>&nbsp;para estabilidade do talude. \u201cPosteriormente, com a subida do rio, ser\u00e1 feita a conclus\u00e3o das estacas-prancha met\u00e1licas, que v\u00e3o proteger o p\u00e9 do talude\u201d, completou.<\/p>\n\n\n\n<p>A obra tamb\u00e9m avan\u00e7a nas \u00e1reas superiores, onde os quiosques est\u00e3o em fase de revestimento e acabamentos, e na parte frontal, onde est\u00e1 sendo estruturado o setor administrativo e de apoio ao parque.<\/p>\n\n\n\n<p>Com mais de 120 mil metros de \u00e1rea e mirante privilegiado para o encontro do rio Negro com o Solim\u00f5es, o parque Encontro das \u00c1guas Rosa Almeida integra turismo, meio ambiente, lazer e arquitetura monumental. O espa\u00e7o reunir\u00e1 museu, restaurante, quiosques, \u00e1reas verdes, espa\u00e7os de contempla\u00e7\u00e3o, trilhas, acessibilidade plena e estruturas de conviv\u00eancia.<\/p>\n\n\n\n<p>\u201cN\u00f3s vamos ter aqui um parque ambientalmente correto, liberado e preparado para contemplar nossa maior beleza natural. Temos certeza de que ser\u00e1 uma das maiores atra\u00e7\u00f5es tur\u00edsticas de Manaus\u201d, concluiu o prefeito.<\/p>\n\n\n\n<p>&#8212; &#8212; &#8212;<\/p>\n\n\n\n<p><strong>Texto<\/strong> &#8211; Emanuelle Baires \/ Semcom-Prefeito<\/p>\n\n\n\n<p><strong>Fotos<\/strong> &#8211; Antonio Pereira \/ Semcom-Prefeito<\/p>\n\n\n\n<p><strong>Dispon\u00edveis em<\/strong> &#8211; <a href=\"https:\/\/flic.kr\/s\/aHBqjCB9Az\">https:\/\/flic.kr\/s\/aHBqjCB9Az<\/a><\/p>\n","protected":false},"excerpt":{"rendered":"","protected":false},"author":23,"featured_media":248631,"comment_status":"closed","ping_status":"closed","sticky":false,"template":"","format":"standard","meta":{"footnotes":""},"categories":[90],"tags":[635,9981,484,77,1356],"acf":[],"yoast_head":"<!-- This site is optimized with the Yoast SEO plugin v23.0 - https:\/\/yoast.com\/wordpress\/plugins\/seo\/ -->\n<title>Prefeito David Almeida destaca avan\u00e7o das obras do parque Encontro das \u00c1guas Rosa Almeida, consolidando-se como um dos maiores cart\u00f5es-postais da cidade<\/title>\n<meta name=\"description\" content=\"A constru\u00e7\u00e3o do parque Encontro das \u00c1guas Rosa Almeida, um dos mais emblem\u00e1ticos projetos urban\u00edsticos da Prefeitura de Manaus, avan\u00e7a em ritmo acelerado e j\u00e1 entra em etapas estruturais decisivas.\" \/>\n<meta name=\"robots\" content=\"index, follow, max-snippet:-1, max-image-preview:large, max-video-preview:-1\" \/>\n<link rel=\"canonical\" href=\"https:\/\/www.manaus.am.gov.br\/semcom\/prefeito-obra-parqueencontrodasaguasrosaalmeida\/\" \/>\n<meta property=\"og:locale\" content=\"pt_BR\" \/>\n<meta property=\"og:type\" content=\"article\" \/>\n<meta property=\"og:title\" content=\"Prefeito David Almeida destaca avan\u00e7o das obras do parque Encontro das \u00c1guas Rosa Almeida, consolidando-se como um dos maiores cart\u00f5es-postais da cidade\" \/>\n<meta property=\"og:description\" content=\"A constru\u00e7\u00e3o do parque Encontro das \u00c1guas Rosa Almeida, um dos mais emblem\u00e1ticos projetos urban\u00edsticos da Prefeitura de Manaus, avan\u00e7a em ritmo acelerado e j\u00e1 entra em etapas estruturais decisivas.\" \/>\n<meta property=\"og:url\" content=\"https:\/\/www.manaus.am.gov.br\/semcom\/prefeito-obra-parqueencontrodasaguasrosaalmeida\/\" \/>\n<meta property=\"og:site_name\" content=\"SEMCOM\" \/>\n<meta property=\"article:published_time\" content=\"2025-11-18T22:00:14+00:00\" \/>\n<meta property=\"article:modified_time\" content=\"2025-11-18T22:00:15+00:00\" \/>\n<meta property=\"og:image\" content=\"https:\/\/www.manaus.am.gov.br\/semcom\/wp-content\/uploads\/sites\/5\/2025\/11\/54932457016_690a415735_c.jpg\" \/>\n\t<meta property=\"og:image:width\" content=\"799\" \/>\n\t<meta property=\"og:image:height\" content=\"533\" \/>\n\t<meta property=\"og:image:type\" content=\"image\/jpeg\" \/>\n<meta name=\"author\" content=\"Adriana Costa\" \/>\n<meta name=\"twitter:card\" content=\"summary_large_image\" \/>\n<meta name=\"twitter:label1\" content=\"Written by\" \/>\n\t<meta name=\"twitter:data1\" content=\"Adriana Costa\" \/>\n\t<meta name=\"twitter:label2\" content=\"Est. reading time\" \/>\n\t<meta name=\"twitter:data2\" content=\"3 minutos\" \/>\n<script type=\"application\/ld+json\" class=\"yoast-schema-graph\">{\"@context\":\"https:\/\/schema.org\",\"@graph\":[{\"@type\":\"WebPage\",\"@id\":\"https:\/\/www.manaus.am.gov.br\/semcom\/prefeito-obra-parqueencontrodasaguasrosaalmeida\/\",\"url\":\"https:\/\/www.manaus.am.gov.br\/semcom\/prefeito-obra-parqueencontrodasaguasrosaalmeida\/\",\"name\":\"Prefeito David Almeida destaca avan\u00e7o das obras do parque Encontro das \u00c1guas Rosa Almeida, consolidando-se como um dos maiores cart\u00f5es-postais da cidade\",\"isPartOf\":{\"@id\":\"https:\/\/www.manaus.am.gov.br\/semcom\/#website\"},\"primaryImageOfPage\":{\"@id\":\"https:\/\/www.manaus.am.gov.br\/semcom\/prefeito-obra-parqueencontrodasaguasrosaalmeida\/#primaryimage\"},\"image\":{\"@id\":\"https:\/\/www.manaus.am.gov.br\/semcom\/prefeito-obra-parqueencontrodasaguasrosaalmeida\/#primaryimage\"},\"thumbnailUrl\":\"https:\/\/www.manaus.am.gov.br\/semcom\/wp-content\/uploads\/sites\/5\/2025\/11\/54932457016_690a415735_c.jpg\",\"datePublished\":\"2025-11-18T22:00:14+00:00\",\"dateModified\":\"2025-11-18T22:00:15+00:00\",\"author\":{\"@id\":\"https:\/\/www.manaus.am.gov.br\/semcom\/#\/schema\/person\/4e49f4e267757a06ca072ec61b2b9968\"},\"description\":\"A constru\u00e7\u00e3o do parque Encontro das \u00c1guas Rosa Almeida, um dos mais emblem\u00e1ticos projetos urban\u00edsticos da Prefeitura de Manaus, avan\u00e7a em ritmo acelerado e j\u00e1 entra em etapas estruturais decisivas.\",\"inLanguage\":\"pt-BR\",\"potentialAction\":[{\"@type\":\"ReadAction\",\"target\":[\"https:\/\/www.manaus.am.gov.br\/semcom\/prefeito-obra-parqueencontrodasaguasrosaalmeida\/\"]}]},{\"@type\":\"ImageObject\",\"inLanguage\":\"pt-BR\",\"@id\":\"https:\/\/www.manaus.am.gov.br\/semcom\/prefeito-obra-parqueencontrodasaguasrosaalmeida\/#primaryimage\",\"url\":\"https:\/\/www.manaus.am.gov.br\/semcom\/wp-content\/uploads\/sites\/5\/2025\/11\/54932457016_690a415735_c.jpg\",\"contentUrl\":\"https:\/\/www.manaus.am.gov.br\/semcom\/wp-content\/uploads\/sites\/5\/2025\/11\/54932457016_690a415735_c.jpg\",\"width\":799,\"height\":533,\"caption\":\"#paratodosverem - Prefeito David Almeida em obra do parque Encontro das \u00c1guas Rosa Almeida\"},{\"@type\":\"WebSite\",\"@id\":\"https:\/\/www.manaus.am.gov.br\/semcom\/#website\",\"url\":\"https:\/\/www.manaus.am.gov.br\/semcom\/\",\"name\":\"SEMCOM\",\"description\":\"Secretaria Municipal de Comunica\u00e7\u00e3o\",\"potentialAction\":[{\"@type\":\"SearchAction\",\"target\":{\"@type\":\"EntryPoint\",\"urlTemplate\":\"https:\/\/www.manaus.am.gov.br\/semcom\/?s={search_term_string}\"},\"query-input\":\"required name=search_term_string\"}],\"inLanguage\":\"pt-BR\"},{\"@type\":\"Person\",\"@id\":\"https:\/\/www.manaus.am.gov.br\/semcom\/#\/schema\/person\/4e49f4e267757a06ca072ec61b2b9968\",\"name\":\"Adriana Costa\",\"image\":{\"@type\":\"ImageObject\",\"inLanguage\":\"pt-BR\",\"@id\":\"https:\/\/www.manaus.am.gov.br\/semcom\/#\/schema\/person\/image\/\",\"url\":\"https:\/\/secure.gravatar.com\/avatar\/576258617ef7194f718179e766d57bd4?s=96&d=mm&r=g\",\"contentUrl\":\"https:\/\/secure.gravatar.com\/avatar\/576258617ef7194f718179e766d57bd4?s=96&d=mm&r=g\",\"caption\":\"Adriana Costa\"}}]}<\/script>\n<!-- \/ Yoast SEO plugin. -->","yoast_head_json":{"title":"Prefeito David Almeida destaca avan\u00e7o das obras do parque Encontro das \u00c1guas Rosa Almeida, consolidando-se como um dos maiores cart\u00f5es-postais da cidade","description":"A constru\u00e7\u00e3o do parque Encontro das \u00c1guas Rosa Almeida, um dos mais emblem\u00e1ticos projetos urban\u00edsticos da Prefeitura de Manaus, avan\u00e7a em ritmo acelerado e j\u00e1 entra em etapas estruturais decisivas.","robots":{"index":"index","follow":"follow","max-snippet":"max-snippet:-1","max-image-preview":"max-image-preview:large","max-video-preview":"max-video-preview:-1"},"canonical":"https:\/\/www.manaus.am.gov.br\/semcom\/prefeito-obra-parqueencontrodasaguasrosaalmeida\/","og_locale":"pt_BR","og_type":"article","og_title":"Prefeito David Almeida destaca avan\u00e7o das obras do parque Encontro das \u00c1guas Rosa Almeida, consolidando-se como um dos maiores cart\u00f5es-postais da cidade","og_description":"A constru\u00e7\u00e3o do parque Encontro das \u00c1guas Rosa Almeida, um dos mais emblem\u00e1ticos projetos urban\u00edsticos da Prefeitura de Manaus, avan\u00e7a em ritmo acelerado e j\u00e1 entra em etapas estruturais decisivas.","og_url":"https:\/\/www.manaus.am.gov.br\/semcom\/prefeito-obra-parqueencontrodasaguasrosaalmeida\/","og_site_name":"SEMCOM","article_published_time":"2025-11-18T22:00:14+00:00","article_modified_time":"2025-11-18T22:00:15+00:00","og_image":[{"width":799,"height":533,"url":"https:\/\/www.manaus.am.gov.br\/semcom\/wp-content\/uploads\/sites\/5\/2025\/11\/54932457016_690a415735_c.jpg","type":"image\/jpeg"}],"author":"Adriana Costa","twitter_card":"summary_large_image","twitter_misc":{"Written by":"Adriana Costa","Est. reading time":"3 minutos"},"schema":{"@context":"https:\/\/schema.org","@graph":[{"@type":"WebPage","@id":"https:\/\/www.manaus.am.gov.br\/semcom\/prefeito-obra-parqueencontrodasaguasrosaalmeida\/","url":"https:\/\/www.manaus.am.gov.br\/semcom\/prefeito-obra-parqueencontrodasaguasrosaalmeida\/","name":"Prefeito David Almeida destaca avan\u00e7o das obras do parque Encontro das \u00c1guas Rosa Almeida, consolidando-se como um dos maiores cart\u00f5es-postais da cidade","isPartOf":{"@id":"https:\/\/www.manaus.am.gov.br\/semcom\/#website"},"primaryImageOfPage":{"@id":"https:\/\/www.manaus.am.gov.br\/semcom\/prefeito-obra-parqueencontrodasaguasrosaalmeida\/#primaryimage"},"image":{"@id":"https:\/\/www.manaus.am.gov.br\/semcom\/prefeito-obra-parqueencontrodasaguasrosaalmeida\/#primaryimage"},"thumbnailUrl":"https:\/\/www.manaus.am.gov.br\/semcom\/wp-content\/uploads\/sites\/5\/2025\/11\/54932457016_690a415735_c.jpg","datePublished":"2025-11-18T22:00:14+00:00","dateModified":"2025-11-18T22:00:15+00:00","author":{"@id":"https:\/\/www.manaus.am.gov.br\/semcom\/#\/schema\/person\/4e49f4e267757a06ca072ec61b2b9968"},"description":"A constru\u00e7\u00e3o do parque Encontro das \u00c1guas Rosa Almeida, um dos mais emblem\u00e1ticos projetos urban\u00edsticos da Prefeitura de Manaus, avan\u00e7a em ritmo acelerado e j\u00e1 entra em etapas estruturais decisivas.","inLanguage":"pt-BR","potentialAction":[{"@type":"ReadAction","target":["https:\/\/www.manaus.am.gov.br\/semcom\/prefeito-obra-parqueencontrodasaguasrosaalmeida\/"]}]},{"@type":"ImageObject","inLanguage":"pt-BR","@id":"https:\/\/www.manaus.am.gov.br\/semcom\/prefeito-obra-parqueencontrodasaguasrosaalmeida\/#primaryimage","url":"https:\/\/www.manaus.am.gov.br\/semcom\/wp-content\/uploads\/sites\/5\/2025\/11\/54932457016_690a415735_c.jpg","contentUrl":"https:\/\/www.manaus.am.gov.br\/semcom\/wp-content\/uploads\/sites\/5\/2025\/11\/54932457016_690a415735_c.jpg","width":799,"height":533,"caption":"#paratodosverem - Prefeito David Almeida em obra do parque Encontro das \u00c1guas Rosa Almeida"},{"@type":"WebSite","@id":"https:\/\/www.manaus.am.gov.br\/semcom\/#website","url":"https:\/\/www.manaus.am.gov.br\/semcom\/","name":"SEMCOM","description":"Secretaria Municipal de Comunica\u00e7\u00e3o","potentialAction":[{"@type":"SearchAction","target":{"@type":"EntryPoint","urlTemplate":"https:\/\/www.manaus.am.gov.br\/semcom\/?s={search_term_string}"},"query-input":"required name=search_term_string"}],"inLanguage":"pt-BR"},{"@type":"Person","@id":"https:\/\/www.manaus.am.gov.br\/semcom\/#\/schema\/person\/4e49f4e267757a06ca072ec61b2b9968","name":"Adriana Costa","image":{"@type":"ImageObject","inLanguage":"pt-BR","@id":"https:\/\/www.manaus.am.gov.br\/semcom\/#\/schema\/person\/image\/","url":"https:\/\/secure.gravatar.com\/avatar\/576258617ef7194f718179e766d57bd4?s=96&d=mm&r=g","contentUrl":"https:\/\/secure.gravatar.com\/avatar\/576258617ef7194f718179e766d57bd4?s=96&d=mm&r=g","caption":"Adriana Costa"}}]}},"_links":{"self":[{"href":"https:\/\/www.manaus.am.gov.br\/semcom\/wp-json\/wp\/v2\/posts\/248630"}],"collection":[{"href":"https:\/\/www.manaus.am.gov.br\/semcom\/wp-json\/wp\/v2\/posts"}],"about":[{"href":"https:\/\/www.manaus.am.gov.br\/semcom\/wp-json\/wp\/v2\/types\/post"}],"author":[{"embeddable":true,"href":"https:\/\/www.manaus.am.gov.br\/semcom\/wp-json\/wp\/v2\/users\/23"}],"replies":[{"embeddable":true,"href":"https:\/\/www.manaus.am.gov.br\/semcom\/wp-json\/wp\/v2\/comments?post=248630"}],"version-history":[{"count":0,"href":"https:\/\/www.manaus.am.gov.br\/semcom\/wp-json\/wp\/v2\/posts\/248630\/revisions"}],"wp:featuredmedia":[{"embeddable":true,"href":"https:\/\/www.manaus.am.gov.br\/semcom\/wp-json\/wp\/v2\/media\/248631"}],"wp:attachment":[{"href":"https:\/\/www.manaus.am.gov.br\/semcom\/wp-json\/wp\/v2\/media?parent=248630"}],"wp:term":[{"taxonomy":"category","embeddable":true,"href":"https:\/\/www.manaus.am.gov.br\/semcom\/wp-json\/wp\/v2\/categories?post=248630"},{"taxonomy":"post_tag","embeddable":true,"href":"https:\/\/www.manaus.am.gov.br\/semcom\/wp-json\/wp\/v2\/tags?post=248630"}],"curies":[{"name":"wp","href":"https:\/\/api.w.org\/{rel}","templated":true}]}}