{"id":248617,"date":"2025-11-18T17:32:46","date_gmt":"2025-11-18T20:32:46","guid":{"rendered":"https:\/\/www.manaus.am.gov.br\/semcom\/procon-nas-escolas\/"},"modified":"2025-11-18T17:32:47","modified_gmt":"2025-11-18T20:32:47","slug":"procon-nas-escolas","status":"publish","type":"post","link":"https:\/\/www.manaus.am.gov.br\/semcom\/procon-nas-escolas\/","title":{"rendered":"Procon Manaus realiza \u2018Dia D\u2019 com palestra virtual simult\u00e2nea para escolas da rede municipal"},"content":{"rendered":"\n<p><strong><br><\/strong>A Prefeitura de Manaus, por meio do Servi\u00e7o de Atendimento e Prote\u00e7\u00e3o ao Consumidor (Procon Manaus), em parceria com a Secretaria Municipal de Educa\u00e7\u00e3o (Semed), realizou, nesta ter\u00e7a-feira, 18\/11, o \u201cDia D\u201d do projeto \u201cProcon Manaus nas Escolas\u201d, com a transmiss\u00e3o simult\u00e2nea de uma palestra virtual para escolas da rede municipal. A a\u00e7\u00e3o integrou a Semana Municipal de Educa\u00e7\u00e3o Financeira e refor\u00e7ou a amplia\u00e7\u00e3o do projeto neste ano, com foco na forma\u00e7\u00e3o de consumidores conscientes desde a inf\u00e2ncia.<\/p>\n\n\n\n<p>A presidente do Procon Manaus, Onilda Abreu, destacou a relev\u00e2ncia do trabalho desenvolvido junto aos estudantes. \u201cEssa a\u00e7\u00e3o representa um passo essencial para fortalecer a educa\u00e7\u00e3o para o consumo entre crian\u00e7as e adolescentes. Quanto mais cedo eles compreendem seus direitos, mais preparados estar\u00e3o para tomar decis\u00f5es respons\u00e1veis e reconhecer pr\u00e1ticas abusivas. Nosso compromisso \u00e9 aproximar o Procon das fam\u00edlias, come\u00e7ando justamente por quem muitas vezes leva a informa\u00e7\u00e3o para dentro de casa: os jovens\u201d, afirmou.<\/p>\n\n\n\n<p>O projeto foi voltado para crian\u00e7as e adolescentes, utilizando linguagem acess\u00edvel, din\u00e2mica e l\u00fadica. O objetivo foi orientar os estudantes sobre direitos do consumidor, consumo consciente e educa\u00e7\u00e3o financeira, abordando temas como rela\u00e7\u00e3o de consumo, direitos b\u00e1sicos, boas pr\u00e1ticas na hora da compra e cuidados no ambiente digital.<\/p>\n\n\n\n<p>Durante a atividade, a estudante do 9\u00ba ano, Joane Cardoso, 15 anos, da escola municipal \u00c1lvaro Cezar de Carvalho, do bairro Tancredo Neves, compartilhou que n\u00e3o conhecia o \u00f3rg\u00e3o antes da palestra.<strong> <\/strong>\u201cEu n\u00e3o fazia ideia. J\u00e1 tinha escutado a palavra, mas n\u00e3o tinha certeza, e a explica\u00e7\u00e3o que ouvi aqui hoje foi extremamente importante. Com certeza vou levar isso para casa e falar para minha m\u00e3e que, caso ela consuma algo e se sinta enganada, deve ir at\u00e9 o Procon Manaus, que defende os direitos do cidad\u00e3o. Agora, se eu perceber alguma irregularidade, algum produto vencido, eu vou denunciar&#8221;, disse.<\/p>\n\n\n\n<p>Ao todo, sete escolas participaram, incluindo uma da zona rural. A iniciativa integra o programa \u201cProcon Manaus nas Escolas\u201d, desenvolvido desde abril de 2024, que vem levando orienta\u00e7\u00f5es sobre direitos do consumidor para estudantes da rede municipal. A proposta segue em expans\u00e3o, alcan\u00e7ando um n\u00famero cada vez maior de unidades.<\/p>\n\n\n\n<p>\u2014- \u2014- \u2014-<br><strong>Texto \u2013<\/strong> Lara Bernardes\/ Procon<br><strong>Fotos \u2013 <\/strong>Divulga\u00e7\u00e3o\/ Procon<\/p>\n","protected":false},"excerpt":{"rendered":"","protected":false},"author":68,"featured_media":248618,"comment_status":"closed","ping_status":"closed","sticky":false,"template":"","format":"standard","meta":{"footnotes":""},"categories":[462],"tags":[18016,77,9825,18017],"acf":[],"yoast_head":"<!-- This site is optimized with the Yoast SEO plugin v23.0 - https:\/\/yoast.com\/wordpress\/plugins\/seo\/ -->\n<title>Procon Manaus realiza \u2018Dia D\u2019 com palestra virtual simult\u00e2nea<\/title>\n<meta name=\"description\" content=\"A Prefeitura de Manaus, realizou, nesta ter\u00e7a-feira, 18\/11, o \u201cDia D\u201d do projeto \u201cProcon Manaus nas Escolas\u201d.\" \/>\n<meta name=\"robots\" content=\"index, follow, max-snippet:-1, max-image-preview:large, max-video-preview:-1\" \/>\n<link rel=\"canonical\" href=\"https:\/\/www.manaus.am.gov.br\/semcom\/procon-nas-escolas\/\" \/>\n<meta property=\"og:locale\" content=\"pt_BR\" \/>\n<meta property=\"og:type\" content=\"article\" \/>\n<meta property=\"og:title\" content=\"Procon Manaus realiza \u2018Dia D\u2019 com palestra virtual simult\u00e2nea\" \/>\n<meta property=\"og:description\" content=\"A Prefeitura de Manaus, realizou, nesta ter\u00e7a-feira, 18\/11, o \u201cDia D\u201d do projeto \u201cProcon Manaus nas Escolas\u201d.\" \/>\n<meta property=\"og:url\" content=\"https:\/\/www.manaus.am.gov.br\/semcom\/procon-nas-escolas\/\" \/>\n<meta property=\"og:site_name\" content=\"SEMCOM\" \/>\n<meta property=\"article:published_time\" content=\"2025-11-18T20:32:46+00:00\" \/>\n<meta property=\"article:modified_time\" content=\"2025-11-18T20:32:47+00:00\" \/>\n<meta property=\"og:image\" content=\"https:\/\/www.manaus.am.gov.br\/semcom\/wp-content\/uploads\/sites\/5\/2025\/11\/Procon-Manaus-realiza-\u2018Dia-D-com-palestra-virtual-simultanea-para-escolas-da-rede-municipal-2.jpg\" \/>\n\t<meta property=\"og:image:width\" content=\"1600\" \/>\n\t<meta property=\"og:image:height\" content=\"1200\" \/>\n\t<meta property=\"og:image:type\" content=\"image\/jpeg\" \/>\n<meta name=\"author\" content=\"bvalente\" \/>\n<meta name=\"twitter:card\" content=\"summary_large_image\" \/>\n<meta name=\"twitter:label1\" content=\"Written by\" \/>\n\t<meta name=\"twitter:data1\" content=\"bvalente\" \/>\n\t<meta name=\"twitter:label2\" content=\"Est. reading time\" \/>\n\t<meta name=\"twitter:data2\" content=\"3 minutos\" \/>\n<script type=\"application\/ld+json\" class=\"yoast-schema-graph\">{\"@context\":\"https:\/\/schema.org\",\"@graph\":[{\"@type\":\"WebPage\",\"@id\":\"https:\/\/www.manaus.am.gov.br\/semcom\/procon-nas-escolas\/\",\"url\":\"https:\/\/www.manaus.am.gov.br\/semcom\/procon-nas-escolas\/\",\"name\":\"Procon Manaus realiza \u2018Dia D\u2019 com palestra virtual simult\u00e2nea\",\"isPartOf\":{\"@id\":\"https:\/\/www.manaus.am.gov.br\/semcom\/#website\"},\"primaryImageOfPage\":{\"@id\":\"https:\/\/www.manaus.am.gov.br\/semcom\/procon-nas-escolas\/#primaryimage\"},\"image\":{\"@id\":\"https:\/\/www.manaus.am.gov.br\/semcom\/procon-nas-escolas\/#primaryimage\"},\"thumbnailUrl\":\"https:\/\/www.manaus.am.gov.br\/semcom\/wp-content\/uploads\/sites\/5\/2025\/11\/Procon-Manaus-realiza-\u2018Dia-D-com-palestra-virtual-simultanea-para-escolas-da-rede-municipal-2.jpg\",\"datePublished\":\"2025-11-18T20:32:46+00:00\",\"dateModified\":\"2025-11-18T20:32:47+00:00\",\"author\":{\"@id\":\"https:\/\/www.manaus.am.gov.br\/semcom\/#\/schema\/person\/466a0e03ae4b6062809046bd560ac955\"},\"description\":\"A Prefeitura de Manaus, realizou, nesta ter\u00e7a-feira, 18\/11, o \u201cDia D\u201d do projeto \u201cProcon Manaus nas Escolas\u201d.\",\"inLanguage\":\"pt-BR\",\"potentialAction\":[{\"@type\":\"ReadAction\",\"target\":[\"https:\/\/www.manaus.am.gov.br\/semcom\/procon-nas-escolas\/\"]}]},{\"@type\":\"ImageObject\",\"inLanguage\":\"pt-BR\",\"@id\":\"https:\/\/www.manaus.am.gov.br\/semcom\/procon-nas-escolas\/#primaryimage\",\"url\":\"https:\/\/www.manaus.am.gov.br\/semcom\/wp-content\/uploads\/sites\/5\/2025\/11\/Procon-Manaus-realiza-\u2018Dia-D-com-palestra-virtual-simultanea-para-escolas-da-rede-municipal-2.jpg\",\"contentUrl\":\"https:\/\/www.manaus.am.gov.br\/semcom\/wp-content\/uploads\/sites\/5\/2025\/11\/Procon-Manaus-realiza-\u2018Dia-D-com-palestra-virtual-simultanea-para-escolas-da-rede-municipal-2.jpg\",\"width\":1600,\"height\":1200,\"caption\":\"#paratodosverem \u2013 T\u00e9cnica do Procon durante orienta\u00e7\u00f5es sobre direitos do consumidor a estudantes\"},{\"@type\":\"WebSite\",\"@id\":\"https:\/\/www.manaus.am.gov.br\/semcom\/#website\",\"url\":\"https:\/\/www.manaus.am.gov.br\/semcom\/\",\"name\":\"SEMCOM\",\"description\":\"Secretaria Municipal de Comunica\u00e7\u00e3o\",\"potentialAction\":[{\"@type\":\"SearchAction\",\"target\":{\"@type\":\"EntryPoint\",\"urlTemplate\":\"https:\/\/www.manaus.am.gov.br\/semcom\/?s={search_term_string}\"},\"query-input\":\"required name=search_term_string\"}],\"inLanguage\":\"pt-BR\"},{\"@type\":\"Person\",\"@id\":\"https:\/\/www.manaus.am.gov.br\/semcom\/#\/schema\/person\/466a0e03ae4b6062809046bd560ac955\",\"name\":\"bvalente\",\"image\":{\"@type\":\"ImageObject\",\"inLanguage\":\"pt-BR\",\"@id\":\"https:\/\/www.manaus.am.gov.br\/semcom\/#\/schema\/person\/image\/\",\"url\":\"https:\/\/secure.gravatar.com\/avatar\/3e69bc2b014bdad41adfec3a39de07d2?s=96&d=mm&r=g\",\"contentUrl\":\"https:\/\/secure.gravatar.com\/avatar\/3e69bc2b014bdad41adfec3a39de07d2?s=96&d=mm&r=g\",\"caption\":\"bvalente\"}}]}<\/script>\n<!-- \/ Yoast SEO plugin. -->","yoast_head_json":{"title":"Procon Manaus realiza \u2018Dia D\u2019 com palestra virtual simult\u00e2nea","description":"A Prefeitura de Manaus, realizou, nesta ter\u00e7a-feira, 18\/11, o \u201cDia D\u201d do projeto \u201cProcon Manaus nas Escolas\u201d.","robots":{"index":"index","follow":"follow","max-snippet":"max-snippet:-1","max-image-preview":"max-image-preview:large","max-video-preview":"max-video-preview:-1"},"canonical":"https:\/\/www.manaus.am.gov.br\/semcom\/procon-nas-escolas\/","og_locale":"pt_BR","og_type":"article","og_title":"Procon Manaus realiza \u2018Dia D\u2019 com palestra virtual simult\u00e2nea","og_description":"A Prefeitura de Manaus, realizou, nesta ter\u00e7a-feira, 18\/11, o \u201cDia D\u201d do projeto \u201cProcon Manaus nas Escolas\u201d.","og_url":"https:\/\/www.manaus.am.gov.br\/semcom\/procon-nas-escolas\/","og_site_name":"SEMCOM","article_published_time":"2025-11-18T20:32:46+00:00","article_modified_time":"2025-11-18T20:32:47+00:00","og_image":[{"width":1600,"height":1200,"url":"https:\/\/www.manaus.am.gov.br\/semcom\/wp-content\/uploads\/sites\/5\/2025\/11\/Procon-Manaus-realiza-\u2018Dia-D-com-palestra-virtual-simultanea-para-escolas-da-rede-municipal-2.jpg","type":"image\/jpeg"}],"author":"bvalente","twitter_card":"summary_large_image","twitter_misc":{"Written by":"bvalente","Est. reading time":"3 minutos"},"schema":{"@context":"https:\/\/schema.org","@graph":[{"@type":"WebPage","@id":"https:\/\/www.manaus.am.gov.br\/semcom\/procon-nas-escolas\/","url":"https:\/\/www.manaus.am.gov.br\/semcom\/procon-nas-escolas\/","name":"Procon Manaus realiza \u2018Dia D\u2019 com palestra virtual simult\u00e2nea","isPartOf":{"@id":"https:\/\/www.manaus.am.gov.br\/semcom\/#website"},"primaryImageOfPage":{"@id":"https:\/\/www.manaus.am.gov.br\/semcom\/procon-nas-escolas\/#primaryimage"},"image":{"@id":"https:\/\/www.manaus.am.gov.br\/semcom\/procon-nas-escolas\/#primaryimage"},"thumbnailUrl":"https:\/\/www.manaus.am.gov.br\/semcom\/wp-content\/uploads\/sites\/5\/2025\/11\/Procon-Manaus-realiza-\u2018Dia-D-com-palestra-virtual-simultanea-para-escolas-da-rede-municipal-2.jpg","datePublished":"2025-11-18T20:32:46+00:00","dateModified":"2025-11-18T20:32:47+00:00","author":{"@id":"https:\/\/www.manaus.am.gov.br\/semcom\/#\/schema\/person\/466a0e03ae4b6062809046bd560ac955"},"description":"A Prefeitura de Manaus, realizou, nesta ter\u00e7a-feira, 18\/11, o \u201cDia D\u201d do projeto \u201cProcon Manaus nas Escolas\u201d.","inLanguage":"pt-BR","potentialAction":[{"@type":"ReadAction","target":["https:\/\/www.manaus.am.gov.br\/semcom\/procon-nas-escolas\/"]}]},{"@type":"ImageObject","inLanguage":"pt-BR","@id":"https:\/\/www.manaus.am.gov.br\/semcom\/procon-nas-escolas\/#primaryimage","url":"https:\/\/www.manaus.am.gov.br\/semcom\/wp-content\/uploads\/sites\/5\/2025\/11\/Procon-Manaus-realiza-\u2018Dia-D-com-palestra-virtual-simultanea-para-escolas-da-rede-municipal-2.jpg","contentUrl":"https:\/\/www.manaus.am.gov.br\/semcom\/wp-content\/uploads\/sites\/5\/2025\/11\/Procon-Manaus-realiza-\u2018Dia-D-com-palestra-virtual-simultanea-para-escolas-da-rede-municipal-2.jpg","width":1600,"height":1200,"caption":"#paratodosverem \u2013 T\u00e9cnica do Procon durante orienta\u00e7\u00f5es sobre direitos do consumidor a estudantes"},{"@type":"WebSite","@id":"https:\/\/www.manaus.am.gov.br\/semcom\/#website","url":"https:\/\/www.manaus.am.gov.br\/semcom\/","name":"SEMCOM","description":"Secretaria Municipal de Comunica\u00e7\u00e3o","potentialAction":[{"@type":"SearchAction","target":{"@type":"EntryPoint","urlTemplate":"https:\/\/www.manaus.am.gov.br\/semcom\/?s={search_term_string}"},"query-input":"required name=search_term_string"}],"inLanguage":"pt-BR"},{"@type":"Person","@id":"https:\/\/www.manaus.am.gov.br\/semcom\/#\/schema\/person\/466a0e03ae4b6062809046bd560ac955","name":"bvalente","image":{"@type":"ImageObject","inLanguage":"pt-BR","@id":"https:\/\/www.manaus.am.gov.br\/semcom\/#\/schema\/person\/image\/","url":"https:\/\/secure.gravatar.com\/avatar\/3e69bc2b014bdad41adfec3a39de07d2?s=96&d=mm&r=g","contentUrl":"https:\/\/secure.gravatar.com\/avatar\/3e69bc2b014bdad41adfec3a39de07d2?s=96&d=mm&r=g","caption":"bvalente"}}]}},"_links":{"self":[{"href":"https:\/\/www.manaus.am.gov.br\/semcom\/wp-json\/wp\/v2\/posts\/248617"}],"collection":[{"href":"https:\/\/www.manaus.am.gov.br\/semcom\/wp-json\/wp\/v2\/posts"}],"about":[{"href":"https:\/\/www.manaus.am.gov.br\/semcom\/wp-json\/wp\/v2\/types\/post"}],"author":[{"embeddable":true,"href":"https:\/\/www.manaus.am.gov.br\/semcom\/wp-json\/wp\/v2\/users\/68"}],"replies":[{"embeddable":true,"href":"https:\/\/www.manaus.am.gov.br\/semcom\/wp-json\/wp\/v2\/comments?post=248617"}],"version-history":[{"count":0,"href":"https:\/\/www.manaus.am.gov.br\/semcom\/wp-json\/wp\/v2\/posts\/248617\/revisions"}],"wp:featuredmedia":[{"embeddable":true,"href":"https:\/\/www.manaus.am.gov.br\/semcom\/wp-json\/wp\/v2\/media\/248618"}],"wp:attachment":[{"href":"https:\/\/www.manaus.am.gov.br\/semcom\/wp-json\/wp\/v2\/media?parent=248617"}],"wp:term":[{"taxonomy":"category","embeddable":true,"href":"https:\/\/www.manaus.am.gov.br\/semcom\/wp-json\/wp\/v2\/categories?post=248617"},{"taxonomy":"post_tag","embeddable":true,"href":"https:\/\/www.manaus.am.gov.br\/semcom\/wp-json\/wp\/v2\/tags?post=248617"}],"curies":[{"name":"wp","href":"https:\/\/api.w.org\/{rel}","templated":true}]}}