{"id":248588,"date":"2025-11-18T13:00:21","date_gmt":"2025-11-18T16:00:21","guid":{"rendered":"https:\/\/www.manaus.am.gov.br\/semcom\/prefeitura-semed-formacao-ddzs\/"},"modified":"2025-11-18T13:00:22","modified_gmt":"2025-11-18T16:00:22","slug":"prefeitura-semed-formacao-ddzs","status":"publish","type":"post","link":"https:\/\/www.manaus.am.gov.br\/semcom\/prefeitura-semed-formacao-ddzs\/","title":{"rendered":"Prefeitura de Manaus promove encontro sobre o papel da comunica\u00e7\u00e3o no assessoramento pedag\u00f3gico"},"content":{"rendered":"\n<p>Com o tema \u201cO papel da comunica\u00e7\u00e3o no assessoramento pedag\u00f3gico\u201d, a Prefeitura de Manaus, por meio da Secretaria Municipal de Educa\u00e7\u00e3o (Semed), realizou, nesta ter\u00e7a-feira, 18\/11, um encontro formativo com assessores pedag\u00f3gicos das Divis\u00f5es Distritais Zonais (DDZs). O evento aconteceu na sede da secretaria, localizada no bairro Parque 10 de Novembro, zona Centro-Sul.&nbsp;<\/p>\n\n\n\n<p>A forma\u00e7\u00e3o&nbsp;teve como objetivo fortalecer as pr\u00e1ticas de di\u00e1logo, orienta\u00e7\u00e3o e acompanhamento \u00e0s unidades de ensino, destacando como a comunica\u00e7\u00e3o \u00e9 elemento central na rela\u00e7\u00e3o entre assessores, gestores e equipes escolares.&nbsp;<\/p>\n\n\n\n<p>Durante a abertura, o secret\u00e1rio municipal de Educa\u00e7\u00e3o, J\u00fanior Mar, refor\u00e7ou a import\u00e2ncia da comunica\u00e7\u00e3o como ferramenta estrat\u00e9gica.&nbsp;\u201cO assessoramento pedag\u00f3gico s\u00f3 se constr\u00f3i com uma comunica\u00e7\u00e3o clara, emp\u00e1tica e eficiente. \u00c9 por meio do di\u00e1logo que identificamos necessidades, orientamos caminhos e fortalecemos a gest\u00e3o. Quando&nbsp;nos comunicamos&nbsp;bem, a rede inteira avan\u00e7a\u201d, afirmou.&nbsp;<\/p>\n\n\n\n<p>A palestra principal foi conduzida pela comunicadora&nbsp;H\u00e9lida&nbsp;Tavares, que abordou t\u00e9cnicas e posturas essenciais para que assessores estabele\u00e7am v\u00ednculos mais efetivos com as escolas.&nbsp;<\/p>\n\n\n\n<p>\u201cAssessorar \u00e9 entender pessoas. A comunica\u00e7\u00e3o n\u00e3o \u00e9 apenas informar; \u00e9 criar conex\u00e3o, ouvir com aten\u00e7\u00e3o e adaptar a forma de di\u00e1logo. Quando h\u00e1 escuta e clareza, os resultados aparecem\u201d, destacou.<\/p>\n\n\n\n<p>Representando os assessores pedag\u00f3gicos da&nbsp;DDZ&nbsp;Oeste, Dayana Lima, refor\u00e7ou a import\u00e2ncia da tem\u00e1tica para o cotidiano de trabalho.&nbsp;\u201cA comunica\u00e7\u00e3o est\u00e1 presente em tudo que fazemos. \u00c9 ela que define como orientamos, como conduzimos situa\u00e7\u00f5es e como constru\u00edmos confian\u00e7a com as equipes escolares. Este encontro trouxe reflex\u00f5es que fortalecem ainda mais nossa pr\u00e1tica\u201d, declarou.&nbsp;<\/p>\n\n\n\n<p>&#8212; &#8212; &#8212;<\/p>\n\n\n\n<p><strong>Texto <\/strong>&#8211; Jordana Rodrigues\/\u00a0Semed\u00a0<\/p>\n\n\n\n<p><strong>Foto <\/strong>&#8211;\u00a0Eliton\u00a0Santos\/\u00a0Semed\u00a0<\/p>\n\n\n\n<p><strong>Dispon\u00edveis em <\/strong>&#8211;\u00a0<a href=\"https:\/\/flic.kr\/s\/aHBqjCBdpJ\" target=\"_blank\" rel=\"noreferrer noopener\">https:\/\/flic.kr\/s\/aHBqjCBdpJ<\/a><\/p>\n","protected":false},"excerpt":{"rendered":"","protected":false},"author":23,"featured_media":248589,"comment_status":"closed","ping_status":"closed","sticky":false,"template":"","format":"standard","meta":{"footnotes":""},"categories":[4981],"tags":[4299,2350,3957,77,62],"acf":[],"yoast_head":"<!-- This site is optimized with the Yoast SEO plugin v23.0 - https:\/\/yoast.com\/wordpress\/plugins\/seo\/ -->\n<title>Prefeitura de Manaus promove encontro sobre o papel da comunica\u00e7\u00e3o no assessoramento pedag\u00f3gico<\/title>\n<meta name=\"description\" content=\"Com o tema \u201cO papel da comunica\u00e7\u00e3o no assessoramento pedag\u00f3gico\u201d, a Prefeitura de Manaus, por meio da Secretaria Municipal de Educa\u00e7\u00e3o (Semed), realizou, nesta ter\u00e7a-feira, 18\/11, um encontro formativo com assessores pedag\u00f3gicos das Divis\u00f5es Distritais Zonais (DDZs). O evento aconteceu na sede da secretaria, localizada no bairro Parque 10 de Novembro, zona Centro-Sul.\" \/>\n<meta name=\"robots\" content=\"index, follow, max-snippet:-1, max-image-preview:large, max-video-preview:-1\" \/>\n<link rel=\"canonical\" href=\"https:\/\/www.manaus.am.gov.br\/semcom\/prefeitura-semed-formacao-ddzs\/\" \/>\n<meta property=\"og:locale\" content=\"pt_BR\" \/>\n<meta property=\"og:type\" content=\"article\" \/>\n<meta property=\"og:title\" content=\"Prefeitura de Manaus promove encontro sobre o papel da comunica\u00e7\u00e3o no assessoramento pedag\u00f3gico\" \/>\n<meta property=\"og:description\" content=\"Com o tema \u201cO papel da comunica\u00e7\u00e3o no assessoramento pedag\u00f3gico\u201d, a Prefeitura de Manaus, por meio da Secretaria Municipal de Educa\u00e7\u00e3o (Semed), realizou, nesta ter\u00e7a-feira, 18\/11, um encontro formativo com assessores pedag\u00f3gicos das Divis\u00f5es Distritais Zonais (DDZs). O evento aconteceu na sede da secretaria, localizada no bairro Parque 10 de Novembro, zona Centro-Sul.\" \/>\n<meta property=\"og:url\" content=\"https:\/\/www.manaus.am.gov.br\/semcom\/prefeitura-semed-formacao-ddzs\/\" \/>\n<meta property=\"og:site_name\" content=\"SEMCOM\" \/>\n<meta property=\"article:published_time\" content=\"2025-11-18T16:00:21+00:00\" \/>\n<meta property=\"article:modified_time\" content=\"2025-11-18T16:00:22+00:00\" \/>\n<meta property=\"og:image\" content=\"https:\/\/www.manaus.am.gov.br\/semcom\/wp-content\/uploads\/sites\/5\/2025\/11\/54931135307_f6f0a4bdc1_c.jpg\" \/>\n\t<meta property=\"og:image:width\" content=\"799\" \/>\n\t<meta property=\"og:image:height\" content=\"533\" \/>\n\t<meta property=\"og:image:type\" content=\"image\/jpeg\" \/>\n<meta name=\"author\" content=\"Adriana Costa\" \/>\n<meta name=\"twitter:card\" content=\"summary_large_image\" \/>\n<meta name=\"twitter:label1\" content=\"Written by\" \/>\n\t<meta name=\"twitter:data1\" content=\"Adriana Costa\" \/>\n\t<meta name=\"twitter:label2\" content=\"Est. reading time\" \/>\n\t<meta name=\"twitter:data2\" content=\"2 minutos\" \/>\n<script type=\"application\/ld+json\" class=\"yoast-schema-graph\">{\"@context\":\"https:\/\/schema.org\",\"@graph\":[{\"@type\":\"WebPage\",\"@id\":\"https:\/\/www.manaus.am.gov.br\/semcom\/prefeitura-semed-formacao-ddzs\/\",\"url\":\"https:\/\/www.manaus.am.gov.br\/semcom\/prefeitura-semed-formacao-ddzs\/\",\"name\":\"Prefeitura de Manaus promove encontro sobre o papel da comunica\u00e7\u00e3o no assessoramento pedag\u00f3gico\",\"isPartOf\":{\"@id\":\"https:\/\/www.manaus.am.gov.br\/semcom\/#website\"},\"primaryImageOfPage\":{\"@id\":\"https:\/\/www.manaus.am.gov.br\/semcom\/prefeitura-semed-formacao-ddzs\/#primaryimage\"},\"image\":{\"@id\":\"https:\/\/www.manaus.am.gov.br\/semcom\/prefeitura-semed-formacao-ddzs\/#primaryimage\"},\"thumbnailUrl\":\"https:\/\/www.manaus.am.gov.br\/semcom\/wp-content\/uploads\/sites\/5\/2025\/11\/54931135307_f6f0a4bdc1_c.jpg\",\"datePublished\":\"2025-11-18T16:00:21+00:00\",\"dateModified\":\"2025-11-18T16:00:22+00:00\",\"author\":{\"@id\":\"https:\/\/www.manaus.am.gov.br\/semcom\/#\/schema\/person\/4e49f4e267757a06ca072ec61b2b9968\"},\"description\":\"Com o tema \u201cO papel da comunica\u00e7\u00e3o no assessoramento pedag\u00f3gico\u201d, a Prefeitura de Manaus, por meio da Secretaria Municipal de Educa\u00e7\u00e3o (Semed), realizou, nesta ter\u00e7a-feira, 18\/11, um encontro formativo com assessores pedag\u00f3gicos das Divis\u00f5es Distritais Zonais (DDZs). O evento aconteceu na sede da secretaria, localizada no bairro Parque 10 de Novembro, zona Centro-Sul.\",\"inLanguage\":\"pt-BR\",\"potentialAction\":[{\"@type\":\"ReadAction\",\"target\":[\"https:\/\/www.manaus.am.gov.br\/semcom\/prefeitura-semed-formacao-ddzs\/\"]}]},{\"@type\":\"ImageObject\",\"inLanguage\":\"pt-BR\",\"@id\":\"https:\/\/www.manaus.am.gov.br\/semcom\/prefeitura-semed-formacao-ddzs\/#primaryimage\",\"url\":\"https:\/\/www.manaus.am.gov.br\/semcom\/wp-content\/uploads\/sites\/5\/2025\/11\/54931135307_f6f0a4bdc1_c.jpg\",\"contentUrl\":\"https:\/\/www.manaus.am.gov.br\/semcom\/wp-content\/uploads\/sites\/5\/2025\/11\/54931135307_f6f0a4bdc1_c.jpg\",\"width\":799,\"height\":533,\"caption\":\"#paratodosverem - Palestrante H\u00e9lida Tavares fala sobre a import\u00e2ncia da comunica\u00e7\u00e3o para assessores pedag\u00f3gicos\"},{\"@type\":\"WebSite\",\"@id\":\"https:\/\/www.manaus.am.gov.br\/semcom\/#website\",\"url\":\"https:\/\/www.manaus.am.gov.br\/semcom\/\",\"name\":\"SEMCOM\",\"description\":\"Secretaria Municipal de Comunica\u00e7\u00e3o\",\"potentialAction\":[{\"@type\":\"SearchAction\",\"target\":{\"@type\":\"EntryPoint\",\"urlTemplate\":\"https:\/\/www.manaus.am.gov.br\/semcom\/?s={search_term_string}\"},\"query-input\":\"required name=search_term_string\"}],\"inLanguage\":\"pt-BR\"},{\"@type\":\"Person\",\"@id\":\"https:\/\/www.manaus.am.gov.br\/semcom\/#\/schema\/person\/4e49f4e267757a06ca072ec61b2b9968\",\"name\":\"Adriana Costa\",\"image\":{\"@type\":\"ImageObject\",\"inLanguage\":\"pt-BR\",\"@id\":\"https:\/\/www.manaus.am.gov.br\/semcom\/#\/schema\/person\/image\/\",\"url\":\"https:\/\/secure.gravatar.com\/avatar\/576258617ef7194f718179e766d57bd4?s=96&d=mm&r=g\",\"contentUrl\":\"https:\/\/secure.gravatar.com\/avatar\/576258617ef7194f718179e766d57bd4?s=96&d=mm&r=g\",\"caption\":\"Adriana Costa\"}}]}<\/script>\n<!-- \/ Yoast SEO plugin. -->","yoast_head_json":{"title":"Prefeitura de Manaus promove encontro sobre o papel da comunica\u00e7\u00e3o no assessoramento pedag\u00f3gico","description":"Com o tema \u201cO papel da comunica\u00e7\u00e3o no assessoramento pedag\u00f3gico\u201d, a Prefeitura de Manaus, por meio da Secretaria Municipal de Educa\u00e7\u00e3o (Semed), realizou, nesta ter\u00e7a-feira, 18\/11, um encontro formativo com assessores pedag\u00f3gicos das Divis\u00f5es Distritais Zonais (DDZs). O evento aconteceu na sede da secretaria, localizada no bairro Parque 10 de Novembro, zona Centro-Sul.","robots":{"index":"index","follow":"follow","max-snippet":"max-snippet:-1","max-image-preview":"max-image-preview:large","max-video-preview":"max-video-preview:-1"},"canonical":"https:\/\/www.manaus.am.gov.br\/semcom\/prefeitura-semed-formacao-ddzs\/","og_locale":"pt_BR","og_type":"article","og_title":"Prefeitura de Manaus promove encontro sobre o papel da comunica\u00e7\u00e3o no assessoramento pedag\u00f3gico","og_description":"Com o tema \u201cO papel da comunica\u00e7\u00e3o no assessoramento pedag\u00f3gico\u201d, a Prefeitura de Manaus, por meio da Secretaria Municipal de Educa\u00e7\u00e3o (Semed), realizou, nesta ter\u00e7a-feira, 18\/11, um encontro formativo com assessores pedag\u00f3gicos das Divis\u00f5es Distritais Zonais (DDZs). O evento aconteceu na sede da secretaria, localizada no bairro Parque 10 de Novembro, zona Centro-Sul.","og_url":"https:\/\/www.manaus.am.gov.br\/semcom\/prefeitura-semed-formacao-ddzs\/","og_site_name":"SEMCOM","article_published_time":"2025-11-18T16:00:21+00:00","article_modified_time":"2025-11-18T16:00:22+00:00","og_image":[{"width":799,"height":533,"url":"https:\/\/www.manaus.am.gov.br\/semcom\/wp-content\/uploads\/sites\/5\/2025\/11\/54931135307_f6f0a4bdc1_c.jpg","type":"image\/jpeg"}],"author":"Adriana Costa","twitter_card":"summary_large_image","twitter_misc":{"Written by":"Adriana Costa","Est. reading time":"2 minutos"},"schema":{"@context":"https:\/\/schema.org","@graph":[{"@type":"WebPage","@id":"https:\/\/www.manaus.am.gov.br\/semcom\/prefeitura-semed-formacao-ddzs\/","url":"https:\/\/www.manaus.am.gov.br\/semcom\/prefeitura-semed-formacao-ddzs\/","name":"Prefeitura de Manaus promove encontro sobre o papel da comunica\u00e7\u00e3o no assessoramento pedag\u00f3gico","isPartOf":{"@id":"https:\/\/www.manaus.am.gov.br\/semcom\/#website"},"primaryImageOfPage":{"@id":"https:\/\/www.manaus.am.gov.br\/semcom\/prefeitura-semed-formacao-ddzs\/#primaryimage"},"image":{"@id":"https:\/\/www.manaus.am.gov.br\/semcom\/prefeitura-semed-formacao-ddzs\/#primaryimage"},"thumbnailUrl":"https:\/\/www.manaus.am.gov.br\/semcom\/wp-content\/uploads\/sites\/5\/2025\/11\/54931135307_f6f0a4bdc1_c.jpg","datePublished":"2025-11-18T16:00:21+00:00","dateModified":"2025-11-18T16:00:22+00:00","author":{"@id":"https:\/\/www.manaus.am.gov.br\/semcom\/#\/schema\/person\/4e49f4e267757a06ca072ec61b2b9968"},"description":"Com o tema \u201cO papel da comunica\u00e7\u00e3o no assessoramento pedag\u00f3gico\u201d, a Prefeitura de Manaus, por meio da Secretaria Municipal de Educa\u00e7\u00e3o (Semed), realizou, nesta ter\u00e7a-feira, 18\/11, um encontro formativo com assessores pedag\u00f3gicos das Divis\u00f5es Distritais Zonais (DDZs). O evento aconteceu na sede da secretaria, localizada no bairro Parque 10 de Novembro, zona Centro-Sul.","inLanguage":"pt-BR","potentialAction":[{"@type":"ReadAction","target":["https:\/\/www.manaus.am.gov.br\/semcom\/prefeitura-semed-formacao-ddzs\/"]}]},{"@type":"ImageObject","inLanguage":"pt-BR","@id":"https:\/\/www.manaus.am.gov.br\/semcom\/prefeitura-semed-formacao-ddzs\/#primaryimage","url":"https:\/\/www.manaus.am.gov.br\/semcom\/wp-content\/uploads\/sites\/5\/2025\/11\/54931135307_f6f0a4bdc1_c.jpg","contentUrl":"https:\/\/www.manaus.am.gov.br\/semcom\/wp-content\/uploads\/sites\/5\/2025\/11\/54931135307_f6f0a4bdc1_c.jpg","width":799,"height":533,"caption":"#paratodosverem - Palestrante H\u00e9lida Tavares fala sobre a import\u00e2ncia da comunica\u00e7\u00e3o para assessores pedag\u00f3gicos"},{"@type":"WebSite","@id":"https:\/\/www.manaus.am.gov.br\/semcom\/#website","url":"https:\/\/www.manaus.am.gov.br\/semcom\/","name":"SEMCOM","description":"Secretaria Municipal de Comunica\u00e7\u00e3o","potentialAction":[{"@type":"SearchAction","target":{"@type":"EntryPoint","urlTemplate":"https:\/\/www.manaus.am.gov.br\/semcom\/?s={search_term_string}"},"query-input":"required name=search_term_string"}],"inLanguage":"pt-BR"},{"@type":"Person","@id":"https:\/\/www.manaus.am.gov.br\/semcom\/#\/schema\/person\/4e49f4e267757a06ca072ec61b2b9968","name":"Adriana Costa","image":{"@type":"ImageObject","inLanguage":"pt-BR","@id":"https:\/\/www.manaus.am.gov.br\/semcom\/#\/schema\/person\/image\/","url":"https:\/\/secure.gravatar.com\/avatar\/576258617ef7194f718179e766d57bd4?s=96&d=mm&r=g","contentUrl":"https:\/\/secure.gravatar.com\/avatar\/576258617ef7194f718179e766d57bd4?s=96&d=mm&r=g","caption":"Adriana Costa"}}]}},"_links":{"self":[{"href":"https:\/\/www.manaus.am.gov.br\/semcom\/wp-json\/wp\/v2\/posts\/248588"}],"collection":[{"href":"https:\/\/www.manaus.am.gov.br\/semcom\/wp-json\/wp\/v2\/posts"}],"about":[{"href":"https:\/\/www.manaus.am.gov.br\/semcom\/wp-json\/wp\/v2\/types\/post"}],"author":[{"embeddable":true,"href":"https:\/\/www.manaus.am.gov.br\/semcom\/wp-json\/wp\/v2\/users\/23"}],"replies":[{"embeddable":true,"href":"https:\/\/www.manaus.am.gov.br\/semcom\/wp-json\/wp\/v2\/comments?post=248588"}],"version-history":[{"count":0,"href":"https:\/\/www.manaus.am.gov.br\/semcom\/wp-json\/wp\/v2\/posts\/248588\/revisions"}],"wp:featuredmedia":[{"embeddable":true,"href":"https:\/\/www.manaus.am.gov.br\/semcom\/wp-json\/wp\/v2\/media\/248589"}],"wp:attachment":[{"href":"https:\/\/www.manaus.am.gov.br\/semcom\/wp-json\/wp\/v2\/media?parent=248588"}],"wp:term":[{"taxonomy":"category","embeddable":true,"href":"https:\/\/www.manaus.am.gov.br\/semcom\/wp-json\/wp\/v2\/categories?post=248588"},{"taxonomy":"post_tag","embeddable":true,"href":"https:\/\/www.manaus.am.gov.br\/semcom\/wp-json\/wp\/v2\/tags?post=248588"}],"curies":[{"name":"wp","href":"https:\/\/api.w.org\/{rel}","templated":true}]}}